{"id":1050390,"date":"2025-10-27T17:02:22","date_gmt":"2025-10-27T14:02:22","guid":{"rendered":"https:\/\/darkamazi.info\/?p=1050390"},"modified":"2025-10-27T17:02:22","modified_gmt":"2025-10-27T14:02:22","slug":"leyla-zana-li-nexwesxaneye-serdana-ismail-besikci-kir","status":"publish","type":"post","link":"https:\/\/darkamazi.info\/archives\/1050390","title":{"rendered":"Leyla Zana li nexwe\u015fxaney\u00ea serdana \u00cesma\u00eel Be\u015f\u00eek\u00e7\u00ee kir."},"content":{"rendered":"<h3 style=\"text-align: justify\"><span style=\"font-family: 'arial black', sans-serif\">Siyasetmedara Kurd Leyla Zana li nexwe\u015fxaney\u00ea sardana dost\u00ea gel\u00ea Kurd niv\u00eeskar \u00fb civaknas \u00cesma\u00eel Be\u015f\u00eek\u00e7\u00ee kir, ku li nexwe\u015fxaneyeka Amed\u00ea t\u00ea dermankirin.<\/span><\/h3>\n<h3 style=\"text-align: justify\"><span style=\"font-family: arial, helvetica, sans-serif\">Roja \u015eemiy\u00ea 25\u00ea Cotmeh\u00ea, Leyla Zana w\u00eaney\u00ean serdan\u00ea li ser hesab\u00ea xwe y\u00ea Instagram\u00ea parve kir \u00fb got, &#8220;Dermankirina \u00cesma\u00eel Be\u015f\u00eek\u00e7\u00ee y\u00ea ez\u00eez li Amed ba\u015f p\u00ea\u015fve di\u00e7e.&#8221;<\/span><\/h3>\n<h3 style=\"text-align: justify\"><span style=\"font-family: arial, helvetica, sans-serif\">Zana destn\u00ee\u015fan kir ku Kurd pi\u015ft\u00ee gelek salan bi &#8220;Mamostey\u00ea Z\u00ear&#8221; re civiyane \u00fb j\u00ea re \u015fifayek bilez xwestiye, \u00fb di posta xwe de ev ti\u015ft parve kir: &#8220;\u00cesma\u00eel Be\u015f\u00eek\u00e7\u00ee y\u00ea ez\u00eez, ku em h\u00een j\u00ee bi awayek\u00ee b\u00eah\u00eav\u00ee hewcey\u00ea niv\u00eesandina w\u00ee ne, ba\u015f dibe. Guman\u00ean me tune ku ew \u00ea v\u00ea yek\u00ea derbas bike.&#8221;<\/span><\/h3>\n<h3 style=\"text-align: justify\"><span style=\"font-family: arial, helvetica, sans-serif\">Rojnamevan \u00fb niv\u00eeskar \u00cesma\u00eel Be\u015f\u00eek\u00e7\u00ee roja \u015eemiy\u00ea 27\u00ea \u00celon\u00ea, dema ku di 9em\u00een Fest\u00eevala F\u00eelm\u00ean Belgef\u00eelm a FilmAmed de, ku ji h\u00eala \u015earedariya Kayapinar a D\u00eeyarbekir\u00ea \u00fb Komeleya Akademiya S\u00eenemay\u00ea ya Rojhilata Nav\u00een ve hat\u00ee organ\u00eezekirin, axiv\u00ee, xw\u00eenrijandina m\u00eaj\u00ee derbas kir. Be\u015f\u00eek\u00e7\u00ee, ku li be\u015fa l\u00ean\u00ear\u00eena giran hatib\u00fb razandin, pi\u015ft\u00ee dermankirin\u00ea di 1\u00ea Cotmeh\u00ea de ji bo be\u015fa nexwe\u015fxaney\u00ea hat veguhastin. Leyla Zana di peyamek\u00ea de ku di 27\u00ea \u00celon\u00ea de li ser hesab\u00ea xwe y\u00ea X parve kir, niv\u00eesand, &#8220;Me hem\u00fbyan ji \u00cesma\u00eel Be\u015f\u00eek\u00e7\u00ee y\u00ea delal, deng\u00ea her\u00ee w\u00earek di dem\u00ean her\u00ee dijwar de, gelek ti\u015ft f\u00ear b\u00fbn. Ez ji w\u00ee re di dil\u00ea Kurdan \u00fb germahiya Amed\u00ee de \u015fifayek bilez dixwazim.&#8221;<\/span><\/h3>\n","protected":false},"excerpt":{"rendered":"<p>Siyasetmedara Kurd Leyla Zana li nexwe\u015fxaney\u00ea sardana dost\u00ea gel\u00ea Kurd niv\u00eeskar \u00fb civaknas \u00cesma\u00eel Be\u015f\u00eek\u00e7\u00ee kir, ku li nexwe\u015fxaneyeka Amed\u00ea t\u00ea dermankirin. Roja \u015eemiy\u00ea 25\u00ea Cotmeh\u00ea, Leyla Zana w\u00eaney\u00ean serdan\u00ea li ser hesab\u00ea xwe y\u00ea Instagram\u00ea parve kir \u00fb got, &#8220;Dermankirina \u00cesma\u00eel Be\u015f\u00eek\u00e7\u00ee y\u00ea ez\u00eez li Amed ba\u015f p\u00ea\u015fve di\u00e7e.&#8221; Zana destn\u00ee\u015fan kir ku Kurd [&hellip;]<\/p>\n","protected":false},"author":2,"featured_media":1050391,"comment_status":"closed","ping_status":"closed","sticky":false,"template":"","format":"standard","meta":{"footnotes":""},"categories":[29],"tags":[37],"class_list":["post-1050390","post","type-post","status-publish","format-standard","has-post-thumbnail","hentry","category-kurdistan","tag-sereke"],"blocksy_meta":[],"seo_head":"<!-- This site is optimized with the Yoast SEO plugin v27.5 - https:\/\/yoast.com\/product\/yoast-seo-wordpress\/ -->\n<title>Leyla Zana li nexwe\u015fxaney\u00ea serdana \u00cesma\u00eel Be\u015f\u00eek\u00e7\u00ee kir. - Darka Maz\u00ee<\/title>\n<meta name=\"robots\" content=\"index, follow, max-snippet:-1, max-image-preview:large, max-video-preview:-1\" \/>\n<link rel=\"canonical\" href=\"https:\/\/darkamazi.info\/archives\/1050390\" \/>\n<meta property=\"og:locale\" content=\"en_US\" \/>\n<meta property=\"og:type\" content=\"article\" \/>\n<meta property=\"og:title\" content=\"Leyla Zana li nexwe\u015fxaney\u00ea serdana \u00cesma\u00eel Be\u015f\u00eek\u00e7\u00ee kir. - Darka Maz\u00ee\" \/>\n<meta property=\"og:description\" content=\"Siyasetmedara Kurd Leyla Zana li nexwe\u015fxaney\u00ea sardana dost\u00ea gel\u00ea Kurd niv\u00eeskar \u00fb civaknas \u00cesma\u00eel Be\u015f\u00eek\u00e7\u00ee kir, ku li nexwe\u015fxaneyeka Amed\u00ea t\u00ea dermankirin. Roja \u015eemiy\u00ea 25\u00ea Cotmeh\u00ea, Leyla Zana w\u00eaney\u00ean serdan\u00ea li ser hesab\u00ea xwe y\u00ea Instagram\u00ea parve kir \u00fb got, &#8220;Dermankirina \u00cesma\u00eel Be\u015f\u00eek\u00e7\u00ee y\u00ea ez\u00eez li Amed ba\u015f p\u00ea\u015fve di\u00e7e.&#8221; Zana destn\u00ee\u015fan kir ku Kurd [&hellip;]\" \/>\n<meta property=\"og:url\" content=\"https:\/\/darkamazi.info\/archives\/1050390\" \/>\n<meta property=\"og:site_name\" content=\"Darka Maz\u00ee\" \/>\n<meta property=\"article:publisher\" content=\"https:\/\/www.facebook.com\/DarMaziKurmanci\" \/>\n<meta property=\"article:published_time\" content=\"2025-10-27T14:02:22+00:00\" \/>\n<meta property=\"og:image\" content=\"https:\/\/darkamazi.info\/file\/2025\/10\/Ismail-Besikci-Leyla-Zana-info.jpg\" \/>\n\t<meta property=\"og:image:width\" content=\"900\" \/>\n\t<meta property=\"og:image:height\" content=\"500\" \/>\n\t<meta property=\"og:image:type\" content=\"image\/jpeg\" \/>\n<meta name=\"author\" content=\"darka mazi\" \/>\n<meta name=\"twitter:card\" content=\"summary_large_image\" \/>\n<meta name=\"twitter:creator\" content=\"@DarkaMaziLatini\" \/>\n<meta name=\"twitter:site\" content=\"@DarkaMaziLatini\" \/>\n<meta name=\"twitter:label1\" content=\"Written by\" \/>\n\t<meta name=\"twitter:data1\" content=\"darka mazi\" \/>\n\t<meta name=\"twitter:label2\" content=\"Est. reading time\" \/>\n\t<meta name=\"twitter:data2\" content=\"2 minutes\" \/>\n<script type=\"application\/ld+json\" class=\"seo-schema-graph\">{\"@context\":\"https:\\\/\\\/schema.org\",\"@graph\":[{\"@type\":\"Article\",\"@id\":\"https:\\\/\\\/darkamazi.info\\\/archives\\\/1050390#article\",\"isPartOf\":{\"@id\":\"https:\\\/\\\/darkamazi.info\\\/archives\\\/1050390\"},\"author\":{\"name\":\"darka mazi\",\"@id\":\"https:\\\/\\\/darkamazi.info\\\/#\\\/schema\\\/person\\\/5ad3e24553a0567993fa8ed4bd0a776c\"},\"headline\":\"Leyla Zana li nexwe\u015fxaney\u00ea serdana \u00cesma\u00eel Be\u015f\u00eek\u00e7\u00ee kir.\",\"datePublished\":\"2025-10-27T14:02:22+00:00\",\"mainEntityOfPage\":{\"@id\":\"https:\\\/\\\/darkamazi.info\\\/archives\\\/1050390\"},\"wordCount\":273,\"publisher\":{\"@id\":\"https:\\\/\\\/darkamazi.info\\\/#organization\"},\"image\":{\"@id\":\"https:\\\/\\\/darkamazi.info\\\/archives\\\/1050390#primaryimage\"},\"thumbnailUrl\":\"https:\\\/\\\/darkamazi.info\\\/darka-content\\\/uploads\\\/2025\\\/10\\\/Ismail-Besikci-Leyla-Zana-info.jpg\",\"keywords\":[\"sereke\"],\"articleSection\":[\"Kurdistan\"],\"inLanguage\":\"en-US\"},{\"@type\":\"WebPage\",\"@id\":\"https:\\\/\\\/darkamazi.info\\\/archives\\\/1050390\",\"url\":\"https:\\\/\\\/darkamazi.info\\\/archives\\\/1050390\",\"name\":\"Leyla Zana li nexwe\u015fxaney\u00ea serdana \u00cesma\u00eel Be\u015f\u00eek\u00e7\u00ee kir. - Darka Maz\u00ee\",\"isPartOf\":{\"@id\":\"https:\\\/\\\/darkamazi.info\\\/#website\"},\"primaryImageOfPage\":{\"@id\":\"https:\\\/\\\/darkamazi.info\\\/archives\\\/1050390#primaryimage\"},\"image\":{\"@id\":\"https:\\\/\\\/darkamazi.info\\\/archives\\\/1050390#primaryimage\"},\"thumbnailUrl\":\"https:\\\/\\\/darkamazi.info\\\/darka-content\\\/uploads\\\/2025\\\/10\\\/Ismail-Besikci-Leyla-Zana-info.jpg\",\"datePublished\":\"2025-10-27T14:02:22+00:00\",\"breadcrumb\":{\"@id\":\"https:\\\/\\\/darkamazi.info\\\/archives\\\/1050390#breadcrumb\"},\"inLanguage\":\"en-US\",\"potentialAction\":[{\"@type\":\"ReadAction\",\"target\":[\"https:\\\/\\\/darkamazi.info\\\/archives\\\/1050390\"]}]},{\"@type\":\"ImageObject\",\"inLanguage\":\"en-US\",\"@id\":\"https:\\\/\\\/darkamazi.info\\\/archives\\\/1050390#primaryimage\",\"url\":\"https:\\\/\\\/darkamazi.info\\\/darka-content\\\/uploads\\\/2025\\\/10\\\/Ismail-Besikci-Leyla-Zana-info.jpg\",\"contentUrl\":\"https:\\\/\\\/darkamazi.info\\\/darka-content\\\/uploads\\\/2025\\\/10\\\/Ismail-Besikci-Leyla-Zana-info.jpg\",\"width\":900,\"height\":500,\"caption\":\"\u00cesma\u00eel-Be\u015f\u00eek\u00e7\u00ee--Leyla-Zana-net\"},{\"@type\":\"BreadcrumbList\",\"@id\":\"https:\\\/\\\/darkamazi.info\\\/archives\\\/1050390#breadcrumb\",\"itemListElement\":[{\"@type\":\"ListItem\",\"position\":1,\"name\":\"Home\",\"item\":\"https:\\\/\\\/darkamazi.info\\\/\"},{\"@type\":\"ListItem\",\"position\":2,\"name\":\"Leyla Zana li nexwe\u015fxaney\u00ea serdana \u00cesma\u00eel Be\u015f\u00eek\u00e7\u00ee kir.\"}]},{\"@type\":\"WebSite\",\"@id\":\"https:\\\/\\\/darkamazi.info\\\/#website\",\"url\":\"https:\\\/\\\/darkamazi.info\\\/\",\"name\":\"Darka Maz\u00ee\",\"description\":\"P\u00eageha Zanyariy\u00ean Nebih\u00eest\u00ee\",\"publisher\":{\"@id\":\"https:\\\/\\\/darkamazi.info\\\/#organization\"},\"potentialAction\":[{\"@type\":\"SearchAction\",\"target\":{\"@type\":\"EntryPoint\",\"urlTemplate\":\"https:\\\/\\\/darkamazi.info\\\/?s={search_term_string}\"},\"query-input\":{\"@type\":\"PropertyValueSpecification\",\"valueRequired\":true,\"valueName\":\"search_term_string\"}}],\"inLanguage\":\"en-US\"},{\"@type\":\"Organization\",\"@id\":\"https:\\\/\\\/darkamazi.info\\\/#organization\",\"name\":\"Darka Maz\u00ee\",\"url\":\"https:\\\/\\\/darkamazi.info\\\/\",\"logo\":{\"@type\":\"ImageObject\",\"inLanguage\":\"en-US\",\"@id\":\"https:\\\/\\\/darkamazi.info\\\/#\\\/schema\\\/logo\\\/image\\\/\",\"url\":\"https:\\\/\\\/darkamazi.info\\\/darka-content\\\/uploads\\\/2017\\\/12\\\/darka-mazi-logo.png\",\"contentUrl\":\"https:\\\/\\\/darkamazi.info\\\/darka-content\\\/uploads\\\/2017\\\/12\\\/darka-mazi-logo.png\",\"width\":151,\"height\":75,\"caption\":\"Darka Maz\u00ee\"},\"image\":{\"@id\":\"https:\\\/\\\/darkamazi.info\\\/#\\\/schema\\\/logo\\\/image\\\/\"},\"sameAs\":[\"https:\\\/\\\/www.facebook.com\\\/DarMaziKurmanci\",\"https:\\\/\\\/x.com\\\/DarkaMaziLatini\",\"https:\\\/\\\/www.instagram.com\\\/darkamazi.kurmanci\\\/\",\"https:\\\/\\\/www.youtube.com\\\/channel\\\/UCa5HkTdmI8U1qCUFuTw8B2g\"]},{\"@type\":\"Person\",\"@id\":\"https:\\\/\\\/darkamazi.info\\\/#\\\/schema\\\/person\\\/5ad3e24553a0567993fa8ed4bd0a776c\",\"name\":\"darka mazi\",\"sameAs\":[\"https:\\\/\\\/darkamazi.info\\\/\"],\"url\":\"https:\\\/\\\/darkamazi.info\\\/archives\\\/author\\\/kurdi\"}]}<\/script>\n<!-- \/ Yoast SEO plugin. -->","seo_head_json":{"title":"Leyla Zana li nexwe\u015fxaney\u00ea serdana \u00cesma\u00eel Be\u015f\u00eek\u00e7\u00ee kir. - Darka Maz\u00ee","robots":{"index":"index","follow":"follow","max-snippet":"max-snippet:-1","max-image-preview":"max-image-preview:large","max-video-preview":"max-video-preview:-1"},"canonical":"https:\/\/darkamazi.info\/archives\/1050390","og_locale":"en_US","og_type":"article","og_title":"Leyla Zana li nexwe\u015fxaney\u00ea serdana \u00cesma\u00eel Be\u015f\u00eek\u00e7\u00ee kir. - Darka Maz\u00ee","og_description":"Siyasetmedara Kurd Leyla Zana li nexwe\u015fxaney\u00ea sardana dost\u00ea gel\u00ea Kurd niv\u00eeskar \u00fb civaknas \u00cesma\u00eel Be\u015f\u00eek\u00e7\u00ee kir, ku li nexwe\u015fxaneyeka Amed\u00ea t\u00ea dermankirin. Roja \u015eemiy\u00ea 25\u00ea Cotmeh\u00ea, Leyla Zana w\u00eaney\u00ean serdan\u00ea li ser hesab\u00ea xwe y\u00ea Instagram\u00ea parve kir \u00fb got, &#8220;Dermankirina \u00cesma\u00eel Be\u015f\u00eek\u00e7\u00ee y\u00ea ez\u00eez li Amed ba\u015f p\u00ea\u015fve di\u00e7e.&#8221; Zana destn\u00ee\u015fan kir ku Kurd [&hellip;]","og_url":"https:\/\/darkamazi.info\/archives\/1050390","og_site_name":"Darka Maz\u00ee","article_publisher":"https:\/\/www.facebook.com\/DarMaziKurmanci","article_published_time":"2025-10-27T14:02:22+00:00","og_image":[{"width":900,"height":500,"url":"https:\/\/darkamazi.info\/file\/2025\/10\/Ismail-Besikci-Leyla-Zana-info.jpg","type":"image\/jpeg"}],"author":"darka mazi","twitter_card":"summary_large_image","twitter_creator":"@DarkaMaziLatini","twitter_site":"@DarkaMaziLatini","twitter_misc":{"Written by":"darka mazi","Est. reading time":"2 minutes"},"schema":{"@context":"https:\/\/schema.org","@graph":[{"@type":"Article","@id":"https:\/\/darkamazi.info\/archives\/1050390#article","isPartOf":{"@id":"https:\/\/darkamazi.info\/archives\/1050390"},"author":{"name":"darka mazi","@id":"https:\/\/darkamazi.info\/#\/schema\/person\/5ad3e24553a0567993fa8ed4bd0a776c"},"headline":"Leyla Zana li nexwe\u015fxaney\u00ea serdana \u00cesma\u00eel Be\u015f\u00eek\u00e7\u00ee kir.","datePublished":"2025-10-27T14:02:22+00:00","mainEntityOfPage":{"@id":"https:\/\/darkamazi.info\/archives\/1050390"},"wordCount":273,"publisher":{"@id":"https:\/\/darkamazi.info\/#organization"},"image":{"@id":"https:\/\/darkamazi.info\/archives\/1050390#primaryimage"},"thumbnailUrl":"https:\/\/darkamazi.info\/file\/2025\/10\/Ismail-Besikci-Leyla-Zana-info.jpg","keywords":["sereke"],"articleSection":["Kurdistan"],"inLanguage":"en-US"},{"@type":"WebPage","@id":"https:\/\/darkamazi.info\/archives\/1050390","url":"https:\/\/darkamazi.info\/archives\/1050390","name":"Leyla Zana li nexwe\u015fxaney\u00ea serdana \u00cesma\u00eel Be\u015f\u00eek\u00e7\u00ee kir. - Darka Maz\u00ee","isPartOf":{"@id":"https:\/\/darkamazi.info\/#website"},"primaryImageOfPage":{"@id":"https:\/\/darkamazi.info\/archives\/1050390#primaryimage"},"image":{"@id":"https:\/\/darkamazi.info\/archives\/1050390#primaryimage"},"thumbnailUrl":"https:\/\/darkamazi.info\/file\/2025\/10\/Ismail-Besikci-Leyla-Zana-info.jpg","datePublished":"2025-10-27T14:02:22+00:00","breadcrumb":{"@id":"https:\/\/darkamazi.info\/archives\/1050390#breadcrumb"},"inLanguage":"en-US","potentialAction":[{"@type":"ReadAction","target":["https:\/\/darkamazi.info\/archives\/1050390"]}]},{"@type":"ImageObject","inLanguage":"en-US","@id":"https:\/\/darkamazi.info\/archives\/1050390#primaryimage","url":"https:\/\/darkamazi.info\/file\/2025\/10\/Ismail-Besikci-Leyla-Zana-info.jpg","contentUrl":"https:\/\/darkamazi.info\/file\/2025\/10\/Ismail-Besikci-Leyla-Zana-info.jpg","width":900,"height":500,"caption":"\u00cesma\u00eel-Be\u015f\u00eek\u00e7\u00ee--Leyla-Zana-net"},{"@type":"BreadcrumbList","@id":"https:\/\/darkamazi.info\/archives\/1050390#breadcrumb","itemListElement":[{"@type":"ListItem","position":1,"name":"Home","item":"https:\/\/darkamazi.info\/"},{"@type":"ListItem","position":2,"name":"Leyla Zana li nexwe\u015fxaney\u00ea serdana \u00cesma\u00eel Be\u015f\u00eek\u00e7\u00ee kir."}]},{"@type":"WebSite","@id":"https:\/\/darkamazi.info\/#website","url":"https:\/\/darkamazi.info\/","name":"Darka Maz\u00ee","description":"P\u00eageha Zanyariy\u00ean Nebih\u00eest\u00ee","publisher":{"@id":"https:\/\/darkamazi.info\/#organization"},"potentialAction":[{"@type":"SearchAction","target":{"@type":"EntryPoint","urlTemplate":"https:\/\/darkamazi.info\/?s={search_term_string}"},"query-input":{"@type":"PropertyValueSpecification","valueRequired":true,"valueName":"search_term_string"}}],"inLanguage":"en-US"},{"@type":"Organization","@id":"https:\/\/darkamazi.info\/#organization","name":"Darka Maz\u00ee","url":"https:\/\/darkamazi.info\/","logo":{"@type":"ImageObject","inLanguage":"en-US","@id":"https:\/\/darkamazi.info\/#\/schema\/logo\/image\/","url":"https:\/\/darkamazi.info\/file\/2017\/12\/darka-mazi-logo.png","contentUrl":"https:\/\/darkamazi.info\/file\/2017\/12\/darka-mazi-logo.png","width":151,"height":75,"caption":"Darka Maz\u00ee"},"image":{"@id":"https:\/\/darkamazi.info\/#\/schema\/logo\/image\/"},"sameAs":["https:\/\/www.facebook.com\/DarMaziKurmanci","https:\/\/x.com\/DarkaMaziLatini","https:\/\/www.instagram.com\/darkamazi.kurmanci\/","https:\/\/www.youtube.com\/channel\/UCa5HkTdmI8U1qCUFuTw8B2g"]},{"@type":"Person","@id":"https:\/\/darkamazi.info\/#\/schema\/person\/5ad3e24553a0567993fa8ed4bd0a776c","name":"darka mazi","sameAs":["https:\/\/darkamazi.info\/"],"url":"https:\/\/darkamazi.info\/archives\/author\/kurdi"}]}},"_links":{"self":[{"href":"https:\/\/darkamazi.info\/funavuv\/wp\/v2\/posts\/1050390","targetHints":{"allow":["GET"]}}],"collection":[{"href":"https:\/\/darkamazi.info\/funavuv\/wp\/v2\/posts"}],"about":[{"href":"https:\/\/darkamazi.info\/funavuv\/wp\/v2\/types\/post"}],"author":[{"embeddable":true,"href":"https:\/\/darkamazi.info\/funavuv\/wp\/v2\/users\/2"}],"replies":[{"embeddable":true,"href":"https:\/\/darkamazi.info\/funavuv\/wp\/v2\/comments?post=1050390"}],"version-history":[{"count":0,"href":"https:\/\/darkamazi.info\/funavuv\/wp\/v2\/posts\/1050390\/revisions"}],"wp:featuredmedia":[{"embeddable":true,"href":"https:\/\/darkamazi.info\/funavuv\/wp\/v2\/media\/1050391"}],"wp:attachment":[{"href":"https:\/\/darkamazi.info\/funavuv\/wp\/v2\/media?parent=1050390"}],"wp:term":[{"taxonomy":"category","embeddable":true,"href":"https:\/\/darkamazi.info\/funavuv\/wp\/v2\/categories?post=1050390"},{"taxonomy":"post_tag","embeddable":true,"href":"https:\/\/darkamazi.info\/funavuv\/wp\/v2\/tags?post=1050390"}],"curies":[{"name":"wp","href":"https:\/\/api.w.org\/{rel}","templated":true}]}}