{"id":1050409,"date":"2025-10-28T20:30:14","date_gmt":"2025-10-28T17:30:14","guid":{"rendered":"https:\/\/darkamazi.info\/?p=1050409"},"modified":"2025-10-28T20:30:14","modified_gmt":"2025-10-28T17:30:14","slug":"cekdaren-pkke-ji-ku-vedikisin-u-li-ku-kom-dibin","status":"publish","type":"post","link":"https:\/\/darkamazi.info\/archives\/1050409","title":{"rendered":"\u00c7ekdar\u00ean PKK\u00ea ji k\u00fb vediki\u015fin \u00fb li k\u00fb kom dibin\u2026!"},"content":{"rendered":"<h3 style=\"text-align: justify\"><span style=\"font-family: 'arial black', sans-serif\">P\u00eavajoya ku, li Tirkiye \u00fb bakur\u00ea Kurdistan\u00ea bi nav\u00ea \u201cTirkiye ya b\u00ea teror\u201d destp\u00eakir\u00ee bi awayek balk\u00ea\u015f r\u00eave di\u00e7e. Bah\u00e7el\u00ee bang\u00ee Ocalan kir \u00fb ti\u015fta j\u00ea xwest\u00ee Ocalan bi nameyek\u00ee destniv\u00eesa xwe bersiv da. Ocalan gelek bi zelal\u00ee ten\u00ea behsa 3 xalan kir .<\/span><\/h3>\n<h3 style=\"text-align: justify\">Ocalan got: \u201cD\u00ea PKK ji dev \u00e7ekan berd\u00ea. PKK kongreya xwe diciv\u00eene \u00fb xwe fesih dike, s\u00eayem j\u00ee h\u00ead\u00ee behsa dewletbuna kurdan, federasyon, xweser\u00ee yan j\u00ee maf\u00ean \u00e7and\u00ee nekin. Em\u00ea \u201centegrasyona Demokratik\u201d p\u00eakb\u00eenin.\u201d<\/h3>\n<h3 style=\"text-align: justify\">Beyana Ocalan ji bo kes\u00ean t\u00ea bigihe gelek zelal b\u00fb. Gelek aliy\u00ean siyas\u00ee, berpirs\u00ean Her\u00eama Kurdistan\u00ea \u00fb herkes \u00fb aliy\u00ean a\u015fitiy\u00ea dipar\u00eazin dan x\u00fbyakirin ku, ev p\u00eavajoyek ba\u015fe. Sekinandina \u015fer er\u00eaniye.<\/h3>\n<h3 style=\"text-align: justify\">L\u00ea ya ku peyama Ocalan xwehr\u00fbvac\u00ee nirxand\u00een, cardin PKK \u00fb be\u015fek di nava DEM\u00ea de b\u00fbn. Pi\u015ft\u00ee PKK\u00ea kongreya xwe li darxist\u00ee \u00fb xwe fesih kir\u00ee, h\u00eaja behsa PKK\u00ea t\u00ea kirin hinek wek berpirs\u00ean PKK\u00ea dax\u00fbyaniya didin. Ev \u00e7ewe fesih kirine nay\u00ea zan\u00een. Eger rast\u00ee te xwe fesih kiribe h\u00ead\u00ee gerek ti tu dax\u00fbyaniya li ser w\u00ee nav\u00ee ned\u00ee.<\/h3>\n<h3 style=\"text-align: justify\">Ji aliyek din ve, roja 25\u00ea meh\u00ea ji berpirs\u00ean PKK\u00ea Sabr\u00ee Ok li ba\u015f\u00fbr\u00ea Kurdistan\u00ea konferansek \u00e7apemeniy\u00ea li darxist \u00fb da x\u00fbyakirin ku, PKK h\u00eaz\u00ean xwe y\u00ean \u00e7ekdar bi temam\u00ee ji Tirkiye diki\u015f\u00eene. Herkesek\u00ee j\u00ee ev wek gavek ji bo a\u015ftiy\u00ea er\u00ean\u00ee nirxand. L\u00ea gelo R\u00eaxistinek hat\u00ee fesih kirin \u00fb ji dev\u00e7ekan berday\u00ee, \u00e7ewe h\u00eaja \u00e7ekdar\u00ean xwe ji deverek\u00ee dik\u015f\u00eene. Ba\u015fe van \u00e7ekdaran k\u00fbve dibin? Dibin ba\u015f\u00fbr\u00ea Kurdistan\u00ea. Belk\u00ee ev biryar heta radeyek\u00ee li Tirkiye dibe sedem\u00ea aramiyek\u00ee, l\u00ea gelo ev h\u00eaz\u00ean \u00e7ekdar li ba\u015f\u00fbr\u00ea Kurdistan\u00ea d\u00ea \u00e7ibikin? Eger kiryar\u00ean xwe y\u00ean heta niha li ba\u015f\u00fbr berdewam bike ev yek t\u00ea wateya ku, d\u00ea bibin tehd\u00eedek li ser desthilata her\u00eama Kurdistan\u00ea.<\/h3>\n<h3 style=\"text-align: justify\">Di v\u00ea pirs\u00ea de PKK ne yek seriye \u00fb ti\u015fta Ocalan dib\u00eaje ne bi dil\u00ea hem\u00fbyane. Gelek bi tekt\u00eek\u00ee \u00fb dir\u00fbt\u00ee tevdigerin. D\u00ea p\u00ea\u015feroj\u00ea de n\u00eaxwe\u015fiy\u00ean v\u00ea w\u00ea b\u00eane d\u00eetin. Ji aliyek din ve PKK naxwaze rastiya p\u00eavajoya hat\u00ee destp\u00eakirin vekir\u00ee qeb\u00fbl bike \u00fb li gora w\u00ea tevbigere. P\u00eavajoya \u201cTirkiye ya B\u00ea Teror\u201d nav \u00fb armanca p\u00eavajoy\u00ea vekir\u00eeye \u00fb gelek\u00ee zelal e. Di v\u00ea derbar\u00ea dewlet ji PKK\u00ea vekir\u00eetir \u00fb zelaltir xwed\u00ee helweste. L\u00ea PKK \u00fb gelek berpirs\u00ean r\u00eaxistin\u00ean PKK\u00ea ve gir\u00eaday\u00ee hewldidin rastiya hey\u00ee we\u015f\u00earin \u00fb siyaseteka ne dir\u00fbst r\u00eave dibin.<\/h3>\n<h3 style=\"text-align: justify\">Vekir\u00ee heta ku, Qendil di bin bandora \u00ceran\u00ea de tevbigere nikare tu biryarek bi istiqrar bide. Heta ku, serk\u00ea\u015fiya wan bi awayek\u00ee \u00e7ep\u00ean Kemalist bikin, d\u00ea di taritiyek\u00ee de siyaset\u00ea bikin.<\/h3>\n<h3 style=\"text-align: justify\">Yan d\u00ea PKK j\u00ee bi temam\u00ee guh bide Ocalan \u00fb bizelal\u00ee xwed\u00ee helwestbe yan j\u00ee d\u00ea di v\u00ea r\u00eay\u00ea de provakasyon her hebin. Siyaseta di v\u00ea qonax\u00ea de xelet dibe sedem\u00ea sabotekirina gav\u00ean b\u00eane av\u00eatin j\u00ee\u2026.<\/h3>\n<h3 style=\"text-align: justify\"><span style=\"font-family: 'arial black', sans-serif\">ROJEVAKURD<\/span><\/h3>\n","protected":false},"excerpt":{"rendered":"<p>P\u00eavajoya ku, li Tirkiye \u00fb bakur\u00ea Kurdistan\u00ea bi nav\u00ea \u201cTirkiye ya b\u00ea teror\u201d destp\u00eakir\u00ee bi awayek balk\u00ea\u015f r\u00eave di\u00e7e. Bah\u00e7el\u00ee bang\u00ee Ocalan kir \u00fb ti\u015fta j\u00ea xwest\u00ee Ocalan bi nameyek\u00ee destniv\u00eesa xwe bersiv da. Ocalan gelek bi zelal\u00ee ten\u00ea behsa 3 xalan kir . Ocalan got: \u201cD\u00ea PKK ji dev \u00e7ekan berd\u00ea. PKK kongreya xwe [&hellip;]<\/p>\n","protected":false},"author":2,"featured_media":1050410,"comment_status":"closed","ping_status":"closed","sticky":false,"template":"","format":"standard","meta":{"footnotes":""},"categories":[31],"tags":[37],"class_list":["post-1050409","post","type-post","status-publish","format-standard","has-post-thumbnail","hentry","category-rojhelata-navin","tag-sereke"],"blocksy_meta":[],"seo_head":"<!-- This site is optimized with the Yoast SEO plugin v27.5 - https:\/\/yoast.com\/product\/yoast-seo-wordpress\/ -->\n<title>\u00c7ekdar\u00ean PKK\u00ea ji k\u00fb vediki\u015fin \u00fb li k\u00fb kom dibin\u2026! - Darka Maz\u00ee<\/title>\n<meta name=\"robots\" content=\"index, follow, max-snippet:-1, max-image-preview:large, max-video-preview:-1\" \/>\n<link rel=\"canonical\" href=\"https:\/\/darkamazi.info\/archives\/1050409\" \/>\n<meta property=\"og:locale\" content=\"en_US\" \/>\n<meta property=\"og:type\" content=\"article\" \/>\n<meta property=\"og:title\" content=\"\u00c7ekdar\u00ean PKK\u00ea ji k\u00fb vediki\u015fin \u00fb li k\u00fb kom dibin\u2026! - Darka Maz\u00ee\" \/>\n<meta property=\"og:description\" content=\"P\u00eavajoya ku, li Tirkiye \u00fb bakur\u00ea Kurdistan\u00ea bi nav\u00ea \u201cTirkiye ya b\u00ea teror\u201d destp\u00eakir\u00ee bi awayek balk\u00ea\u015f r\u00eave di\u00e7e. Bah\u00e7el\u00ee bang\u00ee Ocalan kir \u00fb ti\u015fta j\u00ea xwest\u00ee Ocalan bi nameyek\u00ee destniv\u00eesa xwe bersiv da. Ocalan gelek bi zelal\u00ee ten\u00ea behsa 3 xalan kir . Ocalan got: \u201cD\u00ea PKK ji dev \u00e7ekan berd\u00ea. PKK kongreya xwe [&hellip;]\" \/>\n<meta property=\"og:url\" content=\"https:\/\/darkamazi.info\/archives\/1050409\" \/>\n<meta property=\"og:site_name\" content=\"Darka Maz\u00ee\" \/>\n<meta property=\"article:publisher\" content=\"https:\/\/www.facebook.com\/DarMaziKurmanci\" \/>\n<meta property=\"article:published_time\" content=\"2025-10-28T17:30:14+00:00\" \/>\n<meta property=\"og:image\" content=\"https:\/\/darkamazi.info\/file\/2025\/10\/pkk-bakur.jpg\" \/>\n\t<meta property=\"og:image:width\" content=\"900\" \/>\n\t<meta property=\"og:image:height\" content=\"497\" \/>\n\t<meta property=\"og:image:type\" content=\"image\/jpeg\" \/>\n<meta name=\"author\" content=\"darka mazi\" \/>\n<meta name=\"twitter:card\" content=\"summary_large_image\" \/>\n<meta name=\"twitter:creator\" content=\"@DarkaMaziLatini\" \/>\n<meta name=\"twitter:site\" content=\"@DarkaMaziLatini\" \/>\n<meta name=\"twitter:label1\" content=\"Written by\" \/>\n\t<meta name=\"twitter:data1\" content=\"darka mazi\" \/>\n\t<meta name=\"twitter:label2\" content=\"Est. reading time\" \/>\n\t<meta name=\"twitter:data2\" content=\"3 minutes\" \/>\n<script type=\"application\/ld+json\" class=\"seo-schema-graph\">{\"@context\":\"https:\\\/\\\/schema.org\",\"@graph\":[{\"@type\":\"Article\",\"@id\":\"https:\\\/\\\/darkamazi.info\\\/archives\\\/1050409#article\",\"isPartOf\":{\"@id\":\"https:\\\/\\\/darkamazi.info\\\/archives\\\/1050409\"},\"author\":{\"name\":\"darka mazi\",\"@id\":\"https:\\\/\\\/darkamazi.info\\\/#\\\/schema\\\/person\\\/5ad3e24553a0567993fa8ed4bd0a776c\"},\"headline\":\"\u00c7ekdar\u00ean PKK\u00ea ji k\u00fb vediki\u015fin \u00fb li k\u00fb kom dibin\u2026!\",\"datePublished\":\"2025-10-28T17:30:14+00:00\",\"mainEntityOfPage\":{\"@id\":\"https:\\\/\\\/darkamazi.info\\\/archives\\\/1050409\"},\"wordCount\":519,\"publisher\":{\"@id\":\"https:\\\/\\\/darkamazi.info\\\/#organization\"},\"image\":{\"@id\":\"https:\\\/\\\/darkamazi.info\\\/archives\\\/1050409#primaryimage\"},\"thumbnailUrl\":\"https:\\\/\\\/darkamazi.info\\\/darka-content\\\/uploads\\\/2025\\\/10\\\/pkk-bakur.jpg\",\"keywords\":[\"sereke\"],\"articleSection\":[\"Rojhelata nav\u00een\"],\"inLanguage\":\"en-US\"},{\"@type\":\"WebPage\",\"@id\":\"https:\\\/\\\/darkamazi.info\\\/archives\\\/1050409\",\"url\":\"https:\\\/\\\/darkamazi.info\\\/archives\\\/1050409\",\"name\":\"\u00c7ekdar\u00ean PKK\u00ea ji k\u00fb vediki\u015fin \u00fb li k\u00fb kom dibin\u2026! - Darka Maz\u00ee\",\"isPartOf\":{\"@id\":\"https:\\\/\\\/darkamazi.info\\\/#website\"},\"primaryImageOfPage\":{\"@id\":\"https:\\\/\\\/darkamazi.info\\\/archives\\\/1050409#primaryimage\"},\"image\":{\"@id\":\"https:\\\/\\\/darkamazi.info\\\/archives\\\/1050409#primaryimage\"},\"thumbnailUrl\":\"https:\\\/\\\/darkamazi.info\\\/darka-content\\\/uploads\\\/2025\\\/10\\\/pkk-bakur.jpg\",\"datePublished\":\"2025-10-28T17:30:14+00:00\",\"breadcrumb\":{\"@id\":\"https:\\\/\\\/darkamazi.info\\\/archives\\\/1050409#breadcrumb\"},\"inLanguage\":\"en-US\",\"potentialAction\":[{\"@type\":\"ReadAction\",\"target\":[\"https:\\\/\\\/darkamazi.info\\\/archives\\\/1050409\"]}]},{\"@type\":\"ImageObject\",\"inLanguage\":\"en-US\",\"@id\":\"https:\\\/\\\/darkamazi.info\\\/archives\\\/1050409#primaryimage\",\"url\":\"https:\\\/\\\/darkamazi.info\\\/darka-content\\\/uploads\\\/2025\\\/10\\\/pkk-bakur.jpg\",\"contentUrl\":\"https:\\\/\\\/darkamazi.info\\\/darka-content\\\/uploads\\\/2025\\\/10\\\/pkk-bakur.jpg\",\"width\":900,\"height\":497,\"caption\":\"\u00c7ekdar\u00ean PKK\u00ea ji k\u00fb vediki\u015fin \u00fb li k\u00fb kom dibin\u2026!\"},{\"@type\":\"BreadcrumbList\",\"@id\":\"https:\\\/\\\/darkamazi.info\\\/archives\\\/1050409#breadcrumb\",\"itemListElement\":[{\"@type\":\"ListItem\",\"position\":1,\"name\":\"Home\",\"item\":\"https:\\\/\\\/darkamazi.info\\\/\"},{\"@type\":\"ListItem\",\"position\":2,\"name\":\"\u00c7ekdar\u00ean PKK\u00ea ji k\u00fb vediki\u015fin \u00fb li k\u00fb kom dibin\u2026!\"}]},{\"@type\":\"WebSite\",\"@id\":\"https:\\\/\\\/darkamazi.info\\\/#website\",\"url\":\"https:\\\/\\\/darkamazi.info\\\/\",\"name\":\"Darka Maz\u00ee\",\"description\":\"P\u00eageha Zanyariy\u00ean Nebih\u00eest\u00ee\",\"publisher\":{\"@id\":\"https:\\\/\\\/darkamazi.info\\\/#organization\"},\"potentialAction\":[{\"@type\":\"SearchAction\",\"target\":{\"@type\":\"EntryPoint\",\"urlTemplate\":\"https:\\\/\\\/darkamazi.info\\\/?s={search_term_string}\"},\"query-input\":{\"@type\":\"PropertyValueSpecification\",\"valueRequired\":true,\"valueName\":\"search_term_string\"}}],\"inLanguage\":\"en-US\"},{\"@type\":\"Organization\",\"@id\":\"https:\\\/\\\/darkamazi.info\\\/#organization\",\"name\":\"Darka Maz\u00ee\",\"url\":\"https:\\\/\\\/darkamazi.info\\\/\",\"logo\":{\"@type\":\"ImageObject\",\"inLanguage\":\"en-US\",\"@id\":\"https:\\\/\\\/darkamazi.info\\\/#\\\/schema\\\/logo\\\/image\\\/\",\"url\":\"https:\\\/\\\/darkamazi.info\\\/darka-content\\\/uploads\\\/2017\\\/12\\\/darka-mazi-logo.png\",\"contentUrl\":\"https:\\\/\\\/darkamazi.info\\\/darka-content\\\/uploads\\\/2017\\\/12\\\/darka-mazi-logo.png\",\"width\":151,\"height\":75,\"caption\":\"Darka Maz\u00ee\"},\"image\":{\"@id\":\"https:\\\/\\\/darkamazi.info\\\/#\\\/schema\\\/logo\\\/image\\\/\"},\"sameAs\":[\"https:\\\/\\\/www.facebook.com\\\/DarMaziKurmanci\",\"https:\\\/\\\/x.com\\\/DarkaMaziLatini\",\"https:\\\/\\\/www.instagram.com\\\/darkamazi.kurmanci\\\/\",\"https:\\\/\\\/www.youtube.com\\\/channel\\\/UCa5HkTdmI8U1qCUFuTw8B2g\"]},{\"@type\":\"Person\",\"@id\":\"https:\\\/\\\/darkamazi.info\\\/#\\\/schema\\\/person\\\/5ad3e24553a0567993fa8ed4bd0a776c\",\"name\":\"darka mazi\",\"sameAs\":[\"https:\\\/\\\/darkamazi.info\\\/\"],\"url\":\"https:\\\/\\\/darkamazi.info\\\/archives\\\/author\\\/kurdi\"}]}<\/script>\n<!-- \/ Yoast SEO plugin. -->","seo_head_json":{"title":"\u00c7ekdar\u00ean PKK\u00ea ji k\u00fb vediki\u015fin \u00fb li k\u00fb kom dibin\u2026! - Darka Maz\u00ee","robots":{"index":"index","follow":"follow","max-snippet":"max-snippet:-1","max-image-preview":"max-image-preview:large","max-video-preview":"max-video-preview:-1"},"canonical":"https:\/\/darkamazi.info\/archives\/1050409","og_locale":"en_US","og_type":"article","og_title":"\u00c7ekdar\u00ean PKK\u00ea ji k\u00fb vediki\u015fin \u00fb li k\u00fb kom dibin\u2026! - Darka Maz\u00ee","og_description":"P\u00eavajoya ku, li Tirkiye \u00fb bakur\u00ea Kurdistan\u00ea bi nav\u00ea \u201cTirkiye ya b\u00ea teror\u201d destp\u00eakir\u00ee bi awayek balk\u00ea\u015f r\u00eave di\u00e7e. Bah\u00e7el\u00ee bang\u00ee Ocalan kir \u00fb ti\u015fta j\u00ea xwest\u00ee Ocalan bi nameyek\u00ee destniv\u00eesa xwe bersiv da. Ocalan gelek bi zelal\u00ee ten\u00ea behsa 3 xalan kir . Ocalan got: \u201cD\u00ea PKK ji dev \u00e7ekan berd\u00ea. PKK kongreya xwe [&hellip;]","og_url":"https:\/\/darkamazi.info\/archives\/1050409","og_site_name":"Darka Maz\u00ee","article_publisher":"https:\/\/www.facebook.com\/DarMaziKurmanci","article_published_time":"2025-10-28T17:30:14+00:00","og_image":[{"width":900,"height":497,"url":"https:\/\/darkamazi.info\/file\/2025\/10\/pkk-bakur.jpg","type":"image\/jpeg"}],"author":"darka mazi","twitter_card":"summary_large_image","twitter_creator":"@DarkaMaziLatini","twitter_site":"@DarkaMaziLatini","twitter_misc":{"Written by":"darka mazi","Est. reading time":"3 minutes"},"schema":{"@context":"https:\/\/schema.org","@graph":[{"@type":"Article","@id":"https:\/\/darkamazi.info\/archives\/1050409#article","isPartOf":{"@id":"https:\/\/darkamazi.info\/archives\/1050409"},"author":{"name":"darka mazi","@id":"https:\/\/darkamazi.info\/#\/schema\/person\/5ad3e24553a0567993fa8ed4bd0a776c"},"headline":"\u00c7ekdar\u00ean PKK\u00ea ji k\u00fb vediki\u015fin \u00fb li k\u00fb kom dibin\u2026!","datePublished":"2025-10-28T17:30:14+00:00","mainEntityOfPage":{"@id":"https:\/\/darkamazi.info\/archives\/1050409"},"wordCount":519,"publisher":{"@id":"https:\/\/darkamazi.info\/#organization"},"image":{"@id":"https:\/\/darkamazi.info\/archives\/1050409#primaryimage"},"thumbnailUrl":"https:\/\/darkamazi.info\/file\/2025\/10\/pkk-bakur.jpg","keywords":["sereke"],"articleSection":["Rojhelata nav\u00een"],"inLanguage":"en-US"},{"@type":"WebPage","@id":"https:\/\/darkamazi.info\/archives\/1050409","url":"https:\/\/darkamazi.info\/archives\/1050409","name":"\u00c7ekdar\u00ean PKK\u00ea ji k\u00fb vediki\u015fin \u00fb li k\u00fb kom dibin\u2026! - Darka Maz\u00ee","isPartOf":{"@id":"https:\/\/darkamazi.info\/#website"},"primaryImageOfPage":{"@id":"https:\/\/darkamazi.info\/archives\/1050409#primaryimage"},"image":{"@id":"https:\/\/darkamazi.info\/archives\/1050409#primaryimage"},"thumbnailUrl":"https:\/\/darkamazi.info\/file\/2025\/10\/pkk-bakur.jpg","datePublished":"2025-10-28T17:30:14+00:00","breadcrumb":{"@id":"https:\/\/darkamazi.info\/archives\/1050409#breadcrumb"},"inLanguage":"en-US","potentialAction":[{"@type":"ReadAction","target":["https:\/\/darkamazi.info\/archives\/1050409"]}]},{"@type":"ImageObject","inLanguage":"en-US","@id":"https:\/\/darkamazi.info\/archives\/1050409#primaryimage","url":"https:\/\/darkamazi.info\/file\/2025\/10\/pkk-bakur.jpg","contentUrl":"https:\/\/darkamazi.info\/file\/2025\/10\/pkk-bakur.jpg","width":900,"height":497,"caption":"\u00c7ekdar\u00ean PKK\u00ea ji k\u00fb vediki\u015fin \u00fb li k\u00fb kom dibin\u2026!"},{"@type":"BreadcrumbList","@id":"https:\/\/darkamazi.info\/archives\/1050409#breadcrumb","itemListElement":[{"@type":"ListItem","position":1,"name":"Home","item":"https:\/\/darkamazi.info\/"},{"@type":"ListItem","position":2,"name":"\u00c7ekdar\u00ean PKK\u00ea ji k\u00fb vediki\u015fin \u00fb li k\u00fb kom dibin\u2026!"}]},{"@type":"WebSite","@id":"https:\/\/darkamazi.info\/#website","url":"https:\/\/darkamazi.info\/","name":"Darka Maz\u00ee","description":"P\u00eageha Zanyariy\u00ean Nebih\u00eest\u00ee","publisher":{"@id":"https:\/\/darkamazi.info\/#organization"},"potentialAction":[{"@type":"SearchAction","target":{"@type":"EntryPoint","urlTemplate":"https:\/\/darkamazi.info\/?s={search_term_string}"},"query-input":{"@type":"PropertyValueSpecification","valueRequired":true,"valueName":"search_term_string"}}],"inLanguage":"en-US"},{"@type":"Organization","@id":"https:\/\/darkamazi.info\/#organization","name":"Darka Maz\u00ee","url":"https:\/\/darkamazi.info\/","logo":{"@type":"ImageObject","inLanguage":"en-US","@id":"https:\/\/darkamazi.info\/#\/schema\/logo\/image\/","url":"https:\/\/darkamazi.info\/file\/2017\/12\/darka-mazi-logo.png","contentUrl":"https:\/\/darkamazi.info\/file\/2017\/12\/darka-mazi-logo.png","width":151,"height":75,"caption":"Darka Maz\u00ee"},"image":{"@id":"https:\/\/darkamazi.info\/#\/schema\/logo\/image\/"},"sameAs":["https:\/\/www.facebook.com\/DarMaziKurmanci","https:\/\/x.com\/DarkaMaziLatini","https:\/\/www.instagram.com\/darkamazi.kurmanci\/","https:\/\/www.youtube.com\/channel\/UCa5HkTdmI8U1qCUFuTw8B2g"]},{"@type":"Person","@id":"https:\/\/darkamazi.info\/#\/schema\/person\/5ad3e24553a0567993fa8ed4bd0a776c","name":"darka mazi","sameAs":["https:\/\/darkamazi.info\/"],"url":"https:\/\/darkamazi.info\/archives\/author\/kurdi"}]}},"_links":{"self":[{"href":"https:\/\/darkamazi.info\/funavuv\/wp\/v2\/posts\/1050409","targetHints":{"allow":["GET"]}}],"collection":[{"href":"https:\/\/darkamazi.info\/funavuv\/wp\/v2\/posts"}],"about":[{"href":"https:\/\/darkamazi.info\/funavuv\/wp\/v2\/types\/post"}],"author":[{"embeddable":true,"href":"https:\/\/darkamazi.info\/funavuv\/wp\/v2\/users\/2"}],"replies":[{"embeddable":true,"href":"https:\/\/darkamazi.info\/funavuv\/wp\/v2\/comments?post=1050409"}],"version-history":[{"count":0,"href":"https:\/\/darkamazi.info\/funavuv\/wp\/v2\/posts\/1050409\/revisions"}],"wp:featuredmedia":[{"embeddable":true,"href":"https:\/\/darkamazi.info\/funavuv\/wp\/v2\/media\/1050410"}],"wp:attachment":[{"href":"https:\/\/darkamazi.info\/funavuv\/wp\/v2\/media?parent=1050409"}],"wp:term":[{"taxonomy":"category","embeddable":true,"href":"https:\/\/darkamazi.info\/funavuv\/wp\/v2\/categories?post=1050409"},{"taxonomy":"post_tag","embeddable":true,"href":"https:\/\/darkamazi.info\/funavuv\/wp\/v2\/tags?post=1050409"}],"curies":[{"name":"wp","href":"https:\/\/api.w.org\/{rel}","templated":true}]}}