{"id":1050421,"date":"2025-10-29T17:12:33","date_gmt":"2025-10-29T14:12:33","guid":{"rendered":"https:\/\/darkamazi.info\/?p=1050421"},"modified":"2025-10-29T17:12:33","modified_gmt":"2025-10-29T14:12:33","slug":"du-civinen-giring-li-ser-pevajoya-astiye-ten-kirin","status":"publish","type":"post","link":"https:\/\/darkamazi.info\/archives\/1050421","title":{"rendered":"Du civ\u00een\u00ean gir\u00eeng li ser p\u00eavajoya a\u015ftiy\u00ea t\u00ean kirin"},"content":{"rendered":"<h3 style=\"text-align: justify\"><span style=\"font-family: 'arial black', sans-serif\">\u015eanda Dem Partiy\u00ea ji bo \u00cemraliy\u00ea d\u00ea bi Serokkomar\u00ea Tirkiyey\u00ea Recep Tayyip Erdogan re bicive. Herwesa Kom\u00eesyona P\u00eavajoya A\u015ftiy\u00ea j\u00ee d\u00ea m\u00eavandariya du wez\u00eeran bike.<\/span><\/h3>\n<h3 style=\"text-align: justify\">Li gor\u00ee zanyar\u00ean medyay\u00ean n\u00eaz\u00ee Partiya Wekhev\u00ee \u00fb Demokrasiya Gelan (Dem Part\u00ee), biryar e ku Serokkomar\u00ea Tirkiyey\u00ea Recep Tayyip Erdogan sibe (P\u00eanc\u015fem, 29\u00ea Cotmeha 2025\u00ea) bi Parlamenter\u00ean Dem Partiy\u00ea \u00fb endam\u00ean \u015eanda \u00cemraliy\u00ea Pervin Buldan \u00fb Mithat Sancar re bicive.<\/h3>\n<h3 style=\"text-align: justify\">Ev civ\u00een, ku d\u00ea hevd\u00eetina s\u00eay\u00ea ya di navbera herdu aliyan de be, wek\u00ee p\u00ea\u015fve\u00e7\u00fbneka n\u00fb \u00fb gir\u00eeng di p\u00eavajoya a\u015ftiy\u00ea de t\u00ea hesibandin. Biryar e ku qonax\u00ean dawiy\u00ea y\u00ean p\u00eavajoya a\u015ftiy\u00ea \u00fb p\u00eangav\u00ean qan\u00fbn\u00ee y\u00ean t\u00eakildar\u00ee w\u00ea p\u00eavajoy\u00ea b\u00ean n\u00eeqa\u015fkirin.<\/h3>\n<h3 style=\"text-align: justify\">Ev j\u00ee di demek\u00ea de ye ku, PKK\u00ea di roj\u00ean bor\u00ee de di meras\u00eemeka d\u00eerok\u00ee de p\u00eangavrka d\u00eerok\u00ee av\u00eat \u00fb hem\u00ee h\u00eaz\u00ean xwe ji axa Tirkiyey\u00ea veki\u015fandin. Ev yek j\u00ee wek\u00ee p\u00eangaveka er\u00ean\u00ee ji bo p\u00ea\u015fve\u00e7\u00fbna p\u00eavajoya a\u015ftiy\u00ea t\u00ea d\u00eetin.<\/h3>\n<h3 style=\"text-align: justify\">Erdogan li ser w\u00ea civ\u00een\u00ea got ku, ew d\u00ea bi \u015fanda Dem Partiy\u00ea re li ser p\u00ea\u015fketin\u00ean dawiy\u00ea y\u00ean gir\u00eaday\u00ee w\u00ea p\u00eavajoy\u00ea biaxivin.<\/h3>\n<h3 style=\"text-align: justify\">Kom\u00eesyona A\u015ftiy\u00ea ligel Wez\u00eer\u00ean Dad \u00fb Derve dicive<\/h3>\n<h3 style=\"text-align: justify\">Di \u00e7ar\u00e7oveya bizav\u00ean ji bo p\u00eavejoya a\u015ftiy\u00ea de, Kom\u00eesyona taybet a Parlamentoya Tirkiyey\u00ea d\u00ea sibe p\u00ea\u015fwaziya Wez\u00eer\u00ea Derve Hakan Fidan \u00fb Wez\u00eer\u00ea Dad\u00ea Yilmaz Tun\u00e7 bike. Armanca w\u00ea civ\u00een\u00ea n\u00eeqa\u015fkirina p\u00eangav\u00ean p\u00eadiv\u00ee y\u00ean qan\u00fbn\u00ee \u00fb d\u00eeplomat\u00eek ji bo qonaxa n\u00fb ya w\u00ea p\u00eavajoy\u00ea ye.<\/h3>\n<h3 style=\"text-align: justify\">Li gor\u00ee haydariyan, Kom\u00eesyona Lihevkirina Ni\u015ftiman\u00ee, Birat\u00ee \u00fb Demokrasiy\u00ea, ku di parlamentoy\u00ea de bi taybet\u00ee ji bo p\u00eavejoya a\u015ftiy\u00ea hatiye damezrandin, d\u00ea sibe (P\u00eanc\u015fem, 30\u00ea Cotmeha 2025\u00ea) civ\u00eena xwe ya 16\u00ea bike.<\/h3>\n<h3 style=\"text-align: justify\">Di para yek\u00ea ya w\u00ea civ\u00een\u00ea de, m\u00eavandariya Wez\u00eer\u00ea Derve Hakan Fidan t\u00ea kirin, ku t\u00ea pay\u00een ew aliy\u00ea d\u00eeplomat\u00eek \u00ea p\u00eavajoy\u00ea ji endam\u00ean kom\u00eesyon\u00ea re \u015firove bike. Di para duy\u00ea de j\u00ee, Wez\u00eer\u00ea Dad\u00ea Yilmaz Tun\u00e7 d\u00ea tevl\u00ee w\u00ea bibe \u00fb d\u00ea h\u00fbrgiliy\u00ean p\u00eangav\u00ean qan\u00fbn\u00ee y\u00ean p\u00eadiv\u00ee bixe rojev\u00ea.<\/h3>\n<h3 style=\"text-align: justify\">Herdu wez\u00eer d\u00ea n\u00ear\u00een\u00ean wezaret\u00ean xwe y\u00ean gir\u00eaday\u00ee qonax\u00ean her\u00ee dawiy\u00ea y\u00ean w\u00ea p\u00eavajoy\u00ea p\u00ea\u015fk\u00ea\u015f bikin \u00fb pi\u015ftre d\u00ea bersiva pirs\u00ean endam\u00ean kom\u00eesyon\u00ea bidin.<\/h3>\n<h3 style=\"text-align: justify\">Wez\u00eer\u00ea Dad\u00ea Yilmaz Tun\u00e7 di derheqa civ\u00een\u00ea de ragihandib\u00fb: &#8220;P\u00eangaveka ber\u00e7av d\u00ea ji aliy\u00ea Kom\u00eesyona Parlamentoy\u00ea ve b\u00ea av\u00eatin \u00fb ew wek\u00ee Wezareta Dad\u00ea d\u00ea di civ\u00een\u00ea de p\u00eangav\u00ean qan\u00fbn\u00ee y\u00ean p\u00eadiv\u00ee y\u00ean gir\u00eaday\u00ee w\u00ea p\u00eavajoy\u00ea n\u00eeqa\u015f bikin.&#8221;<\/h3>\n","protected":false},"excerpt":{"rendered":"<p>\u015eanda Dem Partiy\u00ea ji bo \u00cemraliy\u00ea d\u00ea bi Serokkomar\u00ea Tirkiyey\u00ea Recep Tayyip Erdogan re bicive. Herwesa Kom\u00eesyona P\u00eavajoya A\u015ftiy\u00ea j\u00ee d\u00ea m\u00eavandariya du wez\u00eeran bike. Li gor\u00ee zanyar\u00ean medyay\u00ean n\u00eaz\u00ee Partiya Wekhev\u00ee \u00fb Demokrasiya Gelan (Dem Part\u00ee), biryar e ku Serokkomar\u00ea Tirkiyey\u00ea Recep Tayyip Erdogan sibe (P\u00eanc\u015fem, 29\u00ea Cotmeha 2025\u00ea) bi Parlamenter\u00ean Dem Partiy\u00ea \u00fb [&hellip;]<\/p>\n","protected":false},"author":2,"featured_media":1050422,"comment_status":"closed","ping_status":"closed","sticky":false,"template":"","format":"standard","meta":{"footnotes":""},"categories":[29],"tags":[37],"class_list":["post-1050421","post","type-post","status-publish","format-standard","has-post-thumbnail","hentry","category-kurdistan","tag-sereke"],"blocksy_meta":[],"seo_head":"<!-- This site is optimized with the Yoast SEO plugin v27.5 - https:\/\/yoast.com\/product\/yoast-seo-wordpress\/ -->\n<title>Du civ\u00een\u00ean gir\u00eeng li ser p\u00eavajoya a\u015ftiy\u00ea t\u00ean kirin - Darka Maz\u00ee<\/title>\n<meta name=\"robots\" content=\"index, follow, max-snippet:-1, max-image-preview:large, max-video-preview:-1\" \/>\n<link rel=\"canonical\" href=\"https:\/\/darkamazi.info\/archives\/1050421\" \/>\n<meta property=\"og:locale\" content=\"en_US\" \/>\n<meta property=\"og:type\" content=\"article\" \/>\n<meta property=\"og:title\" content=\"Du civ\u00een\u00ean gir\u00eeng li ser p\u00eavajoya a\u015ftiy\u00ea t\u00ean kirin - Darka Maz\u00ee\" \/>\n<meta property=\"og:description\" content=\"\u015eanda Dem Partiy\u00ea ji bo \u00cemraliy\u00ea d\u00ea bi Serokkomar\u00ea Tirkiyey\u00ea Recep Tayyip Erdogan re bicive. Herwesa Kom\u00eesyona P\u00eavajoya A\u015ftiy\u00ea j\u00ee d\u00ea m\u00eavandariya du wez\u00eeran bike. Li gor\u00ee zanyar\u00ean medyay\u00ean n\u00eaz\u00ee Partiya Wekhev\u00ee \u00fb Demokrasiya Gelan (Dem Part\u00ee), biryar e ku Serokkomar\u00ea Tirkiyey\u00ea Recep Tayyip Erdogan sibe (P\u00eanc\u015fem, 29\u00ea Cotmeha 2025\u00ea) bi Parlamenter\u00ean Dem Partiy\u00ea \u00fb [&hellip;]\" \/>\n<meta property=\"og:url\" content=\"https:\/\/darkamazi.info\/archives\/1050421\" \/>\n<meta property=\"og:site_name\" content=\"Darka Maz\u00ee\" \/>\n<meta property=\"article:publisher\" content=\"https:\/\/www.facebook.com\/DarMaziKurmanci\" \/>\n<meta property=\"article:published_time\" content=\"2025-10-29T14:12:33+00:00\" \/>\n<meta property=\"og:image\" content=\"https:\/\/darkamazi.info\/file\/2025\/10\/pkk-bakur-vekisin.jpg\" \/>\n\t<meta property=\"og:image:width\" content=\"900\" \/>\n\t<meta property=\"og:image:height\" content=\"497\" \/>\n\t<meta property=\"og:image:type\" content=\"image\/jpeg\" \/>\n<meta name=\"author\" content=\"darka mazi\" \/>\n<meta name=\"twitter:card\" content=\"summary_large_image\" \/>\n<meta name=\"twitter:creator\" content=\"@DarkaMaziLatini\" \/>\n<meta name=\"twitter:site\" content=\"@DarkaMaziLatini\" \/>\n<meta name=\"twitter:label1\" content=\"Written by\" \/>\n\t<meta name=\"twitter:data1\" content=\"darka mazi\" \/>\n\t<meta name=\"twitter:label2\" content=\"Est. reading time\" \/>\n\t<meta name=\"twitter:data2\" content=\"2 minutes\" \/>\n<script type=\"application\/ld+json\" class=\"seo-schema-graph\">{\"@context\":\"https:\\\/\\\/schema.org\",\"@graph\":[{\"@type\":\"Article\",\"@id\":\"https:\\\/\\\/darkamazi.info\\\/archives\\\/1050421#article\",\"isPartOf\":{\"@id\":\"https:\\\/\\\/darkamazi.info\\\/archives\\\/1050421\"},\"author\":{\"name\":\"darka mazi\",\"@id\":\"https:\\\/\\\/darkamazi.info\\\/#\\\/schema\\\/person\\\/5ad3e24553a0567993fa8ed4bd0a776c\"},\"headline\":\"Du civ\u00een\u00ean gir\u00eeng li ser p\u00eavajoya a\u015ftiy\u00ea t\u00ean kirin\",\"datePublished\":\"2025-10-29T14:12:33+00:00\",\"mainEntityOfPage\":{\"@id\":\"https:\\\/\\\/darkamazi.info\\\/archives\\\/1050421\"},\"wordCount\":494,\"publisher\":{\"@id\":\"https:\\\/\\\/darkamazi.info\\\/#organization\"},\"image\":{\"@id\":\"https:\\\/\\\/darkamazi.info\\\/archives\\\/1050421#primaryimage\"},\"thumbnailUrl\":\"https:\\\/\\\/darkamazi.info\\\/darka-content\\\/uploads\\\/2025\\\/10\\\/pkk-bakur-vekisin.jpg\",\"keywords\":[\"sereke\"],\"articleSection\":[\"Kurdistan\"],\"inLanguage\":\"en-US\"},{\"@type\":\"WebPage\",\"@id\":\"https:\\\/\\\/darkamazi.info\\\/archives\\\/1050421\",\"url\":\"https:\\\/\\\/darkamazi.info\\\/archives\\\/1050421\",\"name\":\"Du civ\u00een\u00ean gir\u00eeng li ser p\u00eavajoya a\u015ftiy\u00ea t\u00ean kirin - Darka Maz\u00ee\",\"isPartOf\":{\"@id\":\"https:\\\/\\\/darkamazi.info\\\/#website\"},\"primaryImageOfPage\":{\"@id\":\"https:\\\/\\\/darkamazi.info\\\/archives\\\/1050421#primaryimage\"},\"image\":{\"@id\":\"https:\\\/\\\/darkamazi.info\\\/archives\\\/1050421#primaryimage\"},\"thumbnailUrl\":\"https:\\\/\\\/darkamazi.info\\\/darka-content\\\/uploads\\\/2025\\\/10\\\/pkk-bakur-vekisin.jpg\",\"datePublished\":\"2025-10-29T14:12:33+00:00\",\"breadcrumb\":{\"@id\":\"https:\\\/\\\/darkamazi.info\\\/archives\\\/1050421#breadcrumb\"},\"inLanguage\":\"en-US\",\"potentialAction\":[{\"@type\":\"ReadAction\",\"target\":[\"https:\\\/\\\/darkamazi.info\\\/archives\\\/1050421\"]}]},{\"@type\":\"ImageObject\",\"inLanguage\":\"en-US\",\"@id\":\"https:\\\/\\\/darkamazi.info\\\/archives\\\/1050421#primaryimage\",\"url\":\"https:\\\/\\\/darkamazi.info\\\/darka-content\\\/uploads\\\/2025\\\/10\\\/pkk-bakur-vekisin.jpg\",\"contentUrl\":\"https:\\\/\\\/darkamazi.info\\\/darka-content\\\/uploads\\\/2025\\\/10\\\/pkk-bakur-vekisin.jpg\",\"width\":900,\"height\":497,\"caption\":\"\u015eanda Dem Partiy\u00ea ji bo \u00cemraliy\u00ea d\u00ea bi Serokkomar\u00ea Tirkiyey\u00ea Recep Tayyip Erdogan re bicive. Herwesa Kom\u00eesyona P\u00eavajoya A\u015ftiy\u00ea j\u00ee d\u00ea m\u00eavandariya du wez\u00eeran bike.\"},{\"@type\":\"BreadcrumbList\",\"@id\":\"https:\\\/\\\/darkamazi.info\\\/archives\\\/1050421#breadcrumb\",\"itemListElement\":[{\"@type\":\"ListItem\",\"position\":1,\"name\":\"Home\",\"item\":\"https:\\\/\\\/darkamazi.info\\\/\"},{\"@type\":\"ListItem\",\"position\":2,\"name\":\"Du civ\u00een\u00ean gir\u00eeng li ser p\u00eavajoya a\u015ftiy\u00ea t\u00ean kirin\"}]},{\"@type\":\"WebSite\",\"@id\":\"https:\\\/\\\/darkamazi.info\\\/#website\",\"url\":\"https:\\\/\\\/darkamazi.info\\\/\",\"name\":\"Darka Maz\u00ee\",\"description\":\"P\u00eageha Zanyariy\u00ean Nebih\u00eest\u00ee\",\"publisher\":{\"@id\":\"https:\\\/\\\/darkamazi.info\\\/#organization\"},\"potentialAction\":[{\"@type\":\"SearchAction\",\"target\":{\"@type\":\"EntryPoint\",\"urlTemplate\":\"https:\\\/\\\/darkamazi.info\\\/?s={search_term_string}\"},\"query-input\":{\"@type\":\"PropertyValueSpecification\",\"valueRequired\":true,\"valueName\":\"search_term_string\"}}],\"inLanguage\":\"en-US\"},{\"@type\":\"Organization\",\"@id\":\"https:\\\/\\\/darkamazi.info\\\/#organization\",\"name\":\"Darka Maz\u00ee\",\"url\":\"https:\\\/\\\/darkamazi.info\\\/\",\"logo\":{\"@type\":\"ImageObject\",\"inLanguage\":\"en-US\",\"@id\":\"https:\\\/\\\/darkamazi.info\\\/#\\\/schema\\\/logo\\\/image\\\/\",\"url\":\"https:\\\/\\\/darkamazi.info\\\/darka-content\\\/uploads\\\/2017\\\/12\\\/darka-mazi-logo.png\",\"contentUrl\":\"https:\\\/\\\/darkamazi.info\\\/darka-content\\\/uploads\\\/2017\\\/12\\\/darka-mazi-logo.png\",\"width\":151,\"height\":75,\"caption\":\"Darka Maz\u00ee\"},\"image\":{\"@id\":\"https:\\\/\\\/darkamazi.info\\\/#\\\/schema\\\/logo\\\/image\\\/\"},\"sameAs\":[\"https:\\\/\\\/www.facebook.com\\\/DarMaziKurmanci\",\"https:\\\/\\\/x.com\\\/DarkaMaziLatini\",\"https:\\\/\\\/www.instagram.com\\\/darkamazi.kurmanci\\\/\",\"https:\\\/\\\/www.youtube.com\\\/channel\\\/UCa5HkTdmI8U1qCUFuTw8B2g\"]},{\"@type\":\"Person\",\"@id\":\"https:\\\/\\\/darkamazi.info\\\/#\\\/schema\\\/person\\\/5ad3e24553a0567993fa8ed4bd0a776c\",\"name\":\"darka mazi\",\"sameAs\":[\"https:\\\/\\\/darkamazi.info\\\/\"],\"url\":\"https:\\\/\\\/darkamazi.info\\\/archives\\\/author\\\/kurdi\"}]}<\/script>\n<!-- \/ Yoast SEO plugin. -->","seo_head_json":{"title":"Du civ\u00een\u00ean gir\u00eeng li ser p\u00eavajoya a\u015ftiy\u00ea t\u00ean kirin - Darka Maz\u00ee","robots":{"index":"index","follow":"follow","max-snippet":"max-snippet:-1","max-image-preview":"max-image-preview:large","max-video-preview":"max-video-preview:-1"},"canonical":"https:\/\/darkamazi.info\/archives\/1050421","og_locale":"en_US","og_type":"article","og_title":"Du civ\u00een\u00ean gir\u00eeng li ser p\u00eavajoya a\u015ftiy\u00ea t\u00ean kirin - Darka Maz\u00ee","og_description":"\u015eanda Dem Partiy\u00ea ji bo \u00cemraliy\u00ea d\u00ea bi Serokkomar\u00ea Tirkiyey\u00ea Recep Tayyip Erdogan re bicive. Herwesa Kom\u00eesyona P\u00eavajoya A\u015ftiy\u00ea j\u00ee d\u00ea m\u00eavandariya du wez\u00eeran bike. Li gor\u00ee zanyar\u00ean medyay\u00ean n\u00eaz\u00ee Partiya Wekhev\u00ee \u00fb Demokrasiya Gelan (Dem Part\u00ee), biryar e ku Serokkomar\u00ea Tirkiyey\u00ea Recep Tayyip Erdogan sibe (P\u00eanc\u015fem, 29\u00ea Cotmeha 2025\u00ea) bi Parlamenter\u00ean Dem Partiy\u00ea \u00fb [&hellip;]","og_url":"https:\/\/darkamazi.info\/archives\/1050421","og_site_name":"Darka Maz\u00ee","article_publisher":"https:\/\/www.facebook.com\/DarMaziKurmanci","article_published_time":"2025-10-29T14:12:33+00:00","og_image":[{"width":900,"height":497,"url":"https:\/\/darkamazi.info\/file\/2025\/10\/pkk-bakur-vekisin.jpg","type":"image\/jpeg"}],"author":"darka mazi","twitter_card":"summary_large_image","twitter_creator":"@DarkaMaziLatini","twitter_site":"@DarkaMaziLatini","twitter_misc":{"Written by":"darka mazi","Est. reading time":"2 minutes"},"schema":{"@context":"https:\/\/schema.org","@graph":[{"@type":"Article","@id":"https:\/\/darkamazi.info\/archives\/1050421#article","isPartOf":{"@id":"https:\/\/darkamazi.info\/archives\/1050421"},"author":{"name":"darka mazi","@id":"https:\/\/darkamazi.info\/#\/schema\/person\/5ad3e24553a0567993fa8ed4bd0a776c"},"headline":"Du civ\u00een\u00ean gir\u00eeng li ser p\u00eavajoya a\u015ftiy\u00ea t\u00ean kirin","datePublished":"2025-10-29T14:12:33+00:00","mainEntityOfPage":{"@id":"https:\/\/darkamazi.info\/archives\/1050421"},"wordCount":494,"publisher":{"@id":"https:\/\/darkamazi.info\/#organization"},"image":{"@id":"https:\/\/darkamazi.info\/archives\/1050421#primaryimage"},"thumbnailUrl":"https:\/\/darkamazi.info\/file\/2025\/10\/pkk-bakur-vekisin.jpg","keywords":["sereke"],"articleSection":["Kurdistan"],"inLanguage":"en-US"},{"@type":"WebPage","@id":"https:\/\/darkamazi.info\/archives\/1050421","url":"https:\/\/darkamazi.info\/archives\/1050421","name":"Du civ\u00een\u00ean gir\u00eeng li ser p\u00eavajoya a\u015ftiy\u00ea t\u00ean kirin - Darka Maz\u00ee","isPartOf":{"@id":"https:\/\/darkamazi.info\/#website"},"primaryImageOfPage":{"@id":"https:\/\/darkamazi.info\/archives\/1050421#primaryimage"},"image":{"@id":"https:\/\/darkamazi.info\/archives\/1050421#primaryimage"},"thumbnailUrl":"https:\/\/darkamazi.info\/file\/2025\/10\/pkk-bakur-vekisin.jpg","datePublished":"2025-10-29T14:12:33+00:00","breadcrumb":{"@id":"https:\/\/darkamazi.info\/archives\/1050421#breadcrumb"},"inLanguage":"en-US","potentialAction":[{"@type":"ReadAction","target":["https:\/\/darkamazi.info\/archives\/1050421"]}]},{"@type":"ImageObject","inLanguage":"en-US","@id":"https:\/\/darkamazi.info\/archives\/1050421#primaryimage","url":"https:\/\/darkamazi.info\/file\/2025\/10\/pkk-bakur-vekisin.jpg","contentUrl":"https:\/\/darkamazi.info\/file\/2025\/10\/pkk-bakur-vekisin.jpg","width":900,"height":497,"caption":"\u015eanda Dem Partiy\u00ea ji bo \u00cemraliy\u00ea d\u00ea bi Serokkomar\u00ea Tirkiyey\u00ea Recep Tayyip Erdogan re bicive. Herwesa Kom\u00eesyona P\u00eavajoya A\u015ftiy\u00ea j\u00ee d\u00ea m\u00eavandariya du wez\u00eeran bike."},{"@type":"BreadcrumbList","@id":"https:\/\/darkamazi.info\/archives\/1050421#breadcrumb","itemListElement":[{"@type":"ListItem","position":1,"name":"Home","item":"https:\/\/darkamazi.info\/"},{"@type":"ListItem","position":2,"name":"Du civ\u00een\u00ean gir\u00eeng li ser p\u00eavajoya a\u015ftiy\u00ea t\u00ean kirin"}]},{"@type":"WebSite","@id":"https:\/\/darkamazi.info\/#website","url":"https:\/\/darkamazi.info\/","name":"Darka Maz\u00ee","description":"P\u00eageha Zanyariy\u00ean Nebih\u00eest\u00ee","publisher":{"@id":"https:\/\/darkamazi.info\/#organization"},"potentialAction":[{"@type":"SearchAction","target":{"@type":"EntryPoint","urlTemplate":"https:\/\/darkamazi.info\/?s={search_term_string}"},"query-input":{"@type":"PropertyValueSpecification","valueRequired":true,"valueName":"search_term_string"}}],"inLanguage":"en-US"},{"@type":"Organization","@id":"https:\/\/darkamazi.info\/#organization","name":"Darka Maz\u00ee","url":"https:\/\/darkamazi.info\/","logo":{"@type":"ImageObject","inLanguage":"en-US","@id":"https:\/\/darkamazi.info\/#\/schema\/logo\/image\/","url":"https:\/\/darkamazi.info\/file\/2017\/12\/darka-mazi-logo.png","contentUrl":"https:\/\/darkamazi.info\/file\/2017\/12\/darka-mazi-logo.png","width":151,"height":75,"caption":"Darka Maz\u00ee"},"image":{"@id":"https:\/\/darkamazi.info\/#\/schema\/logo\/image\/"},"sameAs":["https:\/\/www.facebook.com\/DarMaziKurmanci","https:\/\/x.com\/DarkaMaziLatini","https:\/\/www.instagram.com\/darkamazi.kurmanci\/","https:\/\/www.youtube.com\/channel\/UCa5HkTdmI8U1qCUFuTw8B2g"]},{"@type":"Person","@id":"https:\/\/darkamazi.info\/#\/schema\/person\/5ad3e24553a0567993fa8ed4bd0a776c","name":"darka mazi","sameAs":["https:\/\/darkamazi.info\/"],"url":"https:\/\/darkamazi.info\/archives\/author\/kurdi"}]}},"_links":{"self":[{"href":"https:\/\/darkamazi.info\/funavuv\/wp\/v2\/posts\/1050421","targetHints":{"allow":["GET"]}}],"collection":[{"href":"https:\/\/darkamazi.info\/funavuv\/wp\/v2\/posts"}],"about":[{"href":"https:\/\/darkamazi.info\/funavuv\/wp\/v2\/types\/post"}],"author":[{"embeddable":true,"href":"https:\/\/darkamazi.info\/funavuv\/wp\/v2\/users\/2"}],"replies":[{"embeddable":true,"href":"https:\/\/darkamazi.info\/funavuv\/wp\/v2\/comments?post=1050421"}],"version-history":[{"count":0,"href":"https:\/\/darkamazi.info\/funavuv\/wp\/v2\/posts\/1050421\/revisions"}],"wp:featuredmedia":[{"embeddable":true,"href":"https:\/\/darkamazi.info\/funavuv\/wp\/v2\/media\/1050422"}],"wp:attachment":[{"href":"https:\/\/darkamazi.info\/funavuv\/wp\/v2\/media?parent=1050421"}],"wp:term":[{"taxonomy":"category","embeddable":true,"href":"https:\/\/darkamazi.info\/funavuv\/wp\/v2\/categories?post=1050421"},{"taxonomy":"post_tag","embeddable":true,"href":"https:\/\/darkamazi.info\/funavuv\/wp\/v2\/tags?post=1050421"}],"curies":[{"name":"wp","href":"https:\/\/api.w.org\/{rel}","templated":true}]}}