{"id":1050429,"date":"2025-10-30T11:49:27","date_gmt":"2025-10-30T08:49:27","guid":{"rendered":"https:\/\/darkamazi.info\/?p=1050429"},"modified":"2025-10-30T11:49:27","modified_gmt":"2025-10-30T08:49:27","slug":"ma-gerila-li-bakur-hene-ji-bo-ku-biryara-veksina-wan-were-dayin","status":"publish","type":"post","link":"https:\/\/darkamazi.info\/archives\/1050429","title":{"rendered":"Ma ger\u00eela li Bakur hene ji bo ku biryara vek\u015f\u00eena wan were day\u00een?"},"content":{"rendered":"<h3 style=\"text-align: justify\"><span style=\"font-family: 'arial black', sans-serif\">R\u00eaxistina PKK\u00ea 25 Cotmeh\u00ea ragihand, ew\u00ea tev h\u00eaz\u00ean xwe y\u00ean li Tirkiy\u00ea vek\u015f\u00eene Ba\u015f\u00fbr\u00ea Kurdistan\u00ea, ev y\u00eak di demek\u00ea de ye ku r\u00eaxistin\u00ea tu h\u00eaz\u00ean wisa li Bakur \u00fb Tirkiy\u00ea tune \u00fb ti\u015fta hey\u00ee ten\u00ea hinek yek\u00eeney\u00ean 3 kes\u00ee y\u00ean Ger\u00eela ne \u00fb ti \u00e7alak\u00eeyan encam ne didan.<\/span><\/h3>\n<h3 style=\"text-align: justify\"><span style=\"font-family: arial, helvetica, sans-serif\">Wez\u00eer\u00ea navxwe y\u00ea Tirkiy\u00ea y\u00ea ber\u00ea Suleyman Soylu li roja 9 adara 2021\u00ea ragihandb\u00fb ku hejmara \u00e7ekdar\u00ean PKK\u00ea li Tirkiy\u00ea 83% daket\u00eeye, ev j\u00ee bi w\u00ea watay\u00ea t\u00ea ku r\u00eaxistin\u00ea Ba\u015f\u00fbr\u00ea Kurdistan\u00ea kirib\u00fb qada \u015fer\u00ea xwe.<\/span><\/h3>\n<h3 style=\"text-align: justify\"><span style=\"font-family: arial, helvetica, sans-serif\">Suleyman soylu got: &#8220;R\u00eaxistina PKK\u00ea ten\u00ea d\u00fbr\u00ean 300 \u00e7ekdaran di Tirkiy\u00ea da hene&#8221; .<\/span><\/h3>\n<h3 style=\"text-align: justify\"><span style=\"font-family: arial, helvetica, sans-serif\">Ev amar ne ten\u00ea ji h\u00eala Tirkiy\u00ea ve hatib\u00fb parvekirin, l\u00ea bel\u00ea navenda <a href=\"https:\/\/acleddata.com\/2020\/05\/21\/cdt-spotlight-pkk-turkey\/\" target=\"_blank\"><span style=\"font-family: 'arial black', sans-serif;color: #0000ff\">ALCED<\/span><\/a> ya Amer\u00eek\u00ee ku saz\u00eeyeka nehik\u00fbm\u00ee ya taybete bi belav kirina datay\u00ean \u015fer \u00fb pev\u00e7\u00fbnan, li sala 2020\u00ea raporek belav kirb\u00fb \u00fb t\u00eada e\u015fkere kirb\u00fb ku \u015fer\u00ea di n\u00eavbera Tirkiy\u00ea \u00fb PKK\u00ea da 77%\u00ea li nava xaka Ba\u015f\u00fbr\u00ea Kurdistan\u00ea ye.<\/span><\/h3>\n<h3 style=\"text-align: justify\"><span style=\"font-family: arial, helvetica, sans-serif\">V\u00ea saz\u00eeya Amer\u00eek\u00ee e\u015fkere kirb\u00fb PKKe \u00e7i \u00e7alak\u00eeyeka wisa li bak\u00fbr\u00ea kurdistan\u00ea encam nade.<\/span><\/h3>\n<h3 style=\"text-align: justify\"><span style=\"font-family: 'arial black', sans-serif;color: #8a0808;font-size: 18pt\"><img loading=\"lazy\" decoding=\"async\" width=\"679\" height=\"960\" class=\"aligncenter darka-image-1050430 size-full\" src=\"https:\/\/darkamazi.info\/file\/2025\/10\/PKK-bakur.jpeg\" alt=\"PKK-bakur\" srcset=\"https:\/\/darkamazi.info\/file\/2025\/10\/PKK-bakur.jpeg 679w, https:\/\/darkamazi.info\/file\/2025\/10\/PKK-bakur-212x300.jpeg 212w\" sizes=\"auto, (max-width: 679px) 100vw, 679px\" \/><\/span><\/h3>\n<h3 style=\"text-align: justify\"><span style=\"font-family: 'arial black', sans-serif;color: #8a0808;font-size: 18pt\">Bi vek\u015f\u00eena w\u00ea hejmara k\u00eam ya Ger\u00eelayan \u00e7i \u00e7\u00eadibe?<\/span><\/h3>\n<h3 style=\"text-align: justify\"><span style=\"font-family: arial, helvetica, sans-serif\">PKK\u00ea ji sala 2012\u00ea ve bi awayek\u00ee s\u00eestimat\u00eek \u00fb bi hemaheng\u00eeya Tirkiy\u00ea Ba\u015f\u00fbr\u00ea Kurdistan\u00ea kirb\u00fb meydana \u015fer \u00fb pev\u00e7\u00fbn\u00ean xwe y\u00ean saxte \u00fb her ku di\u00e7\u00fb hin her\u00eam\u00ean n\u00fb dikirin her\u00eam\u00ean qedexe kir\u00ee, encam PKKe p\u00eatir n\u00eaz\u00ee gundan b\u00fb \u00fb Tirkiy\u00ea j\u00ee bi behaneya PKK\u00ea p\u00eatir baregeh \u00fb nuqtey\u00ean xwe qah\u00eem kirin.<\/span><\/h3>\n<h3 style=\"text-align: justify\"><span style=\"font-family: arial, helvetica, sans-serif\">Di p\u00eavajoya a\u015ftiy\u00ea de ya ku di 27 Sibata \u00eesal 2025\u00ea bi banga Ocalan ya li ser daxwaza Bah\u00e7eli destp\u00eakir\u00ee, encam\u00ean w\u00ea ten\u00ea di berjewend\u00eeya Tirkiy\u00ea de b\u00fbn, ji hilwe\u015fandina PKK\u00ea \u00fb \u00e7ekdan\u00een\u00ea \u00fb p\u00eangava daw\u00een j\u00ee ya vek\u015f\u00eena Ger\u00eelayan.<\/span><\/h3>\n<h3 style=\"text-align: justify\"><span style=\"font-family: 'arial black', sans-serif;font-size: 18pt;color: #8a0808\">Ocalan tirkiye bi teror hi\u015ft!<\/span><\/h3>\n<h3 style=\"text-align: justify\"><span style=\"font-family: arial, helvetica, sans-serif\">Bi v\u00ea vek\u015f\u00een\u00ea Ocalan tam bend\u00ean pirojeya a\u015ftiy\u00ea ya ku Tirkiye nav\u00ea &#8220;Tirkiyeya b\u00ea teror&#8221; l\u00ea dike bi c\u00eeh kirin, w\u00ee Tirkiye ji kom\u00ean Ger\u00eelayan vala kir, dibe ku Tirkiye \u00ead\u00ee di nava aramiyeka tam de bim\u00eene, p\u00ea\u015fketin\u00ean w\u00ea y\u00ean ge\u015ft \u00fb guzar \u00fb ab\u00fbr \u00fb \u00e7andiny\u00ea d\u00ea bileztir bi p\u00ea\u015f bikevin.<\/span><\/h3>\n<h3 style=\"text-align: justify\"><span style=\"font-family: arial, helvetica, sans-serif\">L\u00ea li Ba\u015f\u00fbr\u00ea Kurdistan\u00ea ku ev dehan sal in gel\u00ea w\u00ea \u00e7aver\u00eaya \u00e7\u00fbna PKK\u00ea dikir, v\u00ea vek\u015f\u00een\u00ea ev h\u00eaviy\u00ean wan d\u00fbrtir kirin \u00fb e\u015fkere b\u00fb ku PKKe pilan dike di gund \u00fb her\u00eam\u00ean wan de may\u00eende bim\u00eene.<\/span><\/h3>\n<h3 style=\"text-align: justify\"><span style=\"font-family: arial, helvetica, sans-serif\">Gelo heger ne ji berdewam\u00eeya xizmetkirina Tirkiy\u00ea be, ev h\u00eaz\u00ean \u00e7ekdar d\u00ea li Ba\u015f\u00fbr\u00ea Kurdistan\u00ea \u00e7i bikin?<\/span><\/h3>\n","protected":false},"excerpt":{"rendered":"<p>R\u00eaxistina PKK\u00ea 25 Cotmeh\u00ea ragihand, ew\u00ea tev h\u00eaz\u00ean xwe y\u00ean li Tirkiy\u00ea vek\u015f\u00eene Ba\u015f\u00fbr\u00ea Kurdistan\u00ea, ev y\u00eak di demek\u00ea de ye ku r\u00eaxistin\u00ea tu h\u00eaz\u00ean wisa li Bakur \u00fb Tirkiy\u00ea tune \u00fb ti\u015fta hey\u00ee ten\u00ea hinek yek\u00eeney\u00ean 3 kes\u00ee y\u00ean Ger\u00eela ne \u00fb ti \u00e7alak\u00eeyan encam ne didan. Wez\u00eer\u00ea navxwe y\u00ea Tirkiy\u00ea y\u00ea ber\u00ea Suleyman [&hellip;]<\/p>\n","protected":false},"author":2,"featured_media":1050431,"comment_status":"closed","ping_status":"closed","sticky":false,"template":"","format":"standard","meta":{"footnotes":""},"categories":[29],"tags":[37],"class_list":["post-1050429","post","type-post","status-publish","format-standard","has-post-thumbnail","hentry","category-kurdistan","tag-sereke"],"blocksy_meta":[],"seo_head":"<!-- This site is optimized with the Yoast SEO plugin v27.5 - https:\/\/yoast.com\/product\/yoast-seo-wordpress\/ -->\n<title>Ma ger\u00eela li Bakur hene ji bo ku biryara vek\u015f\u00eena wan were day\u00een? - Darka Maz\u00ee<\/title>\n<meta name=\"robots\" content=\"index, follow, max-snippet:-1, max-image-preview:large, max-video-preview:-1\" \/>\n<link rel=\"canonical\" href=\"https:\/\/darkamazi.info\/archives\/1050429\" \/>\n<meta property=\"og:locale\" content=\"en_US\" \/>\n<meta property=\"og:type\" content=\"article\" \/>\n<meta property=\"og:title\" content=\"Ma ger\u00eela li Bakur hene ji bo ku biryara vek\u015f\u00eena wan were day\u00een? - Darka Maz\u00ee\" \/>\n<meta property=\"og:description\" content=\"R\u00eaxistina PKK\u00ea 25 Cotmeh\u00ea ragihand, ew\u00ea tev h\u00eaz\u00ean xwe y\u00ean li Tirkiy\u00ea vek\u015f\u00eene Ba\u015f\u00fbr\u00ea Kurdistan\u00ea, ev y\u00eak di demek\u00ea de ye ku r\u00eaxistin\u00ea tu h\u00eaz\u00ean wisa li Bakur \u00fb Tirkiy\u00ea tune \u00fb ti\u015fta hey\u00ee ten\u00ea hinek yek\u00eeney\u00ean 3 kes\u00ee y\u00ean Ger\u00eela ne \u00fb ti \u00e7alak\u00eeyan encam ne didan. Wez\u00eer\u00ea navxwe y\u00ea Tirkiy\u00ea y\u00ea ber\u00ea Suleyman [&hellip;]\" \/>\n<meta property=\"og:url\" content=\"https:\/\/darkamazi.info\/archives\/1050429\" \/>\n<meta property=\"og:site_name\" content=\"Darka Maz\u00ee\" \/>\n<meta property=\"article:publisher\" content=\"https:\/\/www.facebook.com\/DarMaziKurmanci\" \/>\n<meta property=\"article:published_time\" content=\"2025-10-30T08:49:27+00:00\" \/>\n<meta property=\"og:image\" content=\"https:\/\/darkamazi.info\/file\/2025\/10\/Gerila-Turkey-pkk-ocalan-bahceli-Info.jpg\" \/>\n\t<meta property=\"og:image:width\" content=\"900\" \/>\n\t<meta property=\"og:image:height\" content=\"500\" \/>\n\t<meta property=\"og:image:type\" content=\"image\/jpeg\" \/>\n<meta name=\"author\" content=\"darka mazi\" \/>\n<meta name=\"twitter:card\" content=\"summary_large_image\" \/>\n<meta name=\"twitter:creator\" content=\"@DarkaMaziLatini\" \/>\n<meta name=\"twitter:site\" content=\"@DarkaMaziLatini\" \/>\n<meta name=\"twitter:label1\" content=\"Written by\" \/>\n\t<meta name=\"twitter:data1\" content=\"darka mazi\" \/>\n\t<meta name=\"twitter:label2\" content=\"Est. reading time\" \/>\n\t<meta name=\"twitter:data2\" content=\"3 minutes\" \/>\n<script type=\"application\/ld+json\" class=\"seo-schema-graph\">{\"@context\":\"https:\\\/\\\/schema.org\",\"@graph\":[{\"@type\":\"Article\",\"@id\":\"https:\\\/\\\/darkamazi.info\\\/archives\\\/1050429#article\",\"isPartOf\":{\"@id\":\"https:\\\/\\\/darkamazi.info\\\/archives\\\/1050429\"},\"author\":{\"name\":\"darka mazi\",\"@id\":\"https:\\\/\\\/darkamazi.info\\\/#\\\/schema\\\/person\\\/5ad3e24553a0567993fa8ed4bd0a776c\"},\"headline\":\"Ma ger\u00eela li Bakur hene ji bo ku biryara vek\u015f\u00eena wan were day\u00een?\",\"datePublished\":\"2025-10-30T08:49:27+00:00\",\"mainEntityOfPage\":{\"@id\":\"https:\\\/\\\/darkamazi.info\\\/archives\\\/1050429\"},\"wordCount\":462,\"publisher\":{\"@id\":\"https:\\\/\\\/darkamazi.info\\\/#organization\"},\"image\":{\"@id\":\"https:\\\/\\\/darkamazi.info\\\/archives\\\/1050429#primaryimage\"},\"thumbnailUrl\":\"https:\\\/\\\/darkamazi.info\\\/darka-content\\\/uploads\\\/2025\\\/10\\\/Gerila-Turkey-pkk-ocalan-bahceli-Info.jpg\",\"keywords\":[\"sereke\"],\"articleSection\":[\"Kurdistan\"],\"inLanguage\":\"en-US\"},{\"@type\":\"WebPage\",\"@id\":\"https:\\\/\\\/darkamazi.info\\\/archives\\\/1050429\",\"url\":\"https:\\\/\\\/darkamazi.info\\\/archives\\\/1050429\",\"name\":\"Ma ger\u00eela li Bakur hene ji bo ku biryara vek\u015f\u00eena wan were day\u00een? - Darka Maz\u00ee\",\"isPartOf\":{\"@id\":\"https:\\\/\\\/darkamazi.info\\\/#website\"},\"primaryImageOfPage\":{\"@id\":\"https:\\\/\\\/darkamazi.info\\\/archives\\\/1050429#primaryimage\"},\"image\":{\"@id\":\"https:\\\/\\\/darkamazi.info\\\/archives\\\/1050429#primaryimage\"},\"thumbnailUrl\":\"https:\\\/\\\/darkamazi.info\\\/darka-content\\\/uploads\\\/2025\\\/10\\\/Gerila-Turkey-pkk-ocalan-bahceli-Info.jpg\",\"datePublished\":\"2025-10-30T08:49:27+00:00\",\"breadcrumb\":{\"@id\":\"https:\\\/\\\/darkamazi.info\\\/archives\\\/1050429#breadcrumb\"},\"inLanguage\":\"en-US\",\"potentialAction\":[{\"@type\":\"ReadAction\",\"target\":[\"https:\\\/\\\/darkamazi.info\\\/archives\\\/1050429\"]}]},{\"@type\":\"ImageObject\",\"inLanguage\":\"en-US\",\"@id\":\"https:\\\/\\\/darkamazi.info\\\/archives\\\/1050429#primaryimage\",\"url\":\"https:\\\/\\\/darkamazi.info\\\/darka-content\\\/uploads\\\/2025\\\/10\\\/Gerila-Turkey-pkk-ocalan-bahceli-Info.jpg\",\"contentUrl\":\"https:\\\/\\\/darkamazi.info\\\/darka-content\\\/uploads\\\/2025\\\/10\\\/Gerila-Turkey-pkk-ocalan-bahceli-Info.jpg\",\"width\":900,\"height\":500},{\"@type\":\"BreadcrumbList\",\"@id\":\"https:\\\/\\\/darkamazi.info\\\/archives\\\/1050429#breadcrumb\",\"itemListElement\":[{\"@type\":\"ListItem\",\"position\":1,\"name\":\"Home\",\"item\":\"https:\\\/\\\/darkamazi.info\\\/\"},{\"@type\":\"ListItem\",\"position\":2,\"name\":\"Ma ger\u00eela li Bakur hene ji bo ku biryara vek\u015f\u00eena wan were day\u00een?\"}]},{\"@type\":\"WebSite\",\"@id\":\"https:\\\/\\\/darkamazi.info\\\/#website\",\"url\":\"https:\\\/\\\/darkamazi.info\\\/\",\"name\":\"Darka Maz\u00ee\",\"description\":\"P\u00eageha Zanyariy\u00ean Nebih\u00eest\u00ee\",\"publisher\":{\"@id\":\"https:\\\/\\\/darkamazi.info\\\/#organization\"},\"potentialAction\":[{\"@type\":\"SearchAction\",\"target\":{\"@type\":\"EntryPoint\",\"urlTemplate\":\"https:\\\/\\\/darkamazi.info\\\/?s={search_term_string}\"},\"query-input\":{\"@type\":\"PropertyValueSpecification\",\"valueRequired\":true,\"valueName\":\"search_term_string\"}}],\"inLanguage\":\"en-US\"},{\"@type\":\"Organization\",\"@id\":\"https:\\\/\\\/darkamazi.info\\\/#organization\",\"name\":\"Darka Maz\u00ee\",\"url\":\"https:\\\/\\\/darkamazi.info\\\/\",\"logo\":{\"@type\":\"ImageObject\",\"inLanguage\":\"en-US\",\"@id\":\"https:\\\/\\\/darkamazi.info\\\/#\\\/schema\\\/logo\\\/image\\\/\",\"url\":\"https:\\\/\\\/darkamazi.info\\\/darka-content\\\/uploads\\\/2017\\\/12\\\/darka-mazi-logo.png\",\"contentUrl\":\"https:\\\/\\\/darkamazi.info\\\/darka-content\\\/uploads\\\/2017\\\/12\\\/darka-mazi-logo.png\",\"width\":151,\"height\":75,\"caption\":\"Darka Maz\u00ee\"},\"image\":{\"@id\":\"https:\\\/\\\/darkamazi.info\\\/#\\\/schema\\\/logo\\\/image\\\/\"},\"sameAs\":[\"https:\\\/\\\/www.facebook.com\\\/DarMaziKurmanci\",\"https:\\\/\\\/x.com\\\/DarkaMaziLatini\",\"https:\\\/\\\/www.instagram.com\\\/darkamazi.kurmanci\\\/\",\"https:\\\/\\\/www.youtube.com\\\/channel\\\/UCa5HkTdmI8U1qCUFuTw8B2g\"]},{\"@type\":\"Person\",\"@id\":\"https:\\\/\\\/darkamazi.info\\\/#\\\/schema\\\/person\\\/5ad3e24553a0567993fa8ed4bd0a776c\",\"name\":\"darka mazi\",\"sameAs\":[\"https:\\\/\\\/darkamazi.info\\\/\"],\"url\":\"https:\\\/\\\/darkamazi.info\\\/archives\\\/author\\\/kurdi\"}]}<\/script>\n<!-- \/ Yoast SEO plugin. -->","seo_head_json":{"title":"Ma ger\u00eela li Bakur hene ji bo ku biryara vek\u015f\u00eena wan were day\u00een? - Darka Maz\u00ee","robots":{"index":"index","follow":"follow","max-snippet":"max-snippet:-1","max-image-preview":"max-image-preview:large","max-video-preview":"max-video-preview:-1"},"canonical":"https:\/\/darkamazi.info\/archives\/1050429","og_locale":"en_US","og_type":"article","og_title":"Ma ger\u00eela li Bakur hene ji bo ku biryara vek\u015f\u00eena wan were day\u00een? - Darka Maz\u00ee","og_description":"R\u00eaxistina PKK\u00ea 25 Cotmeh\u00ea ragihand, ew\u00ea tev h\u00eaz\u00ean xwe y\u00ean li Tirkiy\u00ea vek\u015f\u00eene Ba\u015f\u00fbr\u00ea Kurdistan\u00ea, ev y\u00eak di demek\u00ea de ye ku r\u00eaxistin\u00ea tu h\u00eaz\u00ean wisa li Bakur \u00fb Tirkiy\u00ea tune \u00fb ti\u015fta hey\u00ee ten\u00ea hinek yek\u00eeney\u00ean 3 kes\u00ee y\u00ean Ger\u00eela ne \u00fb ti \u00e7alak\u00eeyan encam ne didan. Wez\u00eer\u00ea navxwe y\u00ea Tirkiy\u00ea y\u00ea ber\u00ea Suleyman [&hellip;]","og_url":"https:\/\/darkamazi.info\/archives\/1050429","og_site_name":"Darka Maz\u00ee","article_publisher":"https:\/\/www.facebook.com\/DarMaziKurmanci","article_published_time":"2025-10-30T08:49:27+00:00","og_image":[{"width":900,"height":500,"url":"https:\/\/darkamazi.info\/file\/2025\/10\/Gerila-Turkey-pkk-ocalan-bahceli-Info.jpg","type":"image\/jpeg"}],"author":"darka mazi","twitter_card":"summary_large_image","twitter_creator":"@DarkaMaziLatini","twitter_site":"@DarkaMaziLatini","twitter_misc":{"Written by":"darka mazi","Est. reading time":"3 minutes"},"schema":{"@context":"https:\/\/schema.org","@graph":[{"@type":"Article","@id":"https:\/\/darkamazi.info\/archives\/1050429#article","isPartOf":{"@id":"https:\/\/darkamazi.info\/archives\/1050429"},"author":{"name":"darka mazi","@id":"https:\/\/darkamazi.info\/#\/schema\/person\/5ad3e24553a0567993fa8ed4bd0a776c"},"headline":"Ma ger\u00eela li Bakur hene ji bo ku biryara vek\u015f\u00eena wan were day\u00een?","datePublished":"2025-10-30T08:49:27+00:00","mainEntityOfPage":{"@id":"https:\/\/darkamazi.info\/archives\/1050429"},"wordCount":462,"publisher":{"@id":"https:\/\/darkamazi.info\/#organization"},"image":{"@id":"https:\/\/darkamazi.info\/archives\/1050429#primaryimage"},"thumbnailUrl":"https:\/\/darkamazi.info\/file\/2025\/10\/Gerila-Turkey-pkk-ocalan-bahceli-Info.jpg","keywords":["sereke"],"articleSection":["Kurdistan"],"inLanguage":"en-US"},{"@type":"WebPage","@id":"https:\/\/darkamazi.info\/archives\/1050429","url":"https:\/\/darkamazi.info\/archives\/1050429","name":"Ma ger\u00eela li Bakur hene ji bo ku biryara vek\u015f\u00eena wan were day\u00een? - Darka Maz\u00ee","isPartOf":{"@id":"https:\/\/darkamazi.info\/#website"},"primaryImageOfPage":{"@id":"https:\/\/darkamazi.info\/archives\/1050429#primaryimage"},"image":{"@id":"https:\/\/darkamazi.info\/archives\/1050429#primaryimage"},"thumbnailUrl":"https:\/\/darkamazi.info\/file\/2025\/10\/Gerila-Turkey-pkk-ocalan-bahceli-Info.jpg","datePublished":"2025-10-30T08:49:27+00:00","breadcrumb":{"@id":"https:\/\/darkamazi.info\/archives\/1050429#breadcrumb"},"inLanguage":"en-US","potentialAction":[{"@type":"ReadAction","target":["https:\/\/darkamazi.info\/archives\/1050429"]}]},{"@type":"ImageObject","inLanguage":"en-US","@id":"https:\/\/darkamazi.info\/archives\/1050429#primaryimage","url":"https:\/\/darkamazi.info\/file\/2025\/10\/Gerila-Turkey-pkk-ocalan-bahceli-Info.jpg","contentUrl":"https:\/\/darkamazi.info\/file\/2025\/10\/Gerila-Turkey-pkk-ocalan-bahceli-Info.jpg","width":900,"height":500},{"@type":"BreadcrumbList","@id":"https:\/\/darkamazi.info\/archives\/1050429#breadcrumb","itemListElement":[{"@type":"ListItem","position":1,"name":"Home","item":"https:\/\/darkamazi.info\/"},{"@type":"ListItem","position":2,"name":"Ma ger\u00eela li Bakur hene ji bo ku biryara vek\u015f\u00eena wan were day\u00een?"}]},{"@type":"WebSite","@id":"https:\/\/darkamazi.info\/#website","url":"https:\/\/darkamazi.info\/","name":"Darka Maz\u00ee","description":"P\u00eageha Zanyariy\u00ean Nebih\u00eest\u00ee","publisher":{"@id":"https:\/\/darkamazi.info\/#organization"},"potentialAction":[{"@type":"SearchAction","target":{"@type":"EntryPoint","urlTemplate":"https:\/\/darkamazi.info\/?s={search_term_string}"},"query-input":{"@type":"PropertyValueSpecification","valueRequired":true,"valueName":"search_term_string"}}],"inLanguage":"en-US"},{"@type":"Organization","@id":"https:\/\/darkamazi.info\/#organization","name":"Darka Maz\u00ee","url":"https:\/\/darkamazi.info\/","logo":{"@type":"ImageObject","inLanguage":"en-US","@id":"https:\/\/darkamazi.info\/#\/schema\/logo\/image\/","url":"https:\/\/darkamazi.info\/file\/2017\/12\/darka-mazi-logo.png","contentUrl":"https:\/\/darkamazi.info\/file\/2017\/12\/darka-mazi-logo.png","width":151,"height":75,"caption":"Darka Maz\u00ee"},"image":{"@id":"https:\/\/darkamazi.info\/#\/schema\/logo\/image\/"},"sameAs":["https:\/\/www.facebook.com\/DarMaziKurmanci","https:\/\/x.com\/DarkaMaziLatini","https:\/\/www.instagram.com\/darkamazi.kurmanci\/","https:\/\/www.youtube.com\/channel\/UCa5HkTdmI8U1qCUFuTw8B2g"]},{"@type":"Person","@id":"https:\/\/darkamazi.info\/#\/schema\/person\/5ad3e24553a0567993fa8ed4bd0a776c","name":"darka mazi","sameAs":["https:\/\/darkamazi.info\/"],"url":"https:\/\/darkamazi.info\/archives\/author\/kurdi"}]}},"_links":{"self":[{"href":"https:\/\/darkamazi.info\/funavuv\/wp\/v2\/posts\/1050429","targetHints":{"allow":["GET"]}}],"collection":[{"href":"https:\/\/darkamazi.info\/funavuv\/wp\/v2\/posts"}],"about":[{"href":"https:\/\/darkamazi.info\/funavuv\/wp\/v2\/types\/post"}],"author":[{"embeddable":true,"href":"https:\/\/darkamazi.info\/funavuv\/wp\/v2\/users\/2"}],"replies":[{"embeddable":true,"href":"https:\/\/darkamazi.info\/funavuv\/wp\/v2\/comments?post=1050429"}],"version-history":[{"count":0,"href":"https:\/\/darkamazi.info\/funavuv\/wp\/v2\/posts\/1050429\/revisions"}],"wp:featuredmedia":[{"embeddable":true,"href":"https:\/\/darkamazi.info\/funavuv\/wp\/v2\/media\/1050431"}],"wp:attachment":[{"href":"https:\/\/darkamazi.info\/funavuv\/wp\/v2\/media?parent=1050429"}],"wp:term":[{"taxonomy":"category","embeddable":true,"href":"https:\/\/darkamazi.info\/funavuv\/wp\/v2\/categories?post=1050429"},{"taxonomy":"post_tag","embeddable":true,"href":"https:\/\/darkamazi.info\/funavuv\/wp\/v2\/tags?post=1050429"}],"curies":[{"name":"wp","href":"https:\/\/api.w.org\/{rel}","templated":true}]}}