{"id":1050469,"date":"2025-11-01T13:27:38","date_gmt":"2025-11-01T10:27:38","guid":{"rendered":"https:\/\/darkamazi.info\/?p=1050469"},"modified":"2025-11-01T13:27:38","modified_gmt":"2025-11-01T10:27:38","slug":"sandeya-imraliye-we-serdana-ocalan-bike","status":"publish","type":"post","link":"https:\/\/darkamazi.info\/archives\/1050469","title":{"rendered":"\u015eandeya \u00cemraliy\u00ea w\u00ea serdana Ocalan bike"},"content":{"rendered":"<h3 style=\"text-align: justify\"><span style=\"font-family: 'arial black', sans-serif\">\u015eandeya \u00cemraliy\u00ea ya dem Partiy\u00ea, d\u00ea di 3&#8217;y\u00ea Mijdar\u00ea de bi r\u00eaber\u00ea PKK\u2019\u00ea Abdullah Ocalan re hevd\u00eetin\u00ea bike.<\/span><\/h3>\n<h3 style=\"text-align: justify\">Baroya \u00e7apemeniy\u00ea ya Dem Partiy\u00ea e\u015fkere kir, \u015fandeya \u00cemraliy\u00ea ya Partiya Wekhev\u00ee \u00fb Demokrasiy\u00ea ya gelan (Dem Part\u00ee) d\u00ea di 3&#8217;y\u00ea Mijdar\u00ea de bi Abdullah Ocalan re hevd\u00eetin\u00ea bike.<\/h3>\n<h3 style=\"text-align: justify\">Li gor daxuyaniya ku ji aliy\u00ea Baroya \u00e7apemeniy\u00ea ya dem partiy\u00ea hat day\u00een de, endam\u00ean \u015eandeya \u00cemraliy\u00ea y\u00ean dem partiy\u00ea Perv\u00een Buldan, Mithat Sancar \u00fb Fayik Ozgur Erol d\u00ea di 3&#8217;y\u00ea Mijdar\u00ea de ji bo ku hevd\u00eetin\u00ea bi r\u00eaber\u00ea PKK\u2019\u00ea re bikin, bi\u00e7in \u00cemraliy\u00ea.<\/h3>\n<h3 style=\"text-align: justify\">T\u00ea zan\u00een ku di roja 30&#8217;\u00ea Cotmeh\u00ea de \u015eandeya \u00cemraliy\u00ea ya dem Partiy\u00ea bi Serokkomar\u00ea Tirkiyey\u00ea Recep Tayyip Erdogan re hevd\u00eetinek encam dab\u00fb. Pi\u015ft\u00ee hevd\u00eetin\u00ea \u015eandey\u00ea got: &#8220;em bi k\u00eafxwe\u015f\u00ee dib\u00eajin ku me ji bo p\u00ea\u015fve\u00e7\u00fbna p\u00eavajoy\u00ea gav\u00ean p\u00eaw\u00eest ku div\u00ea b\u00ean av\u00eatin li hev kir \u00fb em gih\u00ee\u015ftin fikreke hevpar.&#8221;<\/h3>\n","protected":false},"excerpt":{"rendered":"<p>\u015eandeya \u00cemraliy\u00ea ya dem Partiy\u00ea, d\u00ea di 3&#8217;y\u00ea Mijdar\u00ea de bi r\u00eaber\u00ea PKK\u2019\u00ea Abdullah Ocalan re hevd\u00eetin\u00ea bike. Baroya \u00e7apemeniy\u00ea ya Dem Partiy\u00ea e\u015fkere kir, \u015fandeya \u00cemraliy\u00ea ya Partiya Wekhev\u00ee \u00fb Demokrasiy\u00ea ya gelan (Dem Part\u00ee) d\u00ea di 3&#8217;y\u00ea Mijdar\u00ea de bi Abdullah Ocalan re hevd\u00eetin\u00ea bike. Li gor daxuyaniya ku ji aliy\u00ea Baroya \u00e7apemeniy\u00ea [&hellip;]<\/p>\n","protected":false},"author":2,"featured_media":1050470,"comment_status":"closed","ping_status":"closed","sticky":false,"template":"","format":"standard","meta":{"footnotes":""},"categories":[29],"tags":[37],"class_list":["post-1050469","post","type-post","status-publish","format-standard","has-post-thumbnail","hentry","category-kurdistan","tag-sereke"],"blocksy_meta":[],"seo_head":"<!-- This site is optimized with the Yoast SEO plugin v27.5 - https:\/\/yoast.com\/product\/yoast-seo-wordpress\/ -->\n<title>\u015eandeya \u00cemraliy\u00ea w\u00ea serdana Ocalan bike - Darka Maz\u00ee<\/title>\n<meta name=\"robots\" content=\"index, follow, max-snippet:-1, max-image-preview:large, max-video-preview:-1\" \/>\n<link rel=\"canonical\" href=\"https:\/\/darkamazi.info\/archives\/1050469\" \/>\n<meta property=\"og:locale\" content=\"en_US\" \/>\n<meta property=\"og:type\" content=\"article\" \/>\n<meta property=\"og:title\" content=\"\u015eandeya \u00cemraliy\u00ea w\u00ea serdana Ocalan bike - Darka Maz\u00ee\" \/>\n<meta property=\"og:description\" content=\"\u015eandeya \u00cemraliy\u00ea ya dem Partiy\u00ea, d\u00ea di 3&#8217;y\u00ea Mijdar\u00ea de bi r\u00eaber\u00ea PKK\u2019\u00ea Abdullah Ocalan re hevd\u00eetin\u00ea bike. Baroya \u00e7apemeniy\u00ea ya Dem Partiy\u00ea e\u015fkere kir, \u015fandeya \u00cemraliy\u00ea ya Partiya Wekhev\u00ee \u00fb Demokrasiy\u00ea ya gelan (Dem Part\u00ee) d\u00ea di 3&#8217;y\u00ea Mijdar\u00ea de bi Abdullah Ocalan re hevd\u00eetin\u00ea bike. Li gor daxuyaniya ku ji aliy\u00ea Baroya \u00e7apemeniy\u00ea [&hellip;]\" \/>\n<meta property=\"og:url\" content=\"https:\/\/darkamazi.info\/archives\/1050469\" \/>\n<meta property=\"og:site_name\" content=\"Darka Maz\u00ee\" \/>\n<meta property=\"article:publisher\" content=\"https:\/\/www.facebook.com\/DarMaziKurmanci\" \/>\n<meta property=\"article:published_time\" content=\"2025-11-01T10:27:38+00:00\" \/>\n<meta property=\"og:image\" content=\"https:\/\/darkamazi.info\/file\/2025\/11\/dem-parti-imrali-768x424-1.jpg\" \/>\n\t<meta property=\"og:image:width\" content=\"768\" \/>\n\t<meta property=\"og:image:height\" content=\"424\" \/>\n\t<meta property=\"og:image:type\" content=\"image\/jpeg\" \/>\n<meta name=\"author\" content=\"darka mazi\" \/>\n<meta name=\"twitter:card\" content=\"summary_large_image\" \/>\n<meta name=\"twitter:creator\" content=\"@DarkaMaziLatini\" \/>\n<meta name=\"twitter:site\" content=\"@DarkaMaziLatini\" \/>\n<meta name=\"twitter:label1\" content=\"Written by\" \/>\n\t<meta name=\"twitter:data1\" content=\"darka mazi\" \/>\n\t<meta name=\"twitter:label2\" content=\"Est. reading time\" \/>\n\t<meta name=\"twitter:data2\" content=\"1 minute\" \/>\n<script type=\"application\/ld+json\" class=\"seo-schema-graph\">{\"@context\":\"https:\\\/\\\/schema.org\",\"@graph\":[{\"@type\":\"Article\",\"@id\":\"https:\\\/\\\/darkamazi.info\\\/archives\\\/1050469#article\",\"isPartOf\":{\"@id\":\"https:\\\/\\\/darkamazi.info\\\/archives\\\/1050469\"},\"author\":{\"name\":\"darka mazi\",\"@id\":\"https:\\\/\\\/darkamazi.info\\\/#\\\/schema\\\/person\\\/5ad3e24553a0567993fa8ed4bd0a776c\"},\"headline\":\"\u015eandeya \u00cemraliy\u00ea w\u00ea serdana Ocalan bike\",\"datePublished\":\"2025-11-01T10:27:38+00:00\",\"mainEntityOfPage\":{\"@id\":\"https:\\\/\\\/darkamazi.info\\\/archives\\\/1050469\"},\"wordCount\":170,\"publisher\":{\"@id\":\"https:\\\/\\\/darkamazi.info\\\/#organization\"},\"image\":{\"@id\":\"https:\\\/\\\/darkamazi.info\\\/archives\\\/1050469#primaryimage\"},\"thumbnailUrl\":\"https:\\\/\\\/darkamazi.info\\\/darka-content\\\/uploads\\\/2025\\\/11\\\/dem-parti-imrali-768x424-1.jpg\",\"keywords\":[\"sereke\"],\"articleSection\":[\"Kurdistan\"],\"inLanguage\":\"en-US\"},{\"@type\":\"WebPage\",\"@id\":\"https:\\\/\\\/darkamazi.info\\\/archives\\\/1050469\",\"url\":\"https:\\\/\\\/darkamazi.info\\\/archives\\\/1050469\",\"name\":\"\u015eandeya \u00cemraliy\u00ea w\u00ea serdana Ocalan bike - Darka Maz\u00ee\",\"isPartOf\":{\"@id\":\"https:\\\/\\\/darkamazi.info\\\/#website\"},\"primaryImageOfPage\":{\"@id\":\"https:\\\/\\\/darkamazi.info\\\/archives\\\/1050469#primaryimage\"},\"image\":{\"@id\":\"https:\\\/\\\/darkamazi.info\\\/archives\\\/1050469#primaryimage\"},\"thumbnailUrl\":\"https:\\\/\\\/darkamazi.info\\\/darka-content\\\/uploads\\\/2025\\\/11\\\/dem-parti-imrali-768x424-1.jpg\",\"datePublished\":\"2025-11-01T10:27:38+00:00\",\"breadcrumb\":{\"@id\":\"https:\\\/\\\/darkamazi.info\\\/archives\\\/1050469#breadcrumb\"},\"inLanguage\":\"en-US\",\"potentialAction\":[{\"@type\":\"ReadAction\",\"target\":[\"https:\\\/\\\/darkamazi.info\\\/archives\\\/1050469\"]}]},{\"@type\":\"ImageObject\",\"inLanguage\":\"en-US\",\"@id\":\"https:\\\/\\\/darkamazi.info\\\/archives\\\/1050469#primaryimage\",\"url\":\"https:\\\/\\\/darkamazi.info\\\/darka-content\\\/uploads\\\/2025\\\/11\\\/dem-parti-imrali-768x424-1.jpg\",\"contentUrl\":\"https:\\\/\\\/darkamazi.info\\\/darka-content\\\/uploads\\\/2025\\\/11\\\/dem-parti-imrali-768x424-1.jpg\",\"width\":768,\"height\":424,\"caption\":\"\u015eandeya \u00cemraliy\u00ea w\u00ea serdana Ocalan bike\"},{\"@type\":\"BreadcrumbList\",\"@id\":\"https:\\\/\\\/darkamazi.info\\\/archives\\\/1050469#breadcrumb\",\"itemListElement\":[{\"@type\":\"ListItem\",\"position\":1,\"name\":\"Home\",\"item\":\"https:\\\/\\\/darkamazi.info\\\/\"},{\"@type\":\"ListItem\",\"position\":2,\"name\":\"\u015eandeya \u00cemraliy\u00ea w\u00ea serdana Ocalan bike\"}]},{\"@type\":\"WebSite\",\"@id\":\"https:\\\/\\\/darkamazi.info\\\/#website\",\"url\":\"https:\\\/\\\/darkamazi.info\\\/\",\"name\":\"Darka Maz\u00ee\",\"description\":\"P\u00eageha Zanyariy\u00ean Nebih\u00eest\u00ee\",\"publisher\":{\"@id\":\"https:\\\/\\\/darkamazi.info\\\/#organization\"},\"potentialAction\":[{\"@type\":\"SearchAction\",\"target\":{\"@type\":\"EntryPoint\",\"urlTemplate\":\"https:\\\/\\\/darkamazi.info\\\/?s={search_term_string}\"},\"query-input\":{\"@type\":\"PropertyValueSpecification\",\"valueRequired\":true,\"valueName\":\"search_term_string\"}}],\"inLanguage\":\"en-US\"},{\"@type\":\"Organization\",\"@id\":\"https:\\\/\\\/darkamazi.info\\\/#organization\",\"name\":\"Darka Maz\u00ee\",\"url\":\"https:\\\/\\\/darkamazi.info\\\/\",\"logo\":{\"@type\":\"ImageObject\",\"inLanguage\":\"en-US\",\"@id\":\"https:\\\/\\\/darkamazi.info\\\/#\\\/schema\\\/logo\\\/image\\\/\",\"url\":\"https:\\\/\\\/darkamazi.info\\\/darka-content\\\/uploads\\\/2017\\\/12\\\/darka-mazi-logo.png\",\"contentUrl\":\"https:\\\/\\\/darkamazi.info\\\/darka-content\\\/uploads\\\/2017\\\/12\\\/darka-mazi-logo.png\",\"width\":151,\"height\":75,\"caption\":\"Darka Maz\u00ee\"},\"image\":{\"@id\":\"https:\\\/\\\/darkamazi.info\\\/#\\\/schema\\\/logo\\\/image\\\/\"},\"sameAs\":[\"https:\\\/\\\/www.facebook.com\\\/DarMaziKurmanci\",\"https:\\\/\\\/x.com\\\/DarkaMaziLatini\",\"https:\\\/\\\/www.instagram.com\\\/darkamazi.kurmanci\\\/\",\"https:\\\/\\\/www.youtube.com\\\/channel\\\/UCa5HkTdmI8U1qCUFuTw8B2g\"]},{\"@type\":\"Person\",\"@id\":\"https:\\\/\\\/darkamazi.info\\\/#\\\/schema\\\/person\\\/5ad3e24553a0567993fa8ed4bd0a776c\",\"name\":\"darka mazi\",\"sameAs\":[\"https:\\\/\\\/darkamazi.info\\\/\"],\"url\":\"https:\\\/\\\/darkamazi.info\\\/archives\\\/author\\\/kurdi\"}]}<\/script>\n<!-- \/ Yoast SEO plugin. -->","seo_head_json":{"title":"\u015eandeya \u00cemraliy\u00ea w\u00ea serdana Ocalan bike - Darka Maz\u00ee","robots":{"index":"index","follow":"follow","max-snippet":"max-snippet:-1","max-image-preview":"max-image-preview:large","max-video-preview":"max-video-preview:-1"},"canonical":"https:\/\/darkamazi.info\/archives\/1050469","og_locale":"en_US","og_type":"article","og_title":"\u015eandeya \u00cemraliy\u00ea w\u00ea serdana Ocalan bike - Darka Maz\u00ee","og_description":"\u015eandeya \u00cemraliy\u00ea ya dem Partiy\u00ea, d\u00ea di 3&#8217;y\u00ea Mijdar\u00ea de bi r\u00eaber\u00ea PKK\u2019\u00ea Abdullah Ocalan re hevd\u00eetin\u00ea bike. Baroya \u00e7apemeniy\u00ea ya Dem Partiy\u00ea e\u015fkere kir, \u015fandeya \u00cemraliy\u00ea ya Partiya Wekhev\u00ee \u00fb Demokrasiy\u00ea ya gelan (Dem Part\u00ee) d\u00ea di 3&#8217;y\u00ea Mijdar\u00ea de bi Abdullah Ocalan re hevd\u00eetin\u00ea bike. Li gor daxuyaniya ku ji aliy\u00ea Baroya \u00e7apemeniy\u00ea [&hellip;]","og_url":"https:\/\/darkamazi.info\/archives\/1050469","og_site_name":"Darka Maz\u00ee","article_publisher":"https:\/\/www.facebook.com\/DarMaziKurmanci","article_published_time":"2025-11-01T10:27:38+00:00","og_image":[{"width":768,"height":424,"url":"https:\/\/darkamazi.info\/file\/2025\/11\/dem-parti-imrali-768x424-1.jpg","type":"image\/jpeg"}],"author":"darka mazi","twitter_card":"summary_large_image","twitter_creator":"@DarkaMaziLatini","twitter_site":"@DarkaMaziLatini","twitter_misc":{"Written by":"darka mazi","Est. reading time":"1 minute"},"schema":{"@context":"https:\/\/schema.org","@graph":[{"@type":"Article","@id":"https:\/\/darkamazi.info\/archives\/1050469#article","isPartOf":{"@id":"https:\/\/darkamazi.info\/archives\/1050469"},"author":{"name":"darka mazi","@id":"https:\/\/darkamazi.info\/#\/schema\/person\/5ad3e24553a0567993fa8ed4bd0a776c"},"headline":"\u015eandeya \u00cemraliy\u00ea w\u00ea serdana Ocalan bike","datePublished":"2025-11-01T10:27:38+00:00","mainEntityOfPage":{"@id":"https:\/\/darkamazi.info\/archives\/1050469"},"wordCount":170,"publisher":{"@id":"https:\/\/darkamazi.info\/#organization"},"image":{"@id":"https:\/\/darkamazi.info\/archives\/1050469#primaryimage"},"thumbnailUrl":"https:\/\/darkamazi.info\/file\/2025\/11\/dem-parti-imrali-768x424-1.jpg","keywords":["sereke"],"articleSection":["Kurdistan"],"inLanguage":"en-US"},{"@type":"WebPage","@id":"https:\/\/darkamazi.info\/archives\/1050469","url":"https:\/\/darkamazi.info\/archives\/1050469","name":"\u015eandeya \u00cemraliy\u00ea w\u00ea serdana Ocalan bike - Darka Maz\u00ee","isPartOf":{"@id":"https:\/\/darkamazi.info\/#website"},"primaryImageOfPage":{"@id":"https:\/\/darkamazi.info\/archives\/1050469#primaryimage"},"image":{"@id":"https:\/\/darkamazi.info\/archives\/1050469#primaryimage"},"thumbnailUrl":"https:\/\/darkamazi.info\/file\/2025\/11\/dem-parti-imrali-768x424-1.jpg","datePublished":"2025-11-01T10:27:38+00:00","breadcrumb":{"@id":"https:\/\/darkamazi.info\/archives\/1050469#breadcrumb"},"inLanguage":"en-US","potentialAction":[{"@type":"ReadAction","target":["https:\/\/darkamazi.info\/archives\/1050469"]}]},{"@type":"ImageObject","inLanguage":"en-US","@id":"https:\/\/darkamazi.info\/archives\/1050469#primaryimage","url":"https:\/\/darkamazi.info\/file\/2025\/11\/dem-parti-imrali-768x424-1.jpg","contentUrl":"https:\/\/darkamazi.info\/file\/2025\/11\/dem-parti-imrali-768x424-1.jpg","width":768,"height":424,"caption":"\u015eandeya \u00cemraliy\u00ea w\u00ea serdana Ocalan bike"},{"@type":"BreadcrumbList","@id":"https:\/\/darkamazi.info\/archives\/1050469#breadcrumb","itemListElement":[{"@type":"ListItem","position":1,"name":"Home","item":"https:\/\/darkamazi.info\/"},{"@type":"ListItem","position":2,"name":"\u015eandeya \u00cemraliy\u00ea w\u00ea serdana Ocalan bike"}]},{"@type":"WebSite","@id":"https:\/\/darkamazi.info\/#website","url":"https:\/\/darkamazi.info\/","name":"Darka Maz\u00ee","description":"P\u00eageha Zanyariy\u00ean Nebih\u00eest\u00ee","publisher":{"@id":"https:\/\/darkamazi.info\/#organization"},"potentialAction":[{"@type":"SearchAction","target":{"@type":"EntryPoint","urlTemplate":"https:\/\/darkamazi.info\/?s={search_term_string}"},"query-input":{"@type":"PropertyValueSpecification","valueRequired":true,"valueName":"search_term_string"}}],"inLanguage":"en-US"},{"@type":"Organization","@id":"https:\/\/darkamazi.info\/#organization","name":"Darka Maz\u00ee","url":"https:\/\/darkamazi.info\/","logo":{"@type":"ImageObject","inLanguage":"en-US","@id":"https:\/\/darkamazi.info\/#\/schema\/logo\/image\/","url":"https:\/\/darkamazi.info\/file\/2017\/12\/darka-mazi-logo.png","contentUrl":"https:\/\/darkamazi.info\/file\/2017\/12\/darka-mazi-logo.png","width":151,"height":75,"caption":"Darka Maz\u00ee"},"image":{"@id":"https:\/\/darkamazi.info\/#\/schema\/logo\/image\/"},"sameAs":["https:\/\/www.facebook.com\/DarMaziKurmanci","https:\/\/x.com\/DarkaMaziLatini","https:\/\/www.instagram.com\/darkamazi.kurmanci\/","https:\/\/www.youtube.com\/channel\/UCa5HkTdmI8U1qCUFuTw8B2g"]},{"@type":"Person","@id":"https:\/\/darkamazi.info\/#\/schema\/person\/5ad3e24553a0567993fa8ed4bd0a776c","name":"darka mazi","sameAs":["https:\/\/darkamazi.info\/"],"url":"https:\/\/darkamazi.info\/archives\/author\/kurdi"}]}},"_links":{"self":[{"href":"https:\/\/darkamazi.info\/funavuv\/wp\/v2\/posts\/1050469","targetHints":{"allow":["GET"]}}],"collection":[{"href":"https:\/\/darkamazi.info\/funavuv\/wp\/v2\/posts"}],"about":[{"href":"https:\/\/darkamazi.info\/funavuv\/wp\/v2\/types\/post"}],"author":[{"embeddable":true,"href":"https:\/\/darkamazi.info\/funavuv\/wp\/v2\/users\/2"}],"replies":[{"embeddable":true,"href":"https:\/\/darkamazi.info\/funavuv\/wp\/v2\/comments?post=1050469"}],"version-history":[{"count":0,"href":"https:\/\/darkamazi.info\/funavuv\/wp\/v2\/posts\/1050469\/revisions"}],"wp:featuredmedia":[{"embeddable":true,"href":"https:\/\/darkamazi.info\/funavuv\/wp\/v2\/media\/1050470"}],"wp:attachment":[{"href":"https:\/\/darkamazi.info\/funavuv\/wp\/v2\/media?parent=1050469"}],"wp:term":[{"taxonomy":"category","embeddable":true,"href":"https:\/\/darkamazi.info\/funavuv\/wp\/v2\/categories?post=1050469"},{"taxonomy":"post_tag","embeddable":true,"href":"https:\/\/darkamazi.info\/funavuv\/wp\/v2\/tags?post=1050469"}],"curies":[{"name":"wp","href":"https:\/\/api.w.org\/{rel}","templated":true}]}}