{"id":1050473,"date":"2025-11-01T16:59:06","date_gmt":"2025-11-01T13:59:06","guid":{"rendered":"https:\/\/darkamazi.info\/?p=1050473"},"modified":"2025-11-01T16:59:06","modified_gmt":"2025-11-01T13:59:06","slug":"hsde-5-endamen-daise-li-gundeware-reqaye-girtin","status":"publish","type":"post","link":"https:\/\/darkamazi.info\/archives\/1050473","title":{"rendered":"HSD\u2019\u00ea 5 endam\u00ean DAI\u015e\u00ea li gundewar\u00ea Reqay\u00ea girtin"},"content":{"rendered":"<h3 style=\"text-align: justify\"><span style=\"font-family: 'arial black', sans-serif\">H\u00eaz\u00ean S\u00fbriya Demokrat (HSD) ragihand, di operasyoneke hevbe\u015f de bi Hevpeymaniya Navdewlet\u00ee re, li gundewar\u00ea Reqay\u00ea \u015faneyeke teror\u00eest a DAI\u015e\u00ea t\u00eak birine \u00fb 5 endam\u00ean w\u00ea girtine.<\/span><\/h3>\n<h3 style=\"text-align: justify\">Li gor daxuyaniya Navenda Ragihandin\u00ea ya HSD\u00ea, operasyon berbanga \u00eero 1\u00ea Mijdar\u00ea li bajarok\u00ea Til El Semin \u00ea bakur\u00ea Reqay\u00ea p\u00eak hat.<\/h3>\n<h3 style=\"text-align: justify\">Di axuyaniy\u00ea de hate destn\u00ee\u015fankirin, di encama operasyon\u00ea de 5 teror\u00eest\u00ean DAI\u015e\u00ea hatin girtin, ku di nav wan de 3 ser\u00e7ete hene. Van ser\u00e7eteyan di plankirin \u00fb p\u00eakan\u00eena \u00ear\u00ee\u015fan li dij\u00ee xal\u00ean le\u015fker\u00ee \u00fb saziy\u00ean R\u00eaveberiya Xweser de rol l\u00eestine.<\/h3>\n<h3 style=\"text-align: justify\">HSD\u00ea tekez kir, ev operasyona serkeft\u00ee encama &#8220;hemahengiya bilind&#8221; a di navbera yek\u00eeney\u00ean wan \u00fb Hevpeymaniya Navdewlet\u00ee de ye. Herwiha soza xwe dubare kir ku operasyon\u00ean wan \u00ean li dij\u00ee \u015faney\u00ean DAI\u015e\u00ea d\u00ea bidomin heta ku ewlehiya her\u00eam\u00ea bi temam\u00ee were misogerkirin.<\/h3>\n","protected":false},"excerpt":{"rendered":"<p>H\u00eaz\u00ean S\u00fbriya Demokrat (HSD) ragihand, di operasyoneke hevbe\u015f de bi Hevpeymaniya Navdewlet\u00ee re, li gundewar\u00ea Reqay\u00ea \u015faneyeke teror\u00eest a DAI\u015e\u00ea t\u00eak birine \u00fb 5 endam\u00ean w\u00ea girtine. Li gor daxuyaniya Navenda Ragihandin\u00ea ya HSD\u00ea, operasyon berbanga \u00eero 1\u00ea Mijdar\u00ea li bajarok\u00ea Til El Semin \u00ea bakur\u00ea Reqay\u00ea p\u00eak hat. Di axuyaniy\u00ea de hate destn\u00ee\u015fankirin, di [&hellip;]<\/p>\n","protected":false},"author":2,"featured_media":1050474,"comment_status":"closed","ping_status":"closed","sticky":false,"template":"","format":"standard","meta":{"footnotes":""},"categories":[29],"tags":[37],"class_list":["post-1050473","post","type-post","status-publish","format-standard","has-post-thumbnail","hentry","category-kurdistan","tag-sereke"],"blocksy_meta":[],"seo_head":"<!-- This site is optimized with the Yoast SEO plugin v27.5 - https:\/\/yoast.com\/product\/yoast-seo-wordpress\/ -->\n<title>HSD\u2019\u00ea 5 endam\u00ean DAI\u015e\u00ea li gundewar\u00ea Reqay\u00ea girtin - Darka Maz\u00ee<\/title>\n<meta name=\"robots\" content=\"index, follow, max-snippet:-1, max-image-preview:large, max-video-preview:-1\" \/>\n<link rel=\"canonical\" href=\"https:\/\/darkamazi.info\/archives\/1050473\" \/>\n<meta property=\"og:locale\" content=\"en_US\" \/>\n<meta property=\"og:type\" content=\"article\" \/>\n<meta property=\"og:title\" content=\"HSD\u2019\u00ea 5 endam\u00ean DAI\u015e\u00ea li gundewar\u00ea Reqay\u00ea girtin - Darka Maz\u00ee\" \/>\n<meta property=\"og:description\" content=\"H\u00eaz\u00ean S\u00fbriya Demokrat (HSD) ragihand, di operasyoneke hevbe\u015f de bi Hevpeymaniya Navdewlet\u00ee re, li gundewar\u00ea Reqay\u00ea \u015faneyeke teror\u00eest a DAI\u015e\u00ea t\u00eak birine \u00fb 5 endam\u00ean w\u00ea girtine. Li gor daxuyaniya Navenda Ragihandin\u00ea ya HSD\u00ea, operasyon berbanga \u00eero 1\u00ea Mijdar\u00ea li bajarok\u00ea Til El Semin \u00ea bakur\u00ea Reqay\u00ea p\u00eak hat. Di axuyaniy\u00ea de hate destn\u00ee\u015fankirin, di [&hellip;]\" \/>\n<meta property=\"og:url\" content=\"https:\/\/darkamazi.info\/archives\/1050473\" \/>\n<meta property=\"og:site_name\" content=\"Darka Maz\u00ee\" \/>\n<meta property=\"article:publisher\" content=\"https:\/\/www.facebook.com\/DarMaziKurmanci\" \/>\n<meta property=\"article:published_time\" content=\"2025-11-01T13:59:06+00:00\" \/>\n<meta property=\"og:image\" content=\"https:\/\/darkamazi.info\/file\/2025\/11\/hsd-rojava-iss.jpg\" \/>\n\t<meta property=\"og:image:width\" content=\"900\" \/>\n\t<meta property=\"og:image:height\" content=\"497\" \/>\n\t<meta property=\"og:image:type\" content=\"image\/jpeg\" \/>\n<meta name=\"author\" content=\"darka mazi\" \/>\n<meta name=\"twitter:card\" content=\"summary_large_image\" \/>\n<meta name=\"twitter:creator\" content=\"@DarkaMaziLatini\" \/>\n<meta name=\"twitter:site\" content=\"@DarkaMaziLatini\" \/>\n<meta name=\"twitter:label1\" content=\"Written by\" \/>\n\t<meta name=\"twitter:data1\" content=\"darka mazi\" \/>\n\t<meta name=\"twitter:label2\" content=\"Est. reading time\" \/>\n\t<meta name=\"twitter:data2\" content=\"1 minute\" \/>\n<script type=\"application\/ld+json\" class=\"seo-schema-graph\">{\"@context\":\"https:\\\/\\\/schema.org\",\"@graph\":[{\"@type\":\"Article\",\"@id\":\"https:\\\/\\\/darkamazi.info\\\/archives\\\/1050473#article\",\"isPartOf\":{\"@id\":\"https:\\\/\\\/darkamazi.info\\\/archives\\\/1050473\"},\"author\":{\"name\":\"darka mazi\",\"@id\":\"https:\\\/\\\/darkamazi.info\\\/#\\\/schema\\\/person\\\/5ad3e24553a0567993fa8ed4bd0a776c\"},\"headline\":\"HSD\u2019\u00ea 5 endam\u00ean DAI\u015e\u00ea li gundewar\u00ea Reqay\u00ea girtin\",\"datePublished\":\"2025-11-01T13:59:06+00:00\",\"mainEntityOfPage\":{\"@id\":\"https:\\\/\\\/darkamazi.info\\\/archives\\\/1050473\"},\"wordCount\":155,\"publisher\":{\"@id\":\"https:\\\/\\\/darkamazi.info\\\/#organization\"},\"image\":{\"@id\":\"https:\\\/\\\/darkamazi.info\\\/archives\\\/1050473#primaryimage\"},\"thumbnailUrl\":\"https:\\\/\\\/darkamazi.info\\\/darka-content\\\/uploads\\\/2025\\\/11\\\/hsd-rojava-iss.jpg\",\"keywords\":[\"sereke\"],\"articleSection\":[\"Kurdistan\"],\"inLanguage\":\"en-US\"},{\"@type\":\"WebPage\",\"@id\":\"https:\\\/\\\/darkamazi.info\\\/archives\\\/1050473\",\"url\":\"https:\\\/\\\/darkamazi.info\\\/archives\\\/1050473\",\"name\":\"HSD\u2019\u00ea 5 endam\u00ean DAI\u015e\u00ea li gundewar\u00ea Reqay\u00ea girtin - Darka Maz\u00ee\",\"isPartOf\":{\"@id\":\"https:\\\/\\\/darkamazi.info\\\/#website\"},\"primaryImageOfPage\":{\"@id\":\"https:\\\/\\\/darkamazi.info\\\/archives\\\/1050473#primaryimage\"},\"image\":{\"@id\":\"https:\\\/\\\/darkamazi.info\\\/archives\\\/1050473#primaryimage\"},\"thumbnailUrl\":\"https:\\\/\\\/darkamazi.info\\\/darka-content\\\/uploads\\\/2025\\\/11\\\/hsd-rojava-iss.jpg\",\"datePublished\":\"2025-11-01T13:59:06+00:00\",\"breadcrumb\":{\"@id\":\"https:\\\/\\\/darkamazi.info\\\/archives\\\/1050473#breadcrumb\"},\"inLanguage\":\"en-US\",\"potentialAction\":[{\"@type\":\"ReadAction\",\"target\":[\"https:\\\/\\\/darkamazi.info\\\/archives\\\/1050473\"]}]},{\"@type\":\"ImageObject\",\"inLanguage\":\"en-US\",\"@id\":\"https:\\\/\\\/darkamazi.info\\\/archives\\\/1050473#primaryimage\",\"url\":\"https:\\\/\\\/darkamazi.info\\\/darka-content\\\/uploads\\\/2025\\\/11\\\/hsd-rojava-iss.jpg\",\"contentUrl\":\"https:\\\/\\\/darkamazi.info\\\/darka-content\\\/uploads\\\/2025\\\/11\\\/hsd-rojava-iss.jpg\",\"width\":900,\"height\":497,\"caption\":\"HSD\u2019\u00ea 5 endam\u00ean DAI\u015e\u00ea li gundewar\u00ea Reqay\u00ea girtin\"},{\"@type\":\"BreadcrumbList\",\"@id\":\"https:\\\/\\\/darkamazi.info\\\/archives\\\/1050473#breadcrumb\",\"itemListElement\":[{\"@type\":\"ListItem\",\"position\":1,\"name\":\"Home\",\"item\":\"https:\\\/\\\/darkamazi.info\\\/\"},{\"@type\":\"ListItem\",\"position\":2,\"name\":\"HSD\u2019\u00ea 5 endam\u00ean DAI\u015e\u00ea li gundewar\u00ea Reqay\u00ea girtin\"}]},{\"@type\":\"WebSite\",\"@id\":\"https:\\\/\\\/darkamazi.info\\\/#website\",\"url\":\"https:\\\/\\\/darkamazi.info\\\/\",\"name\":\"Darka Maz\u00ee\",\"description\":\"P\u00eageha Zanyariy\u00ean Nebih\u00eest\u00ee\",\"publisher\":{\"@id\":\"https:\\\/\\\/darkamazi.info\\\/#organization\"},\"potentialAction\":[{\"@type\":\"SearchAction\",\"target\":{\"@type\":\"EntryPoint\",\"urlTemplate\":\"https:\\\/\\\/darkamazi.info\\\/?s={search_term_string}\"},\"query-input\":{\"@type\":\"PropertyValueSpecification\",\"valueRequired\":true,\"valueName\":\"search_term_string\"}}],\"inLanguage\":\"en-US\"},{\"@type\":\"Organization\",\"@id\":\"https:\\\/\\\/darkamazi.info\\\/#organization\",\"name\":\"Darka Maz\u00ee\",\"url\":\"https:\\\/\\\/darkamazi.info\\\/\",\"logo\":{\"@type\":\"ImageObject\",\"inLanguage\":\"en-US\",\"@id\":\"https:\\\/\\\/darkamazi.info\\\/#\\\/schema\\\/logo\\\/image\\\/\",\"url\":\"https:\\\/\\\/darkamazi.info\\\/darka-content\\\/uploads\\\/2017\\\/12\\\/darka-mazi-logo.png\",\"contentUrl\":\"https:\\\/\\\/darkamazi.info\\\/darka-content\\\/uploads\\\/2017\\\/12\\\/darka-mazi-logo.png\",\"width\":151,\"height\":75,\"caption\":\"Darka Maz\u00ee\"},\"image\":{\"@id\":\"https:\\\/\\\/darkamazi.info\\\/#\\\/schema\\\/logo\\\/image\\\/\"},\"sameAs\":[\"https:\\\/\\\/www.facebook.com\\\/DarMaziKurmanci\",\"https:\\\/\\\/x.com\\\/DarkaMaziLatini\",\"https:\\\/\\\/www.instagram.com\\\/darkamazi.kurmanci\\\/\",\"https:\\\/\\\/www.youtube.com\\\/channel\\\/UCa5HkTdmI8U1qCUFuTw8B2g\"]},{\"@type\":\"Person\",\"@id\":\"https:\\\/\\\/darkamazi.info\\\/#\\\/schema\\\/person\\\/5ad3e24553a0567993fa8ed4bd0a776c\",\"name\":\"darka mazi\",\"sameAs\":[\"https:\\\/\\\/darkamazi.info\\\/\"],\"url\":\"https:\\\/\\\/darkamazi.info\\\/archives\\\/author\\\/kurdi\"}]}<\/script>\n<!-- \/ Yoast SEO plugin. -->","seo_head_json":{"title":"HSD\u2019\u00ea 5 endam\u00ean DAI\u015e\u00ea li gundewar\u00ea Reqay\u00ea girtin - Darka Maz\u00ee","robots":{"index":"index","follow":"follow","max-snippet":"max-snippet:-1","max-image-preview":"max-image-preview:large","max-video-preview":"max-video-preview:-1"},"canonical":"https:\/\/darkamazi.info\/archives\/1050473","og_locale":"en_US","og_type":"article","og_title":"HSD\u2019\u00ea 5 endam\u00ean DAI\u015e\u00ea li gundewar\u00ea Reqay\u00ea girtin - Darka Maz\u00ee","og_description":"H\u00eaz\u00ean S\u00fbriya Demokrat (HSD) ragihand, di operasyoneke hevbe\u015f de bi Hevpeymaniya Navdewlet\u00ee re, li gundewar\u00ea Reqay\u00ea \u015faneyeke teror\u00eest a DAI\u015e\u00ea t\u00eak birine \u00fb 5 endam\u00ean w\u00ea girtine. Li gor daxuyaniya Navenda Ragihandin\u00ea ya HSD\u00ea, operasyon berbanga \u00eero 1\u00ea Mijdar\u00ea li bajarok\u00ea Til El Semin \u00ea bakur\u00ea Reqay\u00ea p\u00eak hat. Di axuyaniy\u00ea de hate destn\u00ee\u015fankirin, di [&hellip;]","og_url":"https:\/\/darkamazi.info\/archives\/1050473","og_site_name":"Darka Maz\u00ee","article_publisher":"https:\/\/www.facebook.com\/DarMaziKurmanci","article_published_time":"2025-11-01T13:59:06+00:00","og_image":[{"width":900,"height":497,"url":"https:\/\/darkamazi.info\/file\/2025\/11\/hsd-rojava-iss.jpg","type":"image\/jpeg"}],"author":"darka mazi","twitter_card":"summary_large_image","twitter_creator":"@DarkaMaziLatini","twitter_site":"@DarkaMaziLatini","twitter_misc":{"Written by":"darka mazi","Est. reading time":"1 minute"},"schema":{"@context":"https:\/\/schema.org","@graph":[{"@type":"Article","@id":"https:\/\/darkamazi.info\/archives\/1050473#article","isPartOf":{"@id":"https:\/\/darkamazi.info\/archives\/1050473"},"author":{"name":"darka mazi","@id":"https:\/\/darkamazi.info\/#\/schema\/person\/5ad3e24553a0567993fa8ed4bd0a776c"},"headline":"HSD\u2019\u00ea 5 endam\u00ean DAI\u015e\u00ea li gundewar\u00ea Reqay\u00ea girtin","datePublished":"2025-11-01T13:59:06+00:00","mainEntityOfPage":{"@id":"https:\/\/darkamazi.info\/archives\/1050473"},"wordCount":155,"publisher":{"@id":"https:\/\/darkamazi.info\/#organization"},"image":{"@id":"https:\/\/darkamazi.info\/archives\/1050473#primaryimage"},"thumbnailUrl":"https:\/\/darkamazi.info\/file\/2025\/11\/hsd-rojava-iss.jpg","keywords":["sereke"],"articleSection":["Kurdistan"],"inLanguage":"en-US"},{"@type":"WebPage","@id":"https:\/\/darkamazi.info\/archives\/1050473","url":"https:\/\/darkamazi.info\/archives\/1050473","name":"HSD\u2019\u00ea 5 endam\u00ean DAI\u015e\u00ea li gundewar\u00ea Reqay\u00ea girtin - Darka Maz\u00ee","isPartOf":{"@id":"https:\/\/darkamazi.info\/#website"},"primaryImageOfPage":{"@id":"https:\/\/darkamazi.info\/archives\/1050473#primaryimage"},"image":{"@id":"https:\/\/darkamazi.info\/archives\/1050473#primaryimage"},"thumbnailUrl":"https:\/\/darkamazi.info\/file\/2025\/11\/hsd-rojava-iss.jpg","datePublished":"2025-11-01T13:59:06+00:00","breadcrumb":{"@id":"https:\/\/darkamazi.info\/archives\/1050473#breadcrumb"},"inLanguage":"en-US","potentialAction":[{"@type":"ReadAction","target":["https:\/\/darkamazi.info\/archives\/1050473"]}]},{"@type":"ImageObject","inLanguage":"en-US","@id":"https:\/\/darkamazi.info\/archives\/1050473#primaryimage","url":"https:\/\/darkamazi.info\/file\/2025\/11\/hsd-rojava-iss.jpg","contentUrl":"https:\/\/darkamazi.info\/file\/2025\/11\/hsd-rojava-iss.jpg","width":900,"height":497,"caption":"HSD\u2019\u00ea 5 endam\u00ean DAI\u015e\u00ea li gundewar\u00ea Reqay\u00ea girtin"},{"@type":"BreadcrumbList","@id":"https:\/\/darkamazi.info\/archives\/1050473#breadcrumb","itemListElement":[{"@type":"ListItem","position":1,"name":"Home","item":"https:\/\/darkamazi.info\/"},{"@type":"ListItem","position":2,"name":"HSD\u2019\u00ea 5 endam\u00ean DAI\u015e\u00ea li gundewar\u00ea Reqay\u00ea girtin"}]},{"@type":"WebSite","@id":"https:\/\/darkamazi.info\/#website","url":"https:\/\/darkamazi.info\/","name":"Darka Maz\u00ee","description":"P\u00eageha Zanyariy\u00ean Nebih\u00eest\u00ee","publisher":{"@id":"https:\/\/darkamazi.info\/#organization"},"potentialAction":[{"@type":"SearchAction","target":{"@type":"EntryPoint","urlTemplate":"https:\/\/darkamazi.info\/?s={search_term_string}"},"query-input":{"@type":"PropertyValueSpecification","valueRequired":true,"valueName":"search_term_string"}}],"inLanguage":"en-US"},{"@type":"Organization","@id":"https:\/\/darkamazi.info\/#organization","name":"Darka Maz\u00ee","url":"https:\/\/darkamazi.info\/","logo":{"@type":"ImageObject","inLanguage":"en-US","@id":"https:\/\/darkamazi.info\/#\/schema\/logo\/image\/","url":"https:\/\/darkamazi.info\/file\/2017\/12\/darka-mazi-logo.png","contentUrl":"https:\/\/darkamazi.info\/file\/2017\/12\/darka-mazi-logo.png","width":151,"height":75,"caption":"Darka Maz\u00ee"},"image":{"@id":"https:\/\/darkamazi.info\/#\/schema\/logo\/image\/"},"sameAs":["https:\/\/www.facebook.com\/DarMaziKurmanci","https:\/\/x.com\/DarkaMaziLatini","https:\/\/www.instagram.com\/darkamazi.kurmanci\/","https:\/\/www.youtube.com\/channel\/UCa5HkTdmI8U1qCUFuTw8B2g"]},{"@type":"Person","@id":"https:\/\/darkamazi.info\/#\/schema\/person\/5ad3e24553a0567993fa8ed4bd0a776c","name":"darka mazi","sameAs":["https:\/\/darkamazi.info\/"],"url":"https:\/\/darkamazi.info\/archives\/author\/kurdi"}]}},"_links":{"self":[{"href":"https:\/\/darkamazi.info\/funavuv\/wp\/v2\/posts\/1050473","targetHints":{"allow":["GET"]}}],"collection":[{"href":"https:\/\/darkamazi.info\/funavuv\/wp\/v2\/posts"}],"about":[{"href":"https:\/\/darkamazi.info\/funavuv\/wp\/v2\/types\/post"}],"author":[{"embeddable":true,"href":"https:\/\/darkamazi.info\/funavuv\/wp\/v2\/users\/2"}],"replies":[{"embeddable":true,"href":"https:\/\/darkamazi.info\/funavuv\/wp\/v2\/comments?post=1050473"}],"version-history":[{"count":0,"href":"https:\/\/darkamazi.info\/funavuv\/wp\/v2\/posts\/1050473\/revisions"}],"wp:featuredmedia":[{"embeddable":true,"href":"https:\/\/darkamazi.info\/funavuv\/wp\/v2\/media\/1050474"}],"wp:attachment":[{"href":"https:\/\/darkamazi.info\/funavuv\/wp\/v2\/media?parent=1050473"}],"wp:term":[{"taxonomy":"category","embeddable":true,"href":"https:\/\/darkamazi.info\/funavuv\/wp\/v2\/categories?post=1050473"},{"taxonomy":"post_tag","embeddable":true,"href":"https:\/\/darkamazi.info\/funavuv\/wp\/v2\/tags?post=1050473"}],"curies":[{"name":"wp","href":"https:\/\/api.w.org\/{rel}","templated":true}]}}