{"id":1050484,"date":"2025-11-02T12:22:10","date_gmt":"2025-11-02T09:22:10","guid":{"rendered":"https:\/\/darkamazi.info\/?p=1050484"},"modified":"2025-11-02T12:22:10","modified_gmt":"2025-11-02T09:22:10","slug":"pisti-du-salan-sibe-balafira-yeke-ya-tirkiyeye-digihije-silemaniye","status":"publish","type":"post","link":"https:\/\/darkamazi.info\/archives\/1050484","title":{"rendered":"Pi\u015ft\u00ee du salan, sibe balafira yek\u00ea ya Tirkiyey\u00ea digih\u00eeje Sil\u00eamaniy\u00ea"},"content":{"rendered":"<h3 style=\"text-align: justify\"><span style=\"font-family: 'arial black', sans-serif\">Pi\u015ft\u00ee z\u00eadetir\u00ee du salan ji rawestandin\u00ea, biryar e ku sibe Du\u015fem\u00ea, 3\u00ea Mijdara 2025\u00ea, saet 1:00 \u00ea ser\u00ea sibeh\u00ea balafira yek\u00ea ji Stenbol\u00ea bigih\u00eeje Balafirxaneya Navnetewey\u00ee ya Sil\u00eamaniy\u00ea \u00fb saet 3:00 \u00ea ser\u00ea sibeh\u00ea d\u00eesa vegere Tirkiyey\u00ea.<\/span><\/h3>\n<h3 style=\"text-align: justify\">Li gor\u00ee zanyariyan, biryar e ku her heftiy\u00ea, di roj\u00ean \u015eem\u00ee, Du\u015fem, S\u00ea\u015fem \u00fb \u00cen\u00ea de, ge\u015ft\u00ean di navbera Balafirxaneya Sil\u00eamaniy\u00ea \u00fb Tirkiyey\u00ea de bi r\u00eaya xeta balafirvaniya Turkish Airlines\u00ea b\u00ean kirin.<\/h3>\n<h3 style=\"text-align: justify\">\u015e\u00eerketa Turkish Airlines\u00ea ya balafirvaniy\u00ea ragihand: &#8220;Ew balafir d\u00ea saet 22:30 \u00ea \u00ee\u015fev bi dema Stenbol\u00ea ber bi Sil\u00eamaniy\u00ea ve di\u00e7e \u00fb saet 1:10 \u00ea ser\u00ea sibeh\u00ea bi dema Kurdistan\u00ea d\u00ea bigih\u00eeje Sil\u00eamaniy\u00ea.&#8221;<\/h3>\n<h3 style=\"text-align: justify\">Rawestandina ge\u015ft\u00ean asman\u00ee y\u00ean Balafirxaneya Sil\u00eamaniy\u00ea ji bo Tirkiyey\u00ea bandor li ser ge\u015ft\u00ean welatiyan, bi taybet\u00ee j\u00ee y\u00ean bazirgan\u00ean bajar\u00ea Sil\u00eamaniy\u00ea, kirib\u00fb.<\/h3>\n<h3 style=\"text-align: justify\">Qedexeya ge\u015ft\u00ean asman\u00ee y\u00ean Tirkiyey\u00ea ji bo Balafirxaneya Navnetewey\u00ee ya Sil\u00eamaniy\u00ea li roja 3\u00ea N\u00eesana 2023\u00ea de bi biryareka ferm\u00ee ya Hik\u00fbmeta Tirkiyey\u00ea hatib\u00fb destp\u00eakirin.<\/h3>\n<h3 style=\"text-align: justify\">Serok\u00ea Her\u00eama Kurdistan\u00ea N\u00ea\u00e7\u00eervan Barzan\u00ee li roja P\u00eanc\u015fem\u00ea 9\u00ea Cotmeha 2025\u00ea, bi Serokomar\u00ea Tirkiyey\u00ea Recep Tayyip Erdogan re civiya \u00fb li ser cezay\u00ean li ser Balafirxaneya Sil\u00eamaniy\u00ea n\u00eeqa\u015f kirin. Erdogan di w\u00ea civ\u00een\u00ea de li ser daxwaza N\u00ea\u00e7\u00eervan Barzan\u00ee biryar da ku cezay\u00ean li ser Balafirxaneya Sil\u00eamaniy\u00ea rake.<\/h3>\n","protected":false},"excerpt":{"rendered":"<p>Pi\u015ft\u00ee z\u00eadetir\u00ee du salan ji rawestandin\u00ea, biryar e ku sibe Du\u015fem\u00ea, 3\u00ea Mijdara 2025\u00ea, saet 1:00 \u00ea ser\u00ea sibeh\u00ea balafira yek\u00ea ji Stenbol\u00ea bigih\u00eeje Balafirxaneya Navnetewey\u00ee ya Sil\u00eamaniy\u00ea \u00fb saet 3:00 \u00ea ser\u00ea sibeh\u00ea d\u00eesa vegere Tirkiyey\u00ea. Li gor\u00ee zanyariyan, biryar e ku her heftiy\u00ea, di roj\u00ean \u015eem\u00ee, Du\u015fem, S\u00ea\u015fem \u00fb \u00cen\u00ea de, ge\u015ft\u00ean di [&hellip;]<\/p>\n","protected":false},"author":2,"featured_media":1050485,"comment_status":"closed","ping_status":"closed","sticky":false,"template":"","format":"standard","meta":{"footnotes":""},"categories":[29],"tags":[37],"class_list":["post-1050484","post","type-post","status-publish","format-standard","has-post-thumbnail","hentry","category-kurdistan","tag-sereke"],"blocksy_meta":[],"seo_head":"<!-- This site is optimized with the Yoast SEO plugin v27.5 - https:\/\/yoast.com\/product\/yoast-seo-wordpress\/ -->\n<title>Pi\u015ft\u00ee du salan, sibe balafira yek\u00ea ya Tirkiyey\u00ea digih\u00eeje Sil\u00eamaniy\u00ea - Darka Maz\u00ee<\/title>\n<meta name=\"robots\" content=\"index, follow, max-snippet:-1, max-image-preview:large, max-video-preview:-1\" \/>\n<link rel=\"canonical\" href=\"https:\/\/darkamazi.info\/archives\/1050484\" \/>\n<meta property=\"og:locale\" content=\"en_US\" \/>\n<meta property=\"og:type\" content=\"article\" \/>\n<meta property=\"og:title\" content=\"Pi\u015ft\u00ee du salan, sibe balafira yek\u00ea ya Tirkiyey\u00ea digih\u00eeje Sil\u00eamaniy\u00ea - Darka Maz\u00ee\" \/>\n<meta property=\"og:description\" content=\"Pi\u015ft\u00ee z\u00eadetir\u00ee du salan ji rawestandin\u00ea, biryar e ku sibe Du\u015fem\u00ea, 3\u00ea Mijdara 2025\u00ea, saet 1:00 \u00ea ser\u00ea sibeh\u00ea balafira yek\u00ea ji Stenbol\u00ea bigih\u00eeje Balafirxaneya Navnetewey\u00ee ya Sil\u00eamaniy\u00ea \u00fb saet 3:00 \u00ea ser\u00ea sibeh\u00ea d\u00eesa vegere Tirkiyey\u00ea. Li gor\u00ee zanyariyan, biryar e ku her heftiy\u00ea, di roj\u00ean \u015eem\u00ee, Du\u015fem, S\u00ea\u015fem \u00fb \u00cen\u00ea de, ge\u015ft\u00ean di [&hellip;]\" \/>\n<meta property=\"og:url\" content=\"https:\/\/darkamazi.info\/archives\/1050484\" \/>\n<meta property=\"og:site_name\" content=\"Darka Maz\u00ee\" \/>\n<meta property=\"article:publisher\" content=\"https:\/\/www.facebook.com\/DarMaziKurmanci\" \/>\n<meta property=\"article:published_time\" content=\"2025-11-02T09:22:10+00:00\" \/>\n<meta property=\"og:image\" content=\"https:\/\/darkamazi.info\/file\/2025\/11\/balefirxaneya-sulemaniye.jpg\" \/>\n\t<meta property=\"og:image:width\" content=\"900\" \/>\n\t<meta property=\"og:image:height\" content=\"497\" \/>\n\t<meta property=\"og:image:type\" content=\"image\/jpeg\" \/>\n<meta name=\"author\" content=\"darka mazi\" \/>\n<meta name=\"twitter:card\" content=\"summary_large_image\" \/>\n<meta name=\"twitter:creator\" content=\"@DarkaMaziLatini\" \/>\n<meta name=\"twitter:site\" content=\"@DarkaMaziLatini\" \/>\n<meta name=\"twitter:label1\" content=\"Written by\" \/>\n\t<meta name=\"twitter:data1\" content=\"darka mazi\" \/>\n\t<meta name=\"twitter:label2\" content=\"Est. reading time\" \/>\n\t<meta name=\"twitter:data2\" content=\"2 minutes\" \/>\n<script type=\"application\/ld+json\" class=\"seo-schema-graph\">{\"@context\":\"https:\\\/\\\/schema.org\",\"@graph\":[{\"@type\":\"Article\",\"@id\":\"https:\\\/\\\/darkamazi.info\\\/archives\\\/1050484#article\",\"isPartOf\":{\"@id\":\"https:\\\/\\\/darkamazi.info\\\/archives\\\/1050484\"},\"author\":{\"name\":\"darka mazi\",\"@id\":\"https:\\\/\\\/darkamazi.info\\\/#\\\/schema\\\/person\\\/5ad3e24553a0567993fa8ed4bd0a776c\"},\"headline\":\"Pi\u015ft\u00ee du salan, sibe balafira yek\u00ea ya Tirkiyey\u00ea digih\u00eeje Sil\u00eamaniy\u00ea\",\"datePublished\":\"2025-11-02T09:22:10+00:00\",\"mainEntityOfPage\":{\"@id\":\"https:\\\/\\\/darkamazi.info\\\/archives\\\/1050484\"},\"wordCount\":236,\"publisher\":{\"@id\":\"https:\\\/\\\/darkamazi.info\\\/#organization\"},\"image\":{\"@id\":\"https:\\\/\\\/darkamazi.info\\\/archives\\\/1050484#primaryimage\"},\"thumbnailUrl\":\"https:\\\/\\\/darkamazi.info\\\/darka-content\\\/uploads\\\/2025\\\/11\\\/balefirxaneya-sulemaniye.jpg\",\"keywords\":[\"sereke\"],\"articleSection\":[\"Kurdistan\"],\"inLanguage\":\"en-US\"},{\"@type\":\"WebPage\",\"@id\":\"https:\\\/\\\/darkamazi.info\\\/archives\\\/1050484\",\"url\":\"https:\\\/\\\/darkamazi.info\\\/archives\\\/1050484\",\"name\":\"Pi\u015ft\u00ee du salan, sibe balafira yek\u00ea ya Tirkiyey\u00ea digih\u00eeje Sil\u00eamaniy\u00ea - Darka Maz\u00ee\",\"isPartOf\":{\"@id\":\"https:\\\/\\\/darkamazi.info\\\/#website\"},\"primaryImageOfPage\":{\"@id\":\"https:\\\/\\\/darkamazi.info\\\/archives\\\/1050484#primaryimage\"},\"image\":{\"@id\":\"https:\\\/\\\/darkamazi.info\\\/archives\\\/1050484#primaryimage\"},\"thumbnailUrl\":\"https:\\\/\\\/darkamazi.info\\\/darka-content\\\/uploads\\\/2025\\\/11\\\/balefirxaneya-sulemaniye.jpg\",\"datePublished\":\"2025-11-02T09:22:10+00:00\",\"breadcrumb\":{\"@id\":\"https:\\\/\\\/darkamazi.info\\\/archives\\\/1050484#breadcrumb\"},\"inLanguage\":\"en-US\",\"potentialAction\":[{\"@type\":\"ReadAction\",\"target\":[\"https:\\\/\\\/darkamazi.info\\\/archives\\\/1050484\"]}]},{\"@type\":\"ImageObject\",\"inLanguage\":\"en-US\",\"@id\":\"https:\\\/\\\/darkamazi.info\\\/archives\\\/1050484#primaryimage\",\"url\":\"https:\\\/\\\/darkamazi.info\\\/darka-content\\\/uploads\\\/2025\\\/11\\\/balefirxaneya-sulemaniye.jpg\",\"contentUrl\":\"https:\\\/\\\/darkamazi.info\\\/darka-content\\\/uploads\\\/2025\\\/11\\\/balefirxaneya-sulemaniye.jpg\",\"width\":900,\"height\":497,\"caption\":\"Pi\u015ft\u00ee du salan, sibe balafira yek\u00ea ya Tirkiyey\u00ea digih\u00eeje Sil\u00eamaniy\u00ea\"},{\"@type\":\"BreadcrumbList\",\"@id\":\"https:\\\/\\\/darkamazi.info\\\/archives\\\/1050484#breadcrumb\",\"itemListElement\":[{\"@type\":\"ListItem\",\"position\":1,\"name\":\"Home\",\"item\":\"https:\\\/\\\/darkamazi.info\\\/\"},{\"@type\":\"ListItem\",\"position\":2,\"name\":\"Pi\u015ft\u00ee du salan, sibe balafira yek\u00ea ya Tirkiyey\u00ea digih\u00eeje Sil\u00eamaniy\u00ea\"}]},{\"@type\":\"WebSite\",\"@id\":\"https:\\\/\\\/darkamazi.info\\\/#website\",\"url\":\"https:\\\/\\\/darkamazi.info\\\/\",\"name\":\"Darka Maz\u00ee\",\"description\":\"P\u00eageha Zanyariy\u00ean Nebih\u00eest\u00ee\",\"publisher\":{\"@id\":\"https:\\\/\\\/darkamazi.info\\\/#organization\"},\"potentialAction\":[{\"@type\":\"SearchAction\",\"target\":{\"@type\":\"EntryPoint\",\"urlTemplate\":\"https:\\\/\\\/darkamazi.info\\\/?s={search_term_string}\"},\"query-input\":{\"@type\":\"PropertyValueSpecification\",\"valueRequired\":true,\"valueName\":\"search_term_string\"}}],\"inLanguage\":\"en-US\"},{\"@type\":\"Organization\",\"@id\":\"https:\\\/\\\/darkamazi.info\\\/#organization\",\"name\":\"Darka Maz\u00ee\",\"url\":\"https:\\\/\\\/darkamazi.info\\\/\",\"logo\":{\"@type\":\"ImageObject\",\"inLanguage\":\"en-US\",\"@id\":\"https:\\\/\\\/darkamazi.info\\\/#\\\/schema\\\/logo\\\/image\\\/\",\"url\":\"https:\\\/\\\/darkamazi.info\\\/darka-content\\\/uploads\\\/2017\\\/12\\\/darka-mazi-logo.png\",\"contentUrl\":\"https:\\\/\\\/darkamazi.info\\\/darka-content\\\/uploads\\\/2017\\\/12\\\/darka-mazi-logo.png\",\"width\":151,\"height\":75,\"caption\":\"Darka Maz\u00ee\"},\"image\":{\"@id\":\"https:\\\/\\\/darkamazi.info\\\/#\\\/schema\\\/logo\\\/image\\\/\"},\"sameAs\":[\"https:\\\/\\\/www.facebook.com\\\/DarMaziKurmanci\",\"https:\\\/\\\/x.com\\\/DarkaMaziLatini\",\"https:\\\/\\\/www.instagram.com\\\/darkamazi.kurmanci\\\/\",\"https:\\\/\\\/www.youtube.com\\\/channel\\\/UCa5HkTdmI8U1qCUFuTw8B2g\"]},{\"@type\":\"Person\",\"@id\":\"https:\\\/\\\/darkamazi.info\\\/#\\\/schema\\\/person\\\/5ad3e24553a0567993fa8ed4bd0a776c\",\"name\":\"darka mazi\",\"sameAs\":[\"https:\\\/\\\/darkamazi.info\\\/\"],\"url\":\"https:\\\/\\\/darkamazi.info\\\/archives\\\/author\\\/kurdi\"}]}<\/script>\n<!-- \/ Yoast SEO plugin. -->","seo_head_json":{"title":"Pi\u015ft\u00ee du salan, sibe balafira yek\u00ea ya Tirkiyey\u00ea digih\u00eeje Sil\u00eamaniy\u00ea - Darka Maz\u00ee","robots":{"index":"index","follow":"follow","max-snippet":"max-snippet:-1","max-image-preview":"max-image-preview:large","max-video-preview":"max-video-preview:-1"},"canonical":"https:\/\/darkamazi.info\/archives\/1050484","og_locale":"en_US","og_type":"article","og_title":"Pi\u015ft\u00ee du salan, sibe balafira yek\u00ea ya Tirkiyey\u00ea digih\u00eeje Sil\u00eamaniy\u00ea - Darka Maz\u00ee","og_description":"Pi\u015ft\u00ee z\u00eadetir\u00ee du salan ji rawestandin\u00ea, biryar e ku sibe Du\u015fem\u00ea, 3\u00ea Mijdara 2025\u00ea, saet 1:00 \u00ea ser\u00ea sibeh\u00ea balafira yek\u00ea ji Stenbol\u00ea bigih\u00eeje Balafirxaneya Navnetewey\u00ee ya Sil\u00eamaniy\u00ea \u00fb saet 3:00 \u00ea ser\u00ea sibeh\u00ea d\u00eesa vegere Tirkiyey\u00ea. Li gor\u00ee zanyariyan, biryar e ku her heftiy\u00ea, di roj\u00ean \u015eem\u00ee, Du\u015fem, S\u00ea\u015fem \u00fb \u00cen\u00ea de, ge\u015ft\u00ean di [&hellip;]","og_url":"https:\/\/darkamazi.info\/archives\/1050484","og_site_name":"Darka Maz\u00ee","article_publisher":"https:\/\/www.facebook.com\/DarMaziKurmanci","article_published_time":"2025-11-02T09:22:10+00:00","og_image":[{"width":900,"height":497,"url":"https:\/\/darkamazi.info\/file\/2025\/11\/balefirxaneya-sulemaniye.jpg","type":"image\/jpeg"}],"author":"darka mazi","twitter_card":"summary_large_image","twitter_creator":"@DarkaMaziLatini","twitter_site":"@DarkaMaziLatini","twitter_misc":{"Written by":"darka mazi","Est. reading time":"2 minutes"},"schema":{"@context":"https:\/\/schema.org","@graph":[{"@type":"Article","@id":"https:\/\/darkamazi.info\/archives\/1050484#article","isPartOf":{"@id":"https:\/\/darkamazi.info\/archives\/1050484"},"author":{"name":"darka mazi","@id":"https:\/\/darkamazi.info\/#\/schema\/person\/5ad3e24553a0567993fa8ed4bd0a776c"},"headline":"Pi\u015ft\u00ee du salan, sibe balafira yek\u00ea ya Tirkiyey\u00ea digih\u00eeje Sil\u00eamaniy\u00ea","datePublished":"2025-11-02T09:22:10+00:00","mainEntityOfPage":{"@id":"https:\/\/darkamazi.info\/archives\/1050484"},"wordCount":236,"publisher":{"@id":"https:\/\/darkamazi.info\/#organization"},"image":{"@id":"https:\/\/darkamazi.info\/archives\/1050484#primaryimage"},"thumbnailUrl":"https:\/\/darkamazi.info\/file\/2025\/11\/balefirxaneya-sulemaniye.jpg","keywords":["sereke"],"articleSection":["Kurdistan"],"inLanguage":"en-US"},{"@type":"WebPage","@id":"https:\/\/darkamazi.info\/archives\/1050484","url":"https:\/\/darkamazi.info\/archives\/1050484","name":"Pi\u015ft\u00ee du salan, sibe balafira yek\u00ea ya Tirkiyey\u00ea digih\u00eeje Sil\u00eamaniy\u00ea - Darka Maz\u00ee","isPartOf":{"@id":"https:\/\/darkamazi.info\/#website"},"primaryImageOfPage":{"@id":"https:\/\/darkamazi.info\/archives\/1050484#primaryimage"},"image":{"@id":"https:\/\/darkamazi.info\/archives\/1050484#primaryimage"},"thumbnailUrl":"https:\/\/darkamazi.info\/file\/2025\/11\/balefirxaneya-sulemaniye.jpg","datePublished":"2025-11-02T09:22:10+00:00","breadcrumb":{"@id":"https:\/\/darkamazi.info\/archives\/1050484#breadcrumb"},"inLanguage":"en-US","potentialAction":[{"@type":"ReadAction","target":["https:\/\/darkamazi.info\/archives\/1050484"]}]},{"@type":"ImageObject","inLanguage":"en-US","@id":"https:\/\/darkamazi.info\/archives\/1050484#primaryimage","url":"https:\/\/darkamazi.info\/file\/2025\/11\/balefirxaneya-sulemaniye.jpg","contentUrl":"https:\/\/darkamazi.info\/file\/2025\/11\/balefirxaneya-sulemaniye.jpg","width":900,"height":497,"caption":"Pi\u015ft\u00ee du salan, sibe balafira yek\u00ea ya Tirkiyey\u00ea digih\u00eeje Sil\u00eamaniy\u00ea"},{"@type":"BreadcrumbList","@id":"https:\/\/darkamazi.info\/archives\/1050484#breadcrumb","itemListElement":[{"@type":"ListItem","position":1,"name":"Home","item":"https:\/\/darkamazi.info\/"},{"@type":"ListItem","position":2,"name":"Pi\u015ft\u00ee du salan, sibe balafira yek\u00ea ya Tirkiyey\u00ea digih\u00eeje Sil\u00eamaniy\u00ea"}]},{"@type":"WebSite","@id":"https:\/\/darkamazi.info\/#website","url":"https:\/\/darkamazi.info\/","name":"Darka Maz\u00ee","description":"P\u00eageha Zanyariy\u00ean Nebih\u00eest\u00ee","publisher":{"@id":"https:\/\/darkamazi.info\/#organization"},"potentialAction":[{"@type":"SearchAction","target":{"@type":"EntryPoint","urlTemplate":"https:\/\/darkamazi.info\/?s={search_term_string}"},"query-input":{"@type":"PropertyValueSpecification","valueRequired":true,"valueName":"search_term_string"}}],"inLanguage":"en-US"},{"@type":"Organization","@id":"https:\/\/darkamazi.info\/#organization","name":"Darka Maz\u00ee","url":"https:\/\/darkamazi.info\/","logo":{"@type":"ImageObject","inLanguage":"en-US","@id":"https:\/\/darkamazi.info\/#\/schema\/logo\/image\/","url":"https:\/\/darkamazi.info\/file\/2017\/12\/darka-mazi-logo.png","contentUrl":"https:\/\/darkamazi.info\/file\/2017\/12\/darka-mazi-logo.png","width":151,"height":75,"caption":"Darka Maz\u00ee"},"image":{"@id":"https:\/\/darkamazi.info\/#\/schema\/logo\/image\/"},"sameAs":["https:\/\/www.facebook.com\/DarMaziKurmanci","https:\/\/x.com\/DarkaMaziLatini","https:\/\/www.instagram.com\/darkamazi.kurmanci\/","https:\/\/www.youtube.com\/channel\/UCa5HkTdmI8U1qCUFuTw8B2g"]},{"@type":"Person","@id":"https:\/\/darkamazi.info\/#\/schema\/person\/5ad3e24553a0567993fa8ed4bd0a776c","name":"darka mazi","sameAs":["https:\/\/darkamazi.info\/"],"url":"https:\/\/darkamazi.info\/archives\/author\/kurdi"}]}},"_links":{"self":[{"href":"https:\/\/darkamazi.info\/funavuv\/wp\/v2\/posts\/1050484","targetHints":{"allow":["GET"]}}],"collection":[{"href":"https:\/\/darkamazi.info\/funavuv\/wp\/v2\/posts"}],"about":[{"href":"https:\/\/darkamazi.info\/funavuv\/wp\/v2\/types\/post"}],"author":[{"embeddable":true,"href":"https:\/\/darkamazi.info\/funavuv\/wp\/v2\/users\/2"}],"replies":[{"embeddable":true,"href":"https:\/\/darkamazi.info\/funavuv\/wp\/v2\/comments?post=1050484"}],"version-history":[{"count":0,"href":"https:\/\/darkamazi.info\/funavuv\/wp\/v2\/posts\/1050484\/revisions"}],"wp:featuredmedia":[{"embeddable":true,"href":"https:\/\/darkamazi.info\/funavuv\/wp\/v2\/media\/1050485"}],"wp:attachment":[{"href":"https:\/\/darkamazi.info\/funavuv\/wp\/v2\/media?parent=1050484"}],"wp:term":[{"taxonomy":"category","embeddable":true,"href":"https:\/\/darkamazi.info\/funavuv\/wp\/v2\/categories?post=1050484"},{"taxonomy":"post_tag","embeddable":true,"href":"https:\/\/darkamazi.info\/funavuv\/wp\/v2\/tags?post=1050484"}],"curies":[{"name":"wp","href":"https:\/\/api.w.org\/{rel}","templated":true}]}}