{"id":1050488,"date":"2025-11-02T13:22:59","date_gmt":"2025-11-02T10:22:59","guid":{"rendered":"https:\/\/darkamazi.info\/?p=1050488"},"modified":"2025-11-02T13:22:59","modified_gmt":"2025-11-02T10:22:59","slug":"erdogan-civina-bi-sanda-dem-partiye-re-ereni-nirxand","status":"publish","type":"post","link":"https:\/\/darkamazi.info\/archives\/1050488","title":{"rendered":"Erdogan civ\u00eena bi \u015fanda Dem Partiy\u00ea re er\u00ean\u00ee nirxand"},"content":{"rendered":"<h3 style=\"text-align: justify\"><span style=\"font-family: 'arial black', sans-serif\">Serokkomar\u00ea Tirkiyey\u00ea ragihand ku, civ\u00eena w\u00ee ya bi \u015fanda Dem Partiy\u00ea re er\u00ean\u00ee \u00fb berhemdar b\u00fbye \u00fb di van rojan de encam\u00ean w\u00ea d\u00ea diyar bibin.<\/span><\/h3>\n<h3 style=\"text-align: justify\">Serokkomar\u00ea Tirkiyey\u00ea Recep Tayyip Erdogan \u00eero (Yek\u015fem, 2\u00ea Mijdara 2025\u00ea) di gotarek\u00ea de li Stenbol\u00ea ragihand ku, civ\u00eena w\u00ee ya bi \u015fanda Partiya Wekhev\u00ee \u00fb Demokrasiya Gelan (Dem Part\u00ee) ya \u00cemraliy\u00ea re avaker \u00fb cih\u00ea h\u00eaviy\u00ea b\u00fb. Herwesa got ku, encam\u00ean w\u00ea civ\u00een\u00ea d\u00ea di roj\u00ean b\u00ea de b\u00ean d\u00eetin.<\/h3>\n<h3 style=\"text-align: justify\">Serokkomar\u00ea Tirkiyey\u00ea di derheqa p\u00eavajoya danana \u00e7ekan a Partiya Karker\u00ean Kurdistan\u00ea (PKK) de ragihand: \u201cDi v\u00ea qonax\u00ea de p\u00eangav\u00ean gir\u00eeng hatine av\u00eatin \u00fb Hevpeymaniya Komar\u00ea d\u00ea v\u00ea p\u00eavajoy\u00ea bi awayek\u00ea serkeft\u00ee bidaw\u00ee b\u00eene.\u201d<\/h3>\n<h3 style=\"text-align: justify\">Serokkomar\u00ea Tirkiyey\u00ea Recep Tayyip Erdogan li roja P\u00eanc\u015fem\u00ea (30\u00ea Cotmeha 2025\u00ea) di \u00e7ar\u00e7oveya bizav\u00ean doza Kurdan de ji bo cara s\u00eay\u00ea li \u00cemraliy\u00ea p\u00ea\u015fwaz\u00ee li \u015fanda Partiya Wekhev\u00ee \u00fb Demokrasiya Gelan (Dem Part\u00ee) kir.<\/h3>\n<h3 style=\"text-align: justify\">Ev civ\u00een li Ko\u00e7ka Serokatiy\u00ea li Enqerey\u00ea hat lidarxistin \u00fb t\u00ea de p\u00ea\u015fketin\u00ean dawiy\u00ea y\u00ean di p\u00eavajoya a\u015ftiy\u00ea \u00fb p\u00eangav\u00ean pa\u015feroj\u00ea de hatin n\u00eeqa\u015fkirin.<\/h3>\n<h3 style=\"text-align: justify\">Ev civ\u00een di demek\u00ea de ye ku, Partiya Karker\u00ean Kurdistan\u00ea (PKK) di p\u00eangaveka n\u00fb de vek\u00ea\u015fana h\u00eaz\u00ean xwe ji axa Tirkiyey\u00ea ragihand. Ev biryaran PKK\u00ea pi\u015ft\u00ee kongreya 12\u00ea ya PKK\u00ea t\u00ea, ku t\u00ea de biryara hilwe\u015fandina r\u00eakxistin\u00ee \u00fb bidaw\u00eean\u00eena xebata \u00e7ekdariy\u00ea hat dan.<\/h3>\n","protected":false},"excerpt":{"rendered":"<p>Serokkomar\u00ea Tirkiyey\u00ea ragihand ku, civ\u00eena w\u00ee ya bi \u015fanda Dem Partiy\u00ea re er\u00ean\u00ee \u00fb berhemdar b\u00fbye \u00fb di van rojan de encam\u00ean w\u00ea d\u00ea diyar bibin. Serokkomar\u00ea Tirkiyey\u00ea Recep Tayyip Erdogan \u00eero (Yek\u015fem, 2\u00ea Mijdara 2025\u00ea) di gotarek\u00ea de li Stenbol\u00ea ragihand ku, civ\u00eena w\u00ee ya bi \u015fanda Partiya Wekhev\u00ee \u00fb Demokrasiya Gelan (Dem Part\u00ee) [&hellip;]<\/p>\n","protected":false},"author":2,"featured_media":1050489,"comment_status":"closed","ping_status":"closed","sticky":false,"template":"","format":"standard","meta":{"footnotes":""},"categories":[29],"tags":[37],"class_list":["post-1050488","post","type-post","status-publish","format-standard","has-post-thumbnail","hentry","category-kurdistan","tag-sereke"],"blocksy_meta":[],"seo_head":"<!-- This site is optimized with the Yoast SEO plugin v27.5 - https:\/\/yoast.com\/product\/yoast-seo-wordpress\/ -->\n<title>Erdogan civ\u00eena bi \u015fanda Dem Partiy\u00ea re er\u00ean\u00ee nirxand - Darka Maz\u00ee<\/title>\n<meta name=\"robots\" content=\"index, follow, max-snippet:-1, max-image-preview:large, max-video-preview:-1\" \/>\n<link rel=\"canonical\" href=\"https:\/\/darkamazi.info\/archives\/1050488\" \/>\n<meta property=\"og:locale\" content=\"en_US\" \/>\n<meta property=\"og:type\" content=\"article\" \/>\n<meta property=\"og:title\" content=\"Erdogan civ\u00eena bi \u015fanda Dem Partiy\u00ea re er\u00ean\u00ee nirxand - Darka Maz\u00ee\" \/>\n<meta property=\"og:description\" content=\"Serokkomar\u00ea Tirkiyey\u00ea ragihand ku, civ\u00eena w\u00ee ya bi \u015fanda Dem Partiy\u00ea re er\u00ean\u00ee \u00fb berhemdar b\u00fbye \u00fb di van rojan de encam\u00ean w\u00ea d\u00ea diyar bibin. Serokkomar\u00ea Tirkiyey\u00ea Recep Tayyip Erdogan \u00eero (Yek\u015fem, 2\u00ea Mijdara 2025\u00ea) di gotarek\u00ea de li Stenbol\u00ea ragihand ku, civ\u00eena w\u00ee ya bi \u015fanda Partiya Wekhev\u00ee \u00fb Demokrasiya Gelan (Dem Part\u00ee) [&hellip;]\" \/>\n<meta property=\"og:url\" content=\"https:\/\/darkamazi.info\/archives\/1050488\" \/>\n<meta property=\"og:site_name\" content=\"Darka Maz\u00ee\" \/>\n<meta property=\"article:publisher\" content=\"https:\/\/www.facebook.com\/DarMaziKurmanci\" \/>\n<meta property=\"article:published_time\" content=\"2025-11-02T10:22:59+00:00\" \/>\n<meta property=\"og:image\" content=\"https:\/\/darkamazi.info\/file\/2025\/11\/erdogan-imrali-heyet.jpg\" \/>\n\t<meta property=\"og:image:width\" content=\"900\" \/>\n\t<meta property=\"og:image:height\" content=\"500\" \/>\n\t<meta property=\"og:image:type\" content=\"image\/jpeg\" \/>\n<meta name=\"author\" content=\"darka mazi\" \/>\n<meta name=\"twitter:card\" content=\"summary_large_image\" \/>\n<meta name=\"twitter:creator\" content=\"@DarkaMaziLatini\" \/>\n<meta name=\"twitter:site\" content=\"@DarkaMaziLatini\" \/>\n<meta name=\"twitter:label1\" content=\"Written by\" \/>\n\t<meta name=\"twitter:data1\" content=\"darka mazi\" \/>\n\t<meta name=\"twitter:label2\" content=\"Est. reading time\" \/>\n\t<meta name=\"twitter:data2\" content=\"2 minutes\" \/>\n<script type=\"application\/ld+json\" class=\"seo-schema-graph\">{\"@context\":\"https:\\\/\\\/schema.org\",\"@graph\":[{\"@type\":\"Article\",\"@id\":\"https:\\\/\\\/darkamazi.info\\\/archives\\\/1050488#article\",\"isPartOf\":{\"@id\":\"https:\\\/\\\/darkamazi.info\\\/archives\\\/1050488\"},\"author\":{\"name\":\"darka mazi\",\"@id\":\"https:\\\/\\\/darkamazi.info\\\/#\\\/schema\\\/person\\\/5ad3e24553a0567993fa8ed4bd0a776c\"},\"headline\":\"Erdogan civ\u00eena bi \u015fanda Dem Partiy\u00ea re er\u00ean\u00ee nirxand\",\"datePublished\":\"2025-11-02T10:22:59+00:00\",\"mainEntityOfPage\":{\"@id\":\"https:\\\/\\\/darkamazi.info\\\/archives\\\/1050488\"},\"wordCount\":256,\"publisher\":{\"@id\":\"https:\\\/\\\/darkamazi.info\\\/#organization\"},\"image\":{\"@id\":\"https:\\\/\\\/darkamazi.info\\\/archives\\\/1050488#primaryimage\"},\"thumbnailUrl\":\"https:\\\/\\\/darkamazi.info\\\/darka-content\\\/uploads\\\/2025\\\/11\\\/erdogan-imrali-heyet.jpg\",\"keywords\":[\"sereke\"],\"articleSection\":[\"Kurdistan\"],\"inLanguage\":\"en-US\"},{\"@type\":\"WebPage\",\"@id\":\"https:\\\/\\\/darkamazi.info\\\/archives\\\/1050488\",\"url\":\"https:\\\/\\\/darkamazi.info\\\/archives\\\/1050488\",\"name\":\"Erdogan civ\u00eena bi \u015fanda Dem Partiy\u00ea re er\u00ean\u00ee nirxand - Darka Maz\u00ee\",\"isPartOf\":{\"@id\":\"https:\\\/\\\/darkamazi.info\\\/#website\"},\"primaryImageOfPage\":{\"@id\":\"https:\\\/\\\/darkamazi.info\\\/archives\\\/1050488#primaryimage\"},\"image\":{\"@id\":\"https:\\\/\\\/darkamazi.info\\\/archives\\\/1050488#primaryimage\"},\"thumbnailUrl\":\"https:\\\/\\\/darkamazi.info\\\/darka-content\\\/uploads\\\/2025\\\/11\\\/erdogan-imrali-heyet.jpg\",\"datePublished\":\"2025-11-02T10:22:59+00:00\",\"breadcrumb\":{\"@id\":\"https:\\\/\\\/darkamazi.info\\\/archives\\\/1050488#breadcrumb\"},\"inLanguage\":\"en-US\",\"potentialAction\":[{\"@type\":\"ReadAction\",\"target\":[\"https:\\\/\\\/darkamazi.info\\\/archives\\\/1050488\"]}]},{\"@type\":\"ImageObject\",\"inLanguage\":\"en-US\",\"@id\":\"https:\\\/\\\/darkamazi.info\\\/archives\\\/1050488#primaryimage\",\"url\":\"https:\\\/\\\/darkamazi.info\\\/darka-content\\\/uploads\\\/2025\\\/11\\\/erdogan-imrali-heyet.jpg\",\"contentUrl\":\"https:\\\/\\\/darkamazi.info\\\/darka-content\\\/uploads\\\/2025\\\/11\\\/erdogan-imrali-heyet.jpg\",\"width\":900,\"height\":500,\"caption\":\"Erdogan civ\u00eena bi \u015fanda Dem Partiy\u00ea re er\u00ean\u00ee nirxand\"},{\"@type\":\"BreadcrumbList\",\"@id\":\"https:\\\/\\\/darkamazi.info\\\/archives\\\/1050488#breadcrumb\",\"itemListElement\":[{\"@type\":\"ListItem\",\"position\":1,\"name\":\"Home\",\"item\":\"https:\\\/\\\/darkamazi.info\\\/\"},{\"@type\":\"ListItem\",\"position\":2,\"name\":\"Erdogan civ\u00eena bi \u015fanda Dem Partiy\u00ea re er\u00ean\u00ee nirxand\"}]},{\"@type\":\"WebSite\",\"@id\":\"https:\\\/\\\/darkamazi.info\\\/#website\",\"url\":\"https:\\\/\\\/darkamazi.info\\\/\",\"name\":\"Darka Maz\u00ee\",\"description\":\"P\u00eageha Zanyariy\u00ean Nebih\u00eest\u00ee\",\"publisher\":{\"@id\":\"https:\\\/\\\/darkamazi.info\\\/#organization\"},\"potentialAction\":[{\"@type\":\"SearchAction\",\"target\":{\"@type\":\"EntryPoint\",\"urlTemplate\":\"https:\\\/\\\/darkamazi.info\\\/?s={search_term_string}\"},\"query-input\":{\"@type\":\"PropertyValueSpecification\",\"valueRequired\":true,\"valueName\":\"search_term_string\"}}],\"inLanguage\":\"en-US\"},{\"@type\":\"Organization\",\"@id\":\"https:\\\/\\\/darkamazi.info\\\/#organization\",\"name\":\"Darka Maz\u00ee\",\"url\":\"https:\\\/\\\/darkamazi.info\\\/\",\"logo\":{\"@type\":\"ImageObject\",\"inLanguage\":\"en-US\",\"@id\":\"https:\\\/\\\/darkamazi.info\\\/#\\\/schema\\\/logo\\\/image\\\/\",\"url\":\"https:\\\/\\\/darkamazi.info\\\/darka-content\\\/uploads\\\/2017\\\/12\\\/darka-mazi-logo.png\",\"contentUrl\":\"https:\\\/\\\/darkamazi.info\\\/darka-content\\\/uploads\\\/2017\\\/12\\\/darka-mazi-logo.png\",\"width\":151,\"height\":75,\"caption\":\"Darka Maz\u00ee\"},\"image\":{\"@id\":\"https:\\\/\\\/darkamazi.info\\\/#\\\/schema\\\/logo\\\/image\\\/\"},\"sameAs\":[\"https:\\\/\\\/www.facebook.com\\\/DarMaziKurmanci\",\"https:\\\/\\\/x.com\\\/DarkaMaziLatini\",\"https:\\\/\\\/www.instagram.com\\\/darkamazi.kurmanci\\\/\",\"https:\\\/\\\/www.youtube.com\\\/channel\\\/UCa5HkTdmI8U1qCUFuTw8B2g\"]},{\"@type\":\"Person\",\"@id\":\"https:\\\/\\\/darkamazi.info\\\/#\\\/schema\\\/person\\\/5ad3e24553a0567993fa8ed4bd0a776c\",\"name\":\"darka mazi\",\"sameAs\":[\"https:\\\/\\\/darkamazi.info\\\/\"],\"url\":\"https:\\\/\\\/darkamazi.info\\\/archives\\\/author\\\/kurdi\"}]}<\/script>\n<!-- \/ Yoast SEO plugin. -->","seo_head_json":{"title":"Erdogan civ\u00eena bi \u015fanda Dem Partiy\u00ea re er\u00ean\u00ee nirxand - Darka Maz\u00ee","robots":{"index":"index","follow":"follow","max-snippet":"max-snippet:-1","max-image-preview":"max-image-preview:large","max-video-preview":"max-video-preview:-1"},"canonical":"https:\/\/darkamazi.info\/archives\/1050488","og_locale":"en_US","og_type":"article","og_title":"Erdogan civ\u00eena bi \u015fanda Dem Partiy\u00ea re er\u00ean\u00ee nirxand - Darka Maz\u00ee","og_description":"Serokkomar\u00ea Tirkiyey\u00ea ragihand ku, civ\u00eena w\u00ee ya bi \u015fanda Dem Partiy\u00ea re er\u00ean\u00ee \u00fb berhemdar b\u00fbye \u00fb di van rojan de encam\u00ean w\u00ea d\u00ea diyar bibin. Serokkomar\u00ea Tirkiyey\u00ea Recep Tayyip Erdogan \u00eero (Yek\u015fem, 2\u00ea Mijdara 2025\u00ea) di gotarek\u00ea de li Stenbol\u00ea ragihand ku, civ\u00eena w\u00ee ya bi \u015fanda Partiya Wekhev\u00ee \u00fb Demokrasiya Gelan (Dem Part\u00ee) [&hellip;]","og_url":"https:\/\/darkamazi.info\/archives\/1050488","og_site_name":"Darka Maz\u00ee","article_publisher":"https:\/\/www.facebook.com\/DarMaziKurmanci","article_published_time":"2025-11-02T10:22:59+00:00","og_image":[{"width":900,"height":500,"url":"https:\/\/darkamazi.info\/file\/2025\/11\/erdogan-imrali-heyet.jpg","type":"image\/jpeg"}],"author":"darka mazi","twitter_card":"summary_large_image","twitter_creator":"@DarkaMaziLatini","twitter_site":"@DarkaMaziLatini","twitter_misc":{"Written by":"darka mazi","Est. reading time":"2 minutes"},"schema":{"@context":"https:\/\/schema.org","@graph":[{"@type":"Article","@id":"https:\/\/darkamazi.info\/archives\/1050488#article","isPartOf":{"@id":"https:\/\/darkamazi.info\/archives\/1050488"},"author":{"name":"darka mazi","@id":"https:\/\/darkamazi.info\/#\/schema\/person\/5ad3e24553a0567993fa8ed4bd0a776c"},"headline":"Erdogan civ\u00eena bi \u015fanda Dem Partiy\u00ea re er\u00ean\u00ee nirxand","datePublished":"2025-11-02T10:22:59+00:00","mainEntityOfPage":{"@id":"https:\/\/darkamazi.info\/archives\/1050488"},"wordCount":256,"publisher":{"@id":"https:\/\/darkamazi.info\/#organization"},"image":{"@id":"https:\/\/darkamazi.info\/archives\/1050488#primaryimage"},"thumbnailUrl":"https:\/\/darkamazi.info\/file\/2025\/11\/erdogan-imrali-heyet.jpg","keywords":["sereke"],"articleSection":["Kurdistan"],"inLanguage":"en-US"},{"@type":"WebPage","@id":"https:\/\/darkamazi.info\/archives\/1050488","url":"https:\/\/darkamazi.info\/archives\/1050488","name":"Erdogan civ\u00eena bi \u015fanda Dem Partiy\u00ea re er\u00ean\u00ee nirxand - Darka Maz\u00ee","isPartOf":{"@id":"https:\/\/darkamazi.info\/#website"},"primaryImageOfPage":{"@id":"https:\/\/darkamazi.info\/archives\/1050488#primaryimage"},"image":{"@id":"https:\/\/darkamazi.info\/archives\/1050488#primaryimage"},"thumbnailUrl":"https:\/\/darkamazi.info\/file\/2025\/11\/erdogan-imrali-heyet.jpg","datePublished":"2025-11-02T10:22:59+00:00","breadcrumb":{"@id":"https:\/\/darkamazi.info\/archives\/1050488#breadcrumb"},"inLanguage":"en-US","potentialAction":[{"@type":"ReadAction","target":["https:\/\/darkamazi.info\/archives\/1050488"]}]},{"@type":"ImageObject","inLanguage":"en-US","@id":"https:\/\/darkamazi.info\/archives\/1050488#primaryimage","url":"https:\/\/darkamazi.info\/file\/2025\/11\/erdogan-imrali-heyet.jpg","contentUrl":"https:\/\/darkamazi.info\/file\/2025\/11\/erdogan-imrali-heyet.jpg","width":900,"height":500,"caption":"Erdogan civ\u00eena bi \u015fanda Dem Partiy\u00ea re er\u00ean\u00ee nirxand"},{"@type":"BreadcrumbList","@id":"https:\/\/darkamazi.info\/archives\/1050488#breadcrumb","itemListElement":[{"@type":"ListItem","position":1,"name":"Home","item":"https:\/\/darkamazi.info\/"},{"@type":"ListItem","position":2,"name":"Erdogan civ\u00eena bi \u015fanda Dem Partiy\u00ea re er\u00ean\u00ee nirxand"}]},{"@type":"WebSite","@id":"https:\/\/darkamazi.info\/#website","url":"https:\/\/darkamazi.info\/","name":"Darka Maz\u00ee","description":"P\u00eageha Zanyariy\u00ean Nebih\u00eest\u00ee","publisher":{"@id":"https:\/\/darkamazi.info\/#organization"},"potentialAction":[{"@type":"SearchAction","target":{"@type":"EntryPoint","urlTemplate":"https:\/\/darkamazi.info\/?s={search_term_string}"},"query-input":{"@type":"PropertyValueSpecification","valueRequired":true,"valueName":"search_term_string"}}],"inLanguage":"en-US"},{"@type":"Organization","@id":"https:\/\/darkamazi.info\/#organization","name":"Darka Maz\u00ee","url":"https:\/\/darkamazi.info\/","logo":{"@type":"ImageObject","inLanguage":"en-US","@id":"https:\/\/darkamazi.info\/#\/schema\/logo\/image\/","url":"https:\/\/darkamazi.info\/file\/2017\/12\/darka-mazi-logo.png","contentUrl":"https:\/\/darkamazi.info\/file\/2017\/12\/darka-mazi-logo.png","width":151,"height":75,"caption":"Darka Maz\u00ee"},"image":{"@id":"https:\/\/darkamazi.info\/#\/schema\/logo\/image\/"},"sameAs":["https:\/\/www.facebook.com\/DarMaziKurmanci","https:\/\/x.com\/DarkaMaziLatini","https:\/\/www.instagram.com\/darkamazi.kurmanci\/","https:\/\/www.youtube.com\/channel\/UCa5HkTdmI8U1qCUFuTw8B2g"]},{"@type":"Person","@id":"https:\/\/darkamazi.info\/#\/schema\/person\/5ad3e24553a0567993fa8ed4bd0a776c","name":"darka mazi","sameAs":["https:\/\/darkamazi.info\/"],"url":"https:\/\/darkamazi.info\/archives\/author\/kurdi"}]}},"_links":{"self":[{"href":"https:\/\/darkamazi.info\/funavuv\/wp\/v2\/posts\/1050488","targetHints":{"allow":["GET"]}}],"collection":[{"href":"https:\/\/darkamazi.info\/funavuv\/wp\/v2\/posts"}],"about":[{"href":"https:\/\/darkamazi.info\/funavuv\/wp\/v2\/types\/post"}],"author":[{"embeddable":true,"href":"https:\/\/darkamazi.info\/funavuv\/wp\/v2\/users\/2"}],"replies":[{"embeddable":true,"href":"https:\/\/darkamazi.info\/funavuv\/wp\/v2\/comments?post=1050488"}],"version-history":[{"count":0,"href":"https:\/\/darkamazi.info\/funavuv\/wp\/v2\/posts\/1050488\/revisions"}],"wp:featuredmedia":[{"embeddable":true,"href":"https:\/\/darkamazi.info\/funavuv\/wp\/v2\/media\/1050489"}],"wp:attachment":[{"href":"https:\/\/darkamazi.info\/funavuv\/wp\/v2\/media?parent=1050488"}],"wp:term":[{"taxonomy":"category","embeddable":true,"href":"https:\/\/darkamazi.info\/funavuv\/wp\/v2\/categories?post=1050488"},{"taxonomy":"post_tag","embeddable":true,"href":"https:\/\/darkamazi.info\/funavuv\/wp\/v2\/tags?post=1050488"}],"curies":[{"name":"wp","href":"https:\/\/api.w.org\/{rel}","templated":true}]}}