{"id":1050506,"date":"2025-11-03T11:35:16","date_gmt":"2025-11-03T08:35:16","guid":{"rendered":"https:\/\/darkamazi.info\/?p=1050506"},"modified":"2025-11-03T11:35:16","modified_gmt":"2025-11-03T08:35:16","slug":"hikumeta-tirkiyeye-vekesana-cekdaren-pkke-niqas-dike","status":"publish","type":"post","link":"https:\/\/darkamazi.info\/archives\/1050506","title":{"rendered":"Hik\u00fbmeta Tirkiyey\u00ea vek\u00ea\u015fana \u00e7ekdar\u00ean PKK\u00ea n\u00eeqa\u015f dike"},"content":{"rendered":"<h3 style=\"text-align: justify\"><span style=\"font-family: 'arial black', sans-serif\">Hik\u00fbmeta Tirkiyey\u00ea bi serokatiya Erdogan dicive \u00fb vek\u00ea\u015fana \u00e7ekdar\u00ean PKK\u00ea n\u00eeqa\u015f dike. \u015eandeka Dem Partiy\u00ea j\u00ee bi Ocalan re dicive.<\/span><\/h3>\n<h3 style=\"text-align: justify\">Biryar e ku Hik\u00fbmeta Tirkiyey\u00ea \u00eero roja Du\u015fem, 3\u00ea Mijdara 2025\u00ea, bi serokatiya Serokkomar\u00ea Tirkiyey\u00ea Recep Tayyip Erdogan li Ko\u00e7a Ba\u015ftepey\u00ea bicive.<\/h3>\n<h3 style=\"text-align: justify\">Ajansa TRT\u00ea ya N\u00fb\u00e7eyan amaje daye ku, di w\u00ea civ\u00een\u00ea de rew\u015fa niha ya Tirkiyey\u00ea \u00fb p\u00eangav\u00ean ku di p\u00eavajoya a\u015ftiy\u00ea de hatine av\u00eatin, bi taybet\u00ee j\u00ee vek\u00ea\u015fana \u00e7ekdar\u00ean Partiya Karker\u00ean Kurdistan\u00ea (PKK) ji Bakur\u00ea Kurdistan\u00ea, t\u00ean n\u00eeqa\u015fkirin.<\/h3>\n<h3 style=\"text-align: justify\">Her li gor\u00ee w\u00ea \u00e7avkaniy\u00ea, mijareka din a w\u00ea civ\u00een\u00ea bi rew\u015fa navxwey\u00ee ya S\u00fbriyey\u00ea \u00fb H\u00eaz\u00ean S\u00fbriyeya Demokrat\u00eek (HSD) ve gir\u00eaday\u00ee ye.<\/h3>\n<h3 style=\"text-align: justify\">Li gor\u00ee zanyar\u00ean TRT\u00ea, di w\u00ea civ\u00een\u00ea de mijareka abor\u00ee t\u00ea n\u00eeqa\u015fkirin, ew j\u00ee gir\u00eaday\u00ee r\u00eakar\u00ean berhingarb\u00fbna enflasyon\u00ea \u00fb afirandina derfet\u00ean z\u00eadetir ji bo veberh\u00ean\u00ea \u00fb s\u00eestem\u00ean damezrandin\u00ea ye. Herwesa biryar e ku behsa p\u00ea\u015fketin\u00ean dawiy\u00ea y\u00ean p\u00eavajoya kir\u00eena balafira Eurofighter j\u00ee b\u00ea kirin.<\/h3>\n<h3 style=\"text-align: justify\">Li ser asta dever\u00ea j\u00ee, Hik\u00fbmeta Tirkiyey\u00ea di civ\u00eena xwe de behsa agirbesta Xezzey\u00ea dike. Ji bil\u00ee \u00ear\u00ee\u015f\u00ean berdewam \u00ean \u00cesra\u00eel\u00ea li ser kert\u00ea Xezzey\u00ea, Hik\u00fbmeta Tirkiyey\u00ea tekez\u00ea li ser a\u015ftiyeka herdem\u00ee j\u00ee dike.<\/h3>\n","protected":false},"excerpt":{"rendered":"<p>Hik\u00fbmeta Tirkiyey\u00ea bi serokatiya Erdogan dicive \u00fb vek\u00ea\u015fana \u00e7ekdar\u00ean PKK\u00ea n\u00eeqa\u015f dike. \u015eandeka Dem Partiy\u00ea j\u00ee bi Ocalan re dicive. Biryar e ku Hik\u00fbmeta Tirkiyey\u00ea \u00eero roja Du\u015fem, 3\u00ea Mijdara 2025\u00ea, bi serokatiya Serokkomar\u00ea Tirkiyey\u00ea Recep Tayyip Erdogan li Ko\u00e7a Ba\u015ftepey\u00ea bicive. Ajansa TRT\u00ea ya N\u00fb\u00e7eyan amaje daye ku, di w\u00ea civ\u00een\u00ea de rew\u015fa niha [&hellip;]<\/p>\n","protected":false},"author":2,"featured_media":1050422,"comment_status":"closed","ping_status":"closed","sticky":false,"template":"","format":"standard","meta":{"footnotes":""},"categories":[29],"tags":[37],"class_list":["post-1050506","post","type-post","status-publish","format-standard","has-post-thumbnail","hentry","category-kurdistan","tag-sereke"],"blocksy_meta":[],"seo_head":"<!-- This site is optimized with the Yoast SEO plugin v27.5 - https:\/\/yoast.com\/product\/yoast-seo-wordpress\/ -->\n<title>Hik\u00fbmeta Tirkiyey\u00ea vek\u00ea\u015fana \u00e7ekdar\u00ean PKK\u00ea n\u00eeqa\u015f dike - Darka Maz\u00ee<\/title>\n<meta name=\"robots\" content=\"index, follow, max-snippet:-1, max-image-preview:large, max-video-preview:-1\" \/>\n<link rel=\"canonical\" href=\"https:\/\/darkamazi.info\/archives\/1050506\" \/>\n<meta property=\"og:locale\" content=\"en_US\" \/>\n<meta property=\"og:type\" content=\"article\" \/>\n<meta property=\"og:title\" content=\"Hik\u00fbmeta Tirkiyey\u00ea vek\u00ea\u015fana \u00e7ekdar\u00ean PKK\u00ea n\u00eeqa\u015f dike - Darka Maz\u00ee\" \/>\n<meta property=\"og:description\" content=\"Hik\u00fbmeta Tirkiyey\u00ea bi serokatiya Erdogan dicive \u00fb vek\u00ea\u015fana \u00e7ekdar\u00ean PKK\u00ea n\u00eeqa\u015f dike. \u015eandeka Dem Partiy\u00ea j\u00ee bi Ocalan re dicive. Biryar e ku Hik\u00fbmeta Tirkiyey\u00ea \u00eero roja Du\u015fem, 3\u00ea Mijdara 2025\u00ea, bi serokatiya Serokkomar\u00ea Tirkiyey\u00ea Recep Tayyip Erdogan li Ko\u00e7a Ba\u015ftepey\u00ea bicive. Ajansa TRT\u00ea ya N\u00fb\u00e7eyan amaje daye ku, di w\u00ea civ\u00een\u00ea de rew\u015fa niha [&hellip;]\" \/>\n<meta property=\"og:url\" content=\"https:\/\/darkamazi.info\/archives\/1050506\" \/>\n<meta property=\"og:site_name\" content=\"Darka Maz\u00ee\" \/>\n<meta property=\"article:publisher\" content=\"https:\/\/www.facebook.com\/DarMaziKurmanci\" \/>\n<meta property=\"article:published_time\" content=\"2025-11-03T08:35:16+00:00\" \/>\n<meta property=\"og:image\" content=\"https:\/\/darkamazi.info\/file\/2025\/10\/pkk-bakur-vekisin.jpg\" \/>\n\t<meta property=\"og:image:width\" content=\"900\" \/>\n\t<meta property=\"og:image:height\" content=\"497\" \/>\n\t<meta property=\"og:image:type\" content=\"image\/jpeg\" \/>\n<meta name=\"author\" content=\"darka mazi\" \/>\n<meta name=\"twitter:card\" content=\"summary_large_image\" \/>\n<meta name=\"twitter:creator\" content=\"@DarkaMaziLatini\" \/>\n<meta name=\"twitter:site\" content=\"@DarkaMaziLatini\" \/>\n<meta name=\"twitter:label1\" content=\"Written by\" \/>\n\t<meta name=\"twitter:data1\" content=\"darka mazi\" \/>\n\t<meta name=\"twitter:label2\" content=\"Est. reading time\" \/>\n\t<meta name=\"twitter:data2\" content=\"1 minute\" \/>\n<script type=\"application\/ld+json\" class=\"seo-schema-graph\">{\"@context\":\"https:\\\/\\\/schema.org\",\"@graph\":[{\"@type\":\"Article\",\"@id\":\"https:\\\/\\\/darkamazi.info\\\/archives\\\/1050506#article\",\"isPartOf\":{\"@id\":\"https:\\\/\\\/darkamazi.info\\\/archives\\\/1050506\"},\"author\":{\"name\":\"darka mazi\",\"@id\":\"https:\\\/\\\/darkamazi.info\\\/#\\\/schema\\\/person\\\/5ad3e24553a0567993fa8ed4bd0a776c\"},\"headline\":\"Hik\u00fbmeta Tirkiyey\u00ea vek\u00ea\u015fana \u00e7ekdar\u00ean PKK\u00ea n\u00eeqa\u015f dike\",\"datePublished\":\"2025-11-03T08:35:16+00:00\",\"mainEntityOfPage\":{\"@id\":\"https:\\\/\\\/darkamazi.info\\\/archives\\\/1050506\"},\"wordCount\":239,\"publisher\":{\"@id\":\"https:\\\/\\\/darkamazi.info\\\/#organization\"},\"image\":{\"@id\":\"https:\\\/\\\/darkamazi.info\\\/archives\\\/1050506#primaryimage\"},\"thumbnailUrl\":\"https:\\\/\\\/darkamazi.info\\\/darka-content\\\/uploads\\\/2025\\\/10\\\/pkk-bakur-vekisin.jpg\",\"keywords\":[\"sereke\"],\"articleSection\":[\"Kurdistan\"],\"inLanguage\":\"en-US\"},{\"@type\":\"WebPage\",\"@id\":\"https:\\\/\\\/darkamazi.info\\\/archives\\\/1050506\",\"url\":\"https:\\\/\\\/darkamazi.info\\\/archives\\\/1050506\",\"name\":\"Hik\u00fbmeta Tirkiyey\u00ea vek\u00ea\u015fana \u00e7ekdar\u00ean PKK\u00ea n\u00eeqa\u015f dike - Darka Maz\u00ee\",\"isPartOf\":{\"@id\":\"https:\\\/\\\/darkamazi.info\\\/#website\"},\"primaryImageOfPage\":{\"@id\":\"https:\\\/\\\/darkamazi.info\\\/archives\\\/1050506#primaryimage\"},\"image\":{\"@id\":\"https:\\\/\\\/darkamazi.info\\\/archives\\\/1050506#primaryimage\"},\"thumbnailUrl\":\"https:\\\/\\\/darkamazi.info\\\/darka-content\\\/uploads\\\/2025\\\/10\\\/pkk-bakur-vekisin.jpg\",\"datePublished\":\"2025-11-03T08:35:16+00:00\",\"breadcrumb\":{\"@id\":\"https:\\\/\\\/darkamazi.info\\\/archives\\\/1050506#breadcrumb\"},\"inLanguage\":\"en-US\",\"potentialAction\":[{\"@type\":\"ReadAction\",\"target\":[\"https:\\\/\\\/darkamazi.info\\\/archives\\\/1050506\"]}]},{\"@type\":\"ImageObject\",\"inLanguage\":\"en-US\",\"@id\":\"https:\\\/\\\/darkamazi.info\\\/archives\\\/1050506#primaryimage\",\"url\":\"https:\\\/\\\/darkamazi.info\\\/darka-content\\\/uploads\\\/2025\\\/10\\\/pkk-bakur-vekisin.jpg\",\"contentUrl\":\"https:\\\/\\\/darkamazi.info\\\/darka-content\\\/uploads\\\/2025\\\/10\\\/pkk-bakur-vekisin.jpg\",\"width\":900,\"height\":497,\"caption\":\"\u015eanda Dem Partiy\u00ea ji bo \u00cemraliy\u00ea d\u00ea bi Serokkomar\u00ea Tirkiyey\u00ea Recep Tayyip Erdogan re bicive. Herwesa Kom\u00eesyona P\u00eavajoya A\u015ftiy\u00ea j\u00ee d\u00ea m\u00eavandariya du wez\u00eeran bike.\"},{\"@type\":\"BreadcrumbList\",\"@id\":\"https:\\\/\\\/darkamazi.info\\\/archives\\\/1050506#breadcrumb\",\"itemListElement\":[{\"@type\":\"ListItem\",\"position\":1,\"name\":\"Home\",\"item\":\"https:\\\/\\\/darkamazi.info\\\/\"},{\"@type\":\"ListItem\",\"position\":2,\"name\":\"Hik\u00fbmeta Tirkiyey\u00ea vek\u00ea\u015fana \u00e7ekdar\u00ean PKK\u00ea n\u00eeqa\u015f dike\"}]},{\"@type\":\"WebSite\",\"@id\":\"https:\\\/\\\/darkamazi.info\\\/#website\",\"url\":\"https:\\\/\\\/darkamazi.info\\\/\",\"name\":\"Darka Maz\u00ee\",\"description\":\"P\u00eageha Zanyariy\u00ean Nebih\u00eest\u00ee\",\"publisher\":{\"@id\":\"https:\\\/\\\/darkamazi.info\\\/#organization\"},\"potentialAction\":[{\"@type\":\"SearchAction\",\"target\":{\"@type\":\"EntryPoint\",\"urlTemplate\":\"https:\\\/\\\/darkamazi.info\\\/?s={search_term_string}\"},\"query-input\":{\"@type\":\"PropertyValueSpecification\",\"valueRequired\":true,\"valueName\":\"search_term_string\"}}],\"inLanguage\":\"en-US\"},{\"@type\":\"Organization\",\"@id\":\"https:\\\/\\\/darkamazi.info\\\/#organization\",\"name\":\"Darka Maz\u00ee\",\"url\":\"https:\\\/\\\/darkamazi.info\\\/\",\"logo\":{\"@type\":\"ImageObject\",\"inLanguage\":\"en-US\",\"@id\":\"https:\\\/\\\/darkamazi.info\\\/#\\\/schema\\\/logo\\\/image\\\/\",\"url\":\"https:\\\/\\\/darkamazi.info\\\/darka-content\\\/uploads\\\/2017\\\/12\\\/darka-mazi-logo.png\",\"contentUrl\":\"https:\\\/\\\/darkamazi.info\\\/darka-content\\\/uploads\\\/2017\\\/12\\\/darka-mazi-logo.png\",\"width\":151,\"height\":75,\"caption\":\"Darka Maz\u00ee\"},\"image\":{\"@id\":\"https:\\\/\\\/darkamazi.info\\\/#\\\/schema\\\/logo\\\/image\\\/\"},\"sameAs\":[\"https:\\\/\\\/www.facebook.com\\\/DarMaziKurmanci\",\"https:\\\/\\\/x.com\\\/DarkaMaziLatini\",\"https:\\\/\\\/www.instagram.com\\\/darkamazi.kurmanci\\\/\",\"https:\\\/\\\/www.youtube.com\\\/channel\\\/UCa5HkTdmI8U1qCUFuTw8B2g\"]},{\"@type\":\"Person\",\"@id\":\"https:\\\/\\\/darkamazi.info\\\/#\\\/schema\\\/person\\\/5ad3e24553a0567993fa8ed4bd0a776c\",\"name\":\"darka mazi\",\"sameAs\":[\"https:\\\/\\\/darkamazi.info\\\/\"],\"url\":\"https:\\\/\\\/darkamazi.info\\\/archives\\\/author\\\/kurdi\"}]}<\/script>\n<!-- \/ Yoast SEO plugin. -->","seo_head_json":{"title":"Hik\u00fbmeta Tirkiyey\u00ea vek\u00ea\u015fana \u00e7ekdar\u00ean PKK\u00ea n\u00eeqa\u015f dike - Darka Maz\u00ee","robots":{"index":"index","follow":"follow","max-snippet":"max-snippet:-1","max-image-preview":"max-image-preview:large","max-video-preview":"max-video-preview:-1"},"canonical":"https:\/\/darkamazi.info\/archives\/1050506","og_locale":"en_US","og_type":"article","og_title":"Hik\u00fbmeta Tirkiyey\u00ea vek\u00ea\u015fana \u00e7ekdar\u00ean PKK\u00ea n\u00eeqa\u015f dike - Darka Maz\u00ee","og_description":"Hik\u00fbmeta Tirkiyey\u00ea bi serokatiya Erdogan dicive \u00fb vek\u00ea\u015fana \u00e7ekdar\u00ean PKK\u00ea n\u00eeqa\u015f dike. \u015eandeka Dem Partiy\u00ea j\u00ee bi Ocalan re dicive. Biryar e ku Hik\u00fbmeta Tirkiyey\u00ea \u00eero roja Du\u015fem, 3\u00ea Mijdara 2025\u00ea, bi serokatiya Serokkomar\u00ea Tirkiyey\u00ea Recep Tayyip Erdogan li Ko\u00e7a Ba\u015ftepey\u00ea bicive. Ajansa TRT\u00ea ya N\u00fb\u00e7eyan amaje daye ku, di w\u00ea civ\u00een\u00ea de rew\u015fa niha [&hellip;]","og_url":"https:\/\/darkamazi.info\/archives\/1050506","og_site_name":"Darka Maz\u00ee","article_publisher":"https:\/\/www.facebook.com\/DarMaziKurmanci","article_published_time":"2025-11-03T08:35:16+00:00","og_image":[{"width":900,"height":497,"url":"https:\/\/darkamazi.info\/file\/2025\/10\/pkk-bakur-vekisin.jpg","type":"image\/jpeg"}],"author":"darka mazi","twitter_card":"summary_large_image","twitter_creator":"@DarkaMaziLatini","twitter_site":"@DarkaMaziLatini","twitter_misc":{"Written by":"darka mazi","Est. reading time":"1 minute"},"schema":{"@context":"https:\/\/schema.org","@graph":[{"@type":"Article","@id":"https:\/\/darkamazi.info\/archives\/1050506#article","isPartOf":{"@id":"https:\/\/darkamazi.info\/archives\/1050506"},"author":{"name":"darka mazi","@id":"https:\/\/darkamazi.info\/#\/schema\/person\/5ad3e24553a0567993fa8ed4bd0a776c"},"headline":"Hik\u00fbmeta Tirkiyey\u00ea vek\u00ea\u015fana \u00e7ekdar\u00ean PKK\u00ea n\u00eeqa\u015f dike","datePublished":"2025-11-03T08:35:16+00:00","mainEntityOfPage":{"@id":"https:\/\/darkamazi.info\/archives\/1050506"},"wordCount":239,"publisher":{"@id":"https:\/\/darkamazi.info\/#organization"},"image":{"@id":"https:\/\/darkamazi.info\/archives\/1050506#primaryimage"},"thumbnailUrl":"https:\/\/darkamazi.info\/file\/2025\/10\/pkk-bakur-vekisin.jpg","keywords":["sereke"],"articleSection":["Kurdistan"],"inLanguage":"en-US"},{"@type":"WebPage","@id":"https:\/\/darkamazi.info\/archives\/1050506","url":"https:\/\/darkamazi.info\/archives\/1050506","name":"Hik\u00fbmeta Tirkiyey\u00ea vek\u00ea\u015fana \u00e7ekdar\u00ean PKK\u00ea n\u00eeqa\u015f dike - Darka Maz\u00ee","isPartOf":{"@id":"https:\/\/darkamazi.info\/#website"},"primaryImageOfPage":{"@id":"https:\/\/darkamazi.info\/archives\/1050506#primaryimage"},"image":{"@id":"https:\/\/darkamazi.info\/archives\/1050506#primaryimage"},"thumbnailUrl":"https:\/\/darkamazi.info\/file\/2025\/10\/pkk-bakur-vekisin.jpg","datePublished":"2025-11-03T08:35:16+00:00","breadcrumb":{"@id":"https:\/\/darkamazi.info\/archives\/1050506#breadcrumb"},"inLanguage":"en-US","potentialAction":[{"@type":"ReadAction","target":["https:\/\/darkamazi.info\/archives\/1050506"]}]},{"@type":"ImageObject","inLanguage":"en-US","@id":"https:\/\/darkamazi.info\/archives\/1050506#primaryimage","url":"https:\/\/darkamazi.info\/file\/2025\/10\/pkk-bakur-vekisin.jpg","contentUrl":"https:\/\/darkamazi.info\/file\/2025\/10\/pkk-bakur-vekisin.jpg","width":900,"height":497,"caption":"\u015eanda Dem Partiy\u00ea ji bo \u00cemraliy\u00ea d\u00ea bi Serokkomar\u00ea Tirkiyey\u00ea Recep Tayyip Erdogan re bicive. Herwesa Kom\u00eesyona P\u00eavajoya A\u015ftiy\u00ea j\u00ee d\u00ea m\u00eavandariya du wez\u00eeran bike."},{"@type":"BreadcrumbList","@id":"https:\/\/darkamazi.info\/archives\/1050506#breadcrumb","itemListElement":[{"@type":"ListItem","position":1,"name":"Home","item":"https:\/\/darkamazi.info\/"},{"@type":"ListItem","position":2,"name":"Hik\u00fbmeta Tirkiyey\u00ea vek\u00ea\u015fana \u00e7ekdar\u00ean PKK\u00ea n\u00eeqa\u015f dike"}]},{"@type":"WebSite","@id":"https:\/\/darkamazi.info\/#website","url":"https:\/\/darkamazi.info\/","name":"Darka Maz\u00ee","description":"P\u00eageha Zanyariy\u00ean Nebih\u00eest\u00ee","publisher":{"@id":"https:\/\/darkamazi.info\/#organization"},"potentialAction":[{"@type":"SearchAction","target":{"@type":"EntryPoint","urlTemplate":"https:\/\/darkamazi.info\/?s={search_term_string}"},"query-input":{"@type":"PropertyValueSpecification","valueRequired":true,"valueName":"search_term_string"}}],"inLanguage":"en-US"},{"@type":"Organization","@id":"https:\/\/darkamazi.info\/#organization","name":"Darka Maz\u00ee","url":"https:\/\/darkamazi.info\/","logo":{"@type":"ImageObject","inLanguage":"en-US","@id":"https:\/\/darkamazi.info\/#\/schema\/logo\/image\/","url":"https:\/\/darkamazi.info\/file\/2017\/12\/darka-mazi-logo.png","contentUrl":"https:\/\/darkamazi.info\/file\/2017\/12\/darka-mazi-logo.png","width":151,"height":75,"caption":"Darka Maz\u00ee"},"image":{"@id":"https:\/\/darkamazi.info\/#\/schema\/logo\/image\/"},"sameAs":["https:\/\/www.facebook.com\/DarMaziKurmanci","https:\/\/x.com\/DarkaMaziLatini","https:\/\/www.instagram.com\/darkamazi.kurmanci\/","https:\/\/www.youtube.com\/channel\/UCa5HkTdmI8U1qCUFuTw8B2g"]},{"@type":"Person","@id":"https:\/\/darkamazi.info\/#\/schema\/person\/5ad3e24553a0567993fa8ed4bd0a776c","name":"darka mazi","sameAs":["https:\/\/darkamazi.info\/"],"url":"https:\/\/darkamazi.info\/archives\/author\/kurdi"}]}},"_links":{"self":[{"href":"https:\/\/darkamazi.info\/funavuv\/wp\/v2\/posts\/1050506","targetHints":{"allow":["GET"]}}],"collection":[{"href":"https:\/\/darkamazi.info\/funavuv\/wp\/v2\/posts"}],"about":[{"href":"https:\/\/darkamazi.info\/funavuv\/wp\/v2\/types\/post"}],"author":[{"embeddable":true,"href":"https:\/\/darkamazi.info\/funavuv\/wp\/v2\/users\/2"}],"replies":[{"embeddable":true,"href":"https:\/\/darkamazi.info\/funavuv\/wp\/v2\/comments?post=1050506"}],"version-history":[{"count":0,"href":"https:\/\/darkamazi.info\/funavuv\/wp\/v2\/posts\/1050506\/revisions"}],"wp:featuredmedia":[{"embeddable":true,"href":"https:\/\/darkamazi.info\/funavuv\/wp\/v2\/media\/1050422"}],"wp:attachment":[{"href":"https:\/\/darkamazi.info\/funavuv\/wp\/v2\/media?parent=1050506"}],"wp:term":[{"taxonomy":"category","embeddable":true,"href":"https:\/\/darkamazi.info\/funavuv\/wp\/v2\/categories?post=1050506"},{"taxonomy":"post_tag","embeddable":true,"href":"https:\/\/darkamazi.info\/funavuv\/wp\/v2\/tags?post=1050506"}],"curies":[{"name":"wp","href":"https:\/\/api.w.org\/{rel}","templated":true}]}}