{"id":1050510,"date":"2025-11-03T13:58:07","date_gmt":"2025-11-03T10:58:07","guid":{"rendered":"https:\/\/darkamazi.info\/?p=1050510"},"modified":"2025-11-03T13:58:07","modified_gmt":"2025-11-03T10:58:07","slug":"mesrur-barzani-cadeya-duali-ya-haci-omerane-vekir","status":"publish","type":"post","link":"https:\/\/darkamazi.info\/archives\/1050510","title":{"rendered":"Mesr\u00fbr Barzan\u00ee cadeya dual\u00ee ya Hac\u00ee Omeran\u00ea vekir"},"content":{"rendered":"<h3 style=\"text-align: justify\"><span style=\"font-family: 'arial black', sans-serif\">Serok\u00ea Hik\u00fbmeta Her\u00eama Kurdistan\u00ea Mesr\u00fbr Barzan\u00ee \u00eero roja Du\u015fem, 3\u00ea Mijdara 2025\u00ea, projeya cadeya dual\u00ee ya Hac\u00ee Omeran\u00ea vekir \u00fb di w\u00ea meras\u00eem\u00ea de gotarek p\u00ea\u015fk\u00ea\u015f kir.<\/span><\/h3>\n<h3 style=\"text-align: justify\"><span style=\"font-family: 'arial black', sans-serif\">Gotara Serok\u00ea Hik\u00fbmeta Her\u00eama Kurdistan\u00ea:<\/span><\/h3>\n<h3 style=\"text-align: justify\">Bi nav\u00ea Xuday\u00ea Mezin \u00fb Dilovan<\/h3>\n<h3 style=\"text-align: justify\">Bi rast\u00ee ez gelek dilxwe\u015f im ku serdana Hac\u00ee Omeran\u00ea dikim, ku demek\u00ea paytexta \u015eore\u015fa \u00celon\u00ea b\u00fb, \u015f\u00fbnwar\u00ea Barzaniy\u00ea Nemir e, cih\u00ea wan P\u00ea\u015fmergey\u00ean qehreman e y\u00ean ku em niha berhema dest\u00ean wan dib\u00eenin \u00fb dewlet ser\u00ea zehmet \u00fb westiyana wan P\u00ea\u015fmergey\u00ean qehreman niha me Kurdistaneka azad heye.<\/h3>\n<h3 style=\"text-align: justify\">Ez dilxwe\u015f im ku em \u00eero ji bo vekirina pareka v\u00ea r\u00eay\u00ea li v\u00ea der\u00ea ne, ku bi awayek\u00ee serdem \u00fb bir\u00eak\u00fbp\u00eak hatiye \u00e7\u00eakirin \u00fb keftiye di xizmeta hem\u00ee welatiyan de. B\u00ea guman xelk\u00ea v\u00ea dever\u00ea hej\u00ee xizmeteka yekcar ji v\u00ea z\u00eadetir e. Ti\u015ft\u00ea ku ji dest\u00ea hik\u00fbmet\u00ea j\u00ee b\u00ea, em d\u00ea li d\u00fb \u015fiyanan di xizmeta we de bin \u00fb em d\u00ea v\u00ea p\u00ea\u015fvebirin \u00fb p\u00ea\u015fxistina welat\u00ea xwe berdewam bikin.<\/h3>\n<h3 style=\"text-align: justify\">Ev cihek\u00ea gir\u00eeng e ji ber ku ew bi welat\u00ea c\u00eeran\u00ea me, Komara \u00ceslam\u00ee ya \u00ceran\u00ea, re j\u00ee deriyek e, ku div\u00ea em gir\u00eengiy\u00ea bidin van t\u00eakiliyan \u00fb h\u00easankariyan ji bo hatin \u00fb \u00e7\u00fbna welatiyan bikin, \u00fb ji aliy\u00ea bazirgan\u00ee j\u00ee ve ji bo me gir\u00eeng e ku em bazirganiya bi welat\u00ea c\u00eeran re j\u00ee p\u00ea\u015f bixin. Ez h\u00eav\u00ee dikim ku ev r\u00ea \u00fb hem\u00ee kar \u00fb xizmet\u00ean Hik\u00fbmeta Her\u00eama Kurdistan\u00ea careka din bikevin di xizmeta welatiyan \u00fb debara xelk\u00ea Kurdistan\u00ea de, \u00fb silamet\u00ee \u00fb serbilindiya we ji bo me erk e \u00fb h\u00eaviya me ye.<\/h3>\n<h3 style=\"text-align: justify\">Ez h\u00eav\u00eedar im her li we p\u00eeroz be, Kurdistan roj bi roj serkeft\u00eetir be, p\u00ea\u015fketineka z\u00eadetir bib\u00eene, h\u00fbn her sax \u00fb bisilamet\u00ee bin \u00fb welat\u00ea me her avedan be. Gelek gelek spas.<\/h3>\n","protected":false},"excerpt":{"rendered":"<p>Serok\u00ea Hik\u00fbmeta Her\u00eama Kurdistan\u00ea Mesr\u00fbr Barzan\u00ee \u00eero roja Du\u015fem, 3\u00ea Mijdara 2025\u00ea, projeya cadeya dual\u00ee ya Hac\u00ee Omeran\u00ea vekir \u00fb di w\u00ea meras\u00eem\u00ea de gotarek p\u00ea\u015fk\u00ea\u015f kir. Gotara Serok\u00ea Hik\u00fbmeta Her\u00eama Kurdistan\u00ea: Bi nav\u00ea Xuday\u00ea Mezin \u00fb Dilovan Bi rast\u00ee ez gelek dilxwe\u015f im ku serdana Hac\u00ee Omeran\u00ea dikim, ku demek\u00ea paytexta \u015eore\u015fa \u00celon\u00ea b\u00fb, [&hellip;]<\/p>\n","protected":false},"author":2,"featured_media":1050512,"comment_status":"closed","ping_status":"closed","sticky":false,"template":"","format":"standard","meta":{"footnotes":""},"categories":[29],"tags":[37],"class_list":["post-1050510","post","type-post","status-publish","format-standard","has-post-thumbnail","hentry","category-kurdistan","tag-sereke"],"blocksy_meta":[],"seo_head":"<!-- This site is optimized with the Yoast SEO plugin v27.5 - https:\/\/yoast.com\/product\/yoast-seo-wordpress\/ -->\n<title>Mesr\u00fbr Barzan\u00ee cadeya dual\u00ee ya Hac\u00ee Omeran\u00ea vekir - Darka Maz\u00ee<\/title>\n<meta name=\"robots\" content=\"index, follow, max-snippet:-1, max-image-preview:large, max-video-preview:-1\" \/>\n<link rel=\"canonical\" href=\"https:\/\/darkamazi.info\/archives\/1050510\" \/>\n<meta property=\"og:locale\" content=\"en_US\" \/>\n<meta property=\"og:type\" content=\"article\" \/>\n<meta property=\"og:title\" content=\"Mesr\u00fbr Barzan\u00ee cadeya dual\u00ee ya Hac\u00ee Omeran\u00ea vekir - Darka Maz\u00ee\" \/>\n<meta property=\"og:description\" content=\"Serok\u00ea Hik\u00fbmeta Her\u00eama Kurdistan\u00ea Mesr\u00fbr Barzan\u00ee \u00eero roja Du\u015fem, 3\u00ea Mijdara 2025\u00ea, projeya cadeya dual\u00ee ya Hac\u00ee Omeran\u00ea vekir \u00fb di w\u00ea meras\u00eem\u00ea de gotarek p\u00ea\u015fk\u00ea\u015f kir. Gotara Serok\u00ea Hik\u00fbmeta Her\u00eama Kurdistan\u00ea: Bi nav\u00ea Xuday\u00ea Mezin \u00fb Dilovan Bi rast\u00ee ez gelek dilxwe\u015f im ku serdana Hac\u00ee Omeran\u00ea dikim, ku demek\u00ea paytexta \u015eore\u015fa \u00celon\u00ea b\u00fb, [&hellip;]\" \/>\n<meta property=\"og:url\" content=\"https:\/\/darkamazi.info\/archives\/1050510\" \/>\n<meta property=\"og:site_name\" content=\"Darka Maz\u00ee\" \/>\n<meta property=\"article:publisher\" content=\"https:\/\/www.facebook.com\/DarMaziKurmanci\" \/>\n<meta property=\"article:published_time\" content=\"2025-11-03T10:58:07+00:00\" \/>\n<meta property=\"og:image\" content=\"https:\/\/darkamazi.info\/file\/2025\/11\/mesrur-barzani-1.jpg\" \/>\n\t<meta property=\"og:image:width\" content=\"900\" \/>\n\t<meta property=\"og:image:height\" content=\"497\" \/>\n\t<meta property=\"og:image:type\" content=\"image\/jpeg\" \/>\n<meta name=\"author\" content=\"darka mazi\" \/>\n<meta name=\"twitter:card\" content=\"summary_large_image\" \/>\n<meta name=\"twitter:creator\" content=\"@DarkaMaziLatini\" \/>\n<meta name=\"twitter:site\" content=\"@DarkaMaziLatini\" \/>\n<meta name=\"twitter:label1\" content=\"Written by\" \/>\n\t<meta name=\"twitter:data1\" content=\"darka mazi\" \/>\n\t<meta name=\"twitter:label2\" content=\"Est. reading time\" \/>\n\t<meta name=\"twitter:data2\" content=\"2 minutes\" \/>\n<script type=\"application\/ld+json\" class=\"seo-schema-graph\">{\"@context\":\"https:\\\/\\\/schema.org\",\"@graph\":[{\"@type\":\"Article\",\"@id\":\"https:\\\/\\\/darkamazi.info\\\/archives\\\/1050510#article\",\"isPartOf\":{\"@id\":\"https:\\\/\\\/darkamazi.info\\\/archives\\\/1050510\"},\"author\":{\"name\":\"darka mazi\",\"@id\":\"https:\\\/\\\/darkamazi.info\\\/#\\\/schema\\\/person\\\/5ad3e24553a0567993fa8ed4bd0a776c\"},\"headline\":\"Mesr\u00fbr Barzan\u00ee cadeya dual\u00ee ya Hac\u00ee Omeran\u00ea vekir\",\"datePublished\":\"2025-11-03T10:58:07+00:00\",\"mainEntityOfPage\":{\"@id\":\"https:\\\/\\\/darkamazi.info\\\/archives\\\/1050510\"},\"wordCount\":318,\"publisher\":{\"@id\":\"https:\\\/\\\/darkamazi.info\\\/#organization\"},\"image\":{\"@id\":\"https:\\\/\\\/darkamazi.info\\\/archives\\\/1050510#primaryimage\"},\"thumbnailUrl\":\"https:\\\/\\\/darkamazi.info\\\/darka-content\\\/uploads\\\/2025\\\/11\\\/mesrur-barzani-1.jpg\",\"keywords\":[\"sereke\"],\"articleSection\":[\"Kurdistan\"],\"inLanguage\":\"en-US\"},{\"@type\":\"WebPage\",\"@id\":\"https:\\\/\\\/darkamazi.info\\\/archives\\\/1050510\",\"url\":\"https:\\\/\\\/darkamazi.info\\\/archives\\\/1050510\",\"name\":\"Mesr\u00fbr Barzan\u00ee cadeya dual\u00ee ya Hac\u00ee Omeran\u00ea vekir - Darka Maz\u00ee\",\"isPartOf\":{\"@id\":\"https:\\\/\\\/darkamazi.info\\\/#website\"},\"primaryImageOfPage\":{\"@id\":\"https:\\\/\\\/darkamazi.info\\\/archives\\\/1050510#primaryimage\"},\"image\":{\"@id\":\"https:\\\/\\\/darkamazi.info\\\/archives\\\/1050510#primaryimage\"},\"thumbnailUrl\":\"https:\\\/\\\/darkamazi.info\\\/darka-content\\\/uploads\\\/2025\\\/11\\\/mesrur-barzani-1.jpg\",\"datePublished\":\"2025-11-03T10:58:07+00:00\",\"breadcrumb\":{\"@id\":\"https:\\\/\\\/darkamazi.info\\\/archives\\\/1050510#breadcrumb\"},\"inLanguage\":\"en-US\",\"potentialAction\":[{\"@type\":\"ReadAction\",\"target\":[\"https:\\\/\\\/darkamazi.info\\\/archives\\\/1050510\"]}]},{\"@type\":\"ImageObject\",\"inLanguage\":\"en-US\",\"@id\":\"https:\\\/\\\/darkamazi.info\\\/archives\\\/1050510#primaryimage\",\"url\":\"https:\\\/\\\/darkamazi.info\\\/darka-content\\\/uploads\\\/2025\\\/11\\\/mesrur-barzani-1.jpg\",\"contentUrl\":\"https:\\\/\\\/darkamazi.info\\\/darka-content\\\/uploads\\\/2025\\\/11\\\/mesrur-barzani-1.jpg\",\"width\":900,\"height\":497,\"caption\":\"Mesr\u00fbr Barzan\u00ee cadeya dual\u00ee ya Hac\u00ee Omeran\u00ea vekir\"},{\"@type\":\"BreadcrumbList\",\"@id\":\"https:\\\/\\\/darkamazi.info\\\/archives\\\/1050510#breadcrumb\",\"itemListElement\":[{\"@type\":\"ListItem\",\"position\":1,\"name\":\"Home\",\"item\":\"https:\\\/\\\/darkamazi.info\\\/\"},{\"@type\":\"ListItem\",\"position\":2,\"name\":\"Mesr\u00fbr Barzan\u00ee cadeya dual\u00ee ya Hac\u00ee Omeran\u00ea vekir\"}]},{\"@type\":\"WebSite\",\"@id\":\"https:\\\/\\\/darkamazi.info\\\/#website\",\"url\":\"https:\\\/\\\/darkamazi.info\\\/\",\"name\":\"Darka Maz\u00ee\",\"description\":\"P\u00eageha Zanyariy\u00ean Nebih\u00eest\u00ee\",\"publisher\":{\"@id\":\"https:\\\/\\\/darkamazi.info\\\/#organization\"},\"potentialAction\":[{\"@type\":\"SearchAction\",\"target\":{\"@type\":\"EntryPoint\",\"urlTemplate\":\"https:\\\/\\\/darkamazi.info\\\/?s={search_term_string}\"},\"query-input\":{\"@type\":\"PropertyValueSpecification\",\"valueRequired\":true,\"valueName\":\"search_term_string\"}}],\"inLanguage\":\"en-US\"},{\"@type\":\"Organization\",\"@id\":\"https:\\\/\\\/darkamazi.info\\\/#organization\",\"name\":\"Darka Maz\u00ee\",\"url\":\"https:\\\/\\\/darkamazi.info\\\/\",\"logo\":{\"@type\":\"ImageObject\",\"inLanguage\":\"en-US\",\"@id\":\"https:\\\/\\\/darkamazi.info\\\/#\\\/schema\\\/logo\\\/image\\\/\",\"url\":\"https:\\\/\\\/darkamazi.info\\\/darka-content\\\/uploads\\\/2017\\\/12\\\/darka-mazi-logo.png\",\"contentUrl\":\"https:\\\/\\\/darkamazi.info\\\/darka-content\\\/uploads\\\/2017\\\/12\\\/darka-mazi-logo.png\",\"width\":151,\"height\":75,\"caption\":\"Darka Maz\u00ee\"},\"image\":{\"@id\":\"https:\\\/\\\/darkamazi.info\\\/#\\\/schema\\\/logo\\\/image\\\/\"},\"sameAs\":[\"https:\\\/\\\/www.facebook.com\\\/DarMaziKurmanci\",\"https:\\\/\\\/x.com\\\/DarkaMaziLatini\",\"https:\\\/\\\/www.instagram.com\\\/darkamazi.kurmanci\\\/\",\"https:\\\/\\\/www.youtube.com\\\/channel\\\/UCa5HkTdmI8U1qCUFuTw8B2g\"]},{\"@type\":\"Person\",\"@id\":\"https:\\\/\\\/darkamazi.info\\\/#\\\/schema\\\/person\\\/5ad3e24553a0567993fa8ed4bd0a776c\",\"name\":\"darka mazi\",\"sameAs\":[\"https:\\\/\\\/darkamazi.info\\\/\"],\"url\":\"https:\\\/\\\/darkamazi.info\\\/archives\\\/author\\\/kurdi\"}]}<\/script>\n<!-- \/ Yoast SEO plugin. -->","seo_head_json":{"title":"Mesr\u00fbr Barzan\u00ee cadeya dual\u00ee ya Hac\u00ee Omeran\u00ea vekir - Darka Maz\u00ee","robots":{"index":"index","follow":"follow","max-snippet":"max-snippet:-1","max-image-preview":"max-image-preview:large","max-video-preview":"max-video-preview:-1"},"canonical":"https:\/\/darkamazi.info\/archives\/1050510","og_locale":"en_US","og_type":"article","og_title":"Mesr\u00fbr Barzan\u00ee cadeya dual\u00ee ya Hac\u00ee Omeran\u00ea vekir - Darka Maz\u00ee","og_description":"Serok\u00ea Hik\u00fbmeta Her\u00eama Kurdistan\u00ea Mesr\u00fbr Barzan\u00ee \u00eero roja Du\u015fem, 3\u00ea Mijdara 2025\u00ea, projeya cadeya dual\u00ee ya Hac\u00ee Omeran\u00ea vekir \u00fb di w\u00ea meras\u00eem\u00ea de gotarek p\u00ea\u015fk\u00ea\u015f kir. Gotara Serok\u00ea Hik\u00fbmeta Her\u00eama Kurdistan\u00ea: Bi nav\u00ea Xuday\u00ea Mezin \u00fb Dilovan Bi rast\u00ee ez gelek dilxwe\u015f im ku serdana Hac\u00ee Omeran\u00ea dikim, ku demek\u00ea paytexta \u015eore\u015fa \u00celon\u00ea b\u00fb, [&hellip;]","og_url":"https:\/\/darkamazi.info\/archives\/1050510","og_site_name":"Darka Maz\u00ee","article_publisher":"https:\/\/www.facebook.com\/DarMaziKurmanci","article_published_time":"2025-11-03T10:58:07+00:00","og_image":[{"width":900,"height":497,"url":"https:\/\/darkamazi.info\/file\/2025\/11\/mesrur-barzani-1.jpg","type":"image\/jpeg"}],"author":"darka mazi","twitter_card":"summary_large_image","twitter_creator":"@DarkaMaziLatini","twitter_site":"@DarkaMaziLatini","twitter_misc":{"Written by":"darka mazi","Est. reading time":"2 minutes"},"schema":{"@context":"https:\/\/schema.org","@graph":[{"@type":"Article","@id":"https:\/\/darkamazi.info\/archives\/1050510#article","isPartOf":{"@id":"https:\/\/darkamazi.info\/archives\/1050510"},"author":{"name":"darka mazi","@id":"https:\/\/darkamazi.info\/#\/schema\/person\/5ad3e24553a0567993fa8ed4bd0a776c"},"headline":"Mesr\u00fbr Barzan\u00ee cadeya dual\u00ee ya Hac\u00ee Omeran\u00ea vekir","datePublished":"2025-11-03T10:58:07+00:00","mainEntityOfPage":{"@id":"https:\/\/darkamazi.info\/archives\/1050510"},"wordCount":318,"publisher":{"@id":"https:\/\/darkamazi.info\/#organization"},"image":{"@id":"https:\/\/darkamazi.info\/archives\/1050510#primaryimage"},"thumbnailUrl":"https:\/\/darkamazi.info\/file\/2025\/11\/mesrur-barzani-1.jpg","keywords":["sereke"],"articleSection":["Kurdistan"],"inLanguage":"en-US"},{"@type":"WebPage","@id":"https:\/\/darkamazi.info\/archives\/1050510","url":"https:\/\/darkamazi.info\/archives\/1050510","name":"Mesr\u00fbr Barzan\u00ee cadeya dual\u00ee ya Hac\u00ee Omeran\u00ea vekir - Darka Maz\u00ee","isPartOf":{"@id":"https:\/\/darkamazi.info\/#website"},"primaryImageOfPage":{"@id":"https:\/\/darkamazi.info\/archives\/1050510#primaryimage"},"image":{"@id":"https:\/\/darkamazi.info\/archives\/1050510#primaryimage"},"thumbnailUrl":"https:\/\/darkamazi.info\/file\/2025\/11\/mesrur-barzani-1.jpg","datePublished":"2025-11-03T10:58:07+00:00","breadcrumb":{"@id":"https:\/\/darkamazi.info\/archives\/1050510#breadcrumb"},"inLanguage":"en-US","potentialAction":[{"@type":"ReadAction","target":["https:\/\/darkamazi.info\/archives\/1050510"]}]},{"@type":"ImageObject","inLanguage":"en-US","@id":"https:\/\/darkamazi.info\/archives\/1050510#primaryimage","url":"https:\/\/darkamazi.info\/file\/2025\/11\/mesrur-barzani-1.jpg","contentUrl":"https:\/\/darkamazi.info\/file\/2025\/11\/mesrur-barzani-1.jpg","width":900,"height":497,"caption":"Mesr\u00fbr Barzan\u00ee cadeya dual\u00ee ya Hac\u00ee Omeran\u00ea vekir"},{"@type":"BreadcrumbList","@id":"https:\/\/darkamazi.info\/archives\/1050510#breadcrumb","itemListElement":[{"@type":"ListItem","position":1,"name":"Home","item":"https:\/\/darkamazi.info\/"},{"@type":"ListItem","position":2,"name":"Mesr\u00fbr Barzan\u00ee cadeya dual\u00ee ya Hac\u00ee Omeran\u00ea vekir"}]},{"@type":"WebSite","@id":"https:\/\/darkamazi.info\/#website","url":"https:\/\/darkamazi.info\/","name":"Darka Maz\u00ee","description":"P\u00eageha Zanyariy\u00ean Nebih\u00eest\u00ee","publisher":{"@id":"https:\/\/darkamazi.info\/#organization"},"potentialAction":[{"@type":"SearchAction","target":{"@type":"EntryPoint","urlTemplate":"https:\/\/darkamazi.info\/?s={search_term_string}"},"query-input":{"@type":"PropertyValueSpecification","valueRequired":true,"valueName":"search_term_string"}}],"inLanguage":"en-US"},{"@type":"Organization","@id":"https:\/\/darkamazi.info\/#organization","name":"Darka Maz\u00ee","url":"https:\/\/darkamazi.info\/","logo":{"@type":"ImageObject","inLanguage":"en-US","@id":"https:\/\/darkamazi.info\/#\/schema\/logo\/image\/","url":"https:\/\/darkamazi.info\/file\/2017\/12\/darka-mazi-logo.png","contentUrl":"https:\/\/darkamazi.info\/file\/2017\/12\/darka-mazi-logo.png","width":151,"height":75,"caption":"Darka Maz\u00ee"},"image":{"@id":"https:\/\/darkamazi.info\/#\/schema\/logo\/image\/"},"sameAs":["https:\/\/www.facebook.com\/DarMaziKurmanci","https:\/\/x.com\/DarkaMaziLatini","https:\/\/www.instagram.com\/darkamazi.kurmanci\/","https:\/\/www.youtube.com\/channel\/UCa5HkTdmI8U1qCUFuTw8B2g"]},{"@type":"Person","@id":"https:\/\/darkamazi.info\/#\/schema\/person\/5ad3e24553a0567993fa8ed4bd0a776c","name":"darka mazi","sameAs":["https:\/\/darkamazi.info\/"],"url":"https:\/\/darkamazi.info\/archives\/author\/kurdi"}]}},"_links":{"self":[{"href":"https:\/\/darkamazi.info\/funavuv\/wp\/v2\/posts\/1050510","targetHints":{"allow":["GET"]}}],"collection":[{"href":"https:\/\/darkamazi.info\/funavuv\/wp\/v2\/posts"}],"about":[{"href":"https:\/\/darkamazi.info\/funavuv\/wp\/v2\/types\/post"}],"author":[{"embeddable":true,"href":"https:\/\/darkamazi.info\/funavuv\/wp\/v2\/users\/2"}],"replies":[{"embeddable":true,"href":"https:\/\/darkamazi.info\/funavuv\/wp\/v2\/comments?post=1050510"}],"version-history":[{"count":0,"href":"https:\/\/darkamazi.info\/funavuv\/wp\/v2\/posts\/1050510\/revisions"}],"wp:featuredmedia":[{"embeddable":true,"href":"https:\/\/darkamazi.info\/funavuv\/wp\/v2\/media\/1050512"}],"wp:attachment":[{"href":"https:\/\/darkamazi.info\/funavuv\/wp\/v2\/media?parent=1050510"}],"wp:term":[{"taxonomy":"category","embeddable":true,"href":"https:\/\/darkamazi.info\/funavuv\/wp\/v2\/categories?post=1050510"},{"taxonomy":"post_tag","embeddable":true,"href":"https:\/\/darkamazi.info\/funavuv\/wp\/v2\/tags?post=1050510"}],"curies":[{"name":"wp","href":"https:\/\/api.w.org\/{rel}","templated":true}]}}