{"id":1050517,"date":"2025-11-03T17:14:02","date_gmt":"2025-11-03T14:14:02","guid":{"rendered":"https:\/\/darkamazi.info\/?p=1050517"},"modified":"2025-11-03T17:14:02","modified_gmt":"2025-11-03T14:14:02","slug":"ehmed-turk-ez-reze-li-dewlet-beg-digirim-u-erdogan-pisti-ataturk-kese-heri-bi-bandore","status":"publish","type":"post","link":"https:\/\/darkamazi.info\/archives\/1050517","title":{"rendered":"Ehmed Turk: Ez r\u00eaz\u00ea li Dewlet Beg digirim \u00fb Erdogan pi\u015ft\u00ee Ataturk kes\u00ea her\u00ee bi bandore"},"content":{"rendered":"<h3 style=\"text-align: justify\"><span style=\"font-family: 'arial black', sans-serif\">Ahmet Turk diyar kir ku p\u00eavajoya niha ne ten\u00ea dan\u00eena \u00e7ekane, ew pirojeyeke mezine, w\u00ee pesn\u00ea Bah\u00e7eli \u00fb Erdogan j\u00ee da \u00fb got: Ez r\u00eaz\u00ea li Dewlet Beg digirim \u00fb Erdogan pi\u015ft\u00ee Ataturk kes\u00ea her\u00ee bi bandore.<\/span><\/h3>\n<h3 style=\"text-align: justify\"><span style=\"font-family: arial, helvetica, sans-serif\">Hevserok\u00ea ber\u00ea y\u00ea \u015earedariya Bajar\u00ea Mezin a M\u00eard\u00een\u00ea Ahmet Turk\u00ea ku li \u015f\u00fbna w\u00ee qey\u00fbm hatiye dan\u00een ji rojnameya Sabah\u00ea re axiv\u00ee.<\/span><\/h3>\n<h3 style=\"text-align: justify\"><span style=\"font-family: arial, helvetica, sans-serif\">Ahmet Turk diyar kir ku \u201cDiv\u00ea ev proje ne ten\u00ea wek\u00ee dan\u00eena \u00e7ekan b\u00ea d\u00eetin\u201d \u00fb got:<\/span><\/h3>\n<h3 style=\"text-align: justify\"><span style=\"font-family: arial, helvetica, sans-serif\">&#8220;Ev projeyeke mezin e ku d\u00ea r\u00ea li ber demokrat\u00eekb\u00fbna Rojhilata Nav\u00een veke.&#8221;<\/span><\/h3>\n<h3 style=\"text-align: justify\">\u00a0<\/h3>\n<h3 style=\"text-align: justify\"><span style=\"font-family: arial, helvetica, sans-serif\">Ahmet Turk her wiha pesn\u00ea Serok\u00ea MHPy\u00ea Devlet Bah\u00e7el\u00ee \u00fb Serokkomar\u00ea Tirkiyey\u00ea Recep Tayy\u00eep Erdogan da.<\/span><\/h3>\n<h3 style=\"text-align: justify\"><span style=\"font-family: arial, helvetica, sans-serif\">W\u00ee an\u00ee ziman ku Tirkiyeyeke ku pirsgir\u00eaka Kurdan \u00e7areser kiribe d\u00ea tevkariyeke mezin bide demokrat\u00eekb\u00fbna Rojhilata Nav\u00een \u00fb got:<\/span><\/h3>\n<h3 style=\"text-align: justify\"><span style=\"font-family: arial, helvetica, sans-serif\">&#8220;Div\u00ea mirov li p\u00eavajoya \u00e7areseriy\u00ea wek\u00ee w\u00eaneyek\u00ee mezin bin\u00eare.Fikra we \u00e7i be bila be, div\u00ea mirov tevkariy\u00ea li p\u00eavajoya \u00e7areseriy\u00ea bike.&#8221;<\/span><\/h3>\n<h3 style=\"text-align: justify\"><span style=\"font-family: arial, helvetica, sans-serif\">Ahmet Turk da zan\u00een ku helwesta Devlet Bah\u00e7el\u00ee ya li hember\u00ee p\u00eavajoy\u00ea bi biryar e \u00fb got: &#8220;Ez gelek r\u00eaz\u00ea li Devlet Beg digirim. Ew kesek e ku di v\u00ea p\u00eavajoy\u00ea de bi awayek\u00ee xurt radiweste \u00fb xwed\u00ee li p\u00eavajoy\u00ea derdikeve.<\/span><\/h3>\n<h3 style=\"text-align: justify\"><span style=\"font-family: arial, helvetica, sans-serif\">Ahmet Turk bal ki\u015fand ser rola Serokkomar\u00ea Tirkiyey\u00ea ya di p\u00eavajoy\u00ea de \u00fb diyar kir:<\/span><\/h3>\n<h3 style=\"text-align: justify\"><span style=\"font-family: arial, helvetica, sans-serif\">&#8220;Ji ber ku Serokkomar pi\u015ftgiriy\u00ea dide v\u00ea p\u00eavajoy\u00ea, p\u00eavajo bi p\u00ea\u015f ve di\u00e7e.<\/span><\/h3>\n<h3 style=\"text-align: justify\"><span style=\"font-family: arial, helvetica, sans-serif\">Heta \u00eero ji bil\u00ee Mustafa Kemal, kes\u00ea ku di hem\u00fb saziy\u00ean dewlet\u00ea de xwed\u00ee h\u00eazeke bi bandor b\u00fbye, bir\u00eaz Erdogan e.&#8221;<\/span><\/h3>\n","protected":false},"excerpt":{"rendered":"<p>Ahmet Turk diyar kir ku p\u00eavajoya niha ne ten\u00ea dan\u00eena \u00e7ekane, ew pirojeyeke mezine, w\u00ee pesn\u00ea Bah\u00e7eli \u00fb Erdogan j\u00ee da \u00fb got: Ez r\u00eaz\u00ea li Dewlet Beg digirim \u00fb Erdogan pi\u015ft\u00ee Ataturk kes\u00ea her\u00ee bi bandore. Hevserok\u00ea ber\u00ea y\u00ea \u015earedariya Bajar\u00ea Mezin a M\u00eard\u00een\u00ea Ahmet Turk\u00ea ku li \u015f\u00fbna w\u00ee qey\u00fbm hatiye dan\u00een ji [&hellip;]<\/p>\n","protected":false},"author":2,"featured_media":1050518,"comment_status":"closed","ping_status":"closed","sticky":false,"template":"","format":"standard","meta":{"footnotes":""},"categories":[31],"tags":[37],"class_list":["post-1050517","post","type-post","status-publish","format-standard","has-post-thumbnail","hentry","category-rojhelata-navin","tag-sereke"],"blocksy_meta":[],"seo_head":"<!-- This site is optimized with the Yoast SEO plugin v27.5 - https:\/\/yoast.com\/product\/yoast-seo-wordpress\/ -->\n<title>Ehmed Turk: Ez r\u00eaz\u00ea li Dewlet Beg digirim \u00fb Erdogan pi\u015ft\u00ee Ataturk kes\u00ea her\u00ee bi bandore - Darka Maz\u00ee<\/title>\n<meta name=\"robots\" content=\"index, follow, max-snippet:-1, max-image-preview:large, max-video-preview:-1\" \/>\n<link rel=\"canonical\" href=\"https:\/\/darkamazi.info\/archives\/1050517\" \/>\n<meta property=\"og:locale\" content=\"en_US\" \/>\n<meta property=\"og:type\" content=\"article\" \/>\n<meta property=\"og:title\" content=\"Ehmed Turk: Ez r\u00eaz\u00ea li Dewlet Beg digirim \u00fb Erdogan pi\u015ft\u00ee Ataturk kes\u00ea her\u00ee bi bandore - Darka Maz\u00ee\" \/>\n<meta property=\"og:description\" content=\"Ahmet Turk diyar kir ku p\u00eavajoya niha ne ten\u00ea dan\u00eena \u00e7ekane, ew pirojeyeke mezine, w\u00ee pesn\u00ea Bah\u00e7eli \u00fb Erdogan j\u00ee da \u00fb got: Ez r\u00eaz\u00ea li Dewlet Beg digirim \u00fb Erdogan pi\u015ft\u00ee Ataturk kes\u00ea her\u00ee bi bandore. Hevserok\u00ea ber\u00ea y\u00ea \u015earedariya Bajar\u00ea Mezin a M\u00eard\u00een\u00ea Ahmet Turk\u00ea ku li \u015f\u00fbna w\u00ee qey\u00fbm hatiye dan\u00een ji [&hellip;]\" \/>\n<meta property=\"og:url\" content=\"https:\/\/darkamazi.info\/archives\/1050517\" \/>\n<meta property=\"og:site_name\" content=\"Darka Maz\u00ee\" \/>\n<meta property=\"article:publisher\" content=\"https:\/\/www.facebook.com\/DarMaziKurmanci\" \/>\n<meta property=\"article:published_time\" content=\"2025-11-03T14:14:02+00:00\" \/>\n<meta property=\"og:image\" content=\"https:\/\/darkamazi.info\/file\/2025\/11\/Ehmed-Turk-Info.jpg\" \/>\n\t<meta property=\"og:image:width\" content=\"900\" \/>\n\t<meta property=\"og:image:height\" content=\"500\" \/>\n\t<meta property=\"og:image:type\" content=\"image\/jpeg\" \/>\n<meta name=\"author\" content=\"darka mazi\" \/>\n<meta name=\"twitter:card\" content=\"summary_large_image\" \/>\n<meta name=\"twitter:creator\" content=\"@DarkaMaziLatini\" \/>\n<meta name=\"twitter:site\" content=\"@DarkaMaziLatini\" \/>\n<meta name=\"twitter:label1\" content=\"Written by\" \/>\n\t<meta name=\"twitter:data1\" content=\"darka mazi\" \/>\n\t<meta name=\"twitter:label2\" content=\"Est. reading time\" \/>\n\t<meta name=\"twitter:data2\" content=\"2 minutes\" \/>\n<script type=\"application\/ld+json\" class=\"seo-schema-graph\">{\"@context\":\"https:\\\/\\\/schema.org\",\"@graph\":[{\"@type\":\"Article\",\"@id\":\"https:\\\/\\\/darkamazi.info\\\/archives\\\/1050517#article\",\"isPartOf\":{\"@id\":\"https:\\\/\\\/darkamazi.info\\\/archives\\\/1050517\"},\"author\":{\"name\":\"darka mazi\",\"@id\":\"https:\\\/\\\/darkamazi.info\\\/#\\\/schema\\\/person\\\/5ad3e24553a0567993fa8ed4bd0a776c\"},\"headline\":\"Ehmed Turk: Ez r\u00eaz\u00ea li Dewlet Beg digirim \u00fb Erdogan pi\u015ft\u00ee Ataturk kes\u00ea her\u00ee bi bandore\",\"datePublished\":\"2025-11-03T14:14:02+00:00\",\"mainEntityOfPage\":{\"@id\":\"https:\\\/\\\/darkamazi.info\\\/archives\\\/1050517\"},\"wordCount\":284,\"publisher\":{\"@id\":\"https:\\\/\\\/darkamazi.info\\\/#organization\"},\"image\":{\"@id\":\"https:\\\/\\\/darkamazi.info\\\/archives\\\/1050517#primaryimage\"},\"thumbnailUrl\":\"https:\\\/\\\/darkamazi.info\\\/darka-content\\\/uploads\\\/2025\\\/11\\\/Ehmed-Turk-Info.jpg\",\"keywords\":[\"sereke\"],\"articleSection\":[\"Rojhelata nav\u00een\"],\"inLanguage\":\"en-US\"},{\"@type\":\"WebPage\",\"@id\":\"https:\\\/\\\/darkamazi.info\\\/archives\\\/1050517\",\"url\":\"https:\\\/\\\/darkamazi.info\\\/archives\\\/1050517\",\"name\":\"Ehmed Turk: Ez r\u00eaz\u00ea li Dewlet Beg digirim \u00fb Erdogan pi\u015ft\u00ee Ataturk kes\u00ea her\u00ee bi bandore - Darka Maz\u00ee\",\"isPartOf\":{\"@id\":\"https:\\\/\\\/darkamazi.info\\\/#website\"},\"primaryImageOfPage\":{\"@id\":\"https:\\\/\\\/darkamazi.info\\\/archives\\\/1050517#primaryimage\"},\"image\":{\"@id\":\"https:\\\/\\\/darkamazi.info\\\/archives\\\/1050517#primaryimage\"},\"thumbnailUrl\":\"https:\\\/\\\/darkamazi.info\\\/darka-content\\\/uploads\\\/2025\\\/11\\\/Ehmed-Turk-Info.jpg\",\"datePublished\":\"2025-11-03T14:14:02+00:00\",\"breadcrumb\":{\"@id\":\"https:\\\/\\\/darkamazi.info\\\/archives\\\/1050517#breadcrumb\"},\"inLanguage\":\"en-US\",\"potentialAction\":[{\"@type\":\"ReadAction\",\"target\":[\"https:\\\/\\\/darkamazi.info\\\/archives\\\/1050517\"]}]},{\"@type\":\"ImageObject\",\"inLanguage\":\"en-US\",\"@id\":\"https:\\\/\\\/darkamazi.info\\\/archives\\\/1050517#primaryimage\",\"url\":\"https:\\\/\\\/darkamazi.info\\\/darka-content\\\/uploads\\\/2025\\\/11\\\/Ehmed-Turk-Info.jpg\",\"contentUrl\":\"https:\\\/\\\/darkamazi.info\\\/darka-content\\\/uploads\\\/2025\\\/11\\\/Ehmed-Turk-Info.jpg\",\"width\":900,\"height\":500,\"caption\":\"Ehmed Turk-Net\"},{\"@type\":\"BreadcrumbList\",\"@id\":\"https:\\\/\\\/darkamazi.info\\\/archives\\\/1050517#breadcrumb\",\"itemListElement\":[{\"@type\":\"ListItem\",\"position\":1,\"name\":\"Home\",\"item\":\"https:\\\/\\\/darkamazi.info\\\/\"},{\"@type\":\"ListItem\",\"position\":2,\"name\":\"Ehmed Turk: Ez r\u00eaz\u00ea li Dewlet Beg digirim \u00fb Erdogan pi\u015ft\u00ee Ataturk kes\u00ea her\u00ee bi bandore\"}]},{\"@type\":\"WebSite\",\"@id\":\"https:\\\/\\\/darkamazi.info\\\/#website\",\"url\":\"https:\\\/\\\/darkamazi.info\\\/\",\"name\":\"Darka Maz\u00ee\",\"description\":\"P\u00eageha Zanyariy\u00ean Nebih\u00eest\u00ee\",\"publisher\":{\"@id\":\"https:\\\/\\\/darkamazi.info\\\/#organization\"},\"potentialAction\":[{\"@type\":\"SearchAction\",\"target\":{\"@type\":\"EntryPoint\",\"urlTemplate\":\"https:\\\/\\\/darkamazi.info\\\/?s={search_term_string}\"},\"query-input\":{\"@type\":\"PropertyValueSpecification\",\"valueRequired\":true,\"valueName\":\"search_term_string\"}}],\"inLanguage\":\"en-US\"},{\"@type\":\"Organization\",\"@id\":\"https:\\\/\\\/darkamazi.info\\\/#organization\",\"name\":\"Darka Maz\u00ee\",\"url\":\"https:\\\/\\\/darkamazi.info\\\/\",\"logo\":{\"@type\":\"ImageObject\",\"inLanguage\":\"en-US\",\"@id\":\"https:\\\/\\\/darkamazi.info\\\/#\\\/schema\\\/logo\\\/image\\\/\",\"url\":\"https:\\\/\\\/darkamazi.info\\\/darka-content\\\/uploads\\\/2017\\\/12\\\/darka-mazi-logo.png\",\"contentUrl\":\"https:\\\/\\\/darkamazi.info\\\/darka-content\\\/uploads\\\/2017\\\/12\\\/darka-mazi-logo.png\",\"width\":151,\"height\":75,\"caption\":\"Darka Maz\u00ee\"},\"image\":{\"@id\":\"https:\\\/\\\/darkamazi.info\\\/#\\\/schema\\\/logo\\\/image\\\/\"},\"sameAs\":[\"https:\\\/\\\/www.facebook.com\\\/DarMaziKurmanci\",\"https:\\\/\\\/x.com\\\/DarkaMaziLatini\",\"https:\\\/\\\/www.instagram.com\\\/darkamazi.kurmanci\\\/\",\"https:\\\/\\\/www.youtube.com\\\/channel\\\/UCa5HkTdmI8U1qCUFuTw8B2g\"]},{\"@type\":\"Person\",\"@id\":\"https:\\\/\\\/darkamazi.info\\\/#\\\/schema\\\/person\\\/5ad3e24553a0567993fa8ed4bd0a776c\",\"name\":\"darka mazi\",\"sameAs\":[\"https:\\\/\\\/darkamazi.info\\\/\"],\"url\":\"https:\\\/\\\/darkamazi.info\\\/archives\\\/author\\\/kurdi\"}]}<\/script>\n<!-- \/ Yoast SEO plugin. -->","seo_head_json":{"title":"Ehmed Turk: Ez r\u00eaz\u00ea li Dewlet Beg digirim \u00fb Erdogan pi\u015ft\u00ee Ataturk kes\u00ea her\u00ee bi bandore - Darka Maz\u00ee","robots":{"index":"index","follow":"follow","max-snippet":"max-snippet:-1","max-image-preview":"max-image-preview:large","max-video-preview":"max-video-preview:-1"},"canonical":"https:\/\/darkamazi.info\/archives\/1050517","og_locale":"en_US","og_type":"article","og_title":"Ehmed Turk: Ez r\u00eaz\u00ea li Dewlet Beg digirim \u00fb Erdogan pi\u015ft\u00ee Ataturk kes\u00ea her\u00ee bi bandore - Darka Maz\u00ee","og_description":"Ahmet Turk diyar kir ku p\u00eavajoya niha ne ten\u00ea dan\u00eena \u00e7ekane, ew pirojeyeke mezine, w\u00ee pesn\u00ea Bah\u00e7eli \u00fb Erdogan j\u00ee da \u00fb got: Ez r\u00eaz\u00ea li Dewlet Beg digirim \u00fb Erdogan pi\u015ft\u00ee Ataturk kes\u00ea her\u00ee bi bandore. Hevserok\u00ea ber\u00ea y\u00ea \u015earedariya Bajar\u00ea Mezin a M\u00eard\u00een\u00ea Ahmet Turk\u00ea ku li \u015f\u00fbna w\u00ee qey\u00fbm hatiye dan\u00een ji [&hellip;]","og_url":"https:\/\/darkamazi.info\/archives\/1050517","og_site_name":"Darka Maz\u00ee","article_publisher":"https:\/\/www.facebook.com\/DarMaziKurmanci","article_published_time":"2025-11-03T14:14:02+00:00","og_image":[{"width":900,"height":500,"url":"https:\/\/darkamazi.info\/file\/2025\/11\/Ehmed-Turk-Info.jpg","type":"image\/jpeg"}],"author":"darka mazi","twitter_card":"summary_large_image","twitter_creator":"@DarkaMaziLatini","twitter_site":"@DarkaMaziLatini","twitter_misc":{"Written by":"darka mazi","Est. reading time":"2 minutes"},"schema":{"@context":"https:\/\/schema.org","@graph":[{"@type":"Article","@id":"https:\/\/darkamazi.info\/archives\/1050517#article","isPartOf":{"@id":"https:\/\/darkamazi.info\/archives\/1050517"},"author":{"name":"darka mazi","@id":"https:\/\/darkamazi.info\/#\/schema\/person\/5ad3e24553a0567993fa8ed4bd0a776c"},"headline":"Ehmed Turk: Ez r\u00eaz\u00ea li Dewlet Beg digirim \u00fb Erdogan pi\u015ft\u00ee Ataturk kes\u00ea her\u00ee bi bandore","datePublished":"2025-11-03T14:14:02+00:00","mainEntityOfPage":{"@id":"https:\/\/darkamazi.info\/archives\/1050517"},"wordCount":284,"publisher":{"@id":"https:\/\/darkamazi.info\/#organization"},"image":{"@id":"https:\/\/darkamazi.info\/archives\/1050517#primaryimage"},"thumbnailUrl":"https:\/\/darkamazi.info\/file\/2025\/11\/Ehmed-Turk-Info.jpg","keywords":["sereke"],"articleSection":["Rojhelata nav\u00een"],"inLanguage":"en-US"},{"@type":"WebPage","@id":"https:\/\/darkamazi.info\/archives\/1050517","url":"https:\/\/darkamazi.info\/archives\/1050517","name":"Ehmed Turk: Ez r\u00eaz\u00ea li Dewlet Beg digirim \u00fb Erdogan pi\u015ft\u00ee Ataturk kes\u00ea her\u00ee bi bandore - Darka Maz\u00ee","isPartOf":{"@id":"https:\/\/darkamazi.info\/#website"},"primaryImageOfPage":{"@id":"https:\/\/darkamazi.info\/archives\/1050517#primaryimage"},"image":{"@id":"https:\/\/darkamazi.info\/archives\/1050517#primaryimage"},"thumbnailUrl":"https:\/\/darkamazi.info\/file\/2025\/11\/Ehmed-Turk-Info.jpg","datePublished":"2025-11-03T14:14:02+00:00","breadcrumb":{"@id":"https:\/\/darkamazi.info\/archives\/1050517#breadcrumb"},"inLanguage":"en-US","potentialAction":[{"@type":"ReadAction","target":["https:\/\/darkamazi.info\/archives\/1050517"]}]},{"@type":"ImageObject","inLanguage":"en-US","@id":"https:\/\/darkamazi.info\/archives\/1050517#primaryimage","url":"https:\/\/darkamazi.info\/file\/2025\/11\/Ehmed-Turk-Info.jpg","contentUrl":"https:\/\/darkamazi.info\/file\/2025\/11\/Ehmed-Turk-Info.jpg","width":900,"height":500,"caption":"Ehmed Turk-Net"},{"@type":"BreadcrumbList","@id":"https:\/\/darkamazi.info\/archives\/1050517#breadcrumb","itemListElement":[{"@type":"ListItem","position":1,"name":"Home","item":"https:\/\/darkamazi.info\/"},{"@type":"ListItem","position":2,"name":"Ehmed Turk: Ez r\u00eaz\u00ea li Dewlet Beg digirim \u00fb Erdogan pi\u015ft\u00ee Ataturk kes\u00ea her\u00ee bi bandore"}]},{"@type":"WebSite","@id":"https:\/\/darkamazi.info\/#website","url":"https:\/\/darkamazi.info\/","name":"Darka Maz\u00ee","description":"P\u00eageha Zanyariy\u00ean Nebih\u00eest\u00ee","publisher":{"@id":"https:\/\/darkamazi.info\/#organization"},"potentialAction":[{"@type":"SearchAction","target":{"@type":"EntryPoint","urlTemplate":"https:\/\/darkamazi.info\/?s={search_term_string}"},"query-input":{"@type":"PropertyValueSpecification","valueRequired":true,"valueName":"search_term_string"}}],"inLanguage":"en-US"},{"@type":"Organization","@id":"https:\/\/darkamazi.info\/#organization","name":"Darka Maz\u00ee","url":"https:\/\/darkamazi.info\/","logo":{"@type":"ImageObject","inLanguage":"en-US","@id":"https:\/\/darkamazi.info\/#\/schema\/logo\/image\/","url":"https:\/\/darkamazi.info\/file\/2017\/12\/darka-mazi-logo.png","contentUrl":"https:\/\/darkamazi.info\/file\/2017\/12\/darka-mazi-logo.png","width":151,"height":75,"caption":"Darka Maz\u00ee"},"image":{"@id":"https:\/\/darkamazi.info\/#\/schema\/logo\/image\/"},"sameAs":["https:\/\/www.facebook.com\/DarMaziKurmanci","https:\/\/x.com\/DarkaMaziLatini","https:\/\/www.instagram.com\/darkamazi.kurmanci\/","https:\/\/www.youtube.com\/channel\/UCa5HkTdmI8U1qCUFuTw8B2g"]},{"@type":"Person","@id":"https:\/\/darkamazi.info\/#\/schema\/person\/5ad3e24553a0567993fa8ed4bd0a776c","name":"darka mazi","sameAs":["https:\/\/darkamazi.info\/"],"url":"https:\/\/darkamazi.info\/archives\/author\/kurdi"}]}},"_links":{"self":[{"href":"https:\/\/darkamazi.info\/funavuv\/wp\/v2\/posts\/1050517","targetHints":{"allow":["GET"]}}],"collection":[{"href":"https:\/\/darkamazi.info\/funavuv\/wp\/v2\/posts"}],"about":[{"href":"https:\/\/darkamazi.info\/funavuv\/wp\/v2\/types\/post"}],"author":[{"embeddable":true,"href":"https:\/\/darkamazi.info\/funavuv\/wp\/v2\/users\/2"}],"replies":[{"embeddable":true,"href":"https:\/\/darkamazi.info\/funavuv\/wp\/v2\/comments?post=1050517"}],"version-history":[{"count":0,"href":"https:\/\/darkamazi.info\/funavuv\/wp\/v2\/posts\/1050517\/revisions"}],"wp:featuredmedia":[{"embeddable":true,"href":"https:\/\/darkamazi.info\/funavuv\/wp\/v2\/media\/1050518"}],"wp:attachment":[{"href":"https:\/\/darkamazi.info\/funavuv\/wp\/v2\/media?parent=1050517"}],"wp:term":[{"taxonomy":"category","embeddable":true,"href":"https:\/\/darkamazi.info\/funavuv\/wp\/v2\/categories?post=1050517"},{"taxonomy":"post_tag","embeddable":true,"href":"https:\/\/darkamazi.info\/funavuv\/wp\/v2\/tags?post=1050517"}],"curies":[{"name":"wp","href":"https:\/\/api.w.org\/{rel}","templated":true}]}}