{"id":1050520,"date":"2025-11-03T17:40:16","date_gmt":"2025-11-03T14:40:16","guid":{"rendered":"https:\/\/darkamazi.info\/?p=1050520"},"modified":"2025-11-03T17:40:16","modified_gmt":"2025-11-03T14:40:16","slug":"ci-reberan-bi-qasi-ocalan-sermezari-u-ruresi-bo-xwe-tomar-nekirine","status":"publish","type":"post","link":"https:\/\/darkamazi.info\/archives\/1050520","title":{"rendered":"\u00c7i r\u00eaberan bi qas\u00ee Ocalan \u015fermezar\u00ee \u00fb r\u00fbre\u015f\u00ee bo xwe tomar nekirine"},"content":{"rendered":"<h3 style=\"text-align: justify\"><span style=\"font-family: 'arial black', sans-serif\">Serok Barzan\u00ee roja p\u00eenc\u015fem\u00eeya rab\u00fbr\u00ee 30 Cotmeha 2025\u00ea li bajar\u00ea Dihok\u00ea bi hejmareka mezin ya dayik \u00fb malbat\u00ean \u015feh\u00eed\u00ean P\u00ea\u015fmergeyan re civiyab\u00fb.<\/span><\/h3>\n<h3 style=\"text-align: justify\"><span style=\"font-family: arial, helvetica, sans-serif\">Serok Barzan\u00ee r\u00eaz \u00fb hurmet\u00ean xwe ji malbat\u00ean \u015feh\u00eedan re an\u00een ziman \u00fb got: &#8220;Ji bil\u00ee xud\u00ea, em xwe ji tu kes\u00ee re na\u00e7em\u00eenin. Ten\u00ea ji bo dayik\u00ean \u015feh\u00eedan \u00fb malbat\u00ean wan, em deh caran xwe di\u00e7em\u00eenin&#8221;.<\/span><\/h3>\n<h3 style=\"text-align: justify\"><span style=\"font-family: arial, helvetica, sans-serif\">R\u00eaber\u00ea PKK\u00ea Abdulla Ocalan j\u00ee di y\u00eakem r\u00fbni\u015ftina dadgeha xwe de li Gulana sala 1999\u00ea daxwaza l\u00eabor\u00een\u00ea ji dayik\u00ean esker\u00ean Tirk kir, esker\u00ean ku ji h\u00eala Ger\u00eelayan ve hatib\u00fbne ku\u015ftin \u00fb wisa ji wan re gotib\u00fb: &#8220;Min div\u00ea beranber x\u00eazan\u00ean bir\u00eaz y\u00ean \u015feh\u00eedan bib\u00eajim: Ez w\u00ea dil\u00ea\u015f\u00eeya giran \u00fb nexwe\u015f\u00eeya hewe di dil\u00ea xwe de j\u00ee parvedike, hevpi\u015fk\u00ea xema x\u00eazan\u00ean \u015feh\u00eedanim, dilgiranim &#8220;.<\/span><\/h3>\n<h3 style=\"text-align: justify\"><span style=\"font-family: arial, helvetica, sans-serif\">Ji destp\u00eaka p\u00eavajoya \u00e7areseriy\u00ea li 27 Sibata \u00eesal \u00fb heya roja me ya \u00eero, Ocalan 5 bangewaz\u00ee kirine \u00fb di tu y\u00eak ji wan de daxwaza l\u00eabor\u00een\u00ea ji dayik\u00ean \u015feh\u00eed\u00ean Ger\u00eelayan nekir, l\u00ea xemg\u00een\u00eeya xwe ya mezin bo 4 esker\u00ean Tirk ragihand ku di \u015fikefteka Ba\u015f\u00fbr\u00ea Kurdistan\u00ea da bi xaz\u00ea fets\u00ee b\u00fbn.<\/span><\/h3>\n<h3 style=\"text-align: justify\"><span style=\"font-family: arial, helvetica, sans-serif\">Ev j\u00ee \u015fermezariyek din e li ser d\u00eeroka pirr\u00ee r\u00fb re\u015f\u00ee ku Abdulla Ocalan bo xwe tomar dike.<\/span><\/h3>\n","protected":false},"excerpt":{"rendered":"<p>Serok Barzan\u00ee roja p\u00eenc\u015fem\u00eeya rab\u00fbr\u00ee 30 Cotmeha 2025\u00ea li bajar\u00ea Dihok\u00ea bi hejmareka mezin ya dayik \u00fb malbat\u00ean \u015feh\u00eed\u00ean P\u00ea\u015fmergeyan re civiyab\u00fb. Serok Barzan\u00ee r\u00eaz \u00fb hurmet\u00ean xwe ji malbat\u00ean \u015feh\u00eedan re an\u00een ziman \u00fb got: &#8220;Ji bil\u00ee xud\u00ea, em xwe ji tu kes\u00ee re na\u00e7em\u00eenin. Ten\u00ea ji bo dayik\u00ean \u015feh\u00eedan \u00fb malbat\u00ean wan, em [&hellip;]<\/p>\n","protected":false},"author":2,"featured_media":1050521,"comment_status":"closed","ping_status":"closed","sticky":false,"template":"","format":"standard","meta":{"footnotes":""},"categories":[29],"tags":[37],"class_list":["post-1050520","post","type-post","status-publish","format-standard","has-post-thumbnail","hentry","category-kurdistan","tag-sereke"],"blocksy_meta":[],"seo_head":"<!-- This site is optimized with the Yoast SEO plugin v27.5 - https:\/\/yoast.com\/product\/yoast-seo-wordpress\/ -->\n<title>\u00c7i r\u00eaberan bi qas\u00ee Ocalan \u015fermezar\u00ee \u00fb r\u00fbre\u015f\u00ee bo xwe tomar nekirine - Darka Maz\u00ee<\/title>\n<meta name=\"robots\" content=\"index, follow, max-snippet:-1, max-image-preview:large, max-video-preview:-1\" \/>\n<link rel=\"canonical\" href=\"https:\/\/darkamazi.info\/archives\/1050520\" \/>\n<meta property=\"og:locale\" content=\"en_US\" \/>\n<meta property=\"og:type\" content=\"article\" \/>\n<meta property=\"og:title\" content=\"\u00c7i r\u00eaberan bi qas\u00ee Ocalan \u015fermezar\u00ee \u00fb r\u00fbre\u015f\u00ee bo xwe tomar nekirine - Darka Maz\u00ee\" \/>\n<meta property=\"og:description\" content=\"Serok Barzan\u00ee roja p\u00eenc\u015fem\u00eeya rab\u00fbr\u00ee 30 Cotmeha 2025\u00ea li bajar\u00ea Dihok\u00ea bi hejmareka mezin ya dayik \u00fb malbat\u00ean \u015feh\u00eed\u00ean P\u00ea\u015fmergeyan re civiyab\u00fb. Serok Barzan\u00ee r\u00eaz \u00fb hurmet\u00ean xwe ji malbat\u00ean \u015feh\u00eedan re an\u00een ziman \u00fb got: &#8220;Ji bil\u00ee xud\u00ea, em xwe ji tu kes\u00ee re na\u00e7em\u00eenin. Ten\u00ea ji bo dayik\u00ean \u015feh\u00eedan \u00fb malbat\u00ean wan, em [&hellip;]\" \/>\n<meta property=\"og:url\" content=\"https:\/\/darkamazi.info\/archives\/1050520\" \/>\n<meta property=\"og:site_name\" content=\"Darka Maz\u00ee\" \/>\n<meta property=\"article:publisher\" content=\"https:\/\/www.facebook.com\/DarMaziKurmanci\" \/>\n<meta property=\"article:published_time\" content=\"2025-11-03T14:40:16+00:00\" \/>\n<meta property=\"og:image\" content=\"https:\/\/darkamazi.info\/file\/2025\/11\/Ocalan-Apo-Info.jpg\" \/>\n\t<meta property=\"og:image:width\" content=\"900\" \/>\n\t<meta property=\"og:image:height\" content=\"500\" \/>\n\t<meta property=\"og:image:type\" content=\"image\/jpeg\" \/>\n<meta name=\"author\" content=\"darka mazi\" \/>\n<meta name=\"twitter:card\" content=\"summary_large_image\" \/>\n<meta name=\"twitter:creator\" content=\"@DarkaMaziLatini\" \/>\n<meta name=\"twitter:site\" content=\"@DarkaMaziLatini\" \/>\n<meta name=\"twitter:label1\" content=\"Written by\" \/>\n\t<meta name=\"twitter:data1\" content=\"darka mazi\" \/>\n\t<meta name=\"twitter:label2\" content=\"Est. reading time\" \/>\n\t<meta name=\"twitter:data2\" content=\"2 minutes\" \/>\n<script type=\"application\/ld+json\" class=\"seo-schema-graph\">{\"@context\":\"https:\\\/\\\/schema.org\",\"@graph\":[{\"@type\":\"Article\",\"@id\":\"https:\\\/\\\/darkamazi.info\\\/archives\\\/1050520#article\",\"isPartOf\":{\"@id\":\"https:\\\/\\\/darkamazi.info\\\/archives\\\/1050520\"},\"author\":{\"name\":\"darka mazi\",\"@id\":\"https:\\\/\\\/darkamazi.info\\\/#\\\/schema\\\/person\\\/5ad3e24553a0567993fa8ed4bd0a776c\"},\"headline\":\"\u00c7i r\u00eaberan bi qas\u00ee Ocalan \u015fermezar\u00ee \u00fb r\u00fbre\u015f\u00ee bo xwe tomar nekirine\",\"datePublished\":\"2025-11-03T14:40:16+00:00\",\"mainEntityOfPage\":{\"@id\":\"https:\\\/\\\/darkamazi.info\\\/archives\\\/1050520\"},\"wordCount\":250,\"publisher\":{\"@id\":\"https:\\\/\\\/darkamazi.info\\\/#organization\"},\"image\":{\"@id\":\"https:\\\/\\\/darkamazi.info\\\/archives\\\/1050520#primaryimage\"},\"thumbnailUrl\":\"https:\\\/\\\/darkamazi.info\\\/darka-content\\\/uploads\\\/2025\\\/11\\\/Ocalan-Apo-Info.jpg\",\"keywords\":[\"sereke\"],\"articleSection\":[\"Kurdistan\"],\"inLanguage\":\"en-US\"},{\"@type\":\"WebPage\",\"@id\":\"https:\\\/\\\/darkamazi.info\\\/archives\\\/1050520\",\"url\":\"https:\\\/\\\/darkamazi.info\\\/archives\\\/1050520\",\"name\":\"\u00c7i r\u00eaberan bi qas\u00ee Ocalan \u015fermezar\u00ee \u00fb r\u00fbre\u015f\u00ee bo xwe tomar nekirine - Darka Maz\u00ee\",\"isPartOf\":{\"@id\":\"https:\\\/\\\/darkamazi.info\\\/#website\"},\"primaryImageOfPage\":{\"@id\":\"https:\\\/\\\/darkamazi.info\\\/archives\\\/1050520#primaryimage\"},\"image\":{\"@id\":\"https:\\\/\\\/darkamazi.info\\\/archives\\\/1050520#primaryimage\"},\"thumbnailUrl\":\"https:\\\/\\\/darkamazi.info\\\/darka-content\\\/uploads\\\/2025\\\/11\\\/Ocalan-Apo-Info.jpg\",\"datePublished\":\"2025-11-03T14:40:16+00:00\",\"breadcrumb\":{\"@id\":\"https:\\\/\\\/darkamazi.info\\\/archives\\\/1050520#breadcrumb\"},\"inLanguage\":\"en-US\",\"potentialAction\":[{\"@type\":\"ReadAction\",\"target\":[\"https:\\\/\\\/darkamazi.info\\\/archives\\\/1050520\"]}]},{\"@type\":\"ImageObject\",\"inLanguage\":\"en-US\",\"@id\":\"https:\\\/\\\/darkamazi.info\\\/archives\\\/1050520#primaryimage\",\"url\":\"https:\\\/\\\/darkamazi.info\\\/darka-content\\\/uploads\\\/2025\\\/11\\\/Ocalan-Apo-Info.jpg\",\"contentUrl\":\"https:\\\/\\\/darkamazi.info\\\/darka-content\\\/uploads\\\/2025\\\/11\\\/Ocalan-Apo-Info.jpg\",\"width\":900,\"height\":500,\"caption\":\"Ocalan-Apo-Info\"},{\"@type\":\"BreadcrumbList\",\"@id\":\"https:\\\/\\\/darkamazi.info\\\/archives\\\/1050520#breadcrumb\",\"itemListElement\":[{\"@type\":\"ListItem\",\"position\":1,\"name\":\"Home\",\"item\":\"https:\\\/\\\/darkamazi.info\\\/\"},{\"@type\":\"ListItem\",\"position\":2,\"name\":\"\u00c7i r\u00eaberan bi qas\u00ee Ocalan \u015fermezar\u00ee \u00fb r\u00fbre\u015f\u00ee bo xwe tomar nekirine\"}]},{\"@type\":\"WebSite\",\"@id\":\"https:\\\/\\\/darkamazi.info\\\/#website\",\"url\":\"https:\\\/\\\/darkamazi.info\\\/\",\"name\":\"Darka Maz\u00ee\",\"description\":\"P\u00eageha Zanyariy\u00ean Nebih\u00eest\u00ee\",\"publisher\":{\"@id\":\"https:\\\/\\\/darkamazi.info\\\/#organization\"},\"potentialAction\":[{\"@type\":\"SearchAction\",\"target\":{\"@type\":\"EntryPoint\",\"urlTemplate\":\"https:\\\/\\\/darkamazi.info\\\/?s={search_term_string}\"},\"query-input\":{\"@type\":\"PropertyValueSpecification\",\"valueRequired\":true,\"valueName\":\"search_term_string\"}}],\"inLanguage\":\"en-US\"},{\"@type\":\"Organization\",\"@id\":\"https:\\\/\\\/darkamazi.info\\\/#organization\",\"name\":\"Darka Maz\u00ee\",\"url\":\"https:\\\/\\\/darkamazi.info\\\/\",\"logo\":{\"@type\":\"ImageObject\",\"inLanguage\":\"en-US\",\"@id\":\"https:\\\/\\\/darkamazi.info\\\/#\\\/schema\\\/logo\\\/image\\\/\",\"url\":\"https:\\\/\\\/darkamazi.info\\\/darka-content\\\/uploads\\\/2017\\\/12\\\/darka-mazi-logo.png\",\"contentUrl\":\"https:\\\/\\\/darkamazi.info\\\/darka-content\\\/uploads\\\/2017\\\/12\\\/darka-mazi-logo.png\",\"width\":151,\"height\":75,\"caption\":\"Darka Maz\u00ee\"},\"image\":{\"@id\":\"https:\\\/\\\/darkamazi.info\\\/#\\\/schema\\\/logo\\\/image\\\/\"},\"sameAs\":[\"https:\\\/\\\/www.facebook.com\\\/DarMaziKurmanci\",\"https:\\\/\\\/x.com\\\/DarkaMaziLatini\",\"https:\\\/\\\/www.instagram.com\\\/darkamazi.kurmanci\\\/\",\"https:\\\/\\\/www.youtube.com\\\/channel\\\/UCa5HkTdmI8U1qCUFuTw8B2g\"]},{\"@type\":\"Person\",\"@id\":\"https:\\\/\\\/darkamazi.info\\\/#\\\/schema\\\/person\\\/5ad3e24553a0567993fa8ed4bd0a776c\",\"name\":\"darka mazi\",\"sameAs\":[\"https:\\\/\\\/darkamazi.info\\\/\"],\"url\":\"https:\\\/\\\/darkamazi.info\\\/archives\\\/author\\\/kurdi\"}]}<\/script>\n<!-- \/ Yoast SEO plugin. -->","seo_head_json":{"title":"\u00c7i r\u00eaberan bi qas\u00ee Ocalan \u015fermezar\u00ee \u00fb r\u00fbre\u015f\u00ee bo xwe tomar nekirine - Darka Maz\u00ee","robots":{"index":"index","follow":"follow","max-snippet":"max-snippet:-1","max-image-preview":"max-image-preview:large","max-video-preview":"max-video-preview:-1"},"canonical":"https:\/\/darkamazi.info\/archives\/1050520","og_locale":"en_US","og_type":"article","og_title":"\u00c7i r\u00eaberan bi qas\u00ee Ocalan \u015fermezar\u00ee \u00fb r\u00fbre\u015f\u00ee bo xwe tomar nekirine - Darka Maz\u00ee","og_description":"Serok Barzan\u00ee roja p\u00eenc\u015fem\u00eeya rab\u00fbr\u00ee 30 Cotmeha 2025\u00ea li bajar\u00ea Dihok\u00ea bi hejmareka mezin ya dayik \u00fb malbat\u00ean \u015feh\u00eed\u00ean P\u00ea\u015fmergeyan re civiyab\u00fb. Serok Barzan\u00ee r\u00eaz \u00fb hurmet\u00ean xwe ji malbat\u00ean \u015feh\u00eedan re an\u00een ziman \u00fb got: &#8220;Ji bil\u00ee xud\u00ea, em xwe ji tu kes\u00ee re na\u00e7em\u00eenin. Ten\u00ea ji bo dayik\u00ean \u015feh\u00eedan \u00fb malbat\u00ean wan, em [&hellip;]","og_url":"https:\/\/darkamazi.info\/archives\/1050520","og_site_name":"Darka Maz\u00ee","article_publisher":"https:\/\/www.facebook.com\/DarMaziKurmanci","article_published_time":"2025-11-03T14:40:16+00:00","og_image":[{"width":900,"height":500,"url":"https:\/\/darkamazi.info\/file\/2025\/11\/Ocalan-Apo-Info.jpg","type":"image\/jpeg"}],"author":"darka mazi","twitter_card":"summary_large_image","twitter_creator":"@DarkaMaziLatini","twitter_site":"@DarkaMaziLatini","twitter_misc":{"Written by":"darka mazi","Est. reading time":"2 minutes"},"schema":{"@context":"https:\/\/schema.org","@graph":[{"@type":"Article","@id":"https:\/\/darkamazi.info\/archives\/1050520#article","isPartOf":{"@id":"https:\/\/darkamazi.info\/archives\/1050520"},"author":{"name":"darka mazi","@id":"https:\/\/darkamazi.info\/#\/schema\/person\/5ad3e24553a0567993fa8ed4bd0a776c"},"headline":"\u00c7i r\u00eaberan bi qas\u00ee Ocalan \u015fermezar\u00ee \u00fb r\u00fbre\u015f\u00ee bo xwe tomar nekirine","datePublished":"2025-11-03T14:40:16+00:00","mainEntityOfPage":{"@id":"https:\/\/darkamazi.info\/archives\/1050520"},"wordCount":250,"publisher":{"@id":"https:\/\/darkamazi.info\/#organization"},"image":{"@id":"https:\/\/darkamazi.info\/archives\/1050520#primaryimage"},"thumbnailUrl":"https:\/\/darkamazi.info\/file\/2025\/11\/Ocalan-Apo-Info.jpg","keywords":["sereke"],"articleSection":["Kurdistan"],"inLanguage":"en-US"},{"@type":"WebPage","@id":"https:\/\/darkamazi.info\/archives\/1050520","url":"https:\/\/darkamazi.info\/archives\/1050520","name":"\u00c7i r\u00eaberan bi qas\u00ee Ocalan \u015fermezar\u00ee \u00fb r\u00fbre\u015f\u00ee bo xwe tomar nekirine - Darka Maz\u00ee","isPartOf":{"@id":"https:\/\/darkamazi.info\/#website"},"primaryImageOfPage":{"@id":"https:\/\/darkamazi.info\/archives\/1050520#primaryimage"},"image":{"@id":"https:\/\/darkamazi.info\/archives\/1050520#primaryimage"},"thumbnailUrl":"https:\/\/darkamazi.info\/file\/2025\/11\/Ocalan-Apo-Info.jpg","datePublished":"2025-11-03T14:40:16+00:00","breadcrumb":{"@id":"https:\/\/darkamazi.info\/archives\/1050520#breadcrumb"},"inLanguage":"en-US","potentialAction":[{"@type":"ReadAction","target":["https:\/\/darkamazi.info\/archives\/1050520"]}]},{"@type":"ImageObject","inLanguage":"en-US","@id":"https:\/\/darkamazi.info\/archives\/1050520#primaryimage","url":"https:\/\/darkamazi.info\/file\/2025\/11\/Ocalan-Apo-Info.jpg","contentUrl":"https:\/\/darkamazi.info\/file\/2025\/11\/Ocalan-Apo-Info.jpg","width":900,"height":500,"caption":"Ocalan-Apo-Info"},{"@type":"BreadcrumbList","@id":"https:\/\/darkamazi.info\/archives\/1050520#breadcrumb","itemListElement":[{"@type":"ListItem","position":1,"name":"Home","item":"https:\/\/darkamazi.info\/"},{"@type":"ListItem","position":2,"name":"\u00c7i r\u00eaberan bi qas\u00ee Ocalan \u015fermezar\u00ee \u00fb r\u00fbre\u015f\u00ee bo xwe tomar nekirine"}]},{"@type":"WebSite","@id":"https:\/\/darkamazi.info\/#website","url":"https:\/\/darkamazi.info\/","name":"Darka Maz\u00ee","description":"P\u00eageha Zanyariy\u00ean Nebih\u00eest\u00ee","publisher":{"@id":"https:\/\/darkamazi.info\/#organization"},"potentialAction":[{"@type":"SearchAction","target":{"@type":"EntryPoint","urlTemplate":"https:\/\/darkamazi.info\/?s={search_term_string}"},"query-input":{"@type":"PropertyValueSpecification","valueRequired":true,"valueName":"search_term_string"}}],"inLanguage":"en-US"},{"@type":"Organization","@id":"https:\/\/darkamazi.info\/#organization","name":"Darka Maz\u00ee","url":"https:\/\/darkamazi.info\/","logo":{"@type":"ImageObject","inLanguage":"en-US","@id":"https:\/\/darkamazi.info\/#\/schema\/logo\/image\/","url":"https:\/\/darkamazi.info\/file\/2017\/12\/darka-mazi-logo.png","contentUrl":"https:\/\/darkamazi.info\/file\/2017\/12\/darka-mazi-logo.png","width":151,"height":75,"caption":"Darka Maz\u00ee"},"image":{"@id":"https:\/\/darkamazi.info\/#\/schema\/logo\/image\/"},"sameAs":["https:\/\/www.facebook.com\/DarMaziKurmanci","https:\/\/x.com\/DarkaMaziLatini","https:\/\/www.instagram.com\/darkamazi.kurmanci\/","https:\/\/www.youtube.com\/channel\/UCa5HkTdmI8U1qCUFuTw8B2g"]},{"@type":"Person","@id":"https:\/\/darkamazi.info\/#\/schema\/person\/5ad3e24553a0567993fa8ed4bd0a776c","name":"darka mazi","sameAs":["https:\/\/darkamazi.info\/"],"url":"https:\/\/darkamazi.info\/archives\/author\/kurdi"}]}},"_links":{"self":[{"href":"https:\/\/darkamazi.info\/funavuv\/wp\/v2\/posts\/1050520","targetHints":{"allow":["GET"]}}],"collection":[{"href":"https:\/\/darkamazi.info\/funavuv\/wp\/v2\/posts"}],"about":[{"href":"https:\/\/darkamazi.info\/funavuv\/wp\/v2\/types\/post"}],"author":[{"embeddable":true,"href":"https:\/\/darkamazi.info\/funavuv\/wp\/v2\/users\/2"}],"replies":[{"embeddable":true,"href":"https:\/\/darkamazi.info\/funavuv\/wp\/v2\/comments?post=1050520"}],"version-history":[{"count":0,"href":"https:\/\/darkamazi.info\/funavuv\/wp\/v2\/posts\/1050520\/revisions"}],"wp:featuredmedia":[{"embeddable":true,"href":"https:\/\/darkamazi.info\/funavuv\/wp\/v2\/media\/1050521"}],"wp:attachment":[{"href":"https:\/\/darkamazi.info\/funavuv\/wp\/v2\/media?parent=1050520"}],"wp:term":[{"taxonomy":"category","embeddable":true,"href":"https:\/\/darkamazi.info\/funavuv\/wp\/v2\/categories?post=1050520"},{"taxonomy":"post_tag","embeddable":true,"href":"https:\/\/darkamazi.info\/funavuv\/wp\/v2\/tags?post=1050520"}],"curies":[{"name":"wp","href":"https:\/\/api.w.org\/{rel}","templated":true}]}}