{"id":1050527,"date":"2025-11-04T11:58:48","date_gmt":"2025-11-04T08:58:48","guid":{"rendered":"https:\/\/darkamazi.info\/?p=1050527"},"modified":"2025-11-04T11:58:48","modified_gmt":"2025-11-04T08:58:48","slug":"heyeta-imraliye-naveroka-hevditina-bi-ocalan-re-eskere-kir","status":"publish","type":"post","link":"https:\/\/darkamazi.info\/archives\/1050527","title":{"rendered":"Heyeta \u00cemraliy\u00ea naveroka hevd\u00eetina bi Ocalan re e\u015fkere kir"},"content":{"rendered":"<h3 style=\"text-align: justify\"><span style=\"font-family: arial, helvetica, sans-serif\">Heyeta \u00cemraliy\u00ea ya DEM Partiy\u00ea ragihand ku wan li \u00cemraliy\u00ea bi R\u00eaber\u00ea PKKy\u00ea Abdullah Ocalan re hevd\u00eetinek &#8220;gelek\u00ee er\u00ean\u00ee&#8221; p\u00eak aniye.<\/span><\/h3>\n<h3 style=\"text-align: justify\"><span style=\"font-family: arial, helvetica, sans-serif\">Li gor\u00ee daxuyaniy\u00ea, Ocalan gotiye, \u201cP\u00eawendiya Tirk \u00fb Kurdan wek\u00ee du st\u00fbn\u00ean hezar sal\u00ee ye\u201d \u00fb div\u00ea \u201cdiyardeya Kurdan bi hem\u00fb aliy\u00ean xwe ve tevl\u00ee yasay\u00eeb\u00fbna komar\u00ea bibe.\u201d<\/span><\/h3>\n<h3 style=\"text-align: justify\"><span style=\"font-family: arial, helvetica, sans-serif\">Heyeta \u00cemraliy\u00ea ya DEM Partiy\u00ea \u00eero 4\u00ea \u00c7iriya Pa\u015f\u00een a 2025an daxuyaniyek belav kir.<\/span><\/h3>\n<h3 style=\"text-align: justify\"><span style=\"font-family: arial, helvetica, sans-serif\">Di daxuyaniy\u00ea de hat gotin ku wan doh 3y\u00ea \u00c7iriya Pa\u015f\u00een bi Ocalan re hevd\u00eetinek p\u00eak aniye ku n\u00eaz\u00eek\u00ee s\u00ea saetan ajotiye.<\/span><\/h3>\n<h3 style=\"text-align: justify\"><span style=\"font-family: arial, helvetica, sans-serif\">Heyet\u00ea diyar kir ku tendurist\u00ee \u00fb moral\u00ea Ocalan &#8220;gelek\u00ee ba\u015f&#8221; b\u00fbye.<\/span><\/h3>\n<h3 style=\"text-align: justify\"><span style=\"font-family: arial, helvetica, sans-serif\">Daxuyaniya Heyeta \u00cemraliy\u00ea wisa ye:<\/span><\/h3>\n<h3 style=\"text-align: justify\"><span style=\"font-family: arial, helvetica, sans-serif\">&#8220;Ji \u00e7apemen\u00ee \u00fb raya gi\u015ft\u00ee re,<\/span><\/h3>\n<h3 style=\"text-align: justify\"><span style=\"font-family: arial, helvetica, sans-serif\">Di 3y\u00ea \u00c7iriya Pa\u015f\u00een a 2025an de me li \u00cemraliy\u00ea bi Bir\u00eaz Abdullah Ocalan re hevd\u00eetineke gelek\u00ee er\u00ean\u00ee p\u00eak an\u00ee ku n\u00eaz\u00eek\u00ee s\u00ea saetan ajot.<\/span><\/h3>\n<h3 style=\"text-align: justify\"><span style=\"font-family: arial, helvetica, sans-serif\">Tendurist\u00ee \u00fb morala w\u00ee gelek\u00ee ba\u015f b\u00fb. W\u00ee di hevd\u00eetina me de bi kurtas\u00ee ev nirxandin kirin:<\/span><\/h3>\n<h3 style=\"text-align: justify\"><span style=\"font-family: arial, helvetica, sans-serif\">Ji bo ku em karibin v\u00ea p\u00eavajoya ku em t\u00ea de ne bi p\u00ea\u015f bixin, p\u00eaw\u00eest e ku d\u00eerok \u00fb sosyoloj\u00ee z\u00eadetir cid\u00ee b\u00ean wergirtin.<\/span><\/h3>\n<h3 style=\"text-align: justify\"><span style=\"font-family: arial, helvetica, sans-serif\">Gir\u00eeng e ku b\u00ea tesb\u00eetkirin ku p\u00eawendiya Tirk \u00fb Kurdan wek\u00ee du st\u00fbn\u00ean hezar sal\u00ee heta roja \u00eero hatiye.<\/span><\/h3>\n<h3 style=\"text-align: justify\"><span style=\"font-family: arial, helvetica, sans-serif\">P\u00eaw\u00eest e bi d\u00eetin, f\u00eamkirin \u00fb sererastkirina van st\u00fbnan p\u00eakvejiyan\u00ea b\u00ea xurtkirin.<\/span><\/h3>\n<h3 style=\"text-align: justify\"><span style=\"font-family: arial, helvetica, sans-serif\">Div\u00ea em ne bi x\u00eazkirina xetan, bi avakirina asoyeke ku pirsgir\u00eak\u00ean me y\u00ean rojane j\u00ee li xwe digire tevbigerin.<\/span><\/h3>\n<h3 style=\"text-align: justify\"><span style=\"font-family: arial, helvetica, sans-serif\">Em di \u015fert \u00fb merc\u00ean s\u00eenordar de ji bo pirsgir\u00eaka d\u00eerok\u00ee hewleke cid\u00ee didin. Em hewl didin qonaxeke er\u00ean\u00ee bi p\u00ea\u015f bixin, ne yeka w\u00earanker \u00fb ney\u00een\u00ee.<\/span><\/h3>\n<h3 style=\"text-align: justify\"><span style=\"font-family: arial, helvetica, sans-serif\">Div\u00ea diyardeya Kurd bi hem\u00fb aliy\u00ean xwe ve tevl\u00ee yasay\u00eeb\u00fbna komar\u00ea bibe \u00fb ji bo v\u00ea j\u00ee p\u00eavajoyeke veguh\u00eaz a bih\u00eaz esas b\u00ea girtin.<\/span><\/h3>\n<h3 style=\"text-align: justify\"><span style=\"font-family: arial, helvetica, sans-serif\">Veguhastina yasay\u00eeb\u00fbn\u00ea wek\u00ee diyardeyeke gi\u015ft\u00ee d\u00ea bingeh\u00ean hiq\u00fbq\u00ee y\u00ean Komara Demokrat\u00eek xurttir bike.<\/span><\/h3>\n<h3 style=\"text-align: justify\"><span style=\"font-family: arial, helvetica, sans-serif\">Derfeta entegrasyona demokrat\u00eek a ku em \u00eero li ber deriy\u00ea w\u00ea ne, hem her\u00eam\u00ee ye \u00fb hem j\u00ee gerd\u00fbn\u00ee ye.<\/span><\/h3>\n<h3 style=\"text-align: justify\"><span style=\"font-family: arial, helvetica, sans-serif\">Ji bo ku em karibin derbas\u00ee qonaxa er\u00ean\u00ee bibin, di v\u00ea p\u00eavajoy\u00ea de ji bo her kes\u00ee gir\u00eengiyeke jiyan\u00ee ye ku bi hestiyar\u00ee, ciddiyet \u00fb bi zaneb\u00fbna berpirsyariy\u00ea tevbigere.\u201d<\/span><\/h3>\n","protected":false},"excerpt":{"rendered":"<p>Heyeta \u00cemraliy\u00ea ya DEM Partiy\u00ea ragihand ku wan li \u00cemraliy\u00ea bi R\u00eaber\u00ea PKKy\u00ea Abdullah Ocalan re hevd\u00eetinek &#8220;gelek\u00ee er\u00ean\u00ee&#8221; p\u00eak aniye. Li gor\u00ee daxuyaniy\u00ea, Ocalan gotiye, \u201cP\u00eawendiya Tirk \u00fb Kurdan wek\u00ee du st\u00fbn\u00ean hezar sal\u00ee ye\u201d \u00fb div\u00ea \u201cdiyardeya Kurdan bi hem\u00fb aliy\u00ean xwe ve tevl\u00ee yasay\u00eeb\u00fbna komar\u00ea bibe.\u201d Heyeta \u00cemraliy\u00ea ya DEM Partiy\u00ea \u00eero [&hellip;]<\/p>\n","protected":false},"author":2,"featured_media":1050528,"comment_status":"closed","ping_status":"closed","sticky":false,"template":"","format":"standard","meta":{"footnotes":""},"categories":[29],"tags":[37],"class_list":["post-1050527","post","type-post","status-publish","format-standard","has-post-thumbnail","hentry","category-kurdistan","tag-sereke"],"blocksy_meta":[],"seo_head":"<!-- This site is optimized with the Yoast SEO plugin v27.5 - https:\/\/yoast.com\/product\/yoast-seo-wordpress\/ -->\n<title>Heyeta \u00cemraliy\u00ea naveroka hevd\u00eetina bi Ocalan re e\u015fkere kir - Darka Maz\u00ee<\/title>\n<meta name=\"robots\" content=\"index, follow, max-snippet:-1, max-image-preview:large, max-video-preview:-1\" \/>\n<link rel=\"canonical\" href=\"https:\/\/darkamazi.info\/archives\/1050527\" \/>\n<meta property=\"og:locale\" content=\"en_US\" \/>\n<meta property=\"og:type\" content=\"article\" \/>\n<meta property=\"og:title\" content=\"Heyeta \u00cemraliy\u00ea naveroka hevd\u00eetina bi Ocalan re e\u015fkere kir - Darka Maz\u00ee\" \/>\n<meta property=\"og:description\" content=\"Heyeta \u00cemraliy\u00ea ya DEM Partiy\u00ea ragihand ku wan li \u00cemraliy\u00ea bi R\u00eaber\u00ea PKKy\u00ea Abdullah Ocalan re hevd\u00eetinek &#8220;gelek\u00ee er\u00ean\u00ee&#8221; p\u00eak aniye. Li gor\u00ee daxuyaniy\u00ea, Ocalan gotiye, \u201cP\u00eawendiya Tirk \u00fb Kurdan wek\u00ee du st\u00fbn\u00ean hezar sal\u00ee ye\u201d \u00fb div\u00ea \u201cdiyardeya Kurdan bi hem\u00fb aliy\u00ean xwe ve tevl\u00ee yasay\u00eeb\u00fbna komar\u00ea bibe.\u201d Heyeta \u00cemraliy\u00ea ya DEM Partiy\u00ea \u00eero [&hellip;]\" \/>\n<meta property=\"og:url\" content=\"https:\/\/darkamazi.info\/archives\/1050527\" \/>\n<meta property=\"og:site_name\" content=\"Darka Maz\u00ee\" \/>\n<meta property=\"article:publisher\" content=\"https:\/\/www.facebook.com\/DarMaziKurmanci\" \/>\n<meta property=\"article:published_time\" content=\"2025-11-04T08:58:48+00:00\" \/>\n<meta property=\"og:image\" content=\"https:\/\/darkamazi.info\/file\/2025\/11\/Imraly-heyet-Ocalan-11.jpg\" \/>\n\t<meta property=\"og:image:width\" content=\"900\" \/>\n\t<meta property=\"og:image:height\" content=\"500\" \/>\n\t<meta property=\"og:image:type\" content=\"image\/jpeg\" \/>\n<meta name=\"author\" content=\"darka mazi\" \/>\n<meta name=\"twitter:card\" content=\"summary_large_image\" \/>\n<meta name=\"twitter:creator\" content=\"@DarkaMaziLatini\" \/>\n<meta name=\"twitter:site\" content=\"@DarkaMaziLatini\" \/>\n<meta name=\"twitter:label1\" content=\"Written by\" \/>\n\t<meta name=\"twitter:data1\" content=\"darka mazi\" \/>\n\t<meta name=\"twitter:label2\" content=\"Est. reading time\" \/>\n\t<meta name=\"twitter:data2\" content=\"2 minutes\" \/>\n<script type=\"application\/ld+json\" class=\"seo-schema-graph\">{\"@context\":\"https:\\\/\\\/schema.org\",\"@graph\":[{\"@type\":\"Article\",\"@id\":\"https:\\\/\\\/darkamazi.info\\\/archives\\\/1050527#article\",\"isPartOf\":{\"@id\":\"https:\\\/\\\/darkamazi.info\\\/archives\\\/1050527\"},\"author\":{\"name\":\"darka mazi\",\"@id\":\"https:\\\/\\\/darkamazi.info\\\/#\\\/schema\\\/person\\\/5ad3e24553a0567993fa8ed4bd0a776c\"},\"headline\":\"Heyeta \u00cemraliy\u00ea naveroka hevd\u00eetina bi Ocalan re e\u015fkere kir\",\"datePublished\":\"2025-11-04T08:58:48+00:00\",\"mainEntityOfPage\":{\"@id\":\"https:\\\/\\\/darkamazi.info\\\/archives\\\/1050527\"},\"wordCount\":408,\"publisher\":{\"@id\":\"https:\\\/\\\/darkamazi.info\\\/#organization\"},\"image\":{\"@id\":\"https:\\\/\\\/darkamazi.info\\\/archives\\\/1050527#primaryimage\"},\"thumbnailUrl\":\"https:\\\/\\\/darkamazi.info\\\/darka-content\\\/uploads\\\/2025\\\/11\\\/Imraly-heyet-Ocalan-11.jpg\",\"keywords\":[\"sereke\"],\"articleSection\":[\"Kurdistan\"],\"inLanguage\":\"en-US\"},{\"@type\":\"WebPage\",\"@id\":\"https:\\\/\\\/darkamazi.info\\\/archives\\\/1050527\",\"url\":\"https:\\\/\\\/darkamazi.info\\\/archives\\\/1050527\",\"name\":\"Heyeta \u00cemraliy\u00ea naveroka hevd\u00eetina bi Ocalan re e\u015fkere kir - Darka Maz\u00ee\",\"isPartOf\":{\"@id\":\"https:\\\/\\\/darkamazi.info\\\/#website\"},\"primaryImageOfPage\":{\"@id\":\"https:\\\/\\\/darkamazi.info\\\/archives\\\/1050527#primaryimage\"},\"image\":{\"@id\":\"https:\\\/\\\/darkamazi.info\\\/archives\\\/1050527#primaryimage\"},\"thumbnailUrl\":\"https:\\\/\\\/darkamazi.info\\\/darka-content\\\/uploads\\\/2025\\\/11\\\/Imraly-heyet-Ocalan-11.jpg\",\"datePublished\":\"2025-11-04T08:58:48+00:00\",\"breadcrumb\":{\"@id\":\"https:\\\/\\\/darkamazi.info\\\/archives\\\/1050527#breadcrumb\"},\"inLanguage\":\"en-US\",\"potentialAction\":[{\"@type\":\"ReadAction\",\"target\":[\"https:\\\/\\\/darkamazi.info\\\/archives\\\/1050527\"]}]},{\"@type\":\"ImageObject\",\"inLanguage\":\"en-US\",\"@id\":\"https:\\\/\\\/darkamazi.info\\\/archives\\\/1050527#primaryimage\",\"url\":\"https:\\\/\\\/darkamazi.info\\\/darka-content\\\/uploads\\\/2025\\\/11\\\/Imraly-heyet-Ocalan-11.jpg\",\"contentUrl\":\"https:\\\/\\\/darkamazi.info\\\/darka-content\\\/uploads\\\/2025\\\/11\\\/Imraly-heyet-Ocalan-11.jpg\",\"width\":900,\"height\":500,\"caption\":\"Imraly-heyet-Ocalan-11\"},{\"@type\":\"BreadcrumbList\",\"@id\":\"https:\\\/\\\/darkamazi.info\\\/archives\\\/1050527#breadcrumb\",\"itemListElement\":[{\"@type\":\"ListItem\",\"position\":1,\"name\":\"Home\",\"item\":\"https:\\\/\\\/darkamazi.info\\\/\"},{\"@type\":\"ListItem\",\"position\":2,\"name\":\"Heyeta \u00cemraliy\u00ea naveroka hevd\u00eetina bi Ocalan re e\u015fkere kir\"}]},{\"@type\":\"WebSite\",\"@id\":\"https:\\\/\\\/darkamazi.info\\\/#website\",\"url\":\"https:\\\/\\\/darkamazi.info\\\/\",\"name\":\"Darka Maz\u00ee\",\"description\":\"P\u00eageha Zanyariy\u00ean Nebih\u00eest\u00ee\",\"publisher\":{\"@id\":\"https:\\\/\\\/darkamazi.info\\\/#organization\"},\"potentialAction\":[{\"@type\":\"SearchAction\",\"target\":{\"@type\":\"EntryPoint\",\"urlTemplate\":\"https:\\\/\\\/darkamazi.info\\\/?s={search_term_string}\"},\"query-input\":{\"@type\":\"PropertyValueSpecification\",\"valueRequired\":true,\"valueName\":\"search_term_string\"}}],\"inLanguage\":\"en-US\"},{\"@type\":\"Organization\",\"@id\":\"https:\\\/\\\/darkamazi.info\\\/#organization\",\"name\":\"Darka Maz\u00ee\",\"url\":\"https:\\\/\\\/darkamazi.info\\\/\",\"logo\":{\"@type\":\"ImageObject\",\"inLanguage\":\"en-US\",\"@id\":\"https:\\\/\\\/darkamazi.info\\\/#\\\/schema\\\/logo\\\/image\\\/\",\"url\":\"https:\\\/\\\/darkamazi.info\\\/darka-content\\\/uploads\\\/2017\\\/12\\\/darka-mazi-logo.png\",\"contentUrl\":\"https:\\\/\\\/darkamazi.info\\\/darka-content\\\/uploads\\\/2017\\\/12\\\/darka-mazi-logo.png\",\"width\":151,\"height\":75,\"caption\":\"Darka Maz\u00ee\"},\"image\":{\"@id\":\"https:\\\/\\\/darkamazi.info\\\/#\\\/schema\\\/logo\\\/image\\\/\"},\"sameAs\":[\"https:\\\/\\\/www.facebook.com\\\/DarMaziKurmanci\",\"https:\\\/\\\/x.com\\\/DarkaMaziLatini\",\"https:\\\/\\\/www.instagram.com\\\/darkamazi.kurmanci\\\/\",\"https:\\\/\\\/www.youtube.com\\\/channel\\\/UCa5HkTdmI8U1qCUFuTw8B2g\"]},{\"@type\":\"Person\",\"@id\":\"https:\\\/\\\/darkamazi.info\\\/#\\\/schema\\\/person\\\/5ad3e24553a0567993fa8ed4bd0a776c\",\"name\":\"darka mazi\",\"sameAs\":[\"https:\\\/\\\/darkamazi.info\\\/\"],\"url\":\"https:\\\/\\\/darkamazi.info\\\/archives\\\/author\\\/kurdi\"}]}<\/script>\n<!-- \/ Yoast SEO plugin. -->","seo_head_json":{"title":"Heyeta \u00cemraliy\u00ea naveroka hevd\u00eetina bi Ocalan re e\u015fkere kir - Darka Maz\u00ee","robots":{"index":"index","follow":"follow","max-snippet":"max-snippet:-1","max-image-preview":"max-image-preview:large","max-video-preview":"max-video-preview:-1"},"canonical":"https:\/\/darkamazi.info\/archives\/1050527","og_locale":"en_US","og_type":"article","og_title":"Heyeta \u00cemraliy\u00ea naveroka hevd\u00eetina bi Ocalan re e\u015fkere kir - Darka Maz\u00ee","og_description":"Heyeta \u00cemraliy\u00ea ya DEM Partiy\u00ea ragihand ku wan li \u00cemraliy\u00ea bi R\u00eaber\u00ea PKKy\u00ea Abdullah Ocalan re hevd\u00eetinek &#8220;gelek\u00ee er\u00ean\u00ee&#8221; p\u00eak aniye. Li gor\u00ee daxuyaniy\u00ea, Ocalan gotiye, \u201cP\u00eawendiya Tirk \u00fb Kurdan wek\u00ee du st\u00fbn\u00ean hezar sal\u00ee ye\u201d \u00fb div\u00ea \u201cdiyardeya Kurdan bi hem\u00fb aliy\u00ean xwe ve tevl\u00ee yasay\u00eeb\u00fbna komar\u00ea bibe.\u201d Heyeta \u00cemraliy\u00ea ya DEM Partiy\u00ea \u00eero [&hellip;]","og_url":"https:\/\/darkamazi.info\/archives\/1050527","og_site_name":"Darka Maz\u00ee","article_publisher":"https:\/\/www.facebook.com\/DarMaziKurmanci","article_published_time":"2025-11-04T08:58:48+00:00","og_image":[{"width":900,"height":500,"url":"https:\/\/darkamazi.info\/file\/2025\/11\/Imraly-heyet-Ocalan-11.jpg","type":"image\/jpeg"}],"author":"darka mazi","twitter_card":"summary_large_image","twitter_creator":"@DarkaMaziLatini","twitter_site":"@DarkaMaziLatini","twitter_misc":{"Written by":"darka mazi","Est. reading time":"2 minutes"},"schema":{"@context":"https:\/\/schema.org","@graph":[{"@type":"Article","@id":"https:\/\/darkamazi.info\/archives\/1050527#article","isPartOf":{"@id":"https:\/\/darkamazi.info\/archives\/1050527"},"author":{"name":"darka mazi","@id":"https:\/\/darkamazi.info\/#\/schema\/person\/5ad3e24553a0567993fa8ed4bd0a776c"},"headline":"Heyeta \u00cemraliy\u00ea naveroka hevd\u00eetina bi Ocalan re e\u015fkere kir","datePublished":"2025-11-04T08:58:48+00:00","mainEntityOfPage":{"@id":"https:\/\/darkamazi.info\/archives\/1050527"},"wordCount":408,"publisher":{"@id":"https:\/\/darkamazi.info\/#organization"},"image":{"@id":"https:\/\/darkamazi.info\/archives\/1050527#primaryimage"},"thumbnailUrl":"https:\/\/darkamazi.info\/file\/2025\/11\/Imraly-heyet-Ocalan-11.jpg","keywords":["sereke"],"articleSection":["Kurdistan"],"inLanguage":"en-US"},{"@type":"WebPage","@id":"https:\/\/darkamazi.info\/archives\/1050527","url":"https:\/\/darkamazi.info\/archives\/1050527","name":"Heyeta \u00cemraliy\u00ea naveroka hevd\u00eetina bi Ocalan re e\u015fkere kir - Darka Maz\u00ee","isPartOf":{"@id":"https:\/\/darkamazi.info\/#website"},"primaryImageOfPage":{"@id":"https:\/\/darkamazi.info\/archives\/1050527#primaryimage"},"image":{"@id":"https:\/\/darkamazi.info\/archives\/1050527#primaryimage"},"thumbnailUrl":"https:\/\/darkamazi.info\/file\/2025\/11\/Imraly-heyet-Ocalan-11.jpg","datePublished":"2025-11-04T08:58:48+00:00","breadcrumb":{"@id":"https:\/\/darkamazi.info\/archives\/1050527#breadcrumb"},"inLanguage":"en-US","potentialAction":[{"@type":"ReadAction","target":["https:\/\/darkamazi.info\/archives\/1050527"]}]},{"@type":"ImageObject","inLanguage":"en-US","@id":"https:\/\/darkamazi.info\/archives\/1050527#primaryimage","url":"https:\/\/darkamazi.info\/file\/2025\/11\/Imraly-heyet-Ocalan-11.jpg","contentUrl":"https:\/\/darkamazi.info\/file\/2025\/11\/Imraly-heyet-Ocalan-11.jpg","width":900,"height":500,"caption":"Imraly-heyet-Ocalan-11"},{"@type":"BreadcrumbList","@id":"https:\/\/darkamazi.info\/archives\/1050527#breadcrumb","itemListElement":[{"@type":"ListItem","position":1,"name":"Home","item":"https:\/\/darkamazi.info\/"},{"@type":"ListItem","position":2,"name":"Heyeta \u00cemraliy\u00ea naveroka hevd\u00eetina bi Ocalan re e\u015fkere kir"}]},{"@type":"WebSite","@id":"https:\/\/darkamazi.info\/#website","url":"https:\/\/darkamazi.info\/","name":"Darka Maz\u00ee","description":"P\u00eageha Zanyariy\u00ean Nebih\u00eest\u00ee","publisher":{"@id":"https:\/\/darkamazi.info\/#organization"},"potentialAction":[{"@type":"SearchAction","target":{"@type":"EntryPoint","urlTemplate":"https:\/\/darkamazi.info\/?s={search_term_string}"},"query-input":{"@type":"PropertyValueSpecification","valueRequired":true,"valueName":"search_term_string"}}],"inLanguage":"en-US"},{"@type":"Organization","@id":"https:\/\/darkamazi.info\/#organization","name":"Darka Maz\u00ee","url":"https:\/\/darkamazi.info\/","logo":{"@type":"ImageObject","inLanguage":"en-US","@id":"https:\/\/darkamazi.info\/#\/schema\/logo\/image\/","url":"https:\/\/darkamazi.info\/file\/2017\/12\/darka-mazi-logo.png","contentUrl":"https:\/\/darkamazi.info\/file\/2017\/12\/darka-mazi-logo.png","width":151,"height":75,"caption":"Darka Maz\u00ee"},"image":{"@id":"https:\/\/darkamazi.info\/#\/schema\/logo\/image\/"},"sameAs":["https:\/\/www.facebook.com\/DarMaziKurmanci","https:\/\/x.com\/DarkaMaziLatini","https:\/\/www.instagram.com\/darkamazi.kurmanci\/","https:\/\/www.youtube.com\/channel\/UCa5HkTdmI8U1qCUFuTw8B2g"]},{"@type":"Person","@id":"https:\/\/darkamazi.info\/#\/schema\/person\/5ad3e24553a0567993fa8ed4bd0a776c","name":"darka mazi","sameAs":["https:\/\/darkamazi.info\/"],"url":"https:\/\/darkamazi.info\/archives\/author\/kurdi"}]}},"_links":{"self":[{"href":"https:\/\/darkamazi.info\/funavuv\/wp\/v2\/posts\/1050527","targetHints":{"allow":["GET"]}}],"collection":[{"href":"https:\/\/darkamazi.info\/funavuv\/wp\/v2\/posts"}],"about":[{"href":"https:\/\/darkamazi.info\/funavuv\/wp\/v2\/types\/post"}],"author":[{"embeddable":true,"href":"https:\/\/darkamazi.info\/funavuv\/wp\/v2\/users\/2"}],"replies":[{"embeddable":true,"href":"https:\/\/darkamazi.info\/funavuv\/wp\/v2\/comments?post=1050527"}],"version-history":[{"count":0,"href":"https:\/\/darkamazi.info\/funavuv\/wp\/v2\/posts\/1050527\/revisions"}],"wp:featuredmedia":[{"embeddable":true,"href":"https:\/\/darkamazi.info\/funavuv\/wp\/v2\/media\/1050528"}],"wp:attachment":[{"href":"https:\/\/darkamazi.info\/funavuv\/wp\/v2\/media?parent=1050527"}],"wp:term":[{"taxonomy":"category","embeddable":true,"href":"https:\/\/darkamazi.info\/funavuv\/wp\/v2\/categories?post=1050527"},{"taxonomy":"post_tag","embeddable":true,"href":"https:\/\/darkamazi.info\/funavuv\/wp\/v2\/tags?post=1050527"}],"curies":[{"name":"wp","href":"https:\/\/api.w.org\/{rel}","templated":true}]}}