{"id":1050531,"date":"2025-11-04T12:32:28","date_gmt":"2025-11-04T09:32:28","guid":{"rendered":"https:\/\/darkamazi.info\/?p=1050531"},"modified":"2025-11-04T12:32:28","modified_gmt":"2025-11-04T09:32:28","slug":"devlet-bahceli-ocalan-heta-niha-sozen-xwe-bi-basi-bi-cih-anine","status":"publish","type":"post","link":"https:\/\/darkamazi.info\/archives\/1050531","title":{"rendered":"Devlet Bah\u00e7el\u00ee: Ocalan heta niha soz\u00ean xwe bi ba\u015f\u00ee bi c\u00eeh an\u00eene"},"content":{"rendered":"<h3 style=\"text-align: justify\"><span style=\"font-family: 'arial black', sans-serif\">Serok\u00ea Gi\u015ft\u00ee y\u00ea MHPy\u00ea Devlet Bah\u00e7el\u00ee li civ\u00eena koma partiya xwe ya li Parlamentoya Tirkiy\u00ea axiv\u00ee \u00fb got: Div\u00ea Kom\u00eesyon bi\u00e7e \u00cemraliy\u00ea \u00fb peyaman ji dev\u00ea yekem werbigire. MHP amade ye bi\u00e7e \u00cemraliy\u00ea.<\/span><\/h3>\n<h3 style=\"text-align: justify\"><span style=\"font-family: arial, helvetica, sans-serif\">Devlet Bah\u00e7el\u00ee, pi\u015ftgir\u00ee da w\u00ea yek\u00ea ku Kom\u00eesyona bi\u00e7e \u00cemraliy\u00ea \u00fb n\u00ear\u00een\u00ean R\u00eaber\u00ea PKK\u00ea Abdullah Ocalan wergire.<\/span><\/h3>\n<h3 style=\"text-align: justify\"><span style=\"font-family: arial, helvetica, sans-serif\">diyar kir, &#8220;T\u00eer ji kevan\u00ea derketiye \u00fb ber\u00ea xwe daye armanca p\u00eeroz&#8221; \u00fb got, armanca wan &#8220;Tirkiyeya B\u00eateror&#8221; e.<\/span><\/h3>\n<h3 style=\"text-align: justify\"><span style=\"font-family: arial, helvetica, sans-serif\">Bah\u00e7el\u00ee da zan\u00een ku Kom\u00eesyona li Parlamentoy\u00ea hatiye avakirin gihi\u015ftiye dawiya xebat\u00ean xwe \u00fb ji bo \u00e7\u00fbna \u00cemraliy\u00ea lambeya kesk p\u00ea xist:<\/span><\/h3>\n<h3 style=\"text-align: justify\"><span style=\"font-family: arial, helvetica, sans-serif\">&#8220;Div\u00ea Kom\u00eesyon bi\u00e7e \u00cemraliy\u00ea \u00fb peyaman ji dev\u00ea yekem werbigire, ev yek d\u00ea p\u00eavajoy\u00ea xurttir bike. N\u00ear\u00een \u00fb raman\u00ean r\u00eabertiya damezr\u00eener a PKKy\u00ea y\u00ean ji bo v\u00ea qonaxa daw\u00ee b\u00ean wergirtin \u00fb n\u00eeqa\u015f\u00ean b\u00eaencam \u00ean ku ev \u00e7end roj in li ser mijar\u00ea t\u00ean kirin, b\u00ean bidaw\u00eekirin. Partiya Tevgera Neteweperest amade ye be\u015fdar\u00ee heyeteke wiha bibe.&#8221;<\/span><\/h3>\n<h3 style=\"text-align: justify\"><span style=\"font-family: arial, helvetica, sans-serif\">Bah\u00e7el\u00ee an\u00ee zim\u00ean ku veki\u015f\u00eena PKK\u00ea ji Tirkiyey\u00ea ge\u015fedaneke gir\u00eeng e \u00fb got, &#8220;Heta niha \u00cemraliy\u00ea soza xwe girtiye \u00fb li pi\u015ft daxuyaniy\u00ean xwe sekin\u00eeye. Ji bo ku em bi h\u00eav\u00ee bin gelek sedem\u00ean me hene.&#8221;<\/span><\/h3>\n<h3 style=\"text-align: justify\"><span style=\"font-family: arial, helvetica, sans-serif\">Serok\u00ea Gi\u015ft\u00ee y\u00ea MHPy\u00ea her wiha li ser pa\u015feroja HSDy\u00ea j\u00ee axiv\u00ee \u00fb got: &#8220;Em tevl\u00eeb\u00fbna endam\u00ean r\u00eaxistin\u00ea bi \u00e7ek\u00ean xwe ve bo nav HSD\/YPGy\u00ea \u00fb daxwaza avakirina tumeneke cuda wek\u00ee gefeke rasterast li ser ewlehiya xwe ya netewey\u00ee dinirx\u00eenin.<\/span><\/h3>\n<h3 style=\"text-align: justify\"><span style=\"font-family: arial, helvetica, sans-serif\">Berdewamkirina heb\u00fbna PKKy\u00ea di bin s\u00eewaneke din de, li dij\u00ee armanc\u00ean &#8216;Tirkiyeya B\u00eateror&#8217; \u00fb &#8216;Her\u00eama B\u00eateror&#8217; e.&#8221;<\/span><\/h3>\n","protected":false},"excerpt":{"rendered":"<p>Serok\u00ea Gi\u015ft\u00ee y\u00ea MHPy\u00ea Devlet Bah\u00e7el\u00ee li civ\u00eena koma partiya xwe ya li Parlamentoya Tirkiy\u00ea axiv\u00ee \u00fb got: Div\u00ea Kom\u00eesyon bi\u00e7e \u00cemraliy\u00ea \u00fb peyaman ji dev\u00ea yekem werbigire. MHP amade ye bi\u00e7e \u00cemraliy\u00ea. Devlet Bah\u00e7el\u00ee, pi\u015ftgir\u00ee da w\u00ea yek\u00ea ku Kom\u00eesyona bi\u00e7e \u00cemraliy\u00ea \u00fb n\u00ear\u00een\u00ean R\u00eaber\u00ea PKK\u00ea Abdullah Ocalan wergire. diyar kir, &#8220;T\u00eer ji kevan\u00ea [&hellip;]<\/p>\n","protected":false},"author":2,"featured_media":1050532,"comment_status":"closed","ping_status":"closed","sticky":false,"template":"","format":"standard","meta":{"footnotes":""},"categories":[31],"tags":[37],"class_list":["post-1050531","post","type-post","status-publish","format-standard","has-post-thumbnail","hentry","category-rojhelata-navin","tag-sereke"],"blocksy_meta":[],"seo_head":"<!-- This site is optimized with the Yoast SEO plugin v27.5 - https:\/\/yoast.com\/product\/yoast-seo-wordpress\/ -->\n<title>Devlet Bah\u00e7el\u00ee: Ocalan heta niha soz\u00ean xwe bi ba\u015f\u00ee bi c\u00eeh an\u00eene - Darka Maz\u00ee<\/title>\n<meta name=\"robots\" content=\"index, follow, max-snippet:-1, max-image-preview:large, max-video-preview:-1\" \/>\n<link rel=\"canonical\" href=\"https:\/\/darkamazi.info\/archives\/1050531\" \/>\n<meta property=\"og:locale\" content=\"en_US\" \/>\n<meta property=\"og:type\" content=\"article\" \/>\n<meta property=\"og:title\" content=\"Devlet Bah\u00e7el\u00ee: Ocalan heta niha soz\u00ean xwe bi ba\u015f\u00ee bi c\u00eeh an\u00eene - Darka Maz\u00ee\" \/>\n<meta property=\"og:description\" content=\"Serok\u00ea Gi\u015ft\u00ee y\u00ea MHPy\u00ea Devlet Bah\u00e7el\u00ee li civ\u00eena koma partiya xwe ya li Parlamentoya Tirkiy\u00ea axiv\u00ee \u00fb got: Div\u00ea Kom\u00eesyon bi\u00e7e \u00cemraliy\u00ea \u00fb peyaman ji dev\u00ea yekem werbigire. MHP amade ye bi\u00e7e \u00cemraliy\u00ea. Devlet Bah\u00e7el\u00ee, pi\u015ftgir\u00ee da w\u00ea yek\u00ea ku Kom\u00eesyona bi\u00e7e \u00cemraliy\u00ea \u00fb n\u00ear\u00een\u00ean R\u00eaber\u00ea PKK\u00ea Abdullah Ocalan wergire. diyar kir, &#8220;T\u00eer ji kevan\u00ea [&hellip;]\" \/>\n<meta property=\"og:url\" content=\"https:\/\/darkamazi.info\/archives\/1050531\" \/>\n<meta property=\"og:site_name\" content=\"Darka Maz\u00ee\" \/>\n<meta property=\"article:publisher\" content=\"https:\/\/www.facebook.com\/DarMaziKurmanci\" \/>\n<meta property=\"article:published_time\" content=\"2025-11-04T09:32:28+00:00\" \/>\n<meta property=\"og:image\" content=\"https:\/\/darkamazi.info\/file\/2025\/11\/Bahceli-imraly-Info.jpg\" \/>\n\t<meta property=\"og:image:width\" content=\"900\" \/>\n\t<meta property=\"og:image:height\" content=\"500\" \/>\n\t<meta property=\"og:image:type\" content=\"image\/jpeg\" \/>\n<meta name=\"author\" content=\"darka mazi\" \/>\n<meta name=\"twitter:card\" content=\"summary_large_image\" \/>\n<meta name=\"twitter:creator\" content=\"@DarkaMaziLatini\" \/>\n<meta name=\"twitter:site\" content=\"@DarkaMaziLatini\" \/>\n<meta name=\"twitter:label1\" content=\"Written by\" \/>\n\t<meta name=\"twitter:data1\" content=\"darka mazi\" \/>\n\t<meta name=\"twitter:label2\" content=\"Est. reading time\" \/>\n\t<meta name=\"twitter:data2\" content=\"2 minutes\" \/>\n<script type=\"application\/ld+json\" class=\"seo-schema-graph\">{\"@context\":\"https:\\\/\\\/schema.org\",\"@graph\":[{\"@type\":\"Article\",\"@id\":\"https:\\\/\\\/darkamazi.info\\\/archives\\\/1050531#article\",\"isPartOf\":{\"@id\":\"https:\\\/\\\/darkamazi.info\\\/archives\\\/1050531\"},\"author\":{\"name\":\"darka mazi\",\"@id\":\"https:\\\/\\\/darkamazi.info\\\/#\\\/schema\\\/person\\\/5ad3e24553a0567993fa8ed4bd0a776c\"},\"headline\":\"Devlet Bah\u00e7el\u00ee: Ocalan heta niha soz\u00ean xwe bi ba\u015f\u00ee bi c\u00eeh an\u00eene\",\"datePublished\":\"2025-11-04T09:32:28+00:00\",\"mainEntityOfPage\":{\"@id\":\"https:\\\/\\\/darkamazi.info\\\/archives\\\/1050531\"},\"wordCount\":306,\"publisher\":{\"@id\":\"https:\\\/\\\/darkamazi.info\\\/#organization\"},\"image\":{\"@id\":\"https:\\\/\\\/darkamazi.info\\\/archives\\\/1050531#primaryimage\"},\"thumbnailUrl\":\"https:\\\/\\\/darkamazi.info\\\/darka-content\\\/uploads\\\/2025\\\/11\\\/Bahceli-imraly-Info.jpg\",\"keywords\":[\"sereke\"],\"articleSection\":[\"Rojhelata nav\u00een\"],\"inLanguage\":\"en-US\"},{\"@type\":\"WebPage\",\"@id\":\"https:\\\/\\\/darkamazi.info\\\/archives\\\/1050531\",\"url\":\"https:\\\/\\\/darkamazi.info\\\/archives\\\/1050531\",\"name\":\"Devlet Bah\u00e7el\u00ee: Ocalan heta niha soz\u00ean xwe bi ba\u015f\u00ee bi c\u00eeh an\u00eene - Darka Maz\u00ee\",\"isPartOf\":{\"@id\":\"https:\\\/\\\/darkamazi.info\\\/#website\"},\"primaryImageOfPage\":{\"@id\":\"https:\\\/\\\/darkamazi.info\\\/archives\\\/1050531#primaryimage\"},\"image\":{\"@id\":\"https:\\\/\\\/darkamazi.info\\\/archives\\\/1050531#primaryimage\"},\"thumbnailUrl\":\"https:\\\/\\\/darkamazi.info\\\/darka-content\\\/uploads\\\/2025\\\/11\\\/Bahceli-imraly-Info.jpg\",\"datePublished\":\"2025-11-04T09:32:28+00:00\",\"breadcrumb\":{\"@id\":\"https:\\\/\\\/darkamazi.info\\\/archives\\\/1050531#breadcrumb\"},\"inLanguage\":\"en-US\",\"potentialAction\":[{\"@type\":\"ReadAction\",\"target\":[\"https:\\\/\\\/darkamazi.info\\\/archives\\\/1050531\"]}]},{\"@type\":\"ImageObject\",\"inLanguage\":\"en-US\",\"@id\":\"https:\\\/\\\/darkamazi.info\\\/archives\\\/1050531#primaryimage\",\"url\":\"https:\\\/\\\/darkamazi.info\\\/darka-content\\\/uploads\\\/2025\\\/11\\\/Bahceli-imraly-Info.jpg\",\"contentUrl\":\"https:\\\/\\\/darkamazi.info\\\/darka-content\\\/uploads\\\/2025\\\/11\\\/Bahceli-imraly-Info.jpg\",\"width\":900,\"height\":500,\"caption\":\"Bahceli-imraly-net\"},{\"@type\":\"BreadcrumbList\",\"@id\":\"https:\\\/\\\/darkamazi.info\\\/archives\\\/1050531#breadcrumb\",\"itemListElement\":[{\"@type\":\"ListItem\",\"position\":1,\"name\":\"Home\",\"item\":\"https:\\\/\\\/darkamazi.info\\\/\"},{\"@type\":\"ListItem\",\"position\":2,\"name\":\"Devlet Bah\u00e7el\u00ee: Ocalan heta niha soz\u00ean xwe bi ba\u015f\u00ee bi c\u00eeh an\u00eene\"}]},{\"@type\":\"WebSite\",\"@id\":\"https:\\\/\\\/darkamazi.info\\\/#website\",\"url\":\"https:\\\/\\\/darkamazi.info\\\/\",\"name\":\"Darka Maz\u00ee\",\"description\":\"P\u00eageha Zanyariy\u00ean Nebih\u00eest\u00ee\",\"publisher\":{\"@id\":\"https:\\\/\\\/darkamazi.info\\\/#organization\"},\"potentialAction\":[{\"@type\":\"SearchAction\",\"target\":{\"@type\":\"EntryPoint\",\"urlTemplate\":\"https:\\\/\\\/darkamazi.info\\\/?s={search_term_string}\"},\"query-input\":{\"@type\":\"PropertyValueSpecification\",\"valueRequired\":true,\"valueName\":\"search_term_string\"}}],\"inLanguage\":\"en-US\"},{\"@type\":\"Organization\",\"@id\":\"https:\\\/\\\/darkamazi.info\\\/#organization\",\"name\":\"Darka Maz\u00ee\",\"url\":\"https:\\\/\\\/darkamazi.info\\\/\",\"logo\":{\"@type\":\"ImageObject\",\"inLanguage\":\"en-US\",\"@id\":\"https:\\\/\\\/darkamazi.info\\\/#\\\/schema\\\/logo\\\/image\\\/\",\"url\":\"https:\\\/\\\/darkamazi.info\\\/darka-content\\\/uploads\\\/2017\\\/12\\\/darka-mazi-logo.png\",\"contentUrl\":\"https:\\\/\\\/darkamazi.info\\\/darka-content\\\/uploads\\\/2017\\\/12\\\/darka-mazi-logo.png\",\"width\":151,\"height\":75,\"caption\":\"Darka Maz\u00ee\"},\"image\":{\"@id\":\"https:\\\/\\\/darkamazi.info\\\/#\\\/schema\\\/logo\\\/image\\\/\"},\"sameAs\":[\"https:\\\/\\\/www.facebook.com\\\/DarMaziKurmanci\",\"https:\\\/\\\/x.com\\\/DarkaMaziLatini\",\"https:\\\/\\\/www.instagram.com\\\/darkamazi.kurmanci\\\/\",\"https:\\\/\\\/www.youtube.com\\\/channel\\\/UCa5HkTdmI8U1qCUFuTw8B2g\"]},{\"@type\":\"Person\",\"@id\":\"https:\\\/\\\/darkamazi.info\\\/#\\\/schema\\\/person\\\/5ad3e24553a0567993fa8ed4bd0a776c\",\"name\":\"darka mazi\",\"sameAs\":[\"https:\\\/\\\/darkamazi.info\\\/\"],\"url\":\"https:\\\/\\\/darkamazi.info\\\/archives\\\/author\\\/kurdi\"}]}<\/script>\n<!-- \/ Yoast SEO plugin. -->","seo_head_json":{"title":"Devlet Bah\u00e7el\u00ee: Ocalan heta niha soz\u00ean xwe bi ba\u015f\u00ee bi c\u00eeh an\u00eene - Darka Maz\u00ee","robots":{"index":"index","follow":"follow","max-snippet":"max-snippet:-1","max-image-preview":"max-image-preview:large","max-video-preview":"max-video-preview:-1"},"canonical":"https:\/\/darkamazi.info\/archives\/1050531","og_locale":"en_US","og_type":"article","og_title":"Devlet Bah\u00e7el\u00ee: Ocalan heta niha soz\u00ean xwe bi ba\u015f\u00ee bi c\u00eeh an\u00eene - Darka Maz\u00ee","og_description":"Serok\u00ea Gi\u015ft\u00ee y\u00ea MHPy\u00ea Devlet Bah\u00e7el\u00ee li civ\u00eena koma partiya xwe ya li Parlamentoya Tirkiy\u00ea axiv\u00ee \u00fb got: Div\u00ea Kom\u00eesyon bi\u00e7e \u00cemraliy\u00ea \u00fb peyaman ji dev\u00ea yekem werbigire. MHP amade ye bi\u00e7e \u00cemraliy\u00ea. Devlet Bah\u00e7el\u00ee, pi\u015ftgir\u00ee da w\u00ea yek\u00ea ku Kom\u00eesyona bi\u00e7e \u00cemraliy\u00ea \u00fb n\u00ear\u00een\u00ean R\u00eaber\u00ea PKK\u00ea Abdullah Ocalan wergire. diyar kir, &#8220;T\u00eer ji kevan\u00ea [&hellip;]","og_url":"https:\/\/darkamazi.info\/archives\/1050531","og_site_name":"Darka Maz\u00ee","article_publisher":"https:\/\/www.facebook.com\/DarMaziKurmanci","article_published_time":"2025-11-04T09:32:28+00:00","og_image":[{"width":900,"height":500,"url":"https:\/\/darkamazi.info\/file\/2025\/11\/Bahceli-imraly-Info.jpg","type":"image\/jpeg"}],"author":"darka mazi","twitter_card":"summary_large_image","twitter_creator":"@DarkaMaziLatini","twitter_site":"@DarkaMaziLatini","twitter_misc":{"Written by":"darka mazi","Est. reading time":"2 minutes"},"schema":{"@context":"https:\/\/schema.org","@graph":[{"@type":"Article","@id":"https:\/\/darkamazi.info\/archives\/1050531#article","isPartOf":{"@id":"https:\/\/darkamazi.info\/archives\/1050531"},"author":{"name":"darka mazi","@id":"https:\/\/darkamazi.info\/#\/schema\/person\/5ad3e24553a0567993fa8ed4bd0a776c"},"headline":"Devlet Bah\u00e7el\u00ee: Ocalan heta niha soz\u00ean xwe bi ba\u015f\u00ee bi c\u00eeh an\u00eene","datePublished":"2025-11-04T09:32:28+00:00","mainEntityOfPage":{"@id":"https:\/\/darkamazi.info\/archives\/1050531"},"wordCount":306,"publisher":{"@id":"https:\/\/darkamazi.info\/#organization"},"image":{"@id":"https:\/\/darkamazi.info\/archives\/1050531#primaryimage"},"thumbnailUrl":"https:\/\/darkamazi.info\/file\/2025\/11\/Bahceli-imraly-Info.jpg","keywords":["sereke"],"articleSection":["Rojhelata nav\u00een"],"inLanguage":"en-US"},{"@type":"WebPage","@id":"https:\/\/darkamazi.info\/archives\/1050531","url":"https:\/\/darkamazi.info\/archives\/1050531","name":"Devlet Bah\u00e7el\u00ee: Ocalan heta niha soz\u00ean xwe bi ba\u015f\u00ee bi c\u00eeh an\u00eene - Darka Maz\u00ee","isPartOf":{"@id":"https:\/\/darkamazi.info\/#website"},"primaryImageOfPage":{"@id":"https:\/\/darkamazi.info\/archives\/1050531#primaryimage"},"image":{"@id":"https:\/\/darkamazi.info\/archives\/1050531#primaryimage"},"thumbnailUrl":"https:\/\/darkamazi.info\/file\/2025\/11\/Bahceli-imraly-Info.jpg","datePublished":"2025-11-04T09:32:28+00:00","breadcrumb":{"@id":"https:\/\/darkamazi.info\/archives\/1050531#breadcrumb"},"inLanguage":"en-US","potentialAction":[{"@type":"ReadAction","target":["https:\/\/darkamazi.info\/archives\/1050531"]}]},{"@type":"ImageObject","inLanguage":"en-US","@id":"https:\/\/darkamazi.info\/archives\/1050531#primaryimage","url":"https:\/\/darkamazi.info\/file\/2025\/11\/Bahceli-imraly-Info.jpg","contentUrl":"https:\/\/darkamazi.info\/file\/2025\/11\/Bahceli-imraly-Info.jpg","width":900,"height":500,"caption":"Bahceli-imraly-net"},{"@type":"BreadcrumbList","@id":"https:\/\/darkamazi.info\/archives\/1050531#breadcrumb","itemListElement":[{"@type":"ListItem","position":1,"name":"Home","item":"https:\/\/darkamazi.info\/"},{"@type":"ListItem","position":2,"name":"Devlet Bah\u00e7el\u00ee: Ocalan heta niha soz\u00ean xwe bi ba\u015f\u00ee bi c\u00eeh an\u00eene"}]},{"@type":"WebSite","@id":"https:\/\/darkamazi.info\/#website","url":"https:\/\/darkamazi.info\/","name":"Darka Maz\u00ee","description":"P\u00eageha Zanyariy\u00ean Nebih\u00eest\u00ee","publisher":{"@id":"https:\/\/darkamazi.info\/#organization"},"potentialAction":[{"@type":"SearchAction","target":{"@type":"EntryPoint","urlTemplate":"https:\/\/darkamazi.info\/?s={search_term_string}"},"query-input":{"@type":"PropertyValueSpecification","valueRequired":true,"valueName":"search_term_string"}}],"inLanguage":"en-US"},{"@type":"Organization","@id":"https:\/\/darkamazi.info\/#organization","name":"Darka Maz\u00ee","url":"https:\/\/darkamazi.info\/","logo":{"@type":"ImageObject","inLanguage":"en-US","@id":"https:\/\/darkamazi.info\/#\/schema\/logo\/image\/","url":"https:\/\/darkamazi.info\/file\/2017\/12\/darka-mazi-logo.png","contentUrl":"https:\/\/darkamazi.info\/file\/2017\/12\/darka-mazi-logo.png","width":151,"height":75,"caption":"Darka Maz\u00ee"},"image":{"@id":"https:\/\/darkamazi.info\/#\/schema\/logo\/image\/"},"sameAs":["https:\/\/www.facebook.com\/DarMaziKurmanci","https:\/\/x.com\/DarkaMaziLatini","https:\/\/www.instagram.com\/darkamazi.kurmanci\/","https:\/\/www.youtube.com\/channel\/UCa5HkTdmI8U1qCUFuTw8B2g"]},{"@type":"Person","@id":"https:\/\/darkamazi.info\/#\/schema\/person\/5ad3e24553a0567993fa8ed4bd0a776c","name":"darka mazi","sameAs":["https:\/\/darkamazi.info\/"],"url":"https:\/\/darkamazi.info\/archives\/author\/kurdi"}]}},"_links":{"self":[{"href":"https:\/\/darkamazi.info\/funavuv\/wp\/v2\/posts\/1050531","targetHints":{"allow":["GET"]}}],"collection":[{"href":"https:\/\/darkamazi.info\/funavuv\/wp\/v2\/posts"}],"about":[{"href":"https:\/\/darkamazi.info\/funavuv\/wp\/v2\/types\/post"}],"author":[{"embeddable":true,"href":"https:\/\/darkamazi.info\/funavuv\/wp\/v2\/users\/2"}],"replies":[{"embeddable":true,"href":"https:\/\/darkamazi.info\/funavuv\/wp\/v2\/comments?post=1050531"}],"version-history":[{"count":0,"href":"https:\/\/darkamazi.info\/funavuv\/wp\/v2\/posts\/1050531\/revisions"}],"wp:featuredmedia":[{"embeddable":true,"href":"https:\/\/darkamazi.info\/funavuv\/wp\/v2\/media\/1050532"}],"wp:attachment":[{"href":"https:\/\/darkamazi.info\/funavuv\/wp\/v2\/media?parent=1050531"}],"wp:term":[{"taxonomy":"category","embeddable":true,"href":"https:\/\/darkamazi.info\/funavuv\/wp\/v2\/categories?post=1050531"},{"taxonomy":"post_tag","embeddable":true,"href":"https:\/\/darkamazi.info\/funavuv\/wp\/v2\/tags?post=1050531"}],"curies":[{"name":"wp","href":"https:\/\/api.w.org\/{rel}","templated":true}]}}