{"id":1050540,"date":"2025-11-04T18:33:27","date_gmt":"2025-11-04T15:33:27","guid":{"rendered":"https:\/\/darkamazi.info\/?p=1050540"},"modified":"2025-11-04T18:33:27","modified_gmt":"2025-11-04T15:33:27","slug":"banga-min-ji-bona-dayik-u-baven-gerilayen-di-nava-pkk-de","status":"publish","type":"post","link":"https:\/\/darkamazi.info\/archives\/1050540","title":{"rendered":"Banga min ji bona dayik \u00fb bav\u00ean ger\u00eelay\u00ean di nava PKK de"},"content":{"rendered":"<h3 style=\"text-align: justify\"><span style=\"font-family: 'arial black', sans-serif;color: #0000ff\">B\u00fbb\u00ea Eser<\/span><\/h3>\n<h3 style=\"text-align: justify\"><span style=\"font-family: 'arial black', sans-serif\">Bav \u00fb Dayik\u00ean ger\u00eelay\u00ean pkk, zarok\u00ean we ji bona azad\u00ee \u00fb serxwen\u00fbna Kurdistan\u00ea, bi w\u00earek\u00ee \u00e7\u00fbn ser\u00ea \u00e7iyay\u00ean Kurdistan\u00ea da ku welat\u00ea xwe azad bikin.<\/span><\/h3>\n<h3 style=\"text-align: justify\">Di armanc \u00fb hedefa wan de demokrat\u00eekb\u00fbna tirkiy\u00ea tune b\u00fb. Demokrasiya serdestan ne kar\u00ea welatpar\u00eaz \u00fb \u015fore\u015fger\u00ean milet\u00ean bin dest e. Teko\u015f\u00een azad\u00ee \u00fb berxwedana wan ew e ku welat\u00ea xwe azad \u00fb xelk\u00ea xwe bipar\u00eazin.<\/h3>\n<h3 style=\"text-align: justify\">Her \u00e7uwanek\u00ee ku \u00e7\u00fbn ser\u00ee \u00e7iyan \u00fb b\u00fbne ger\u00eela, armanc, hedef \u00fb daxwaza wan ew b\u00fb ku welat\u00ea xwe azad bikin. Ala Kurdistan\u00ea di nava al\u00ean c\u00eehan\u00ea de bilind bikin. Mirov\u00ean xwe y\u00ean sed sal b\u00fb ku weke kole dijiyan, ji w\u00ea koledariy\u00ea azad bikin.<\/h3>\n<h3 style=\"text-align: justify\">Ji bona ew \u015fer bi serbikeve \u00fb Kurdistan azad bibe, milet\u00ea Kurd bedel\u00ean mezin dan. Mal \u00fb zaroy\u00ean xwe dan, can \u00fb perey\u00ean xwe dan. Zarok\u00ean xwe \u015fandin ku Kurdistan\u00ea azad bikin.<\/h3>\n<h3 style=\"text-align: justify\">L\u00ea mixabin \u00eero t\u00ea f\u00eamkirin ku ew bedelana hem\u00ee ji bona demokrat\u00eekb\u00fbna dagir-keran b\u00fb. \u00cero hat f\u00eam kirin ku ewqas bedel\u00ean hatin day\u00ean hem\u00ee ji bona demokrasiya tirkiy\u00ea b\u00fb. \u00cad\u00ee ev zelal \u00fb vekir\u00ee hate f\u00eam kirin.<\/h3>\n<h3 style=\"text-align: justify\">Pkk dib\u00eajin: \u201dme \u00e7ek dan\u00een \u00fb \u00ead\u00ee em \u00ea li hember tirkiy\u00ea \u00e7ekan bi kar neynin\u201d. Yan\u00ee \u00e7ekdan\u00eena wan tenha li hember dewleta tirk e. Ew j\u00ee t\u00ea w\u00ea watay\u00ea ku ji bona tirkiyeke xurt ew bedelana hatib\u00fbn day\u00een.<\/h3>\n<h3 style=\"text-align: justify\">Bala xwe bidin\u00ea roja pkk \u00e7ek\u00ean xwe dan\u00ee \u00fb heta niha 130 ger\u00eeley\u00ean xwe ku\u015ftune. Ez weha bawerim d\u00ea ev ku\u015ftin li vir nesekine. Heta ku pkk xwe bi temam\u00ee hilwe\u015f\u00eene \u00fb li mala xwe venegere, d\u00ea hem\u00ee ger\u00eelay\u00ean welatpar\u00eaz y\u00ean di nava xwe de bikujin pi\u015ftre j\u00ee w\u00ea bi temam\u00ee \u00e7ek\u00ean xwe li xwediy\u00ea wan veger\u00eene.<\/h3>\n<h3 style=\"text-align: justify\">Ji ber v\u00ea, gaz\u00ee dayik \u00fb bav\u00ean ger\u00eelay\u00ean qehreman dikim ku div\u00ea xwed\u00ee li zarok\u00ean xwe derkevin. Ya na yek ger\u00eelay\u00ean kurd ku b\u00eahna kurdistan\u00ea\u00a0 ji wan b\u00ea d\u00ea nem\u00eenin. Pi\u015ft\u00ee qa\u015fo \u00e7ekdan\u00een\u00ea d\u00ea hemiyan bikujin. Ji xwe armanca pkk ya \u00a0bi temam\u00ee netesl\u00eemkirina \u00e7ekan yek j\u00ea j\u00ee ev e.<\/h3>\n<h3 style=\"text-align: justify\">Div\u00ea em \u00fb hem\u00ee dayik \u00fb bav\u00ean ger\u00eelayan, xwed\u00ee li wan derkevin. Ji bona ney\u00ean ku\u015ftun, bi r\u00eaya Komeley\u00ean navnetewey\u00ee y\u00ean \u00eensan\u00ee, bi r\u00eaya xa\u00e7a sor \u00fb li ser dest\u00ea Amnest\u00ea div\u00ea em xwed\u00ee li wan ger\u00eelay\u00ean ji bona azadiya welat\u00ea xwe \u00e7\u00fbb\u00fbn ser\u00ea \u00e7iyan derkevin, bipar\u00eazin \u00fb wan li d\u00ea \u00fb bav\u00ean wan veger\u00eenin.<\/h3>\n<h3 style=\"text-align: justify\">Heger em weke milet\u00ea kurd li hember ku\u015ftin\u00ean li ser dest\u00ea pkk y\u00ean ku pi\u015ft\u00ee \u00e7ekdan\u00een\u00ea dernekevin, b\u00ea helwest bim\u00eenin, w\u00ea gelek ger\u00eelay\u00ean canf\u00eeda b\u00eane ku\u015ftin. Ji ger\u00eeley\u00ean t\u00eane ku\u015ftin t\u00ea f\u00eam kirin ku ger\u00eelay\u00ean pi\u015ft\u00ee \u00e7ekdan\u00een\u00ea j\u00ee \u00a0ancax ji caran yek sax bim\u00eenin, wana j\u00ee ya w\u00ea zilam\u00ea dewlet\u00ea bin, ya j\u00ee mir\u00eed\u00ea Evdila bin.<\/h3>\n<h3 style=\"text-align: justify\">De kerem bikin \u00fb div\u00ea em weke milet bi hevre li dij ku\u015ftin\u00ean ger\u00eelay\u00ean y\u00ean pi\u015ft\u00ee \u00e7ekdan\u00eena pkk, b\u00ea deng nem\u00eenn. Ji ber \u00ead\u00ee pkk li gor gotin \u00fb r\u00ean\u00ee\u015fandana Bax\u00e7el\u00ee tevdigere. Mirov bi rehet\u00ee dikare b\u00eaji ku serok\u00ea pkk \u00ea niha Bax\u00e7el\u00ee bi xwe ye.<\/h3>\n<h3 style=\"text-align: justify\">D\u00ea \u00fb bav\u00ean ger\u00eelan xwed\u00ee li zarok\u00ean xwe derkevin. Wan bi ten\u00ea neh\u00ealin. Ya na h\u00fbn\u00ea cenazey\u00ean wan j\u00ee neb\u00eenin. Ser\u00ee li hukumeta her\u00eama Kurdistan\u00ea bidin da ku ew j\u00ee ji we re bibin al\u00eekar. Nameyan ji serok\u00ea her\u00eama Kurdistan\u00ea r\u00eazdar N\u00ea\u00e7\u00eervan Barzan\u00ee re bi\u015f\u00eenin da ku ew di qada navnetewey\u00ee de xwed\u00ea li zarok\u00ean we derkev e.<\/h3>\n<h3 style=\"text-align: justify\">Kurdno, siyasetmedarno, part\u00ee \u00fb r\u00eaxistinino, ji v\u00ea rew\u015fa n\u00fb ya pkk haydar bin. Yekitiya xwe p\u00eak b\u00eenin da ku h\u00fbn j\u00ee neqedin \u00fb xwed\u00ee li zarok\u00ean xwe \u00fb li ger\u00eelay\u00ean canfeday\u00ean welat\u00ea xwe derkevin.<\/h3>\n<h3 style=\"text-align: justify\">Bi me\u015f, xwep\u00ea\u015fandan, belovok, sem\u00eener \u00fb konferansan v\u00ea rew\u015f\u00ea ji ewropiyan ra zelal bikin. Zelal bikin \u00fb bidin f\u00eamhkirin\u00ea ku her ku\u015ftina ger\u00eelayek\u00ee pi\u015ft\u00ee p\u00eavajoya a\u015fitiy\u00ea(!) ku destp\u00eahatiye kirin\u00ea, qat\u00eel ango kujer pkk \u00fb Dewlet bi xwe ye\u2026<\/h3>\n<h3 style=\"text-align: justify\">Niv\u00eesa xwe bi gotineke Bak\u00ee Karere diqed\u00eenim. \u201dPKK tevgereke kurd kuj e\u201d.<\/h3>\n","protected":false},"excerpt":{"rendered":"<p>B\u00fbb\u00ea Eser Bav \u00fb Dayik\u00ean ger\u00eelay\u00ean pkk, zarok\u00ean we ji bona azad\u00ee \u00fb serxwen\u00fbna Kurdistan\u00ea, bi w\u00earek\u00ee \u00e7\u00fbn ser\u00ea \u00e7iyay\u00ean Kurdistan\u00ea da ku welat\u00ea xwe azad bikin. Di armanc \u00fb hedefa wan de demokrat\u00eekb\u00fbna tirkiy\u00ea tune b\u00fb. Demokrasiya serdestan ne kar\u00ea welatpar\u00eaz \u00fb \u015fore\u015fger\u00ean milet\u00ean bin dest e. Teko\u015f\u00een azad\u00ee \u00fb berxwedana wan ew e [&hellip;]<\/p>\n","protected":false},"author":2,"featured_media":1050407,"comment_status":"closed","ping_status":"closed","sticky":false,"template":"","format":"standard","meta":{"footnotes":""},"categories":[28],"tags":[83,37],"class_list":["post-1050540","post","type-post","status-publish","format-standard","has-post-thumbnail","hentry","category-nerin","tag-bube-eser","tag-sereke"],"blocksy_meta":[],"seo_head":"<!-- This site is optimized with the Yoast SEO plugin v27.5 - https:\/\/yoast.com\/product\/yoast-seo-wordpress\/ -->\n<title>Banga min ji bona dayik \u00fb bav\u00ean ger\u00eelay\u00ean di nava PKK de - Darka Maz\u00ee<\/title>\n<meta name=\"robots\" content=\"index, follow, max-snippet:-1, max-image-preview:large, max-video-preview:-1\" \/>\n<link rel=\"canonical\" href=\"https:\/\/darkamazi.info\/archives\/1050540\" \/>\n<meta property=\"og:locale\" content=\"en_US\" \/>\n<meta property=\"og:type\" content=\"article\" \/>\n<meta property=\"og:title\" content=\"Banga min ji bona dayik \u00fb bav\u00ean ger\u00eelay\u00ean di nava PKK de - Darka Maz\u00ee\" \/>\n<meta property=\"og:description\" content=\"B\u00fbb\u00ea Eser Bav \u00fb Dayik\u00ean ger\u00eelay\u00ean pkk, zarok\u00ean we ji bona azad\u00ee \u00fb serxwen\u00fbna Kurdistan\u00ea, bi w\u00earek\u00ee \u00e7\u00fbn ser\u00ea \u00e7iyay\u00ean Kurdistan\u00ea da ku welat\u00ea xwe azad bikin. Di armanc \u00fb hedefa wan de demokrat\u00eekb\u00fbna tirkiy\u00ea tune b\u00fb. Demokrasiya serdestan ne kar\u00ea welatpar\u00eaz \u00fb \u015fore\u015fger\u00ean milet\u00ean bin dest e. Teko\u015f\u00een azad\u00ee \u00fb berxwedana wan ew e [&hellip;]\" \/>\n<meta property=\"og:url\" content=\"https:\/\/darkamazi.info\/archives\/1050540\" \/>\n<meta property=\"og:site_name\" content=\"Darka Maz\u00ee\" \/>\n<meta property=\"article:publisher\" content=\"https:\/\/www.facebook.com\/DarMaziKurmanci\" \/>\n<meta property=\"article:published_time\" content=\"2025-11-04T15:33:27+00:00\" \/>\n<meta property=\"og:image\" content=\"https:\/\/darkamazi.info\/file\/2025\/10\/Bube-eser-1-1.jpg\" \/>\n\t<meta property=\"og:image:width\" content=\"900\" \/>\n\t<meta property=\"og:image:height\" content=\"497\" \/>\n\t<meta property=\"og:image:type\" content=\"image\/jpeg\" \/>\n<meta name=\"author\" content=\"darka mazi\" \/>\n<meta name=\"twitter:card\" content=\"summary_large_image\" \/>\n<meta name=\"twitter:creator\" content=\"@DarkaMaziLatini\" \/>\n<meta name=\"twitter:site\" content=\"@DarkaMaziLatini\" \/>\n<meta name=\"twitter:label1\" content=\"Written by\" \/>\n\t<meta name=\"twitter:data1\" content=\"darka mazi\" \/>\n\t<meta name=\"twitter:label2\" content=\"Est. reading time\" \/>\n\t<meta name=\"twitter:data2\" content=\"3 minutes\" \/>\n<script type=\"application\/ld+json\" class=\"seo-schema-graph\">{\"@context\":\"https:\\\/\\\/schema.org\",\"@graph\":[{\"@type\":\"Article\",\"@id\":\"https:\\\/\\\/darkamazi.info\\\/archives\\\/1050540#article\",\"isPartOf\":{\"@id\":\"https:\\\/\\\/darkamazi.info\\\/archives\\\/1050540\"},\"author\":{\"name\":\"darka mazi\",\"@id\":\"https:\\\/\\\/darkamazi.info\\\/#\\\/schema\\\/person\\\/5ad3e24553a0567993fa8ed4bd0a776c\"},\"headline\":\"Banga min ji bona dayik \u00fb bav\u00ean ger\u00eelay\u00ean di nava PKK de\",\"datePublished\":\"2025-11-04T15:33:27+00:00\",\"mainEntityOfPage\":{\"@id\":\"https:\\\/\\\/darkamazi.info\\\/archives\\\/1050540\"},\"wordCount\":751,\"publisher\":{\"@id\":\"https:\\\/\\\/darkamazi.info\\\/#organization\"},\"image\":{\"@id\":\"https:\\\/\\\/darkamazi.info\\\/archives\\\/1050540#primaryimage\"},\"thumbnailUrl\":\"https:\\\/\\\/darkamazi.info\\\/darka-content\\\/uploads\\\/2025\\\/10\\\/Bube-eser-1-1.jpg\",\"keywords\":[\"B\u00fbb\u00ea Eser\",\"sereke\"],\"articleSection\":[\"Ner\u00een\"],\"inLanguage\":\"en-US\"},{\"@type\":\"WebPage\",\"@id\":\"https:\\\/\\\/darkamazi.info\\\/archives\\\/1050540\",\"url\":\"https:\\\/\\\/darkamazi.info\\\/archives\\\/1050540\",\"name\":\"Banga min ji bona dayik \u00fb bav\u00ean ger\u00eelay\u00ean di nava PKK de - Darka Maz\u00ee\",\"isPartOf\":{\"@id\":\"https:\\\/\\\/darkamazi.info\\\/#website\"},\"primaryImageOfPage\":{\"@id\":\"https:\\\/\\\/darkamazi.info\\\/archives\\\/1050540#primaryimage\"},\"image\":{\"@id\":\"https:\\\/\\\/darkamazi.info\\\/archives\\\/1050540#primaryimage\"},\"thumbnailUrl\":\"https:\\\/\\\/darkamazi.info\\\/darka-content\\\/uploads\\\/2025\\\/10\\\/Bube-eser-1-1.jpg\",\"datePublished\":\"2025-11-04T15:33:27+00:00\",\"breadcrumb\":{\"@id\":\"https:\\\/\\\/darkamazi.info\\\/archives\\\/1050540#breadcrumb\"},\"inLanguage\":\"en-US\",\"potentialAction\":[{\"@type\":\"ReadAction\",\"target\":[\"https:\\\/\\\/darkamazi.info\\\/archives\\\/1050540\"]}]},{\"@type\":\"ImageObject\",\"inLanguage\":\"en-US\",\"@id\":\"https:\\\/\\\/darkamazi.info\\\/archives\\\/1050540#primaryimage\",\"url\":\"https:\\\/\\\/darkamazi.info\\\/darka-content\\\/uploads\\\/2025\\\/10\\\/Bube-eser-1-1.jpg\",\"contentUrl\":\"https:\\\/\\\/darkamazi.info\\\/darka-content\\\/uploads\\\/2025\\\/10\\\/Bube-eser-1-1.jpg\",\"width\":900,\"height\":497,\"caption\":\"Ey milet\u00ea b\u00ea dewlet!!! Tu diqede xwe bib\u00eene\u2026\"},{\"@type\":\"BreadcrumbList\",\"@id\":\"https:\\\/\\\/darkamazi.info\\\/archives\\\/1050540#breadcrumb\",\"itemListElement\":[{\"@type\":\"ListItem\",\"position\":1,\"name\":\"Home\",\"item\":\"https:\\\/\\\/darkamazi.info\\\/\"},{\"@type\":\"ListItem\",\"position\":2,\"name\":\"Banga min ji bona dayik \u00fb bav\u00ean ger\u00eelay\u00ean di nava PKK de\"}]},{\"@type\":\"WebSite\",\"@id\":\"https:\\\/\\\/darkamazi.info\\\/#website\",\"url\":\"https:\\\/\\\/darkamazi.info\\\/\",\"name\":\"Darka Maz\u00ee\",\"description\":\"P\u00eageha Zanyariy\u00ean Nebih\u00eest\u00ee\",\"publisher\":{\"@id\":\"https:\\\/\\\/darkamazi.info\\\/#organization\"},\"potentialAction\":[{\"@type\":\"SearchAction\",\"target\":{\"@type\":\"EntryPoint\",\"urlTemplate\":\"https:\\\/\\\/darkamazi.info\\\/?s={search_term_string}\"},\"query-input\":{\"@type\":\"PropertyValueSpecification\",\"valueRequired\":true,\"valueName\":\"search_term_string\"}}],\"inLanguage\":\"en-US\"},{\"@type\":\"Organization\",\"@id\":\"https:\\\/\\\/darkamazi.info\\\/#organization\",\"name\":\"Darka Maz\u00ee\",\"url\":\"https:\\\/\\\/darkamazi.info\\\/\",\"logo\":{\"@type\":\"ImageObject\",\"inLanguage\":\"en-US\",\"@id\":\"https:\\\/\\\/darkamazi.info\\\/#\\\/schema\\\/logo\\\/image\\\/\",\"url\":\"https:\\\/\\\/darkamazi.info\\\/darka-content\\\/uploads\\\/2017\\\/12\\\/darka-mazi-logo.png\",\"contentUrl\":\"https:\\\/\\\/darkamazi.info\\\/darka-content\\\/uploads\\\/2017\\\/12\\\/darka-mazi-logo.png\",\"width\":151,\"height\":75,\"caption\":\"Darka Maz\u00ee\"},\"image\":{\"@id\":\"https:\\\/\\\/darkamazi.info\\\/#\\\/schema\\\/logo\\\/image\\\/\"},\"sameAs\":[\"https:\\\/\\\/www.facebook.com\\\/DarMaziKurmanci\",\"https:\\\/\\\/x.com\\\/DarkaMaziLatini\",\"https:\\\/\\\/www.instagram.com\\\/darkamazi.kurmanci\\\/\",\"https:\\\/\\\/www.youtube.com\\\/channel\\\/UCa5HkTdmI8U1qCUFuTw8B2g\"]},{\"@type\":\"Person\",\"@id\":\"https:\\\/\\\/darkamazi.info\\\/#\\\/schema\\\/person\\\/5ad3e24553a0567993fa8ed4bd0a776c\",\"name\":\"darka mazi\",\"sameAs\":[\"https:\\\/\\\/darkamazi.info\\\/\"],\"url\":\"https:\\\/\\\/darkamazi.info\\\/archives\\\/author\\\/kurdi\"}]}<\/script>\n<!-- \/ Yoast SEO plugin. -->","seo_head_json":{"title":"Banga min ji bona dayik \u00fb bav\u00ean ger\u00eelay\u00ean di nava PKK de - Darka Maz\u00ee","robots":{"index":"index","follow":"follow","max-snippet":"max-snippet:-1","max-image-preview":"max-image-preview:large","max-video-preview":"max-video-preview:-1"},"canonical":"https:\/\/darkamazi.info\/archives\/1050540","og_locale":"en_US","og_type":"article","og_title":"Banga min ji bona dayik \u00fb bav\u00ean ger\u00eelay\u00ean di nava PKK de - Darka Maz\u00ee","og_description":"B\u00fbb\u00ea Eser Bav \u00fb Dayik\u00ean ger\u00eelay\u00ean pkk, zarok\u00ean we ji bona azad\u00ee \u00fb serxwen\u00fbna Kurdistan\u00ea, bi w\u00earek\u00ee \u00e7\u00fbn ser\u00ea \u00e7iyay\u00ean Kurdistan\u00ea da ku welat\u00ea xwe azad bikin. Di armanc \u00fb hedefa wan de demokrat\u00eekb\u00fbna tirkiy\u00ea tune b\u00fb. Demokrasiya serdestan ne kar\u00ea welatpar\u00eaz \u00fb \u015fore\u015fger\u00ean milet\u00ean bin dest e. Teko\u015f\u00een azad\u00ee \u00fb berxwedana wan ew e [&hellip;]","og_url":"https:\/\/darkamazi.info\/archives\/1050540","og_site_name":"Darka Maz\u00ee","article_publisher":"https:\/\/www.facebook.com\/DarMaziKurmanci","article_published_time":"2025-11-04T15:33:27+00:00","og_image":[{"width":900,"height":497,"url":"https:\/\/darkamazi.info\/file\/2025\/10\/Bube-eser-1-1.jpg","type":"image\/jpeg"}],"author":"darka mazi","twitter_card":"summary_large_image","twitter_creator":"@DarkaMaziLatini","twitter_site":"@DarkaMaziLatini","twitter_misc":{"Written by":"darka mazi","Est. reading time":"3 minutes"},"schema":{"@context":"https:\/\/schema.org","@graph":[{"@type":"Article","@id":"https:\/\/darkamazi.info\/archives\/1050540#article","isPartOf":{"@id":"https:\/\/darkamazi.info\/archives\/1050540"},"author":{"name":"darka mazi","@id":"https:\/\/darkamazi.info\/#\/schema\/person\/5ad3e24553a0567993fa8ed4bd0a776c"},"headline":"Banga min ji bona dayik \u00fb bav\u00ean ger\u00eelay\u00ean di nava PKK de","datePublished":"2025-11-04T15:33:27+00:00","mainEntityOfPage":{"@id":"https:\/\/darkamazi.info\/archives\/1050540"},"wordCount":751,"publisher":{"@id":"https:\/\/darkamazi.info\/#organization"},"image":{"@id":"https:\/\/darkamazi.info\/archives\/1050540#primaryimage"},"thumbnailUrl":"https:\/\/darkamazi.info\/file\/2025\/10\/Bube-eser-1-1.jpg","keywords":["B\u00fbb\u00ea Eser","sereke"],"articleSection":["Ner\u00een"],"inLanguage":"en-US"},{"@type":"WebPage","@id":"https:\/\/darkamazi.info\/archives\/1050540","url":"https:\/\/darkamazi.info\/archives\/1050540","name":"Banga min ji bona dayik \u00fb bav\u00ean ger\u00eelay\u00ean di nava PKK de - Darka Maz\u00ee","isPartOf":{"@id":"https:\/\/darkamazi.info\/#website"},"primaryImageOfPage":{"@id":"https:\/\/darkamazi.info\/archives\/1050540#primaryimage"},"image":{"@id":"https:\/\/darkamazi.info\/archives\/1050540#primaryimage"},"thumbnailUrl":"https:\/\/darkamazi.info\/file\/2025\/10\/Bube-eser-1-1.jpg","datePublished":"2025-11-04T15:33:27+00:00","breadcrumb":{"@id":"https:\/\/darkamazi.info\/archives\/1050540#breadcrumb"},"inLanguage":"en-US","potentialAction":[{"@type":"ReadAction","target":["https:\/\/darkamazi.info\/archives\/1050540"]}]},{"@type":"ImageObject","inLanguage":"en-US","@id":"https:\/\/darkamazi.info\/archives\/1050540#primaryimage","url":"https:\/\/darkamazi.info\/file\/2025\/10\/Bube-eser-1-1.jpg","contentUrl":"https:\/\/darkamazi.info\/file\/2025\/10\/Bube-eser-1-1.jpg","width":900,"height":497,"caption":"Ey milet\u00ea b\u00ea dewlet!!! Tu diqede xwe bib\u00eene\u2026"},{"@type":"BreadcrumbList","@id":"https:\/\/darkamazi.info\/archives\/1050540#breadcrumb","itemListElement":[{"@type":"ListItem","position":1,"name":"Home","item":"https:\/\/darkamazi.info\/"},{"@type":"ListItem","position":2,"name":"Banga min ji bona dayik \u00fb bav\u00ean ger\u00eelay\u00ean di nava PKK de"}]},{"@type":"WebSite","@id":"https:\/\/darkamazi.info\/#website","url":"https:\/\/darkamazi.info\/","name":"Darka Maz\u00ee","description":"P\u00eageha Zanyariy\u00ean Nebih\u00eest\u00ee","publisher":{"@id":"https:\/\/darkamazi.info\/#organization"},"potentialAction":[{"@type":"SearchAction","target":{"@type":"EntryPoint","urlTemplate":"https:\/\/darkamazi.info\/?s={search_term_string}"},"query-input":{"@type":"PropertyValueSpecification","valueRequired":true,"valueName":"search_term_string"}}],"inLanguage":"en-US"},{"@type":"Organization","@id":"https:\/\/darkamazi.info\/#organization","name":"Darka Maz\u00ee","url":"https:\/\/darkamazi.info\/","logo":{"@type":"ImageObject","inLanguage":"en-US","@id":"https:\/\/darkamazi.info\/#\/schema\/logo\/image\/","url":"https:\/\/darkamazi.info\/file\/2017\/12\/darka-mazi-logo.png","contentUrl":"https:\/\/darkamazi.info\/file\/2017\/12\/darka-mazi-logo.png","width":151,"height":75,"caption":"Darka Maz\u00ee"},"image":{"@id":"https:\/\/darkamazi.info\/#\/schema\/logo\/image\/"},"sameAs":["https:\/\/www.facebook.com\/DarMaziKurmanci","https:\/\/x.com\/DarkaMaziLatini","https:\/\/www.instagram.com\/darkamazi.kurmanci\/","https:\/\/www.youtube.com\/channel\/UCa5HkTdmI8U1qCUFuTw8B2g"]},{"@type":"Person","@id":"https:\/\/darkamazi.info\/#\/schema\/person\/5ad3e24553a0567993fa8ed4bd0a776c","name":"darka mazi","sameAs":["https:\/\/darkamazi.info\/"],"url":"https:\/\/darkamazi.info\/archives\/author\/kurdi"}]}},"_links":{"self":[{"href":"https:\/\/darkamazi.info\/funavuv\/wp\/v2\/posts\/1050540","targetHints":{"allow":["GET"]}}],"collection":[{"href":"https:\/\/darkamazi.info\/funavuv\/wp\/v2\/posts"}],"about":[{"href":"https:\/\/darkamazi.info\/funavuv\/wp\/v2\/types\/post"}],"author":[{"embeddable":true,"href":"https:\/\/darkamazi.info\/funavuv\/wp\/v2\/users\/2"}],"replies":[{"embeddable":true,"href":"https:\/\/darkamazi.info\/funavuv\/wp\/v2\/comments?post=1050540"}],"version-history":[{"count":0,"href":"https:\/\/darkamazi.info\/funavuv\/wp\/v2\/posts\/1050540\/revisions"}],"wp:featuredmedia":[{"embeddable":true,"href":"https:\/\/darkamazi.info\/funavuv\/wp\/v2\/media\/1050407"}],"wp:attachment":[{"href":"https:\/\/darkamazi.info\/funavuv\/wp\/v2\/media?parent=1050540"}],"wp:term":[{"taxonomy":"category","embeddable":true,"href":"https:\/\/darkamazi.info\/funavuv\/wp\/v2\/categories?post=1050540"},{"taxonomy":"post_tag","embeddable":true,"href":"https:\/\/darkamazi.info\/funavuv\/wp\/v2\/tags?post=1050540"}],"curies":[{"name":"wp","href":"https:\/\/api.w.org\/{rel}","templated":true}]}}