{"id":1050542,"date":"2025-11-04T20:11:10","date_gmt":"2025-11-04T17:11:10","guid":{"rendered":"https:\/\/darkamazi.info\/?p=1050542"},"modified":"2025-11-04T20:11:10","modified_gmt":"2025-11-04T17:11:10","slug":"bakirhan-dive-komisyona-astiye-serdana-ocalan-bike","status":"publish","type":"post","link":"https:\/\/darkamazi.info\/archives\/1050542","title":{"rendered":"Bakirhan: Div\u00ea Komisyona A\u015ftiy\u00ea serdana Ocalan bike"},"content":{"rendered":"<h3 style=\"text-align: justify\"><span style=\"font-family: 'arial black', sans-serif\">Hevserok\u00ea Dem Partiy\u00ea amaje da ku, div\u00ea Demirta\u015f \u00fb tevaya girtiy\u00ean doza Kobaniy\u00ea b\u00ean berdan.<\/span><\/h3>\n<h3 style=\"text-align: justify\">Hevserok\u00ea Partiya Wekhev\u00ee \u00fb Demokrasiya Gelan (Dem Part\u00ee) Tuncer Bakirhan \u00eero roja S\u00ea\u015fem, 4\u00ea Mijdara 2025\u00ea, ragihand: &#8220;Li ser daxwaza Bah\u00e7eli ji bo berdana Demirta\u015f, ku amaje dab\u00fb ku berdana w\u00ee d\u00ea ji bo Tirkiyey\u00ea ba\u015f be, em spasiya w\u00ee dikin \u00fb div\u00ea \u00ead\u00ee Demirta\u015f \u00fb tevaya girtiy\u00ean doza Kobaniy\u00ea b\u00ean berdan.&#8221;<\/h3>\n<h3 style=\"text-align: justify\">Tuncer Bakirhan amaje j\u00ee da: \u201c\u015eandeya \u00cemraliy\u00ea bi awayek\u00ea ferm\u00ee ji Erdogan xwestiye ku Komisyona A\u015ftiy\u00ea serdana Ocalan bike.\u201d<\/h3>\n<h3 style=\"text-align: justify\">Bakirhan her wiha an\u00ee ziman ku ew dixwazin roj\u00ean p\u00ea\u015f bi Devlet Bah\u00e7el\u00ee re hevd\u00eetin\u00ea bikin.<\/h3>\n<h3 style=\"text-align: justify\">Serok\u00ea Partiya Tevgera Netewey\u00ee ya Tirkiyey\u00ea (MHP) Devlet Bah\u00e7eli di civ\u00eena fraksiyona partiya xwe de li Parlementoya Tirkiyey\u00ea daxwaza berdana Demirta\u015f kir \u00fb tekez kir ku, berdana w\u00ee d\u00ea ji bo Tirkiyey\u00ea ba\u015f be.<\/h3>\n","protected":false},"excerpt":{"rendered":"<p>Hevserok\u00ea Dem Partiy\u00ea amaje da ku, div\u00ea Demirta\u015f \u00fb tevaya girtiy\u00ean doza Kobaniy\u00ea b\u00ean berdan. Hevserok\u00ea Partiya Wekhev\u00ee \u00fb Demokrasiya Gelan (Dem Part\u00ee) Tuncer Bakirhan \u00eero roja S\u00ea\u015fem, 4\u00ea Mijdara 2025\u00ea, ragihand: &#8220;Li ser daxwaza Bah\u00e7eli ji bo berdana Demirta\u015f, ku amaje dab\u00fb ku berdana w\u00ee d\u00ea ji bo Tirkiyey\u00ea ba\u015f be, em spasiya w\u00ee [&hellip;]<\/p>\n","protected":false},"author":2,"featured_media":1050543,"comment_status":"closed","ping_status":"closed","sticky":false,"template":"","format":"standard","meta":{"footnotes":""},"categories":[29],"tags":[37],"class_list":["post-1050542","post","type-post","status-publish","format-standard","has-post-thumbnail","hentry","category-kurdistan","tag-sereke"],"blocksy_meta":[],"seo_head":"<!-- This site is optimized with the Yoast SEO plugin v27.5 - https:\/\/yoast.com\/product\/yoast-seo-wordpress\/ -->\n<title>Bakirhan: Div\u00ea Komisyona A\u015ftiy\u00ea serdana Ocalan bike - Darka Maz\u00ee<\/title>\n<meta name=\"robots\" content=\"index, follow, max-snippet:-1, max-image-preview:large, max-video-preview:-1\" \/>\n<link rel=\"canonical\" href=\"https:\/\/darkamazi.info\/archives\/1050542\" \/>\n<meta property=\"og:locale\" content=\"en_US\" \/>\n<meta property=\"og:type\" content=\"article\" \/>\n<meta property=\"og:title\" content=\"Bakirhan: Div\u00ea Komisyona A\u015ftiy\u00ea serdana Ocalan bike - Darka Maz\u00ee\" \/>\n<meta property=\"og:description\" content=\"Hevserok\u00ea Dem Partiy\u00ea amaje da ku, div\u00ea Demirta\u015f \u00fb tevaya girtiy\u00ean doza Kobaniy\u00ea b\u00ean berdan. Hevserok\u00ea Partiya Wekhev\u00ee \u00fb Demokrasiya Gelan (Dem Part\u00ee) Tuncer Bakirhan \u00eero roja S\u00ea\u015fem, 4\u00ea Mijdara 2025\u00ea, ragihand: &#8220;Li ser daxwaza Bah\u00e7eli ji bo berdana Demirta\u015f, ku amaje dab\u00fb ku berdana w\u00ee d\u00ea ji bo Tirkiyey\u00ea ba\u015f be, em spasiya w\u00ee [&hellip;]\" \/>\n<meta property=\"og:url\" content=\"https:\/\/darkamazi.info\/archives\/1050542\" \/>\n<meta property=\"og:site_name\" content=\"Darka Maz\u00ee\" \/>\n<meta property=\"article:publisher\" content=\"https:\/\/www.facebook.com\/DarMaziKurmanci\" \/>\n<meta property=\"article:published_time\" content=\"2025-11-04T17:11:10+00:00\" \/>\n<meta property=\"og:image\" content=\"https:\/\/darkamazi.info\/file\/2025\/11\/Tuncer-Bakirhan.jpg\" \/>\n\t<meta property=\"og:image:width\" content=\"900\" \/>\n\t<meta property=\"og:image:height\" content=\"497\" \/>\n\t<meta property=\"og:image:type\" content=\"image\/jpeg\" \/>\n<meta name=\"author\" content=\"darka mazi\" \/>\n<meta name=\"twitter:card\" content=\"summary_large_image\" \/>\n<meta name=\"twitter:creator\" content=\"@DarkaMaziLatini\" \/>\n<meta name=\"twitter:site\" content=\"@DarkaMaziLatini\" \/>\n<meta name=\"twitter:label1\" content=\"Written by\" \/>\n\t<meta name=\"twitter:data1\" content=\"darka mazi\" \/>\n\t<meta name=\"twitter:label2\" content=\"Est. reading time\" \/>\n\t<meta name=\"twitter:data2\" content=\"1 minute\" \/>\n<script type=\"application\/ld+json\" class=\"seo-schema-graph\">{\"@context\":\"https:\\\/\\\/schema.org\",\"@graph\":[{\"@type\":\"Article\",\"@id\":\"https:\\\/\\\/darkamazi.info\\\/archives\\\/1050542#article\",\"isPartOf\":{\"@id\":\"https:\\\/\\\/darkamazi.info\\\/archives\\\/1050542\"},\"author\":{\"name\":\"darka mazi\",\"@id\":\"https:\\\/\\\/darkamazi.info\\\/#\\\/schema\\\/person\\\/5ad3e24553a0567993fa8ed4bd0a776c\"},\"headline\":\"Bakirhan: Div\u00ea Komisyona A\u015ftiy\u00ea serdana Ocalan bike\",\"datePublished\":\"2025-11-04T17:11:10+00:00\",\"mainEntityOfPage\":{\"@id\":\"https:\\\/\\\/darkamazi.info\\\/archives\\\/1050542\"},\"wordCount\":149,\"publisher\":{\"@id\":\"https:\\\/\\\/darkamazi.info\\\/#organization\"},\"image\":{\"@id\":\"https:\\\/\\\/darkamazi.info\\\/archives\\\/1050542#primaryimage\"},\"thumbnailUrl\":\"https:\\\/\\\/darkamazi.info\\\/darka-content\\\/uploads\\\/2025\\\/11\\\/Tuncer-Bakirhan.jpg\",\"keywords\":[\"sereke\"],\"articleSection\":[\"Kurdistan\"],\"inLanguage\":\"en-US\"},{\"@type\":\"WebPage\",\"@id\":\"https:\\\/\\\/darkamazi.info\\\/archives\\\/1050542\",\"url\":\"https:\\\/\\\/darkamazi.info\\\/archives\\\/1050542\",\"name\":\"Bakirhan: Div\u00ea Komisyona A\u015ftiy\u00ea serdana Ocalan bike - Darka Maz\u00ee\",\"isPartOf\":{\"@id\":\"https:\\\/\\\/darkamazi.info\\\/#website\"},\"primaryImageOfPage\":{\"@id\":\"https:\\\/\\\/darkamazi.info\\\/archives\\\/1050542#primaryimage\"},\"image\":{\"@id\":\"https:\\\/\\\/darkamazi.info\\\/archives\\\/1050542#primaryimage\"},\"thumbnailUrl\":\"https:\\\/\\\/darkamazi.info\\\/darka-content\\\/uploads\\\/2025\\\/11\\\/Tuncer-Bakirhan.jpg\",\"datePublished\":\"2025-11-04T17:11:10+00:00\",\"breadcrumb\":{\"@id\":\"https:\\\/\\\/darkamazi.info\\\/archives\\\/1050542#breadcrumb\"},\"inLanguage\":\"en-US\",\"potentialAction\":[{\"@type\":\"ReadAction\",\"target\":[\"https:\\\/\\\/darkamazi.info\\\/archives\\\/1050542\"]}]},{\"@type\":\"ImageObject\",\"inLanguage\":\"en-US\",\"@id\":\"https:\\\/\\\/darkamazi.info\\\/archives\\\/1050542#primaryimage\",\"url\":\"https:\\\/\\\/darkamazi.info\\\/darka-content\\\/uploads\\\/2025\\\/11\\\/Tuncer-Bakirhan.jpg\",\"contentUrl\":\"https:\\\/\\\/darkamazi.info\\\/darka-content\\\/uploads\\\/2025\\\/11\\\/Tuncer-Bakirhan.jpg\",\"width\":900,\"height\":497,\"caption\":\"Bakirhan: Div\u00ea Komisyona A\u015ftiy\u00ea serdana Ocalan bike\"},{\"@type\":\"BreadcrumbList\",\"@id\":\"https:\\\/\\\/darkamazi.info\\\/archives\\\/1050542#breadcrumb\",\"itemListElement\":[{\"@type\":\"ListItem\",\"position\":1,\"name\":\"Home\",\"item\":\"https:\\\/\\\/darkamazi.info\\\/\"},{\"@type\":\"ListItem\",\"position\":2,\"name\":\"Bakirhan: Div\u00ea Komisyona A\u015ftiy\u00ea serdana Ocalan bike\"}]},{\"@type\":\"WebSite\",\"@id\":\"https:\\\/\\\/darkamazi.info\\\/#website\",\"url\":\"https:\\\/\\\/darkamazi.info\\\/\",\"name\":\"Darka Maz\u00ee\",\"description\":\"P\u00eageha Zanyariy\u00ean Nebih\u00eest\u00ee\",\"publisher\":{\"@id\":\"https:\\\/\\\/darkamazi.info\\\/#organization\"},\"potentialAction\":[{\"@type\":\"SearchAction\",\"target\":{\"@type\":\"EntryPoint\",\"urlTemplate\":\"https:\\\/\\\/darkamazi.info\\\/?s={search_term_string}\"},\"query-input\":{\"@type\":\"PropertyValueSpecification\",\"valueRequired\":true,\"valueName\":\"search_term_string\"}}],\"inLanguage\":\"en-US\"},{\"@type\":\"Organization\",\"@id\":\"https:\\\/\\\/darkamazi.info\\\/#organization\",\"name\":\"Darka Maz\u00ee\",\"url\":\"https:\\\/\\\/darkamazi.info\\\/\",\"logo\":{\"@type\":\"ImageObject\",\"inLanguage\":\"en-US\",\"@id\":\"https:\\\/\\\/darkamazi.info\\\/#\\\/schema\\\/logo\\\/image\\\/\",\"url\":\"https:\\\/\\\/darkamazi.info\\\/darka-content\\\/uploads\\\/2017\\\/12\\\/darka-mazi-logo.png\",\"contentUrl\":\"https:\\\/\\\/darkamazi.info\\\/darka-content\\\/uploads\\\/2017\\\/12\\\/darka-mazi-logo.png\",\"width\":151,\"height\":75,\"caption\":\"Darka Maz\u00ee\"},\"image\":{\"@id\":\"https:\\\/\\\/darkamazi.info\\\/#\\\/schema\\\/logo\\\/image\\\/\"},\"sameAs\":[\"https:\\\/\\\/www.facebook.com\\\/DarMaziKurmanci\",\"https:\\\/\\\/x.com\\\/DarkaMaziLatini\",\"https:\\\/\\\/www.instagram.com\\\/darkamazi.kurmanci\\\/\",\"https:\\\/\\\/www.youtube.com\\\/channel\\\/UCa5HkTdmI8U1qCUFuTw8B2g\"]},{\"@type\":\"Person\",\"@id\":\"https:\\\/\\\/darkamazi.info\\\/#\\\/schema\\\/person\\\/5ad3e24553a0567993fa8ed4bd0a776c\",\"name\":\"darka mazi\",\"sameAs\":[\"https:\\\/\\\/darkamazi.info\\\/\"],\"url\":\"https:\\\/\\\/darkamazi.info\\\/archives\\\/author\\\/kurdi\"}]}<\/script>\n<!-- \/ Yoast SEO plugin. -->","seo_head_json":{"title":"Bakirhan: Div\u00ea Komisyona A\u015ftiy\u00ea serdana Ocalan bike - Darka Maz\u00ee","robots":{"index":"index","follow":"follow","max-snippet":"max-snippet:-1","max-image-preview":"max-image-preview:large","max-video-preview":"max-video-preview:-1"},"canonical":"https:\/\/darkamazi.info\/archives\/1050542","og_locale":"en_US","og_type":"article","og_title":"Bakirhan: Div\u00ea Komisyona A\u015ftiy\u00ea serdana Ocalan bike - Darka Maz\u00ee","og_description":"Hevserok\u00ea Dem Partiy\u00ea amaje da ku, div\u00ea Demirta\u015f \u00fb tevaya girtiy\u00ean doza Kobaniy\u00ea b\u00ean berdan. Hevserok\u00ea Partiya Wekhev\u00ee \u00fb Demokrasiya Gelan (Dem Part\u00ee) Tuncer Bakirhan \u00eero roja S\u00ea\u015fem, 4\u00ea Mijdara 2025\u00ea, ragihand: &#8220;Li ser daxwaza Bah\u00e7eli ji bo berdana Demirta\u015f, ku amaje dab\u00fb ku berdana w\u00ee d\u00ea ji bo Tirkiyey\u00ea ba\u015f be, em spasiya w\u00ee [&hellip;]","og_url":"https:\/\/darkamazi.info\/archives\/1050542","og_site_name":"Darka Maz\u00ee","article_publisher":"https:\/\/www.facebook.com\/DarMaziKurmanci","article_published_time":"2025-11-04T17:11:10+00:00","og_image":[{"width":900,"height":497,"url":"https:\/\/darkamazi.info\/file\/2025\/11\/Tuncer-Bakirhan.jpg","type":"image\/jpeg"}],"author":"darka mazi","twitter_card":"summary_large_image","twitter_creator":"@DarkaMaziLatini","twitter_site":"@DarkaMaziLatini","twitter_misc":{"Written by":"darka mazi","Est. reading time":"1 minute"},"schema":{"@context":"https:\/\/schema.org","@graph":[{"@type":"Article","@id":"https:\/\/darkamazi.info\/archives\/1050542#article","isPartOf":{"@id":"https:\/\/darkamazi.info\/archives\/1050542"},"author":{"name":"darka mazi","@id":"https:\/\/darkamazi.info\/#\/schema\/person\/5ad3e24553a0567993fa8ed4bd0a776c"},"headline":"Bakirhan: Div\u00ea Komisyona A\u015ftiy\u00ea serdana Ocalan bike","datePublished":"2025-11-04T17:11:10+00:00","mainEntityOfPage":{"@id":"https:\/\/darkamazi.info\/archives\/1050542"},"wordCount":149,"publisher":{"@id":"https:\/\/darkamazi.info\/#organization"},"image":{"@id":"https:\/\/darkamazi.info\/archives\/1050542#primaryimage"},"thumbnailUrl":"https:\/\/darkamazi.info\/file\/2025\/11\/Tuncer-Bakirhan.jpg","keywords":["sereke"],"articleSection":["Kurdistan"],"inLanguage":"en-US"},{"@type":"WebPage","@id":"https:\/\/darkamazi.info\/archives\/1050542","url":"https:\/\/darkamazi.info\/archives\/1050542","name":"Bakirhan: Div\u00ea Komisyona A\u015ftiy\u00ea serdana Ocalan bike - Darka Maz\u00ee","isPartOf":{"@id":"https:\/\/darkamazi.info\/#website"},"primaryImageOfPage":{"@id":"https:\/\/darkamazi.info\/archives\/1050542#primaryimage"},"image":{"@id":"https:\/\/darkamazi.info\/archives\/1050542#primaryimage"},"thumbnailUrl":"https:\/\/darkamazi.info\/file\/2025\/11\/Tuncer-Bakirhan.jpg","datePublished":"2025-11-04T17:11:10+00:00","breadcrumb":{"@id":"https:\/\/darkamazi.info\/archives\/1050542#breadcrumb"},"inLanguage":"en-US","potentialAction":[{"@type":"ReadAction","target":["https:\/\/darkamazi.info\/archives\/1050542"]}]},{"@type":"ImageObject","inLanguage":"en-US","@id":"https:\/\/darkamazi.info\/archives\/1050542#primaryimage","url":"https:\/\/darkamazi.info\/file\/2025\/11\/Tuncer-Bakirhan.jpg","contentUrl":"https:\/\/darkamazi.info\/file\/2025\/11\/Tuncer-Bakirhan.jpg","width":900,"height":497,"caption":"Bakirhan: Div\u00ea Komisyona A\u015ftiy\u00ea serdana Ocalan bike"},{"@type":"BreadcrumbList","@id":"https:\/\/darkamazi.info\/archives\/1050542#breadcrumb","itemListElement":[{"@type":"ListItem","position":1,"name":"Home","item":"https:\/\/darkamazi.info\/"},{"@type":"ListItem","position":2,"name":"Bakirhan: Div\u00ea Komisyona A\u015ftiy\u00ea serdana Ocalan bike"}]},{"@type":"WebSite","@id":"https:\/\/darkamazi.info\/#website","url":"https:\/\/darkamazi.info\/","name":"Darka Maz\u00ee","description":"P\u00eageha Zanyariy\u00ean Nebih\u00eest\u00ee","publisher":{"@id":"https:\/\/darkamazi.info\/#organization"},"potentialAction":[{"@type":"SearchAction","target":{"@type":"EntryPoint","urlTemplate":"https:\/\/darkamazi.info\/?s={search_term_string}"},"query-input":{"@type":"PropertyValueSpecification","valueRequired":true,"valueName":"search_term_string"}}],"inLanguage":"en-US"},{"@type":"Organization","@id":"https:\/\/darkamazi.info\/#organization","name":"Darka Maz\u00ee","url":"https:\/\/darkamazi.info\/","logo":{"@type":"ImageObject","inLanguage":"en-US","@id":"https:\/\/darkamazi.info\/#\/schema\/logo\/image\/","url":"https:\/\/darkamazi.info\/file\/2017\/12\/darka-mazi-logo.png","contentUrl":"https:\/\/darkamazi.info\/file\/2017\/12\/darka-mazi-logo.png","width":151,"height":75,"caption":"Darka Maz\u00ee"},"image":{"@id":"https:\/\/darkamazi.info\/#\/schema\/logo\/image\/"},"sameAs":["https:\/\/www.facebook.com\/DarMaziKurmanci","https:\/\/x.com\/DarkaMaziLatini","https:\/\/www.instagram.com\/darkamazi.kurmanci\/","https:\/\/www.youtube.com\/channel\/UCa5HkTdmI8U1qCUFuTw8B2g"]},{"@type":"Person","@id":"https:\/\/darkamazi.info\/#\/schema\/person\/5ad3e24553a0567993fa8ed4bd0a776c","name":"darka mazi","sameAs":["https:\/\/darkamazi.info\/"],"url":"https:\/\/darkamazi.info\/archives\/author\/kurdi"}]}},"_links":{"self":[{"href":"https:\/\/darkamazi.info\/funavuv\/wp\/v2\/posts\/1050542","targetHints":{"allow":["GET"]}}],"collection":[{"href":"https:\/\/darkamazi.info\/funavuv\/wp\/v2\/posts"}],"about":[{"href":"https:\/\/darkamazi.info\/funavuv\/wp\/v2\/types\/post"}],"author":[{"embeddable":true,"href":"https:\/\/darkamazi.info\/funavuv\/wp\/v2\/users\/2"}],"replies":[{"embeddable":true,"href":"https:\/\/darkamazi.info\/funavuv\/wp\/v2\/comments?post=1050542"}],"version-history":[{"count":0,"href":"https:\/\/darkamazi.info\/funavuv\/wp\/v2\/posts\/1050542\/revisions"}],"wp:featuredmedia":[{"embeddable":true,"href":"https:\/\/darkamazi.info\/funavuv\/wp\/v2\/media\/1050543"}],"wp:attachment":[{"href":"https:\/\/darkamazi.info\/funavuv\/wp\/v2\/media?parent=1050542"}],"wp:term":[{"taxonomy":"category","embeddable":true,"href":"https:\/\/darkamazi.info\/funavuv\/wp\/v2\/categories?post=1050542"},{"taxonomy":"post_tag","embeddable":true,"href":"https:\/\/darkamazi.info\/funavuv\/wp\/v2\/tags?post=1050542"}],"curies":[{"name":"wp","href":"https:\/\/api.w.org\/{rel}","templated":true}]}}