{"id":1050561,"date":"2025-11-06T15:50:50","date_gmt":"2025-11-06T12:50:50","guid":{"rendered":"https:\/\/darkamazi.info\/?p=1050561"},"modified":"2025-11-06T15:50:50","modified_gmt":"2025-11-06T12:50:50","slug":"ji-bo-berdana-demirtas-rojen-bi-hejmar-mane","status":"publish","type":"post","link":"https:\/\/darkamazi.info\/archives\/1050561","title":{"rendered":"Ji bo berdana Dem\u00eerta\u015f roj\u00ean bi hejmar mane"},"content":{"rendered":"<h3 style=\"text-align: justify\"><span style=\"font-family: 'arial black', sans-serif\">Niv\u00eeskar\u00ea rojnameya Hurriyet\u00ea Abdulkad\u00eer Selv\u00ee di niv\u00eesa xwe ya \u00eero de \u00eedia kir ku ji bo berdana Dem\u00eerta\u015f roj\u00ean bi hejmar mane \u00fb Erdogan di v\u00ea mijar\u00ea de helwesteke er\u00ean\u00ee n\u00ee\u015fan daye.<\/span><\/h3>\n<h3 style=\"text-align: justify\"><span style=\"font-family: arial, helvetica, sans-serif\">Niv\u00eeskar\u00ea rojnameya Hurriyet\u00ea Abdulkadir Selviy\u00ea ku bi n\u00eaz\u00eekb\u00fbna xwe ya bi desthilat\u00ea re t\u00ea naskirin, di niv\u00eesa xwe ya \u00eero de derbar\u00ea berdana Hevserok\u00ea Gi\u015ft\u00ee y\u00ea ber\u00ea y\u00ea HDPy\u00ea Selahatt\u00een Dem\u00eerta\u015f agah\u00ee dan.<\/span><\/h3>\n<h3 style=\"text-align: justify\"><span style=\"font-family: arial, helvetica, sans-serif\">Selv\u00ee di niv\u00eesa xwe de diyar kir ku Serokkomar\u00ea Tirkiyey\u00ea Recep Tayy\u00eep Erdogan di sohbet\u00ean beriya civ\u00eena koma partiya xwe ya li parlamentoy\u00ea de, li hember\u00ee berdana Dem\u00eerta\u015f n\u00eaz\u00eekatiyeke er\u00ean\u00ee n\u00ee\u015fan daye.<\/span><\/h3>\n<h3 style=\"text-align: justify\"><span style=\"font-family: arial, helvetica, sans-serif\">Selv\u00ee wiha got, \u201cDema ku Serokkomar Erdogan be\u015fdar\u00ee civ\u00eena koma partiya xwe b\u00fb ez li ser mijara Dem\u00eerta\u015f bi kesek\u00ee gir\u00eeng re axiv\u00eem.<\/span><\/h3>\n<h3 style=\"text-align: justify\"><span style=\"font-family: arial, helvetica, sans-serif\">Dema ku agah\u00ee da min ku d\u00ea Erdogan daxuyaniyeke er\u00ean\u00ee bide, min bala xwe da mijar\u00ea.<\/span><\/h3>\n<h3 style=\"text-align: justify\"><span style=\"font-family: arial, helvetica, sans-serif\">Pi\u015ft\u00ee civ\u00een\u00ea pirsa Dem\u00eerta\u015f ji Erdogan hat kirin. W\u00ee got, &#8216;Ev welat welat\u00ea dadweriy\u00ea ye, dadwer\u00ee \u00e7i bib\u00eaje em d\u00ea li gor\u00ee w\u00ea tevbigerin&#8217;.<\/span><\/h3>\n<h3 style=\"text-align: justify\"><span style=\"font-family: arial, helvetica, sans-serif\">Selv\u00ee her wiha gotin\u00ean Serok\u00ea Gi\u015ft\u00ee y\u00ea MHPy\u00ea Devlet Bah\u00e7el\u00ee y\u00ean ku gotib\u00fb, &#8220;Berdana Selahatt\u00een Dem\u00eerta\u015f d\u00ea bibe wes\u00eeleya x\u00earan&#8221; bi b\u00eer an\u00een \u00fb got, &#8220;\u00cad\u00ee r\u00eaya Dem\u00eerta\u015f xuya kir.&#8221;<\/span><\/h3>\n<h3 style=\"text-align: justify\"><span style=\"font-family: arial, helvetica, sans-serif\">Selv\u00ee, di niv\u00eesa xwe de diyar kir ku di nav desthilat\u00ea de amadehiy\u00ean \u201cpak\u00eateke azadiy\u00ea\u201d hene \u00fb wiha p\u00ea de \u00e7\u00fb:<\/span><\/h3>\n<h3 style=\"text-align: justify\"><span style=\"font-family: arial, helvetica, sans-serif\">&#8220;Di nav AK Partiy\u00ea de kes\u00ean ku dib\u00eajin &#8216;Ka em r\u00fbpeleke n\u00fb vekin. Em ten\u00ea bi Dem\u00eerta\u015f nem\u00eenin. Em r\u00eaya berdan\u00ea ji bo nav\u00ean wek\u00ee Osman Kavala y\u00ean ku di civak\u00ea de li benda wan in j\u00ee vekin&#8217; hene.<\/span><\/h3>\n<h3 style=\"text-align: justify\"><span style=\"font-family: arial, helvetica, sans-serif\">N\u00ear\u00eena &#8216;Bi v\u00ee away\u00ee em atmosfereke azad\u00eexwaz p\u00eak b\u00eenin&#8217; t\u00ea gotin.&#8221;<\/span><\/h3>\n","protected":false},"excerpt":{"rendered":"<p>Niv\u00eeskar\u00ea rojnameya Hurriyet\u00ea Abdulkad\u00eer Selv\u00ee di niv\u00eesa xwe ya \u00eero de \u00eedia kir ku ji bo berdana Dem\u00eerta\u015f roj\u00ean bi hejmar mane \u00fb Erdogan di v\u00ea mijar\u00ea de helwesteke er\u00ean\u00ee n\u00ee\u015fan daye. Niv\u00eeskar\u00ea rojnameya Hurriyet\u00ea Abdulkadir Selviy\u00ea ku bi n\u00eaz\u00eekb\u00fbna xwe ya bi desthilat\u00ea re t\u00ea naskirin, di niv\u00eesa xwe ya \u00eero de derbar\u00ea berdana [&hellip;]<\/p>\n","protected":false},"author":2,"featured_media":1050562,"comment_status":"closed","ping_status":"closed","sticky":false,"template":"","format":"standard","meta":{"footnotes":""},"categories":[29],"tags":[37],"class_list":["post-1050561","post","type-post","status-publish","format-standard","has-post-thumbnail","hentry","category-kurdistan","tag-sereke"],"blocksy_meta":[],"seo_head":"<!-- This site is optimized with the Yoast SEO plugin v27.5 - https:\/\/yoast.com\/product\/yoast-seo-wordpress\/ -->\n<title>Ji bo berdana Dem\u00eerta\u015f roj\u00ean bi hejmar mane - Darka Maz\u00ee<\/title>\n<meta name=\"robots\" content=\"index, follow, max-snippet:-1, max-image-preview:large, max-video-preview:-1\" \/>\n<link rel=\"canonical\" href=\"https:\/\/darkamazi.info\/archives\/1050561\" \/>\n<meta property=\"og:locale\" content=\"en_US\" \/>\n<meta property=\"og:type\" content=\"article\" \/>\n<meta property=\"og:title\" content=\"Ji bo berdana Dem\u00eerta\u015f roj\u00ean bi hejmar mane - Darka Maz\u00ee\" \/>\n<meta property=\"og:description\" content=\"Niv\u00eeskar\u00ea rojnameya Hurriyet\u00ea Abdulkad\u00eer Selv\u00ee di niv\u00eesa xwe ya \u00eero de \u00eedia kir ku ji bo berdana Dem\u00eerta\u015f roj\u00ean bi hejmar mane \u00fb Erdogan di v\u00ea mijar\u00ea de helwesteke er\u00ean\u00ee n\u00ee\u015fan daye. Niv\u00eeskar\u00ea rojnameya Hurriyet\u00ea Abdulkadir Selviy\u00ea ku bi n\u00eaz\u00eekb\u00fbna xwe ya bi desthilat\u00ea re t\u00ea naskirin, di niv\u00eesa xwe ya \u00eero de derbar\u00ea berdana [&hellip;]\" \/>\n<meta property=\"og:url\" content=\"https:\/\/darkamazi.info\/archives\/1050561\" \/>\n<meta property=\"og:site_name\" content=\"Darka Maz\u00ee\" \/>\n<meta property=\"article:publisher\" content=\"https:\/\/www.facebook.com\/DarMaziKurmanci\" \/>\n<meta property=\"article:published_time\" content=\"2025-11-06T12:50:50+00:00\" \/>\n<meta property=\"og:image\" content=\"https:\/\/darkamazi.info\/file\/2025\/11\/Demirtash-berdan.jpg\" \/>\n\t<meta property=\"og:image:width\" content=\"900\" \/>\n\t<meta property=\"og:image:height\" content=\"500\" \/>\n\t<meta property=\"og:image:type\" content=\"image\/jpeg\" \/>\n<meta name=\"author\" content=\"darka mazi\" \/>\n<meta name=\"twitter:card\" content=\"summary_large_image\" \/>\n<meta name=\"twitter:creator\" content=\"@DarkaMaziLatini\" \/>\n<meta name=\"twitter:site\" content=\"@DarkaMaziLatini\" \/>\n<meta name=\"twitter:label1\" content=\"Written by\" \/>\n\t<meta name=\"twitter:data1\" content=\"darka mazi\" \/>\n\t<meta name=\"twitter:label2\" content=\"Est. reading time\" \/>\n\t<meta name=\"twitter:data2\" content=\"2 minutes\" \/>\n<script type=\"application\/ld+json\" class=\"seo-schema-graph\">{\"@context\":\"https:\\\/\\\/schema.org\",\"@graph\":[{\"@type\":\"Article\",\"@id\":\"https:\\\/\\\/darkamazi.info\\\/archives\\\/1050561#article\",\"isPartOf\":{\"@id\":\"https:\\\/\\\/darkamazi.info\\\/archives\\\/1050561\"},\"author\":{\"name\":\"darka mazi\",\"@id\":\"https:\\\/\\\/darkamazi.info\\\/#\\\/schema\\\/person\\\/5ad3e24553a0567993fa8ed4bd0a776c\"},\"headline\":\"Ji bo berdana Dem\u00eerta\u015f roj\u00ean bi hejmar mane\",\"datePublished\":\"2025-11-06T12:50:50+00:00\",\"mainEntityOfPage\":{\"@id\":\"https:\\\/\\\/darkamazi.info\\\/archives\\\/1050561\"},\"wordCount\":329,\"publisher\":{\"@id\":\"https:\\\/\\\/darkamazi.info\\\/#organization\"},\"image\":{\"@id\":\"https:\\\/\\\/darkamazi.info\\\/archives\\\/1050561#primaryimage\"},\"thumbnailUrl\":\"https:\\\/\\\/darkamazi.info\\\/darka-content\\\/uploads\\\/2025\\\/11\\\/Demirtash-berdan.jpg\",\"keywords\":[\"sereke\"],\"articleSection\":[\"Kurdistan\"],\"inLanguage\":\"en-US\"},{\"@type\":\"WebPage\",\"@id\":\"https:\\\/\\\/darkamazi.info\\\/archives\\\/1050561\",\"url\":\"https:\\\/\\\/darkamazi.info\\\/archives\\\/1050561\",\"name\":\"Ji bo berdana Dem\u00eerta\u015f roj\u00ean bi hejmar mane - Darka Maz\u00ee\",\"isPartOf\":{\"@id\":\"https:\\\/\\\/darkamazi.info\\\/#website\"},\"primaryImageOfPage\":{\"@id\":\"https:\\\/\\\/darkamazi.info\\\/archives\\\/1050561#primaryimage\"},\"image\":{\"@id\":\"https:\\\/\\\/darkamazi.info\\\/archives\\\/1050561#primaryimage\"},\"thumbnailUrl\":\"https:\\\/\\\/darkamazi.info\\\/darka-content\\\/uploads\\\/2025\\\/11\\\/Demirtash-berdan.jpg\",\"datePublished\":\"2025-11-06T12:50:50+00:00\",\"breadcrumb\":{\"@id\":\"https:\\\/\\\/darkamazi.info\\\/archives\\\/1050561#breadcrumb\"},\"inLanguage\":\"en-US\",\"potentialAction\":[{\"@type\":\"ReadAction\",\"target\":[\"https:\\\/\\\/darkamazi.info\\\/archives\\\/1050561\"]}]},{\"@type\":\"ImageObject\",\"inLanguage\":\"en-US\",\"@id\":\"https:\\\/\\\/darkamazi.info\\\/archives\\\/1050561#primaryimage\",\"url\":\"https:\\\/\\\/darkamazi.info\\\/darka-content\\\/uploads\\\/2025\\\/11\\\/Demirtash-berdan.jpg\",\"contentUrl\":\"https:\\\/\\\/darkamazi.info\\\/darka-content\\\/uploads\\\/2025\\\/11\\\/Demirtash-berdan.jpg\",\"width\":900,\"height\":500,\"caption\":\"Demirtash-berdan\"},{\"@type\":\"BreadcrumbList\",\"@id\":\"https:\\\/\\\/darkamazi.info\\\/archives\\\/1050561#breadcrumb\",\"itemListElement\":[{\"@type\":\"ListItem\",\"position\":1,\"name\":\"Home\",\"item\":\"https:\\\/\\\/darkamazi.info\\\/\"},{\"@type\":\"ListItem\",\"position\":2,\"name\":\"Ji bo berdana Dem\u00eerta\u015f roj\u00ean bi hejmar mane\"}]},{\"@type\":\"WebSite\",\"@id\":\"https:\\\/\\\/darkamazi.info\\\/#website\",\"url\":\"https:\\\/\\\/darkamazi.info\\\/\",\"name\":\"Darka Maz\u00ee\",\"description\":\"P\u00eageha Zanyariy\u00ean Nebih\u00eest\u00ee\",\"publisher\":{\"@id\":\"https:\\\/\\\/darkamazi.info\\\/#organization\"},\"potentialAction\":[{\"@type\":\"SearchAction\",\"target\":{\"@type\":\"EntryPoint\",\"urlTemplate\":\"https:\\\/\\\/darkamazi.info\\\/?s={search_term_string}\"},\"query-input\":{\"@type\":\"PropertyValueSpecification\",\"valueRequired\":true,\"valueName\":\"search_term_string\"}}],\"inLanguage\":\"en-US\"},{\"@type\":\"Organization\",\"@id\":\"https:\\\/\\\/darkamazi.info\\\/#organization\",\"name\":\"Darka Maz\u00ee\",\"url\":\"https:\\\/\\\/darkamazi.info\\\/\",\"logo\":{\"@type\":\"ImageObject\",\"inLanguage\":\"en-US\",\"@id\":\"https:\\\/\\\/darkamazi.info\\\/#\\\/schema\\\/logo\\\/image\\\/\",\"url\":\"https:\\\/\\\/darkamazi.info\\\/darka-content\\\/uploads\\\/2017\\\/12\\\/darka-mazi-logo.png\",\"contentUrl\":\"https:\\\/\\\/darkamazi.info\\\/darka-content\\\/uploads\\\/2017\\\/12\\\/darka-mazi-logo.png\",\"width\":151,\"height\":75,\"caption\":\"Darka Maz\u00ee\"},\"image\":{\"@id\":\"https:\\\/\\\/darkamazi.info\\\/#\\\/schema\\\/logo\\\/image\\\/\"},\"sameAs\":[\"https:\\\/\\\/www.facebook.com\\\/DarMaziKurmanci\",\"https:\\\/\\\/x.com\\\/DarkaMaziLatini\",\"https:\\\/\\\/www.instagram.com\\\/darkamazi.kurmanci\\\/\",\"https:\\\/\\\/www.youtube.com\\\/channel\\\/UCa5HkTdmI8U1qCUFuTw8B2g\"]},{\"@type\":\"Person\",\"@id\":\"https:\\\/\\\/darkamazi.info\\\/#\\\/schema\\\/person\\\/5ad3e24553a0567993fa8ed4bd0a776c\",\"name\":\"darka mazi\",\"sameAs\":[\"https:\\\/\\\/darkamazi.info\\\/\"],\"url\":\"https:\\\/\\\/darkamazi.info\\\/archives\\\/author\\\/kurdi\"}]}<\/script>\n<!-- \/ Yoast SEO plugin. -->","seo_head_json":{"title":"Ji bo berdana Dem\u00eerta\u015f roj\u00ean bi hejmar mane - Darka Maz\u00ee","robots":{"index":"index","follow":"follow","max-snippet":"max-snippet:-1","max-image-preview":"max-image-preview:large","max-video-preview":"max-video-preview:-1"},"canonical":"https:\/\/darkamazi.info\/archives\/1050561","og_locale":"en_US","og_type":"article","og_title":"Ji bo berdana Dem\u00eerta\u015f roj\u00ean bi hejmar mane - Darka Maz\u00ee","og_description":"Niv\u00eeskar\u00ea rojnameya Hurriyet\u00ea Abdulkad\u00eer Selv\u00ee di niv\u00eesa xwe ya \u00eero de \u00eedia kir ku ji bo berdana Dem\u00eerta\u015f roj\u00ean bi hejmar mane \u00fb Erdogan di v\u00ea mijar\u00ea de helwesteke er\u00ean\u00ee n\u00ee\u015fan daye. Niv\u00eeskar\u00ea rojnameya Hurriyet\u00ea Abdulkadir Selviy\u00ea ku bi n\u00eaz\u00eekb\u00fbna xwe ya bi desthilat\u00ea re t\u00ea naskirin, di niv\u00eesa xwe ya \u00eero de derbar\u00ea berdana [&hellip;]","og_url":"https:\/\/darkamazi.info\/archives\/1050561","og_site_name":"Darka Maz\u00ee","article_publisher":"https:\/\/www.facebook.com\/DarMaziKurmanci","article_published_time":"2025-11-06T12:50:50+00:00","og_image":[{"width":900,"height":500,"url":"https:\/\/darkamazi.info\/file\/2025\/11\/Demirtash-berdan.jpg","type":"image\/jpeg"}],"author":"darka mazi","twitter_card":"summary_large_image","twitter_creator":"@DarkaMaziLatini","twitter_site":"@DarkaMaziLatini","twitter_misc":{"Written by":"darka mazi","Est. reading time":"2 minutes"},"schema":{"@context":"https:\/\/schema.org","@graph":[{"@type":"Article","@id":"https:\/\/darkamazi.info\/archives\/1050561#article","isPartOf":{"@id":"https:\/\/darkamazi.info\/archives\/1050561"},"author":{"name":"darka mazi","@id":"https:\/\/darkamazi.info\/#\/schema\/person\/5ad3e24553a0567993fa8ed4bd0a776c"},"headline":"Ji bo berdana Dem\u00eerta\u015f roj\u00ean bi hejmar mane","datePublished":"2025-11-06T12:50:50+00:00","mainEntityOfPage":{"@id":"https:\/\/darkamazi.info\/archives\/1050561"},"wordCount":329,"publisher":{"@id":"https:\/\/darkamazi.info\/#organization"},"image":{"@id":"https:\/\/darkamazi.info\/archives\/1050561#primaryimage"},"thumbnailUrl":"https:\/\/darkamazi.info\/file\/2025\/11\/Demirtash-berdan.jpg","keywords":["sereke"],"articleSection":["Kurdistan"],"inLanguage":"en-US"},{"@type":"WebPage","@id":"https:\/\/darkamazi.info\/archives\/1050561","url":"https:\/\/darkamazi.info\/archives\/1050561","name":"Ji bo berdana Dem\u00eerta\u015f roj\u00ean bi hejmar mane - Darka Maz\u00ee","isPartOf":{"@id":"https:\/\/darkamazi.info\/#website"},"primaryImageOfPage":{"@id":"https:\/\/darkamazi.info\/archives\/1050561#primaryimage"},"image":{"@id":"https:\/\/darkamazi.info\/archives\/1050561#primaryimage"},"thumbnailUrl":"https:\/\/darkamazi.info\/file\/2025\/11\/Demirtash-berdan.jpg","datePublished":"2025-11-06T12:50:50+00:00","breadcrumb":{"@id":"https:\/\/darkamazi.info\/archives\/1050561#breadcrumb"},"inLanguage":"en-US","potentialAction":[{"@type":"ReadAction","target":["https:\/\/darkamazi.info\/archives\/1050561"]}]},{"@type":"ImageObject","inLanguage":"en-US","@id":"https:\/\/darkamazi.info\/archives\/1050561#primaryimage","url":"https:\/\/darkamazi.info\/file\/2025\/11\/Demirtash-berdan.jpg","contentUrl":"https:\/\/darkamazi.info\/file\/2025\/11\/Demirtash-berdan.jpg","width":900,"height":500,"caption":"Demirtash-berdan"},{"@type":"BreadcrumbList","@id":"https:\/\/darkamazi.info\/archives\/1050561#breadcrumb","itemListElement":[{"@type":"ListItem","position":1,"name":"Home","item":"https:\/\/darkamazi.info\/"},{"@type":"ListItem","position":2,"name":"Ji bo berdana Dem\u00eerta\u015f roj\u00ean bi hejmar mane"}]},{"@type":"WebSite","@id":"https:\/\/darkamazi.info\/#website","url":"https:\/\/darkamazi.info\/","name":"Darka Maz\u00ee","description":"P\u00eageha Zanyariy\u00ean Nebih\u00eest\u00ee","publisher":{"@id":"https:\/\/darkamazi.info\/#organization"},"potentialAction":[{"@type":"SearchAction","target":{"@type":"EntryPoint","urlTemplate":"https:\/\/darkamazi.info\/?s={search_term_string}"},"query-input":{"@type":"PropertyValueSpecification","valueRequired":true,"valueName":"search_term_string"}}],"inLanguage":"en-US"},{"@type":"Organization","@id":"https:\/\/darkamazi.info\/#organization","name":"Darka Maz\u00ee","url":"https:\/\/darkamazi.info\/","logo":{"@type":"ImageObject","inLanguage":"en-US","@id":"https:\/\/darkamazi.info\/#\/schema\/logo\/image\/","url":"https:\/\/darkamazi.info\/file\/2017\/12\/darka-mazi-logo.png","contentUrl":"https:\/\/darkamazi.info\/file\/2017\/12\/darka-mazi-logo.png","width":151,"height":75,"caption":"Darka Maz\u00ee"},"image":{"@id":"https:\/\/darkamazi.info\/#\/schema\/logo\/image\/"},"sameAs":["https:\/\/www.facebook.com\/DarMaziKurmanci","https:\/\/x.com\/DarkaMaziLatini","https:\/\/www.instagram.com\/darkamazi.kurmanci\/","https:\/\/www.youtube.com\/channel\/UCa5HkTdmI8U1qCUFuTw8B2g"]},{"@type":"Person","@id":"https:\/\/darkamazi.info\/#\/schema\/person\/5ad3e24553a0567993fa8ed4bd0a776c","name":"darka mazi","sameAs":["https:\/\/darkamazi.info\/"],"url":"https:\/\/darkamazi.info\/archives\/author\/kurdi"}]}},"_links":{"self":[{"href":"https:\/\/darkamazi.info\/funavuv\/wp\/v2\/posts\/1050561","targetHints":{"allow":["GET"]}}],"collection":[{"href":"https:\/\/darkamazi.info\/funavuv\/wp\/v2\/posts"}],"about":[{"href":"https:\/\/darkamazi.info\/funavuv\/wp\/v2\/types\/post"}],"author":[{"embeddable":true,"href":"https:\/\/darkamazi.info\/funavuv\/wp\/v2\/users\/2"}],"replies":[{"embeddable":true,"href":"https:\/\/darkamazi.info\/funavuv\/wp\/v2\/comments?post=1050561"}],"version-history":[{"count":0,"href":"https:\/\/darkamazi.info\/funavuv\/wp\/v2\/posts\/1050561\/revisions"}],"wp:featuredmedia":[{"embeddable":true,"href":"https:\/\/darkamazi.info\/funavuv\/wp\/v2\/media\/1050562"}],"wp:attachment":[{"href":"https:\/\/darkamazi.info\/funavuv\/wp\/v2\/media?parent=1050561"}],"wp:term":[{"taxonomy":"category","embeddable":true,"href":"https:\/\/darkamazi.info\/funavuv\/wp\/v2\/categories?post=1050561"},{"taxonomy":"post_tag","embeddable":true,"href":"https:\/\/darkamazi.info\/funavuv\/wp\/v2\/tags?post=1050561"}],"curies":[{"name":"wp","href":"https:\/\/api.w.org\/{rel}","templated":true}]}}