{"id":1050571,"date":"2025-11-08T13:24:53","date_gmt":"2025-11-08T10:24:53","guid":{"rendered":"https:\/\/darkamazi.info\/?p=1050571"},"modified":"2025-11-08T13:24:53","modified_gmt":"2025-11-08T10:24:53","slug":"gelo-de-ci-bibe-kurden-ku-ne-ocalanist-in-ki-ji-darka-mazi-ditirse-u-cima","status":"publish","type":"post","link":"https:\/\/darkamazi.info\/archives\/1050571","title":{"rendered":"Gelo d\u00ea \u00e7i bibe Kurd\u00ean ku ne \u00d6calan\u00eest in? K\u00ee ji Darka Maz\u00ee ditirse \u00fb \u00e7ima?"},"content":{"rendered":"<h3 style=\"text-align: justify\"><span style=\"font-family: 'arial black', sans-serif\">Darka Maz\u00ee, ku di \u00celona 2019\u2019an de we\u015fan\u00ean ceribandin\u00ea dest p\u00ea kir, di Cotmeh\u00ea de bi ferm\u00ee dest bi we\u015fana xwe kir. Bi be\u015f\u00ean bi ziman\u00ean Ereb\u00ee, Fars\u00ee \u00fb Tirk\u00ee, \u00fb her weha bi zaravey\u00ean Kurd\u00ee me we\u015fana kir. \u015ee\u015f sal in, em hewl didin ku li ser \u015fopa heq\u00eeqet\u00ea gel\u00ea xwe agahdar \u00fb ronak bikin.<\/span><\/h3>\n<h3 style=\"text-align: justify\">Di \u015fe\u015f sal\u00ean bor\u00ee de, me pi\u015ftgir\u00ee da her ti\u015ft\u00ea ku ji bo Kurd\u00ean li her \u00e7ar be\u015f\u00ean Kurdistan\u00ea ba\u015f be. \u00db me hewl da ku ti\u015ft\u00ean nenas \u00ean d\u00eeroka Kurd a daw\u00ee veb\u00eajin. B\u00ea guman, dema ku me \u00e7\u00fbvik\u00ea rast\u00eey\u00ea kir xil\u00eafka hinek layenan de, em rast\u00ee gelek \u00ear\u00ee\u015fan hatin. Ji malbat\u00ean me bigire heya bav \u00fb kal\u00ean me b\u00ear\u00eaz\u00ee li me hatin kirin. Gotin\u00ean her\u00ee z\u00eade li me hatin kirin &#8220;H\u00fbn endam\u00ean dewleta Tirk in, h\u00fbn endam\u00ean M\u00ceT \u00ea ne.&#8221; ev b\u00fbn. Bi taybet\u00ee endam\u00ean PKK\u2019\u00ea em bi &#8220;xizmetkirina dewleta Tirk&#8221; tawanbar kirin. Heta endam\u00ean YNK\u2019\u00ea y\u00ean ku li Sil\u00eamaniy\u00ea \u015ferbeta PKK\u2019\u00ea vexwarin j\u00ee gotin\u00ean bi v\u00ee reng\u00ee li dij\u00ee me kirin. Yan\u00ee, wan dixwestin Darka Maz\u00ee wek\u00ee saziyeke M\u00ceT \u00ea n\u00ee\u015fan bidin.<\/h3>\n<h3 style=\"text-align: justify\">\u00db dem hat \u00fb dewran derbas b\u00fb, ew kes\u00ean ku em wek\u00ee am\u00fbra fa\u015f\u00eezma AKP-MHP \u00ea bi nav dikirin,\u00a0 derket hol\u00ea ku serok\u00ean wan bi AKP-M\u00ceT \u00fb MHP \u00ea re flort dikirin. Yan\u00ee, derdikeve hol\u00ea ku ew kes\u00ean ku ji me re digotin MIT bi M\u00ceT \u00ea re kar \u00fb bar\u00ean s\u00eeyas\u00ee dikirin, \u00fb hem\u00fb dan\u00fbstandin\u00ean wan bi MIT re e\u015fkere b\u00fbne. Niha, AKP \u00fb MHP van kesan dipar\u00eazin.<\/h3>\n<h3 style=\"text-align: justify\">Di rastiy\u00ea de, ew kes\u00ean ku ji me re dib\u00eajin MIT di du kategor\u00eeyan de ne. Koma yekem ji wan kesan p\u00eak t\u00ea y\u00ean ku rastiy\u00ea nizanin, \u015fiyana l\u00eakol\u00een\u00ea tune ne \u00fb hatine man\u00eepulekirin. Koma duyem ji wan kesan p\u00eak t\u00ea ku dizanin ku agah\u00ee, \u015f\u00eerove \u00fb \u00e7avd\u00eariy\u00ean d\u00eerok\u00ee \u00fb y\u00ean hey\u00ee y\u00ean ku ji h\u00eala Darka Maz\u00ee ve t\u00eane p\u00ea\u015fk\u00ea\u015f kirin rast in, l\u00ea ji e\u015fkereb\u00fbna rastiy\u00ean xwe ditirsin.<\/h3>\n<h3 style=\"text-align: justify\">\u00db her ku dem derbas b\u00fb, hejmara kes\u00ean ku ji we\u015fan\u00ean Darka Maz\u00ee ditirsin z\u00eade b\u00fb. M\u00eenak, dema ber\u00ea PKK \u00fb hin tevger\u00ean al\u00eegir\u00ea w\u00ea dij derdiketin, bi dem\u00ea re, dewlet j\u00ee tevl\u00ee v\u00ea dijber\u00eeya Darka Maz\u00ee b\u00fbn.<\/h3>\n<h3 style=\"text-align: justify\">Bo m\u00eenak, hik\u00fbmeta \u00ceran\u00ea di nav y\u00ean p\u00ea\u015f\u00een de b\u00fb ku Darka Maz\u00ee asteng kir. Ji ber ku me d\u00eeroka PKK\u2019\u00ea (bi taybet\u00ee peyman\u00ean Cem\u00eel Bay\u0131k bi Iran\u00ea re \u00eemze kir\u00ee re) bi belge ve we\u015fandin.<\/h3>\n<h3 style=\"text-align: justify\">Pi\u015ft\u00ee demek\u00ea, hik\u00fbmeta Tirkiyey\u00ea j\u00ee tevl\u00ee ceph\u00ea dij\u00ee Darka Maz\u00ee b\u00fb. Di destp\u00eaka sala 2021 an de, hik\u00fbmeta Tirkiyey\u00ea gih\u00ee\u015ftina be\u015f\u00ean Ereb\u00ee \u00fb Kurmanc\u00ee y\u00ean Darka Maz\u00ee qedexe kir. Pa\u015f\u00ea, gih\u00ee\u015ftina hesab\u00ean me y\u00ean Ereb\u00ee, Kurmanc\u00ee \u00fb Soran\u00ee X j\u00ee qedexe kir. Me gelek caran navn\u00ee\u015fan\u00ean IP-y\u00ean n\u00fb kirin, l\u00ea em ne\u00e7ar man ku malpera xwe biguher\u00eenin.<\/h3>\n<h3 style=\"text-align: justify\">B\u00ea guman, we\u015fan\u00ean me y\u00ean Tirk\u00ee j\u00ee rast\u00ee \u00ear\u00ee\u015f \u00fb qedexey\u00ean dewletan hatin.<\/h3>\n<h3 style=\"text-align: justify\">Balk\u00ea\u015f e ku \u00e7end roj ber\u00ee ku nameya Evdila Ocalan a ji bo hilwe\u015fandina PKK\u2019\u00ea were we\u015fandin, gih\u00ee\u015ftina hesab\u00ea me y\u00ea X li Tirkiyey\u00ea hate astengkirin. Di heman dem\u00ea de, gih\u00ee\u015ftina malper\u00ea me j\u00ee hate astengkirin, her weha gih\u00ee\u015ftina nav\u00ea Darka Maz\u00ee j\u00ee hate astengkirin. Heta em ne\u00e7ar man ku nav\u00ea malpera xwe biguher\u00eenin.<\/h3>\n<h3 style=\"text-align: justify\">Ji dema ku p\u00eavajoya hevbe\u015f a Ocalan-Erdo\u011fan-Bax\u00e7el\u00ee dest p\u00ea kir, hesab\u00ean me y\u00ean Facebook \u00fb X s\u00ea caran hatin astengkirin.<\/h3>\n<h3 style=\"text-align: justify\">Di dawiy\u00ea de, di 18 \u00ea Cotmeh\u00ea de, X ji me re ragihand ku &#8220;dadgeha \u00c7ewlik\u00ea&#8221; li dij\u00ee me biryarek daye \u00fb em hatine astengkirin. Wek\u00ee t\u00eema Darka Maz\u00ee, me \u015f\u00eerove kir: &#8220;Ji ber ku wan em asteng kirine, hinek layen d\u00ea hinek p\u00eangava bav\u00eajin. Ka em bib\u00eenin ka v\u00ea car\u00ea \u00e7i dibe.&#8221; \u00db p\u00ea\u015fb\u00eeniya me rast derket, \u00fb di 26 \u00ea Cotmeh\u00ea de, PKK ragihand ku wan h\u00eaz\u00ean xwe ji Bakur\u00ea Kurdistan\u00ea veki\u015fandin.<\/h3>\n<h3 style=\"text-align: justify\">Ji ber v\u00ea yek\u00ea, ev gr\u00fbpa me ya pi\u00e7\u00fbk a hevalbenda, ku me bi hev re ji bo &#8220;niv\u00eesandina heq\u00eeqetan&#8221; ava kir, ji h\u00eala van dewletan ve t\u00ea hedefgirtin.<\/h3>\n<h3 style=\"text-align: justify\">Yan\u00ee, dewleta Tirk Darka Maz\u00ee naxwaze, m\u00eena ku PKK j\u00ee naxwaze.<\/h3>\n<h3 style=\"text-align: justify\">M\u00eenak, endam\u00ean PKK dikarin bi\u00e7in Parlamentoya Tirkiy\u00ea li Tirkiy\u00ea \u00fb biq\u00eerin &#8220;Bij\u00ee r\u00eaber APO&#8221;. L\u00ea Darka Maz\u00ee nikare gotar\u00ean rexney\u00ee li Ocalan bike \u00fb rast\u00eey\u00ean w\u00ee e\u015fkere bike, \u00fb heta ku bikire j\u00ee, ew gotar li Tirkiy\u00ea nay\u00ean xwendin. ango, li Tirk\u00eey\u00ea Ocalan azad e, l\u00ea Darka Maz\u00ee qedexe ye&#8230;<\/h3>\n<h3 style=\"text-align: justify\">\u00c7ima? Ji ber ku Darka Maz\u00ee xeta Kurd \u00fb netewey\u00ee tems\u00eel dike \u00fb di\u015fop\u00eene.<\/h3>\n<h3 style=\"text-align: justify\">Ev mijar ten\u00ea Darka Maz\u00ee eleqedar nake. Div\u00ea we ney\u00ea f\u00eamkirin ku em ten\u00ea ji bo xwe diaxivin. Ev siyaseta dewlet\u00ea ye. Ji niha \u00fb p\u00ea ve, li bak\u00fbr\u00ea Kurdistan\u00ea y\u00ean ne Apoc\u00eebin d\u00ea ji lay\u00ea dewleta tirk \u00fb hevpeyman\u00ea w\u00ea pkk \u00ea ve r\u00eagir\u00ee l\u00ea were kirin. Dewlet dixwaze Kurd ji xeta Apo dernekevin.<\/h3>\n<h3 style=\"text-align: justify\">Stratejiya 50 sal\u00ee ya dewleta Tirkiyey\u00ea ew b\u00fb ku Kurdan bike endam\u00ean PKK \u00ea \u00fb Apoc\u00ee. Ji bo v\u00ea armanc\u00ea, di sal\u00ean 1970 an de, PKK \u00ea z\u00eadetir\u00ee sed endam \u00fb r\u00eaber\u00ean tevger\u00ean Kurd ku\u015ftin, ji Fer\u00eet Uzun bigire heta Mistafa \u00c7amlibel, ku endam\u00ean r\u00eaxistina KUK \u00fb Kawa b\u00fbn. Di sal\u00ean 1980 an de li Ewropay\u00ea heman siyaset domand. Bi dehan kes ji DDKK \u00fb r\u00eaxistin\u00ean d\u00ee Al\u00ee Aka G\u00fcnd\u00fcz bigire heta Ey\u00fbp Kemal Ats\u0131z ku\u015ftin.<\/h3>\n<h3 style=\"text-align: justify\">Stratejiya PKK \u00ea ya qirkirina Kurdan \u00fb may\u00eena bi tena ser\u00ea xwe d\u00ea ji niha \u00fb p\u00ea ve bi awayek\u00ee e\u015fkeretir were berdewamkirin. Hunermend, stranb\u00eaj, par\u00eazer, niv\u00eeskar, w\u00eanesaz, xebatkar\u00ean civaka siv\u00eel \u00fb her kes\u00ea ku ne al\u00eegir\u00ea Ocalan e d\u00ea ji h\u00eala bingeha fa\u015f\u00eest a PKK \u00ea \u00fb saziy\u00ean dewlet\u00ea ve werin asteng kirin. H\u00earsb\u00fbna raya gi\u015ft\u00ee ya v\u00ea dawiy\u00ea ya li ser \u00eestismar\u00ean medyaya civak\u00ee y\u00ean Mem Ararat ji h\u00eala civaka PKK \u00ea ve ne bi bihay\u00ean bil\u00eatan an ti\u015ftek\u00ee wisa ve gir\u00eaday\u00ee ye. Ji ber ku Mem soza dilsoziya xwe nedaye PKK \u00ea, Mem Ararat rast\u00ee asteng\u00eeya hat.<\/h3>\n<h3 style=\"text-align: justify\">\u00cero pi\u015ft\u00ee sala 1975 an, siyaseta dewleta Tirkiy\u00ea ya &#8220;bi daw\u00eean\u00eena tevger\u00ean Kurd bi dest\u00ean PKK \u00ea&#8221; bi awayek\u00ee cuda derdikeve hol\u00ea.<\/h3>\n<h3 style=\"text-align: justify\">Dewleta Tirkiy\u00ea ber\u00ea ji Kurdan re digot, &#8220;Yan ji min hez bikin an j\u00ee vir biterk\u00eenin\u201d \u00fb digot ku y\u00ean ku tesl\u00eem\u00ee dewlet\u00ea nebin, maf\u00ea wan \u00ea jiyan\u00ea tune. Niha, li Amed, Batman \u00fb M\u00eard\u00een\u00ea, PKK \u00fb dewleta Tirkiy\u00ea, mil bi mil, ji Kurdan re dib\u00eajin, &#8220;Yan h\u00fbn\u00ea ji Ocalan hez bikin an j\u00ee ji v\u00ee war\u00ee derkevin.&#8221;<\/h3>\n<h3 style=\"text-align: justify\">Di encam\u00ea de, ji bo kes\u00ean ku me wek\u00ee ajan\u00ean MIT \u00ea, xay\u00een \u00fb hwd. bi nav dikin, em v\u00ea dib\u00eajin: Roj hat, dem guher\u00ee \u00fb e\u015fkere b\u00fb ku ka k\u00ee\/k\u00ea xizmeta k\u00ea M\u00eet \u00ea \u00fb dewlet\u00ea dike. Me ber\u00ea j\u00ee got \u00fb em niha j\u00ee dib\u00eajin: &#8220;Siyaseta dewleta Tirkiy\u00ea ya li ser kurdan Apoc\u00eet\u00ee disep\u00eene, siyaseta qirkirina Kurdan e.&#8221; Em \u00ea nekevin v\u00ea xefk\u00ea. Em \u00ea berdewam bikin di niv\u00eesandina heq\u00eeqet\u00ea \u00fb r\u00eaya rast a Kurdewar\u00eey\u00ea. Welatpar\u00eaz\u00ean rast\u00een j\u00ee div\u00ea ji v\u00ea xefka ku ji bo Kurdan hatiye dan\u00een re bib\u00eajin \u00ead\u00ee bes e.<\/h3>\n","protected":false},"excerpt":{"rendered":"<p>Darka Maz\u00ee, ku di \u00celona 2019\u2019an de we\u015fan\u00ean ceribandin\u00ea dest p\u00ea kir, di Cotmeh\u00ea de bi ferm\u00ee dest bi we\u015fana xwe kir. Bi be\u015f\u00ean bi ziman\u00ean Ereb\u00ee, Fars\u00ee \u00fb Tirk\u00ee, \u00fb her weha bi zaravey\u00ean Kurd\u00ee me we\u015fana kir. \u015ee\u015f sal in, em hewl didin ku li ser \u015fopa heq\u00eeqet\u00ea gel\u00ea xwe agahdar \u00fb ronak [&hellip;]<\/p>\n","protected":false},"author":2,"featured_media":1050572,"comment_status":"closed","ping_status":"closed","sticky":false,"template":"","format":"standard","meta":{"footnotes":""},"categories":[68],"tags":[37],"class_list":["post-1050571","post","type-post","status-publish","format-standard","has-post-thumbnail","hentry","category-analiz","tag-sereke"],"blocksy_meta":[],"seo_head":"<!-- This site is optimized with the Yoast SEO plugin v27.5 - https:\/\/yoast.com\/product\/yoast-seo-wordpress\/ -->\n<title>Gelo d\u00ea \u00e7i bibe Kurd\u00ean ku ne \u00d6calan\u00eest in? K\u00ee ji Darka Maz\u00ee ditirse \u00fb \u00e7ima? - Darka Maz\u00ee<\/title>\n<meta name=\"robots\" content=\"index, follow, max-snippet:-1, max-image-preview:large, max-video-preview:-1\" \/>\n<link rel=\"canonical\" href=\"https:\/\/darkamazi.info\/archives\/1050571\" \/>\n<meta property=\"og:locale\" content=\"en_US\" \/>\n<meta property=\"og:type\" content=\"article\" \/>\n<meta property=\"og:title\" content=\"Gelo d\u00ea \u00e7i bibe Kurd\u00ean ku ne \u00d6calan\u00eest in? K\u00ee ji Darka Maz\u00ee ditirse \u00fb \u00e7ima? - Darka Maz\u00ee\" \/>\n<meta property=\"og:description\" content=\"Darka Maz\u00ee, ku di \u00celona 2019\u2019an de we\u015fan\u00ean ceribandin\u00ea dest p\u00ea kir, di Cotmeh\u00ea de bi ferm\u00ee dest bi we\u015fana xwe kir. Bi be\u015f\u00ean bi ziman\u00ean Ereb\u00ee, Fars\u00ee \u00fb Tirk\u00ee, \u00fb her weha bi zaravey\u00ean Kurd\u00ee me we\u015fana kir. \u015ee\u015f sal in, em hewl didin ku li ser \u015fopa heq\u00eeqet\u00ea gel\u00ea xwe agahdar \u00fb ronak [&hellip;]\" \/>\n<meta property=\"og:url\" content=\"https:\/\/darkamazi.info\/archives\/1050571\" \/>\n<meta property=\"og:site_name\" content=\"Darka Maz\u00ee\" \/>\n<meta property=\"article:publisher\" content=\"https:\/\/www.facebook.com\/DarMaziKurmanci\" \/>\n<meta property=\"article:published_time\" content=\"2025-11-08T10:24:53+00:00\" \/>\n<meta property=\"og:image\" content=\"https:\/\/darkamazi.info\/file\/2025\/11\/darka-mazi-ocalan.jpg\" \/>\n\t<meta property=\"og:image:width\" content=\"900\" \/>\n\t<meta property=\"og:image:height\" content=\"497\" \/>\n\t<meta property=\"og:image:type\" content=\"image\/jpeg\" \/>\n<meta name=\"author\" content=\"darka mazi\" \/>\n<meta name=\"twitter:card\" content=\"summary_large_image\" \/>\n<meta name=\"twitter:creator\" content=\"@DarkaMaziLatini\" \/>\n<meta name=\"twitter:site\" content=\"@DarkaMaziLatini\" \/>\n<meta name=\"twitter:label1\" content=\"Written by\" \/>\n\t<meta name=\"twitter:data1\" content=\"darka mazi\" \/>\n\t<meta name=\"twitter:label2\" content=\"Est. reading time\" \/>\n\t<meta name=\"twitter:data2\" content=\"6 minutes\" \/>\n<script type=\"application\/ld+json\" class=\"seo-schema-graph\">{\"@context\":\"https:\\\/\\\/schema.org\",\"@graph\":[{\"@type\":\"Article\",\"@id\":\"https:\\\/\\\/darkamazi.info\\\/archives\\\/1050571#article\",\"isPartOf\":{\"@id\":\"https:\\\/\\\/darkamazi.info\\\/archives\\\/1050571\"},\"author\":{\"name\":\"darka mazi\",\"@id\":\"https:\\\/\\\/darkamazi.info\\\/#\\\/schema\\\/person\\\/5ad3e24553a0567993fa8ed4bd0a776c\"},\"headline\":\"Gelo d\u00ea \u00e7i bibe Kurd\u00ean ku ne \u00d6calan\u00eest in? K\u00ee ji Darka Maz\u00ee ditirse \u00fb \u00e7ima?\",\"datePublished\":\"2025-11-08T10:24:53+00:00\",\"mainEntityOfPage\":{\"@id\":\"https:\\\/\\\/darkamazi.info\\\/archives\\\/1050571\"},\"wordCount\":1295,\"publisher\":{\"@id\":\"https:\\\/\\\/darkamazi.info\\\/#organization\"},\"image\":{\"@id\":\"https:\\\/\\\/darkamazi.info\\\/archives\\\/1050571#primaryimage\"},\"thumbnailUrl\":\"https:\\\/\\\/darkamazi.info\\\/darka-content\\\/uploads\\\/2025\\\/11\\\/darka-mazi-ocalan.jpg\",\"keywords\":[\"sereke\"],\"articleSection\":[\"Anal\u00eez\"],\"inLanguage\":\"en-US\"},{\"@type\":\"WebPage\",\"@id\":\"https:\\\/\\\/darkamazi.info\\\/archives\\\/1050571\",\"url\":\"https:\\\/\\\/darkamazi.info\\\/archives\\\/1050571\",\"name\":\"Gelo d\u00ea \u00e7i bibe Kurd\u00ean ku ne \u00d6calan\u00eest in? K\u00ee ji Darka Maz\u00ee ditirse \u00fb \u00e7ima? - Darka Maz\u00ee\",\"isPartOf\":{\"@id\":\"https:\\\/\\\/darkamazi.info\\\/#website\"},\"primaryImageOfPage\":{\"@id\":\"https:\\\/\\\/darkamazi.info\\\/archives\\\/1050571#primaryimage\"},\"image\":{\"@id\":\"https:\\\/\\\/darkamazi.info\\\/archives\\\/1050571#primaryimage\"},\"thumbnailUrl\":\"https:\\\/\\\/darkamazi.info\\\/darka-content\\\/uploads\\\/2025\\\/11\\\/darka-mazi-ocalan.jpg\",\"datePublished\":\"2025-11-08T10:24:53+00:00\",\"breadcrumb\":{\"@id\":\"https:\\\/\\\/darkamazi.info\\\/archives\\\/1050571#breadcrumb\"},\"inLanguage\":\"en-US\",\"potentialAction\":[{\"@type\":\"ReadAction\",\"target\":[\"https:\\\/\\\/darkamazi.info\\\/archives\\\/1050571\"]}]},{\"@type\":\"ImageObject\",\"inLanguage\":\"en-US\",\"@id\":\"https:\\\/\\\/darkamazi.info\\\/archives\\\/1050571#primaryimage\",\"url\":\"https:\\\/\\\/darkamazi.info\\\/darka-content\\\/uploads\\\/2025\\\/11\\\/darka-mazi-ocalan.jpg\",\"contentUrl\":\"https:\\\/\\\/darkamazi.info\\\/darka-content\\\/uploads\\\/2025\\\/11\\\/darka-mazi-ocalan.jpg\",\"width\":900,\"height\":497,\"caption\":\"Gelo d\u00ea \u00e7i bibe Kurd\u00ean ku ne \u00d6calan\u00eest in? K\u00ee ji Darka Maz\u00ee ditirse \u00fb \u00e7ima?\"},{\"@type\":\"BreadcrumbList\",\"@id\":\"https:\\\/\\\/darkamazi.info\\\/archives\\\/1050571#breadcrumb\",\"itemListElement\":[{\"@type\":\"ListItem\",\"position\":1,\"name\":\"Home\",\"item\":\"https:\\\/\\\/darkamazi.info\\\/\"},{\"@type\":\"ListItem\",\"position\":2,\"name\":\"Gelo d\u00ea \u00e7i bibe Kurd\u00ean ku ne \u00d6calan\u00eest in? K\u00ee ji Darka Maz\u00ee ditirse \u00fb \u00e7ima?\"}]},{\"@type\":\"WebSite\",\"@id\":\"https:\\\/\\\/darkamazi.info\\\/#website\",\"url\":\"https:\\\/\\\/darkamazi.info\\\/\",\"name\":\"Darka Maz\u00ee\",\"description\":\"P\u00eageha Zanyariy\u00ean Nebih\u00eest\u00ee\",\"publisher\":{\"@id\":\"https:\\\/\\\/darkamazi.info\\\/#organization\"},\"potentialAction\":[{\"@type\":\"SearchAction\",\"target\":{\"@type\":\"EntryPoint\",\"urlTemplate\":\"https:\\\/\\\/darkamazi.info\\\/?s={search_term_string}\"},\"query-input\":{\"@type\":\"PropertyValueSpecification\",\"valueRequired\":true,\"valueName\":\"search_term_string\"}}],\"inLanguage\":\"en-US\"},{\"@type\":\"Organization\",\"@id\":\"https:\\\/\\\/darkamazi.info\\\/#organization\",\"name\":\"Darka Maz\u00ee\",\"url\":\"https:\\\/\\\/darkamazi.info\\\/\",\"logo\":{\"@type\":\"ImageObject\",\"inLanguage\":\"en-US\",\"@id\":\"https:\\\/\\\/darkamazi.info\\\/#\\\/schema\\\/logo\\\/image\\\/\",\"url\":\"https:\\\/\\\/darkamazi.info\\\/darka-content\\\/uploads\\\/2017\\\/12\\\/darka-mazi-logo.png\",\"contentUrl\":\"https:\\\/\\\/darkamazi.info\\\/darka-content\\\/uploads\\\/2017\\\/12\\\/darka-mazi-logo.png\",\"width\":151,\"height\":75,\"caption\":\"Darka Maz\u00ee\"},\"image\":{\"@id\":\"https:\\\/\\\/darkamazi.info\\\/#\\\/schema\\\/logo\\\/image\\\/\"},\"sameAs\":[\"https:\\\/\\\/www.facebook.com\\\/DarMaziKurmanci\",\"https:\\\/\\\/x.com\\\/DarkaMaziLatini\",\"https:\\\/\\\/www.instagram.com\\\/darkamazi.kurmanci\\\/\",\"https:\\\/\\\/www.youtube.com\\\/channel\\\/UCa5HkTdmI8U1qCUFuTw8B2g\"]},{\"@type\":\"Person\",\"@id\":\"https:\\\/\\\/darkamazi.info\\\/#\\\/schema\\\/person\\\/5ad3e24553a0567993fa8ed4bd0a776c\",\"name\":\"darka mazi\",\"sameAs\":[\"https:\\\/\\\/darkamazi.info\\\/\"],\"url\":\"https:\\\/\\\/darkamazi.info\\\/archives\\\/author\\\/kurdi\"}]}<\/script>\n<!-- \/ Yoast SEO plugin. -->","seo_head_json":{"title":"Gelo d\u00ea \u00e7i bibe Kurd\u00ean ku ne \u00d6calan\u00eest in? K\u00ee ji Darka Maz\u00ee ditirse \u00fb \u00e7ima? - Darka Maz\u00ee","robots":{"index":"index","follow":"follow","max-snippet":"max-snippet:-1","max-image-preview":"max-image-preview:large","max-video-preview":"max-video-preview:-1"},"canonical":"https:\/\/darkamazi.info\/archives\/1050571","og_locale":"en_US","og_type":"article","og_title":"Gelo d\u00ea \u00e7i bibe Kurd\u00ean ku ne \u00d6calan\u00eest in? K\u00ee ji Darka Maz\u00ee ditirse \u00fb \u00e7ima? - Darka Maz\u00ee","og_description":"Darka Maz\u00ee, ku di \u00celona 2019\u2019an de we\u015fan\u00ean ceribandin\u00ea dest p\u00ea kir, di Cotmeh\u00ea de bi ferm\u00ee dest bi we\u015fana xwe kir. Bi be\u015f\u00ean bi ziman\u00ean Ereb\u00ee, Fars\u00ee \u00fb Tirk\u00ee, \u00fb her weha bi zaravey\u00ean Kurd\u00ee me we\u015fana kir. \u015ee\u015f sal in, em hewl didin ku li ser \u015fopa heq\u00eeqet\u00ea gel\u00ea xwe agahdar \u00fb ronak [&hellip;]","og_url":"https:\/\/darkamazi.info\/archives\/1050571","og_site_name":"Darka Maz\u00ee","article_publisher":"https:\/\/www.facebook.com\/DarMaziKurmanci","article_published_time":"2025-11-08T10:24:53+00:00","og_image":[{"width":900,"height":497,"url":"https:\/\/darkamazi.info\/file\/2025\/11\/darka-mazi-ocalan.jpg","type":"image\/jpeg"}],"author":"darka mazi","twitter_card":"summary_large_image","twitter_creator":"@DarkaMaziLatini","twitter_site":"@DarkaMaziLatini","twitter_misc":{"Written by":"darka mazi","Est. reading time":"6 minutes"},"schema":{"@context":"https:\/\/schema.org","@graph":[{"@type":"Article","@id":"https:\/\/darkamazi.info\/archives\/1050571#article","isPartOf":{"@id":"https:\/\/darkamazi.info\/archives\/1050571"},"author":{"name":"darka mazi","@id":"https:\/\/darkamazi.info\/#\/schema\/person\/5ad3e24553a0567993fa8ed4bd0a776c"},"headline":"Gelo d\u00ea \u00e7i bibe Kurd\u00ean ku ne \u00d6calan\u00eest in? K\u00ee ji Darka Maz\u00ee ditirse \u00fb \u00e7ima?","datePublished":"2025-11-08T10:24:53+00:00","mainEntityOfPage":{"@id":"https:\/\/darkamazi.info\/archives\/1050571"},"wordCount":1295,"publisher":{"@id":"https:\/\/darkamazi.info\/#organization"},"image":{"@id":"https:\/\/darkamazi.info\/archives\/1050571#primaryimage"},"thumbnailUrl":"https:\/\/darkamazi.info\/file\/2025\/11\/darka-mazi-ocalan.jpg","keywords":["sereke"],"articleSection":["Anal\u00eez"],"inLanguage":"en-US"},{"@type":"WebPage","@id":"https:\/\/darkamazi.info\/archives\/1050571","url":"https:\/\/darkamazi.info\/archives\/1050571","name":"Gelo d\u00ea \u00e7i bibe Kurd\u00ean ku ne \u00d6calan\u00eest in? K\u00ee ji Darka Maz\u00ee ditirse \u00fb \u00e7ima? - Darka Maz\u00ee","isPartOf":{"@id":"https:\/\/darkamazi.info\/#website"},"primaryImageOfPage":{"@id":"https:\/\/darkamazi.info\/archives\/1050571#primaryimage"},"image":{"@id":"https:\/\/darkamazi.info\/archives\/1050571#primaryimage"},"thumbnailUrl":"https:\/\/darkamazi.info\/file\/2025\/11\/darka-mazi-ocalan.jpg","datePublished":"2025-11-08T10:24:53+00:00","breadcrumb":{"@id":"https:\/\/darkamazi.info\/archives\/1050571#breadcrumb"},"inLanguage":"en-US","potentialAction":[{"@type":"ReadAction","target":["https:\/\/darkamazi.info\/archives\/1050571"]}]},{"@type":"ImageObject","inLanguage":"en-US","@id":"https:\/\/darkamazi.info\/archives\/1050571#primaryimage","url":"https:\/\/darkamazi.info\/file\/2025\/11\/darka-mazi-ocalan.jpg","contentUrl":"https:\/\/darkamazi.info\/file\/2025\/11\/darka-mazi-ocalan.jpg","width":900,"height":497,"caption":"Gelo d\u00ea \u00e7i bibe Kurd\u00ean ku ne \u00d6calan\u00eest in? K\u00ee ji Darka Maz\u00ee ditirse \u00fb \u00e7ima?"},{"@type":"BreadcrumbList","@id":"https:\/\/darkamazi.info\/archives\/1050571#breadcrumb","itemListElement":[{"@type":"ListItem","position":1,"name":"Home","item":"https:\/\/darkamazi.info\/"},{"@type":"ListItem","position":2,"name":"Gelo d\u00ea \u00e7i bibe Kurd\u00ean ku ne \u00d6calan\u00eest in? K\u00ee ji Darka Maz\u00ee ditirse \u00fb \u00e7ima?"}]},{"@type":"WebSite","@id":"https:\/\/darkamazi.info\/#website","url":"https:\/\/darkamazi.info\/","name":"Darka Maz\u00ee","description":"P\u00eageha Zanyariy\u00ean Nebih\u00eest\u00ee","publisher":{"@id":"https:\/\/darkamazi.info\/#organization"},"potentialAction":[{"@type":"SearchAction","target":{"@type":"EntryPoint","urlTemplate":"https:\/\/darkamazi.info\/?s={search_term_string}"},"query-input":{"@type":"PropertyValueSpecification","valueRequired":true,"valueName":"search_term_string"}}],"inLanguage":"en-US"},{"@type":"Organization","@id":"https:\/\/darkamazi.info\/#organization","name":"Darka Maz\u00ee","url":"https:\/\/darkamazi.info\/","logo":{"@type":"ImageObject","inLanguage":"en-US","@id":"https:\/\/darkamazi.info\/#\/schema\/logo\/image\/","url":"https:\/\/darkamazi.info\/file\/2017\/12\/darka-mazi-logo.png","contentUrl":"https:\/\/darkamazi.info\/file\/2017\/12\/darka-mazi-logo.png","width":151,"height":75,"caption":"Darka Maz\u00ee"},"image":{"@id":"https:\/\/darkamazi.info\/#\/schema\/logo\/image\/"},"sameAs":["https:\/\/www.facebook.com\/DarMaziKurmanci","https:\/\/x.com\/DarkaMaziLatini","https:\/\/www.instagram.com\/darkamazi.kurmanci\/","https:\/\/www.youtube.com\/channel\/UCa5HkTdmI8U1qCUFuTw8B2g"]},{"@type":"Person","@id":"https:\/\/darkamazi.info\/#\/schema\/person\/5ad3e24553a0567993fa8ed4bd0a776c","name":"darka mazi","sameAs":["https:\/\/darkamazi.info\/"],"url":"https:\/\/darkamazi.info\/archives\/author\/kurdi"}]}},"_links":{"self":[{"href":"https:\/\/darkamazi.info\/funavuv\/wp\/v2\/posts\/1050571","targetHints":{"allow":["GET"]}}],"collection":[{"href":"https:\/\/darkamazi.info\/funavuv\/wp\/v2\/posts"}],"about":[{"href":"https:\/\/darkamazi.info\/funavuv\/wp\/v2\/types\/post"}],"author":[{"embeddable":true,"href":"https:\/\/darkamazi.info\/funavuv\/wp\/v2\/users\/2"}],"replies":[{"embeddable":true,"href":"https:\/\/darkamazi.info\/funavuv\/wp\/v2\/comments?post=1050571"}],"version-history":[{"count":0,"href":"https:\/\/darkamazi.info\/funavuv\/wp\/v2\/posts\/1050571\/revisions"}],"wp:featuredmedia":[{"embeddable":true,"href":"https:\/\/darkamazi.info\/funavuv\/wp\/v2\/media\/1050572"}],"wp:attachment":[{"href":"https:\/\/darkamazi.info\/funavuv\/wp\/v2\/media?parent=1050571"}],"wp:term":[{"taxonomy":"category","embeddable":true,"href":"https:\/\/darkamazi.info\/funavuv\/wp\/v2\/categories?post=1050571"},{"taxonomy":"post_tag","embeddable":true,"href":"https:\/\/darkamazi.info\/funavuv\/wp\/v2\/tags?post=1050571"}],"curies":[{"name":"wp","href":"https:\/\/api.w.org\/{rel}","templated":true}]}}