{"id":1050577,"date":"2025-11-08T18:02:31","date_gmt":"2025-11-08T15:02:31","guid":{"rendered":"https:\/\/darkamazi.info\/?p=1050577"},"modified":"2025-11-08T18:02:31","modified_gmt":"2025-11-08T15:02:31","slug":"numan-kurtulmus-hatina-ocalan-bo-parlamentoye-di-rojeva-me-de-nine","status":"publish","type":"post","link":"https:\/\/darkamazi.info\/archives\/1050577","title":{"rendered":"Numan Kurtulmu\u015f: Hatina Ocalan bo Parlamentoy\u00ea di rojeva me de n\u00eene"},"content":{"rendered":"<h3 style=\"text-align: justify\"><span style=\"font-family: 'arial black', sans-serif\">Numan Kurtulmu\u015f diyar kir ku ger lihevkirinek \u00e7\u00eabibe, hevd\u00eetinek bi Ocalan re dikare were kirin \u00fb got, \u201cDi rojeva me de ne \u00d6calan di Parlamentoy\u00ea de \u00fb ne j\u00ee serokatiya koma DEM\u00ea heye.\u201d<\/span><\/h3>\n<h3 style=\"text-align: justify\">Serok\u00ea Parlamentoy\u00ea Numan Kurtulmu\u015f li Qesra Ataturk a gir\u00eaday\u00ee Mecl\u00eesa Netewey\u00ee ya Mezin a Tirkiyey\u00ea (TBMM) li Stenbol\u00ea bi berpirs\u00ean \u00e7apemeniy\u00ea re civiya.<\/h3>\n<h3 style=\"text-align: justify\">Kurtulmu\u015f di bersiva pirs\u00ean rojnamevanan \u00ean li ser rew\u015fa hey\u00ee de derbar\u00ea hevd\u00eetina Kom\u00eesyona Hevgirtina Netewey\u00ee, Birat\u00ee \u00fb Demokrasiy\u00ea ya bi Abdullah \u00d6calan re wiha got:<\/h3>\n<h3 style=\"text-align: justify\">\u201cMeseleya \u015fandina \u015fandeyek bo \u00cemraliy\u00ea di dem\u00ean ber\u00ea de hatiye raberkirin. Ev prat\u00eekek gengaz e di \u00e7ar\u00e7oveya qan\u00fbn\u00ee ya hey\u00ee ya Tirkiyey\u00ea de. Ger Parlamento \u00fb partiy\u00ean siyas\u00ee li ser v\u00ea mijar\u00ea li hev bikin, hevd\u00eetinek wisa dikare di \u00e7ar\u00e7oveya qan\u00fbn\u00ee de were kirin. \u00cemrali saziyek ceza \u00fb \u00eedam\u00ea ye. Endam\u00ean Parlamentoy\u00ea ber\u00ea li wir hevd\u00eetin kirine. Ev rew\u015fek neasay\u00ee n\u00eene; ew be\u015fek xwezay\u00ee ya pergala qan\u00fbn\u00ee ye.\u201d<\/h3>\n<h3 style=\"text-align: justify\">Rojnemevanek\u00ee ji Kurtulmu pirs\u00ee: \u201cGelo mimkun e ku \u00d6calan serdana Parlamentoy\u00ea an ya koma DEM\u00ea bike?\u201d W\u00ee bersiv da, \u201cNa, ev bi tevah\u00ee ne di rojeva me de ye. Mijareke wisa ne di rojeva Parlamentoy\u00ea \u00fb ne j\u00ee di rojeva kom\u00eesyon\u00ea de ye.\u201d<\/h3>\n<h3 style=\"text-align: justify\">\u201cJi bo hin derdoran, nerehetb\u00fbna bi ziman\u00ea Kurd\u00ee ramanek xelet e.\u201d<\/h3>\n<h3 style=\"text-align: justify\">Kurtulmu\u015f got, \u201cDewlet\u00ea ti pirsgir\u00eakek bi gel\u00ea Kurd re tune; em hem\u00ee welatiy\u00ean wekhev \u00fb azad in. Maf\u00ea her\u00ee xwezay\u00ee y\u00ea mirovan e ku \u00e7and \u00fb ziman\u00ea xwe bipar\u00eazin. Ziman\u00ea dayik\u00ea wek\u00ee \u015f\u00eer\u00ea dayik\u00ea helal e; l\u00ea cudaxwaziya li ser bingeha ziman\u00ea dayik\u00ea qedexe ye. Ziman\u00ea ferm\u00ee y\u00ea Tirkiyey\u00ea Tirk\u00ee ye, l\u00ea her \u00e7and dikare xwe bi azad\u00ee \u00eefade bike. Hevokek ji axaftina min a bi Kurd\u00ee li ser malpera Parlamentoy\u00ea hate we\u015fandin. Ji bo hin derdoran, ku ji we\u015fan\u00ean bi \u00cengil\u00eez\u00ee, Frans\u00ee, an Alman\u00ee aciz nabin, ramanek xelet e ku ji ziman\u00ea Kurd\u00ee nerehet bibin.\u201d<\/h3>\n","protected":false},"excerpt":{"rendered":"<p>Numan Kurtulmu\u015f diyar kir ku ger lihevkirinek \u00e7\u00eabibe, hevd\u00eetinek bi Ocalan re dikare were kirin \u00fb got, \u201cDi rojeva me de ne \u00d6calan di Parlamentoy\u00ea de \u00fb ne j\u00ee serokatiya koma DEM\u00ea heye.\u201d Serok\u00ea Parlamentoy\u00ea Numan Kurtulmu\u015f li Qesra Ataturk a gir\u00eaday\u00ee Mecl\u00eesa Netewey\u00ee ya Mezin a Tirkiyey\u00ea (TBMM) li Stenbol\u00ea bi berpirs\u00ean \u00e7apemeniy\u00ea re [&hellip;]<\/p>\n","protected":false},"author":2,"featured_media":1050578,"comment_status":"closed","ping_status":"closed","sticky":false,"template":"","format":"standard","meta":{"footnotes":""},"categories":[31],"tags":[37],"class_list":["post-1050577","post","type-post","status-publish","format-standard","has-post-thumbnail","hentry","category-rojhelata-navin","tag-sereke"],"blocksy_meta":[],"seo_head":"<!-- This site is optimized with the Yoast SEO plugin v27.5 - https:\/\/yoast.com\/product\/yoast-seo-wordpress\/ -->\n<title>Numan Kurtulmu\u015f: Hatina Ocalan bo Parlamentoy\u00ea di rojeva me de n\u00eene - Darka Maz\u00ee<\/title>\n<meta name=\"robots\" content=\"index, follow, max-snippet:-1, max-image-preview:large, max-video-preview:-1\" \/>\n<link rel=\"canonical\" href=\"https:\/\/darkamazi.info\/archives\/1050577\" \/>\n<meta property=\"og:locale\" content=\"en_US\" \/>\n<meta property=\"og:type\" content=\"article\" \/>\n<meta property=\"og:title\" content=\"Numan Kurtulmu\u015f: Hatina Ocalan bo Parlamentoy\u00ea di rojeva me de n\u00eene - Darka Maz\u00ee\" \/>\n<meta property=\"og:description\" content=\"Numan Kurtulmu\u015f diyar kir ku ger lihevkirinek \u00e7\u00eabibe, hevd\u00eetinek bi Ocalan re dikare were kirin \u00fb got, \u201cDi rojeva me de ne \u00d6calan di Parlamentoy\u00ea de \u00fb ne j\u00ee serokatiya koma DEM\u00ea heye.\u201d Serok\u00ea Parlamentoy\u00ea Numan Kurtulmu\u015f li Qesra Ataturk a gir\u00eaday\u00ee Mecl\u00eesa Netewey\u00ee ya Mezin a Tirkiyey\u00ea (TBMM) li Stenbol\u00ea bi berpirs\u00ean \u00e7apemeniy\u00ea re [&hellip;]\" \/>\n<meta property=\"og:url\" content=\"https:\/\/darkamazi.info\/archives\/1050577\" \/>\n<meta property=\"og:site_name\" content=\"Darka Maz\u00ee\" \/>\n<meta property=\"article:publisher\" content=\"https:\/\/www.facebook.com\/DarMaziKurmanci\" \/>\n<meta property=\"article:published_time\" content=\"2025-11-08T15:02:31+00:00\" \/>\n<meta property=\"og:image\" content=\"https:\/\/darkamazi.info\/file\/2025\/11\/Numan-Kurtulmus-1.jpg\" \/>\n\t<meta property=\"og:image:width\" content=\"900\" \/>\n\t<meta property=\"og:image:height\" content=\"497\" \/>\n\t<meta property=\"og:image:type\" content=\"image\/jpeg\" \/>\n<meta name=\"author\" content=\"darka mazi\" \/>\n<meta name=\"twitter:card\" content=\"summary_large_image\" \/>\n<meta name=\"twitter:creator\" content=\"@DarkaMaziLatini\" \/>\n<meta name=\"twitter:site\" content=\"@DarkaMaziLatini\" \/>\n<meta name=\"twitter:label1\" content=\"Written by\" \/>\n\t<meta name=\"twitter:data1\" content=\"darka mazi\" \/>\n\t<meta name=\"twitter:label2\" content=\"Est. reading time\" \/>\n\t<meta name=\"twitter:data2\" content=\"2 minutes\" \/>\n<script type=\"application\/ld+json\" class=\"seo-schema-graph\">{\"@context\":\"https:\\\/\\\/schema.org\",\"@graph\":[{\"@type\":\"Article\",\"@id\":\"https:\\\/\\\/darkamazi.info\\\/archives\\\/1050577#article\",\"isPartOf\":{\"@id\":\"https:\\\/\\\/darkamazi.info\\\/archives\\\/1050577\"},\"author\":{\"name\":\"darka mazi\",\"@id\":\"https:\\\/\\\/darkamazi.info\\\/#\\\/schema\\\/person\\\/5ad3e24553a0567993fa8ed4bd0a776c\"},\"headline\":\"Numan Kurtulmu\u015f: Hatina Ocalan bo Parlamentoy\u00ea di rojeva me de n\u00eene\",\"datePublished\":\"2025-11-08T15:02:31+00:00\",\"mainEntityOfPage\":{\"@id\":\"https:\\\/\\\/darkamazi.info\\\/archives\\\/1050577\"},\"wordCount\":335,\"publisher\":{\"@id\":\"https:\\\/\\\/darkamazi.info\\\/#organization\"},\"image\":{\"@id\":\"https:\\\/\\\/darkamazi.info\\\/archives\\\/1050577#primaryimage\"},\"thumbnailUrl\":\"https:\\\/\\\/darkamazi.info\\\/darka-content\\\/uploads\\\/2025\\\/11\\\/Numan-Kurtulmus-1.jpg\",\"keywords\":[\"sereke\"],\"articleSection\":[\"Rojhelata nav\u00een\"],\"inLanguage\":\"en-US\"},{\"@type\":\"WebPage\",\"@id\":\"https:\\\/\\\/darkamazi.info\\\/archives\\\/1050577\",\"url\":\"https:\\\/\\\/darkamazi.info\\\/archives\\\/1050577\",\"name\":\"Numan Kurtulmu\u015f: Hatina Ocalan bo Parlamentoy\u00ea di rojeva me de n\u00eene - Darka Maz\u00ee\",\"isPartOf\":{\"@id\":\"https:\\\/\\\/darkamazi.info\\\/#website\"},\"primaryImageOfPage\":{\"@id\":\"https:\\\/\\\/darkamazi.info\\\/archives\\\/1050577#primaryimage\"},\"image\":{\"@id\":\"https:\\\/\\\/darkamazi.info\\\/archives\\\/1050577#primaryimage\"},\"thumbnailUrl\":\"https:\\\/\\\/darkamazi.info\\\/darka-content\\\/uploads\\\/2025\\\/11\\\/Numan-Kurtulmus-1.jpg\",\"datePublished\":\"2025-11-08T15:02:31+00:00\",\"breadcrumb\":{\"@id\":\"https:\\\/\\\/darkamazi.info\\\/archives\\\/1050577#breadcrumb\"},\"inLanguage\":\"en-US\",\"potentialAction\":[{\"@type\":\"ReadAction\",\"target\":[\"https:\\\/\\\/darkamazi.info\\\/archives\\\/1050577\"]}]},{\"@type\":\"ImageObject\",\"inLanguage\":\"en-US\",\"@id\":\"https:\\\/\\\/darkamazi.info\\\/archives\\\/1050577#primaryimage\",\"url\":\"https:\\\/\\\/darkamazi.info\\\/darka-content\\\/uploads\\\/2025\\\/11\\\/Numan-Kurtulmus-1.jpg\",\"contentUrl\":\"https:\\\/\\\/darkamazi.info\\\/darka-content\\\/uploads\\\/2025\\\/11\\\/Numan-Kurtulmus-1.jpg\",\"width\":900,\"height\":497,\"caption\":\"Numan Kurtulmu\u015f: Hatina Ocalan bo Parlamentoy\u00ea di rojeva me de n\u00eene\"},{\"@type\":\"BreadcrumbList\",\"@id\":\"https:\\\/\\\/darkamazi.info\\\/archives\\\/1050577#breadcrumb\",\"itemListElement\":[{\"@type\":\"ListItem\",\"position\":1,\"name\":\"Home\",\"item\":\"https:\\\/\\\/darkamazi.info\\\/\"},{\"@type\":\"ListItem\",\"position\":2,\"name\":\"Numan Kurtulmu\u015f: Hatina Ocalan bo Parlamentoy\u00ea di rojeva me de n\u00eene\"}]},{\"@type\":\"WebSite\",\"@id\":\"https:\\\/\\\/darkamazi.info\\\/#website\",\"url\":\"https:\\\/\\\/darkamazi.info\\\/\",\"name\":\"Darka Maz\u00ee\",\"description\":\"P\u00eageha Zanyariy\u00ean Nebih\u00eest\u00ee\",\"publisher\":{\"@id\":\"https:\\\/\\\/darkamazi.info\\\/#organization\"},\"potentialAction\":[{\"@type\":\"SearchAction\",\"target\":{\"@type\":\"EntryPoint\",\"urlTemplate\":\"https:\\\/\\\/darkamazi.info\\\/?s={search_term_string}\"},\"query-input\":{\"@type\":\"PropertyValueSpecification\",\"valueRequired\":true,\"valueName\":\"search_term_string\"}}],\"inLanguage\":\"en-US\"},{\"@type\":\"Organization\",\"@id\":\"https:\\\/\\\/darkamazi.info\\\/#organization\",\"name\":\"Darka Maz\u00ee\",\"url\":\"https:\\\/\\\/darkamazi.info\\\/\",\"logo\":{\"@type\":\"ImageObject\",\"inLanguage\":\"en-US\",\"@id\":\"https:\\\/\\\/darkamazi.info\\\/#\\\/schema\\\/logo\\\/image\\\/\",\"url\":\"https:\\\/\\\/darkamazi.info\\\/darka-content\\\/uploads\\\/2017\\\/12\\\/darka-mazi-logo.png\",\"contentUrl\":\"https:\\\/\\\/darkamazi.info\\\/darka-content\\\/uploads\\\/2017\\\/12\\\/darka-mazi-logo.png\",\"width\":151,\"height\":75,\"caption\":\"Darka Maz\u00ee\"},\"image\":{\"@id\":\"https:\\\/\\\/darkamazi.info\\\/#\\\/schema\\\/logo\\\/image\\\/\"},\"sameAs\":[\"https:\\\/\\\/www.facebook.com\\\/DarMaziKurmanci\",\"https:\\\/\\\/x.com\\\/DarkaMaziLatini\",\"https:\\\/\\\/www.instagram.com\\\/darkamazi.kurmanci\\\/\",\"https:\\\/\\\/www.youtube.com\\\/channel\\\/UCa5HkTdmI8U1qCUFuTw8B2g\"]},{\"@type\":\"Person\",\"@id\":\"https:\\\/\\\/darkamazi.info\\\/#\\\/schema\\\/person\\\/5ad3e24553a0567993fa8ed4bd0a776c\",\"name\":\"darka mazi\",\"sameAs\":[\"https:\\\/\\\/darkamazi.info\\\/\"],\"url\":\"https:\\\/\\\/darkamazi.info\\\/archives\\\/author\\\/kurdi\"}]}<\/script>\n<!-- \/ Yoast SEO plugin. -->","seo_head_json":{"title":"Numan Kurtulmu\u015f: Hatina Ocalan bo Parlamentoy\u00ea di rojeva me de n\u00eene - Darka Maz\u00ee","robots":{"index":"index","follow":"follow","max-snippet":"max-snippet:-1","max-image-preview":"max-image-preview:large","max-video-preview":"max-video-preview:-1"},"canonical":"https:\/\/darkamazi.info\/archives\/1050577","og_locale":"en_US","og_type":"article","og_title":"Numan Kurtulmu\u015f: Hatina Ocalan bo Parlamentoy\u00ea di rojeva me de n\u00eene - Darka Maz\u00ee","og_description":"Numan Kurtulmu\u015f diyar kir ku ger lihevkirinek \u00e7\u00eabibe, hevd\u00eetinek bi Ocalan re dikare were kirin \u00fb got, \u201cDi rojeva me de ne \u00d6calan di Parlamentoy\u00ea de \u00fb ne j\u00ee serokatiya koma DEM\u00ea heye.\u201d Serok\u00ea Parlamentoy\u00ea Numan Kurtulmu\u015f li Qesra Ataturk a gir\u00eaday\u00ee Mecl\u00eesa Netewey\u00ee ya Mezin a Tirkiyey\u00ea (TBMM) li Stenbol\u00ea bi berpirs\u00ean \u00e7apemeniy\u00ea re [&hellip;]","og_url":"https:\/\/darkamazi.info\/archives\/1050577","og_site_name":"Darka Maz\u00ee","article_publisher":"https:\/\/www.facebook.com\/DarMaziKurmanci","article_published_time":"2025-11-08T15:02:31+00:00","og_image":[{"width":900,"height":497,"url":"https:\/\/darkamazi.info\/file\/2025\/11\/Numan-Kurtulmus-1.jpg","type":"image\/jpeg"}],"author":"darka mazi","twitter_card":"summary_large_image","twitter_creator":"@DarkaMaziLatini","twitter_site":"@DarkaMaziLatini","twitter_misc":{"Written by":"darka mazi","Est. reading time":"2 minutes"},"schema":{"@context":"https:\/\/schema.org","@graph":[{"@type":"Article","@id":"https:\/\/darkamazi.info\/archives\/1050577#article","isPartOf":{"@id":"https:\/\/darkamazi.info\/archives\/1050577"},"author":{"name":"darka mazi","@id":"https:\/\/darkamazi.info\/#\/schema\/person\/5ad3e24553a0567993fa8ed4bd0a776c"},"headline":"Numan Kurtulmu\u015f: Hatina Ocalan bo Parlamentoy\u00ea di rojeva me de n\u00eene","datePublished":"2025-11-08T15:02:31+00:00","mainEntityOfPage":{"@id":"https:\/\/darkamazi.info\/archives\/1050577"},"wordCount":335,"publisher":{"@id":"https:\/\/darkamazi.info\/#organization"},"image":{"@id":"https:\/\/darkamazi.info\/archives\/1050577#primaryimage"},"thumbnailUrl":"https:\/\/darkamazi.info\/file\/2025\/11\/Numan-Kurtulmus-1.jpg","keywords":["sereke"],"articleSection":["Rojhelata nav\u00een"],"inLanguage":"en-US"},{"@type":"WebPage","@id":"https:\/\/darkamazi.info\/archives\/1050577","url":"https:\/\/darkamazi.info\/archives\/1050577","name":"Numan Kurtulmu\u015f: Hatina Ocalan bo Parlamentoy\u00ea di rojeva me de n\u00eene - Darka Maz\u00ee","isPartOf":{"@id":"https:\/\/darkamazi.info\/#website"},"primaryImageOfPage":{"@id":"https:\/\/darkamazi.info\/archives\/1050577#primaryimage"},"image":{"@id":"https:\/\/darkamazi.info\/archives\/1050577#primaryimage"},"thumbnailUrl":"https:\/\/darkamazi.info\/file\/2025\/11\/Numan-Kurtulmus-1.jpg","datePublished":"2025-11-08T15:02:31+00:00","breadcrumb":{"@id":"https:\/\/darkamazi.info\/archives\/1050577#breadcrumb"},"inLanguage":"en-US","potentialAction":[{"@type":"ReadAction","target":["https:\/\/darkamazi.info\/archives\/1050577"]}]},{"@type":"ImageObject","inLanguage":"en-US","@id":"https:\/\/darkamazi.info\/archives\/1050577#primaryimage","url":"https:\/\/darkamazi.info\/file\/2025\/11\/Numan-Kurtulmus-1.jpg","contentUrl":"https:\/\/darkamazi.info\/file\/2025\/11\/Numan-Kurtulmus-1.jpg","width":900,"height":497,"caption":"Numan Kurtulmu\u015f: Hatina Ocalan bo Parlamentoy\u00ea di rojeva me de n\u00eene"},{"@type":"BreadcrumbList","@id":"https:\/\/darkamazi.info\/archives\/1050577#breadcrumb","itemListElement":[{"@type":"ListItem","position":1,"name":"Home","item":"https:\/\/darkamazi.info\/"},{"@type":"ListItem","position":2,"name":"Numan Kurtulmu\u015f: Hatina Ocalan bo Parlamentoy\u00ea di rojeva me de n\u00eene"}]},{"@type":"WebSite","@id":"https:\/\/darkamazi.info\/#website","url":"https:\/\/darkamazi.info\/","name":"Darka Maz\u00ee","description":"P\u00eageha Zanyariy\u00ean Nebih\u00eest\u00ee","publisher":{"@id":"https:\/\/darkamazi.info\/#organization"},"potentialAction":[{"@type":"SearchAction","target":{"@type":"EntryPoint","urlTemplate":"https:\/\/darkamazi.info\/?s={search_term_string}"},"query-input":{"@type":"PropertyValueSpecification","valueRequired":true,"valueName":"search_term_string"}}],"inLanguage":"en-US"},{"@type":"Organization","@id":"https:\/\/darkamazi.info\/#organization","name":"Darka Maz\u00ee","url":"https:\/\/darkamazi.info\/","logo":{"@type":"ImageObject","inLanguage":"en-US","@id":"https:\/\/darkamazi.info\/#\/schema\/logo\/image\/","url":"https:\/\/darkamazi.info\/file\/2017\/12\/darka-mazi-logo.png","contentUrl":"https:\/\/darkamazi.info\/file\/2017\/12\/darka-mazi-logo.png","width":151,"height":75,"caption":"Darka Maz\u00ee"},"image":{"@id":"https:\/\/darkamazi.info\/#\/schema\/logo\/image\/"},"sameAs":["https:\/\/www.facebook.com\/DarMaziKurmanci","https:\/\/x.com\/DarkaMaziLatini","https:\/\/www.instagram.com\/darkamazi.kurmanci\/","https:\/\/www.youtube.com\/channel\/UCa5HkTdmI8U1qCUFuTw8B2g"]},{"@type":"Person","@id":"https:\/\/darkamazi.info\/#\/schema\/person\/5ad3e24553a0567993fa8ed4bd0a776c","name":"darka mazi","sameAs":["https:\/\/darkamazi.info\/"],"url":"https:\/\/darkamazi.info\/archives\/author\/kurdi"}]}},"_links":{"self":[{"href":"https:\/\/darkamazi.info\/funavuv\/wp\/v2\/posts\/1050577","targetHints":{"allow":["GET"]}}],"collection":[{"href":"https:\/\/darkamazi.info\/funavuv\/wp\/v2\/posts"}],"about":[{"href":"https:\/\/darkamazi.info\/funavuv\/wp\/v2\/types\/post"}],"author":[{"embeddable":true,"href":"https:\/\/darkamazi.info\/funavuv\/wp\/v2\/users\/2"}],"replies":[{"embeddable":true,"href":"https:\/\/darkamazi.info\/funavuv\/wp\/v2\/comments?post=1050577"}],"version-history":[{"count":0,"href":"https:\/\/darkamazi.info\/funavuv\/wp\/v2\/posts\/1050577\/revisions"}],"wp:featuredmedia":[{"embeddable":true,"href":"https:\/\/darkamazi.info\/funavuv\/wp\/v2\/media\/1050578"}],"wp:attachment":[{"href":"https:\/\/darkamazi.info\/funavuv\/wp\/v2\/media?parent=1050577"}],"wp:term":[{"taxonomy":"category","embeddable":true,"href":"https:\/\/darkamazi.info\/funavuv\/wp\/v2\/categories?post=1050577"},{"taxonomy":"post_tag","embeddable":true,"href":"https:\/\/darkamazi.info\/funavuv\/wp\/v2\/tags?post=1050577"}],"curies":[{"name":"wp","href":"https:\/\/api.w.org\/{rel}","templated":true}]}}