{"id":1050586,"date":"2025-11-09T10:41:28","date_gmt":"2025-11-09T07:41:28","guid":{"rendered":"https:\/\/darkamazi.info\/?p=1050586"},"modified":"2025-11-09T10:41:28","modified_gmt":"2025-11-09T07:41:28","slug":"ehmed-ser-gihist-amerikaye","status":"publish","type":"post","link":"https:\/\/darkamazi.info\/archives\/1050586","title":{"rendered":"Ehmed \u015eer gihi\u015ft Amer\u00eekay\u00ea"},"content":{"rendered":"<h3 style=\"text-align: justify\"><span style=\"font-family: 'arial black', sans-serif\">Hat ragihandin ku Serokkomar\u00ea Demk\u00ee y\u00ea S\u00fbriyey\u00ea Ehmed \u015eer ji bo hevd\u00eetin\u00ean ferm\u00ee gihi\u015ftiye Amer\u00eekay\u00ea.<\/span><\/h3>\n<h3 style=\"text-align: justify\">Li gor\u00ee n\u00fb\u00e7eya ajansa ferm\u00ee ya S\u00fbriyey\u00ea (SANA), Ehmed \u015eer pi\u015ft\u00ee ku li Brez\u00eelyay\u00ea be\u015fdar\u00ee L\u00fbtkeya Avheway\u00ea ya \u201cCOP30\u2033\u00ea b\u00fbye derbas\u00ee Amer\u00eekay\u00ea b\u00fbye.<\/h3>\n<h3 style=\"text-align: justify\">T\u00ea pay\u00een ku Ehmed \u015eer sibe li Ko\u015fka Sp\u00ee bi Serok\u00ea Amer\u00eekay\u00ea Donald Trump re bicive.<\/h3>\n<h3 style=\"text-align: justify\">Berdevka Ko\u015fka Sp\u00ee Karoline Leavitt\u00ea pi\u015ftrast kirib\u00fb ku Donald Trump d\u00ea du\u015fem\u00ea li Ko\u015fka Sp\u00ee maz\u00fbvaniya Ehmed \u015eer bike.<\/h3>\n<h3 style=\"text-align: justify\">T\u00ea p\u00ea\u015fb\u00een\u00eekirin ku di hevd\u00eetina Trump \u00fb \u015eer de, di ser\u00ee de rakirina sizay\u00ean Amer\u00eekay\u00ea y\u00ean li ser S\u00fbriyey\u00ea, mijar\u00ean dual\u00ee \u00fb her\u00eam\u00ee b\u00ean got\u00fbb\u00eajkirin.<\/h3>\n","protected":false},"excerpt":{"rendered":"<p>Hat ragihandin ku Serokkomar\u00ea Demk\u00ee y\u00ea S\u00fbriyey\u00ea Ehmed \u015eer ji bo hevd\u00eetin\u00ean ferm\u00ee gihi\u015ftiye Amer\u00eekay\u00ea. Li gor\u00ee n\u00fb\u00e7eya ajansa ferm\u00ee ya S\u00fbriyey\u00ea (SANA), Ehmed \u015eer pi\u015ft\u00ee ku li Brez\u00eelyay\u00ea be\u015fdar\u00ee L\u00fbtkeya Avheway\u00ea ya \u201cCOP30\u2033\u00ea b\u00fbye derbas\u00ee Amer\u00eekay\u00ea b\u00fbye. T\u00ea pay\u00een ku Ehmed \u015eer sibe li Ko\u015fka Sp\u00ee bi Serok\u00ea Amer\u00eekay\u00ea Donald Trump re bicive. Berdevka [&hellip;]<\/p>\n","protected":false},"author":2,"featured_media":1050587,"comment_status":"closed","ping_status":"closed","sticky":false,"template":"","format":"standard","meta":{"footnotes":""},"categories":[31],"tags":[37],"class_list":["post-1050586","post","type-post","status-publish","format-standard","has-post-thumbnail","hentry","category-rojhelata-navin","tag-sereke"],"blocksy_meta":[],"seo_head":"<!-- This site is optimized with the Yoast SEO plugin v27.5 - https:\/\/yoast.com\/product\/yoast-seo-wordpress\/ -->\n<title>Ehmed \u015eer gihi\u015ft Amer\u00eekay\u00ea - Darka Maz\u00ee<\/title>\n<meta name=\"robots\" content=\"index, follow, max-snippet:-1, max-image-preview:large, max-video-preview:-1\" \/>\n<link rel=\"canonical\" href=\"https:\/\/darkamazi.info\/archives\/1050586\" \/>\n<meta property=\"og:locale\" content=\"en_US\" \/>\n<meta property=\"og:type\" content=\"article\" \/>\n<meta property=\"og:title\" content=\"Ehmed \u015eer gihi\u015ft Amer\u00eekay\u00ea - Darka Maz\u00ee\" \/>\n<meta property=\"og:description\" content=\"Hat ragihandin ku Serokkomar\u00ea Demk\u00ee y\u00ea S\u00fbriyey\u00ea Ehmed \u015eer ji bo hevd\u00eetin\u00ean ferm\u00ee gihi\u015ftiye Amer\u00eekay\u00ea. Li gor\u00ee n\u00fb\u00e7eya ajansa ferm\u00ee ya S\u00fbriyey\u00ea (SANA), Ehmed \u015eer pi\u015ft\u00ee ku li Brez\u00eelyay\u00ea be\u015fdar\u00ee L\u00fbtkeya Avheway\u00ea ya \u201cCOP30\u2033\u00ea b\u00fbye derbas\u00ee Amer\u00eekay\u00ea b\u00fbye. T\u00ea pay\u00een ku Ehmed \u015eer sibe li Ko\u015fka Sp\u00ee bi Serok\u00ea Amer\u00eekay\u00ea Donald Trump re bicive. Berdevka [&hellip;]\" \/>\n<meta property=\"og:url\" content=\"https:\/\/darkamazi.info\/archives\/1050586\" \/>\n<meta property=\"og:site_name\" content=\"Darka Maz\u00ee\" \/>\n<meta property=\"article:publisher\" content=\"https:\/\/www.facebook.com\/DarMaziKurmanci\" \/>\n<meta property=\"article:published_time\" content=\"2025-11-09T07:41:28+00:00\" \/>\n<meta property=\"og:image\" content=\"https:\/\/darkamazi.info\/file\/2025\/11\/ehmed-sera.jpg\" \/>\n\t<meta property=\"og:image:width\" content=\"900\" \/>\n\t<meta property=\"og:image:height\" content=\"497\" \/>\n\t<meta property=\"og:image:type\" content=\"image\/jpeg\" \/>\n<meta name=\"author\" content=\"darka mazi\" \/>\n<meta name=\"twitter:card\" content=\"summary_large_image\" \/>\n<meta name=\"twitter:creator\" content=\"@DarkaMaziLatini\" \/>\n<meta name=\"twitter:site\" content=\"@DarkaMaziLatini\" \/>\n<meta name=\"twitter:label1\" content=\"Written by\" \/>\n\t<meta name=\"twitter:data1\" content=\"darka mazi\" \/>\n\t<meta name=\"twitter:label2\" content=\"Est. reading time\" \/>\n\t<meta name=\"twitter:data2\" content=\"1 minute\" \/>\n<script type=\"application\/ld+json\" class=\"seo-schema-graph\">{\"@context\":\"https:\\\/\\\/schema.org\",\"@graph\":[{\"@type\":\"Article\",\"@id\":\"https:\\\/\\\/darkamazi.info\\\/archives\\\/1050586#article\",\"isPartOf\":{\"@id\":\"https:\\\/\\\/darkamazi.info\\\/archives\\\/1050586\"},\"author\":{\"name\":\"darka mazi\",\"@id\":\"https:\\\/\\\/darkamazi.info\\\/#\\\/schema\\\/person\\\/5ad3e24553a0567993fa8ed4bd0a776c\"},\"headline\":\"Ehmed \u015eer gihi\u015ft Amer\u00eekay\u00ea\",\"datePublished\":\"2025-11-09T07:41:28+00:00\",\"mainEntityOfPage\":{\"@id\":\"https:\\\/\\\/darkamazi.info\\\/archives\\\/1050586\"},\"wordCount\":137,\"publisher\":{\"@id\":\"https:\\\/\\\/darkamazi.info\\\/#organization\"},\"image\":{\"@id\":\"https:\\\/\\\/darkamazi.info\\\/archives\\\/1050586#primaryimage\"},\"thumbnailUrl\":\"https:\\\/\\\/darkamazi.info\\\/darka-content\\\/uploads\\\/2025\\\/11\\\/ehmed-sera.jpg\",\"keywords\":[\"sereke\"],\"articleSection\":[\"Rojhelata nav\u00een\"],\"inLanguage\":\"en-US\"},{\"@type\":\"WebPage\",\"@id\":\"https:\\\/\\\/darkamazi.info\\\/archives\\\/1050586\",\"url\":\"https:\\\/\\\/darkamazi.info\\\/archives\\\/1050586\",\"name\":\"Ehmed \u015eer gihi\u015ft Amer\u00eekay\u00ea - Darka Maz\u00ee\",\"isPartOf\":{\"@id\":\"https:\\\/\\\/darkamazi.info\\\/#website\"},\"primaryImageOfPage\":{\"@id\":\"https:\\\/\\\/darkamazi.info\\\/archives\\\/1050586#primaryimage\"},\"image\":{\"@id\":\"https:\\\/\\\/darkamazi.info\\\/archives\\\/1050586#primaryimage\"},\"thumbnailUrl\":\"https:\\\/\\\/darkamazi.info\\\/darka-content\\\/uploads\\\/2025\\\/11\\\/ehmed-sera.jpg\",\"datePublished\":\"2025-11-09T07:41:28+00:00\",\"breadcrumb\":{\"@id\":\"https:\\\/\\\/darkamazi.info\\\/archives\\\/1050586#breadcrumb\"},\"inLanguage\":\"en-US\",\"potentialAction\":[{\"@type\":\"ReadAction\",\"target\":[\"https:\\\/\\\/darkamazi.info\\\/archives\\\/1050586\"]}]},{\"@type\":\"ImageObject\",\"inLanguage\":\"en-US\",\"@id\":\"https:\\\/\\\/darkamazi.info\\\/archives\\\/1050586#primaryimage\",\"url\":\"https:\\\/\\\/darkamazi.info\\\/darka-content\\\/uploads\\\/2025\\\/11\\\/ehmed-sera.jpg\",\"contentUrl\":\"https:\\\/\\\/darkamazi.info\\\/darka-content\\\/uploads\\\/2025\\\/11\\\/ehmed-sera.jpg\",\"width\":900,\"height\":497,\"caption\":\"Ehmed \u015eer gihi\u015ft Amer\u00eekay\u00ea\"},{\"@type\":\"BreadcrumbList\",\"@id\":\"https:\\\/\\\/darkamazi.info\\\/archives\\\/1050586#breadcrumb\",\"itemListElement\":[{\"@type\":\"ListItem\",\"position\":1,\"name\":\"Home\",\"item\":\"https:\\\/\\\/darkamazi.info\\\/\"},{\"@type\":\"ListItem\",\"position\":2,\"name\":\"Ehmed \u015eer gihi\u015ft Amer\u00eekay\u00ea\"}]},{\"@type\":\"WebSite\",\"@id\":\"https:\\\/\\\/darkamazi.info\\\/#website\",\"url\":\"https:\\\/\\\/darkamazi.info\\\/\",\"name\":\"Darka Maz\u00ee\",\"description\":\"P\u00eageha Zanyariy\u00ean Nebih\u00eest\u00ee\",\"publisher\":{\"@id\":\"https:\\\/\\\/darkamazi.info\\\/#organization\"},\"potentialAction\":[{\"@type\":\"SearchAction\",\"target\":{\"@type\":\"EntryPoint\",\"urlTemplate\":\"https:\\\/\\\/darkamazi.info\\\/?s={search_term_string}\"},\"query-input\":{\"@type\":\"PropertyValueSpecification\",\"valueRequired\":true,\"valueName\":\"search_term_string\"}}],\"inLanguage\":\"en-US\"},{\"@type\":\"Organization\",\"@id\":\"https:\\\/\\\/darkamazi.info\\\/#organization\",\"name\":\"Darka Maz\u00ee\",\"url\":\"https:\\\/\\\/darkamazi.info\\\/\",\"logo\":{\"@type\":\"ImageObject\",\"inLanguage\":\"en-US\",\"@id\":\"https:\\\/\\\/darkamazi.info\\\/#\\\/schema\\\/logo\\\/image\\\/\",\"url\":\"https:\\\/\\\/darkamazi.info\\\/darka-content\\\/uploads\\\/2017\\\/12\\\/darka-mazi-logo.png\",\"contentUrl\":\"https:\\\/\\\/darkamazi.info\\\/darka-content\\\/uploads\\\/2017\\\/12\\\/darka-mazi-logo.png\",\"width\":151,\"height\":75,\"caption\":\"Darka Maz\u00ee\"},\"image\":{\"@id\":\"https:\\\/\\\/darkamazi.info\\\/#\\\/schema\\\/logo\\\/image\\\/\"},\"sameAs\":[\"https:\\\/\\\/www.facebook.com\\\/DarMaziKurmanci\",\"https:\\\/\\\/x.com\\\/DarkaMaziLatini\",\"https:\\\/\\\/www.instagram.com\\\/darkamazi.kurmanci\\\/\",\"https:\\\/\\\/www.youtube.com\\\/channel\\\/UCa5HkTdmI8U1qCUFuTw8B2g\"]},{\"@type\":\"Person\",\"@id\":\"https:\\\/\\\/darkamazi.info\\\/#\\\/schema\\\/person\\\/5ad3e24553a0567993fa8ed4bd0a776c\",\"name\":\"darka mazi\",\"sameAs\":[\"https:\\\/\\\/darkamazi.info\\\/\"],\"url\":\"https:\\\/\\\/darkamazi.info\\\/archives\\\/author\\\/kurdi\"}]}<\/script>\n<!-- \/ Yoast SEO plugin. -->","seo_head_json":{"title":"Ehmed \u015eer gihi\u015ft Amer\u00eekay\u00ea - Darka Maz\u00ee","robots":{"index":"index","follow":"follow","max-snippet":"max-snippet:-1","max-image-preview":"max-image-preview:large","max-video-preview":"max-video-preview:-1"},"canonical":"https:\/\/darkamazi.info\/archives\/1050586","og_locale":"en_US","og_type":"article","og_title":"Ehmed \u015eer gihi\u015ft Amer\u00eekay\u00ea - Darka Maz\u00ee","og_description":"Hat ragihandin ku Serokkomar\u00ea Demk\u00ee y\u00ea S\u00fbriyey\u00ea Ehmed \u015eer ji bo hevd\u00eetin\u00ean ferm\u00ee gihi\u015ftiye Amer\u00eekay\u00ea. Li gor\u00ee n\u00fb\u00e7eya ajansa ferm\u00ee ya S\u00fbriyey\u00ea (SANA), Ehmed \u015eer pi\u015ft\u00ee ku li Brez\u00eelyay\u00ea be\u015fdar\u00ee L\u00fbtkeya Avheway\u00ea ya \u201cCOP30\u2033\u00ea b\u00fbye derbas\u00ee Amer\u00eekay\u00ea b\u00fbye. T\u00ea pay\u00een ku Ehmed \u015eer sibe li Ko\u015fka Sp\u00ee bi Serok\u00ea Amer\u00eekay\u00ea Donald Trump re bicive. Berdevka [&hellip;]","og_url":"https:\/\/darkamazi.info\/archives\/1050586","og_site_name":"Darka Maz\u00ee","article_publisher":"https:\/\/www.facebook.com\/DarMaziKurmanci","article_published_time":"2025-11-09T07:41:28+00:00","og_image":[{"width":900,"height":497,"url":"https:\/\/darkamazi.info\/file\/2025\/11\/ehmed-sera.jpg","type":"image\/jpeg"}],"author":"darka mazi","twitter_card":"summary_large_image","twitter_creator":"@DarkaMaziLatini","twitter_site":"@DarkaMaziLatini","twitter_misc":{"Written by":"darka mazi","Est. reading time":"1 minute"},"schema":{"@context":"https:\/\/schema.org","@graph":[{"@type":"Article","@id":"https:\/\/darkamazi.info\/archives\/1050586#article","isPartOf":{"@id":"https:\/\/darkamazi.info\/archives\/1050586"},"author":{"name":"darka mazi","@id":"https:\/\/darkamazi.info\/#\/schema\/person\/5ad3e24553a0567993fa8ed4bd0a776c"},"headline":"Ehmed \u015eer gihi\u015ft Amer\u00eekay\u00ea","datePublished":"2025-11-09T07:41:28+00:00","mainEntityOfPage":{"@id":"https:\/\/darkamazi.info\/archives\/1050586"},"wordCount":137,"publisher":{"@id":"https:\/\/darkamazi.info\/#organization"},"image":{"@id":"https:\/\/darkamazi.info\/archives\/1050586#primaryimage"},"thumbnailUrl":"https:\/\/darkamazi.info\/file\/2025\/11\/ehmed-sera.jpg","keywords":["sereke"],"articleSection":["Rojhelata nav\u00een"],"inLanguage":"en-US"},{"@type":"WebPage","@id":"https:\/\/darkamazi.info\/archives\/1050586","url":"https:\/\/darkamazi.info\/archives\/1050586","name":"Ehmed \u015eer gihi\u015ft Amer\u00eekay\u00ea - Darka Maz\u00ee","isPartOf":{"@id":"https:\/\/darkamazi.info\/#website"},"primaryImageOfPage":{"@id":"https:\/\/darkamazi.info\/archives\/1050586#primaryimage"},"image":{"@id":"https:\/\/darkamazi.info\/archives\/1050586#primaryimage"},"thumbnailUrl":"https:\/\/darkamazi.info\/file\/2025\/11\/ehmed-sera.jpg","datePublished":"2025-11-09T07:41:28+00:00","breadcrumb":{"@id":"https:\/\/darkamazi.info\/archives\/1050586#breadcrumb"},"inLanguage":"en-US","potentialAction":[{"@type":"ReadAction","target":["https:\/\/darkamazi.info\/archives\/1050586"]}]},{"@type":"ImageObject","inLanguage":"en-US","@id":"https:\/\/darkamazi.info\/archives\/1050586#primaryimage","url":"https:\/\/darkamazi.info\/file\/2025\/11\/ehmed-sera.jpg","contentUrl":"https:\/\/darkamazi.info\/file\/2025\/11\/ehmed-sera.jpg","width":900,"height":497,"caption":"Ehmed \u015eer gihi\u015ft Amer\u00eekay\u00ea"},{"@type":"BreadcrumbList","@id":"https:\/\/darkamazi.info\/archives\/1050586#breadcrumb","itemListElement":[{"@type":"ListItem","position":1,"name":"Home","item":"https:\/\/darkamazi.info\/"},{"@type":"ListItem","position":2,"name":"Ehmed \u015eer gihi\u015ft Amer\u00eekay\u00ea"}]},{"@type":"WebSite","@id":"https:\/\/darkamazi.info\/#website","url":"https:\/\/darkamazi.info\/","name":"Darka Maz\u00ee","description":"P\u00eageha Zanyariy\u00ean Nebih\u00eest\u00ee","publisher":{"@id":"https:\/\/darkamazi.info\/#organization"},"potentialAction":[{"@type":"SearchAction","target":{"@type":"EntryPoint","urlTemplate":"https:\/\/darkamazi.info\/?s={search_term_string}"},"query-input":{"@type":"PropertyValueSpecification","valueRequired":true,"valueName":"search_term_string"}}],"inLanguage":"en-US"},{"@type":"Organization","@id":"https:\/\/darkamazi.info\/#organization","name":"Darka Maz\u00ee","url":"https:\/\/darkamazi.info\/","logo":{"@type":"ImageObject","inLanguage":"en-US","@id":"https:\/\/darkamazi.info\/#\/schema\/logo\/image\/","url":"https:\/\/darkamazi.info\/file\/2017\/12\/darka-mazi-logo.png","contentUrl":"https:\/\/darkamazi.info\/file\/2017\/12\/darka-mazi-logo.png","width":151,"height":75,"caption":"Darka Maz\u00ee"},"image":{"@id":"https:\/\/darkamazi.info\/#\/schema\/logo\/image\/"},"sameAs":["https:\/\/www.facebook.com\/DarMaziKurmanci","https:\/\/x.com\/DarkaMaziLatini","https:\/\/www.instagram.com\/darkamazi.kurmanci\/","https:\/\/www.youtube.com\/channel\/UCa5HkTdmI8U1qCUFuTw8B2g"]},{"@type":"Person","@id":"https:\/\/darkamazi.info\/#\/schema\/person\/5ad3e24553a0567993fa8ed4bd0a776c","name":"darka mazi","sameAs":["https:\/\/darkamazi.info\/"],"url":"https:\/\/darkamazi.info\/archives\/author\/kurdi"}]}},"_links":{"self":[{"href":"https:\/\/darkamazi.info\/funavuv\/wp\/v2\/posts\/1050586","targetHints":{"allow":["GET"]}}],"collection":[{"href":"https:\/\/darkamazi.info\/funavuv\/wp\/v2\/posts"}],"about":[{"href":"https:\/\/darkamazi.info\/funavuv\/wp\/v2\/types\/post"}],"author":[{"embeddable":true,"href":"https:\/\/darkamazi.info\/funavuv\/wp\/v2\/users\/2"}],"replies":[{"embeddable":true,"href":"https:\/\/darkamazi.info\/funavuv\/wp\/v2\/comments?post=1050586"}],"version-history":[{"count":0,"href":"https:\/\/darkamazi.info\/funavuv\/wp\/v2\/posts\/1050586\/revisions"}],"wp:featuredmedia":[{"embeddable":true,"href":"https:\/\/darkamazi.info\/funavuv\/wp\/v2\/media\/1050587"}],"wp:attachment":[{"href":"https:\/\/darkamazi.info\/funavuv\/wp\/v2\/media?parent=1050586"}],"wp:term":[{"taxonomy":"category","embeddable":true,"href":"https:\/\/darkamazi.info\/funavuv\/wp\/v2\/categories?post=1050586"},{"taxonomy":"post_tag","embeddable":true,"href":"https:\/\/darkamazi.info\/funavuv\/wp\/v2\/tags?post=1050586"}],"curies":[{"name":"wp","href":"https:\/\/api.w.org\/{rel}","templated":true}]}}