{"id":1050609,"date":"2025-11-10T16:16:18","date_gmt":"2025-11-10T13:16:18","guid":{"rendered":"https:\/\/darkamazi.info\/?p=1050609"},"modified":"2025-11-10T16:16:18","modified_gmt":"2025-11-10T13:16:18","slug":"pkke-ev-10-gerila-beri-15-salan-dane-kustin-u-mirina-wan-vesarti-ye","status":"publish","type":"post","link":"https:\/\/darkamazi.info\/archives\/1050609","title":{"rendered":"PKK\u00ea ev 10 Ger\u00eela ber\u00ee 15 salan dane ku\u015ftin \u00fb mirina wan ve\u015fart\u00ee ye"},"content":{"rendered":"<h3 style=\"text-align: justify\"><span style=\"font-family: 'arial black', sans-serif\">Nasnameya 10 ciwan\u00ean din y\u00ean Kurdan a\u015fkere b\u00fb ku r\u00eaxistina PKK\u00ea ew li sala\u00ean 2008 \u00fb 2010\u00ea li her\u00eam\u00ean Zap, Met\u00eenay\u00ea \u00fb Xakurk\u00ea da ne ku\u015ftin \u00fb mirina wan ve\u015fartib\u00fb.<\/span><\/h3>\n<h3 style=\"text-align: justify\"><span style=\"font-family: arial, helvetica, sans-serif\">HPG\u00ea bask\u00ea le\u015fker\u00ee y\u00ea PKK\u00ea li 70 Mijdara 2025\u00ea, nasnamey\u00ean 10 \u00e7ekdar\u00ean xwe a\u015fkere kirine ku li sala\u00ean 2008 \u00fb 2010\u00ea li her\u00eam\u00ean Zap\u00ea, Met\u00eenay\u00ea, Selmas \u00db Seqiz\u00ea, Her wiha Amed ber\u00ea wan daye mirin\u00ea \u00fb heya roja me ya \u00eero mirina wan ve\u015fart\u00ee hi\u015ftib\u00fb.<\/span><\/h3>\n<h3 style=\"text-align: justify\"><span style=\"font-family: arial, helvetica, sans-serif\">Nav\u00ean wan:<\/span><\/h3>\n<h3 style=\"text-align: justify\"><span style=\"font-family: arial, helvetica, sans-serif\">Huseyn Ebdulla ji Mehabad\u00ea.<\/span><\/h3>\n<h3 style=\"text-align: justify\"><span style=\"font-family: arial, helvetica, sans-serif\">Huseyn Cuma ji Rihay\u00ea.<\/span><\/h3>\n<h3 style=\"text-align: justify\"><span style=\"font-family: arial, helvetica, sans-serif\">Turgut Selman ji Mere\u015f\u00ea.<\/span><\/h3>\n<h3 style=\"text-align: justify\"><span style=\"font-family: arial, helvetica, sans-serif\">Ez\u00eez Ceng\u00eez ji Elez\u00eez\u00ea.<\/span><\/h3>\n<h3 style=\"text-align: justify\"><span style=\"font-family: arial, helvetica, sans-serif\">Serdar Ebdulla ji Amed\u00ea.<\/span><\/h3>\n<h3 style=\"text-align: justify\"><span style=\"font-family: arial, helvetica, sans-serif\">Ebdulreh\u00eem Salih ji M\u00eard\u00een\u00ea.<\/span><\/h3>\n<h3 style=\"text-align: justify\"><span style=\"font-family: arial, helvetica, sans-serif\">Adem M\u00fbsa ji Qers\u00ea.<\/span><\/h3>\n<h3 style=\"text-align: justify\"><span style=\"font-family: arial, helvetica, sans-serif\">Yeq\u00fbb Fay\u00eeq ji M\u00fb\u015f\u00ea.<\/span><\/h3>\n<h3 style=\"text-align: justify\"><span style=\"font-family: arial, helvetica, sans-serif\">E\u015fref \u00cesma\u00eel ji Colem\u00earg\u00ea.<\/span><\/h3>\n<h3 style=\"text-align: justify\"><span style=\"font-family: arial, helvetica, sans-serif\">Ehmed Mihemed ji S\u00eart\u00ea.<\/span><\/h3>\n<h3 style=\"text-align: justify\"><span style=\"font-family: arial, helvetica, sans-serif\">PKK\u00ea di pesn\u00ea tevan de gotiye ew mil\u00eetan\u00ean me y\u00ean Apoy\u00ee b\u00fbn, xwe feday\u00ea Apo kirin, wan wez\u00eefeya xwe bi serkeft\u00ee bi c\u00eeh an\u00een!.<\/span><\/h3>\n<h3 style=\"text-align: justify\"><span style=\"font-family: arial, helvetica, sans-serif\">Ji dema destp\u00eakirina p\u00eavajoya a\u015ftiy\u00ea \u00fb bi daw\u00ee b\u00fbna \u00e7alakiy\u00ean \u00e7ekdar\u00ee, malbat\u00ean G\u00ear\u00eelayan li benda vegera zarok\u00ean xwe ne, l\u00ea bel\u00ea PKKe her roj w\u00eaney\u00ean kom\u00ean wan parvedike \u00fb ji malbat\u00ean wan re dib\u00eaje: Zarok\u00ean we bi salane di jiyan\u00ea de nemane.<\/span><\/h3>\n<h3 style=\"text-align: justify\"><span style=\"font-family: arial, helvetica, sans-serif\">Li gor\u00ee agahiy\u00ean dest\u00ea me, h\u00eajan bi hezaran ciwan ma ne ku nasnameya wan ve\u015fart\u00ee maye \u00fb PKK\u00ea mirina wan \u00eef\u015fa nekir\u00ee ye.<\/span><\/h3>\n","protected":false},"excerpt":{"rendered":"<p>Nasnameya 10 ciwan\u00ean din y\u00ean Kurdan a\u015fkere b\u00fb ku r\u00eaxistina PKK\u00ea ew li sala\u00ean 2008 \u00fb 2010\u00ea li her\u00eam\u00ean Zap, Met\u00eenay\u00ea \u00fb Xakurk\u00ea da ne ku\u015ftin \u00fb mirina wan ve\u015fartib\u00fb. HPG\u00ea bask\u00ea le\u015fker\u00ee y\u00ea PKK\u00ea li 70 Mijdara 2025\u00ea, nasnamey\u00ean 10 \u00e7ekdar\u00ean xwe a\u015fkere kirine ku li sala\u00ean 2008 \u00fb 2010\u00ea li her\u00eam\u00ean Zap\u00ea, Met\u00eenay\u00ea, [&hellip;]<\/p>\n","protected":false},"author":2,"featured_media":1050610,"comment_status":"closed","ping_status":"closed","sticky":false,"template":"","format":"standard","meta":{"footnotes":""},"categories":[29],"tags":[37],"class_list":["post-1050609","post","type-post","status-publish","format-standard","has-post-thumbnail","hentry","category-kurdistan","tag-sereke"],"blocksy_meta":[],"seo_head":"<!-- This site is optimized with the Yoast SEO plugin v27.5 - https:\/\/yoast.com\/product\/yoast-seo-wordpress\/ -->\n<title>PKK\u00ea ev 10 Ger\u00eela ber\u00ee 15 salan dane ku\u015ftin \u00fb mirina wan ve\u015fart\u00ee ye - Darka Maz\u00ee<\/title>\n<meta name=\"robots\" content=\"index, follow, max-snippet:-1, max-image-preview:large, max-video-preview:-1\" \/>\n<link rel=\"canonical\" href=\"https:\/\/darkamazi.info\/archives\/1050609\" \/>\n<meta property=\"og:locale\" content=\"en_US\" \/>\n<meta property=\"og:type\" content=\"article\" \/>\n<meta property=\"og:title\" content=\"PKK\u00ea ev 10 Ger\u00eela ber\u00ee 15 salan dane ku\u015ftin \u00fb mirina wan ve\u015fart\u00ee ye - Darka Maz\u00ee\" \/>\n<meta property=\"og:description\" content=\"Nasnameya 10 ciwan\u00ean din y\u00ean Kurdan a\u015fkere b\u00fb ku r\u00eaxistina PKK\u00ea ew li sala\u00ean 2008 \u00fb 2010\u00ea li her\u00eam\u00ean Zap, Met\u00eenay\u00ea \u00fb Xakurk\u00ea da ne ku\u015ftin \u00fb mirina wan ve\u015fartib\u00fb. HPG\u00ea bask\u00ea le\u015fker\u00ee y\u00ea PKK\u00ea li 70 Mijdara 2025\u00ea, nasnamey\u00ean 10 \u00e7ekdar\u00ean xwe a\u015fkere kirine ku li sala\u00ean 2008 \u00fb 2010\u00ea li her\u00eam\u00ean Zap\u00ea, Met\u00eenay\u00ea, [&hellip;]\" \/>\n<meta property=\"og:url\" content=\"https:\/\/darkamazi.info\/archives\/1050609\" \/>\n<meta property=\"og:site_name\" content=\"Darka Maz\u00ee\" \/>\n<meta property=\"article:publisher\" content=\"https:\/\/www.facebook.com\/DarMaziKurmanci\" \/>\n<meta property=\"article:published_time\" content=\"2025-11-10T13:16:18+00:00\" \/>\n<meta property=\"og:image\" content=\"https:\/\/darkamazi.info\/file\/2025\/11\/PKK-10-2010-mirin-ciwan-kurd-gerila-Info.jpg\" \/>\n\t<meta property=\"og:image:width\" content=\"900\" \/>\n\t<meta property=\"og:image:height\" content=\"500\" \/>\n\t<meta property=\"og:image:type\" content=\"image\/jpeg\" \/>\n<meta name=\"author\" content=\"darka mazi\" \/>\n<meta name=\"twitter:card\" content=\"summary_large_image\" \/>\n<meta name=\"twitter:creator\" content=\"@DarkaMaziLatini\" \/>\n<meta name=\"twitter:site\" content=\"@DarkaMaziLatini\" \/>\n<meta name=\"twitter:label1\" content=\"Written by\" \/>\n\t<meta name=\"twitter:data1\" content=\"darka mazi\" \/>\n\t<meta name=\"twitter:label2\" content=\"Est. reading time\" \/>\n\t<meta name=\"twitter:data2\" content=\"2 minutes\" \/>\n<script type=\"application\/ld+json\" class=\"seo-schema-graph\">{\"@context\":\"https:\\\/\\\/schema.org\",\"@graph\":[{\"@type\":\"Article\",\"@id\":\"https:\\\/\\\/darkamazi.info\\\/archives\\\/1050609#article\",\"isPartOf\":{\"@id\":\"https:\\\/\\\/darkamazi.info\\\/archives\\\/1050609\"},\"author\":{\"name\":\"darka mazi\",\"@id\":\"https:\\\/\\\/darkamazi.info\\\/#\\\/schema\\\/person\\\/5ad3e24553a0567993fa8ed4bd0a776c\"},\"headline\":\"PKK\u00ea ev 10 Ger\u00eela ber\u00ee 15 salan dane ku\u015ftin \u00fb mirina wan ve\u015fart\u00ee ye\",\"datePublished\":\"2025-11-10T13:16:18+00:00\",\"mainEntityOfPage\":{\"@id\":\"https:\\\/\\\/darkamazi.info\\\/archives\\\/1050609\"},\"wordCount\":263,\"publisher\":{\"@id\":\"https:\\\/\\\/darkamazi.info\\\/#organization\"},\"image\":{\"@id\":\"https:\\\/\\\/darkamazi.info\\\/archives\\\/1050609#primaryimage\"},\"thumbnailUrl\":\"https:\\\/\\\/darkamazi.info\\\/darka-content\\\/uploads\\\/2025\\\/11\\\/PKK-10-2010-mirin-ciwan-kurd-gerila-Info.jpg\",\"keywords\":[\"sereke\"],\"articleSection\":[\"Kurdistan\"],\"inLanguage\":\"en-US\"},{\"@type\":\"WebPage\",\"@id\":\"https:\\\/\\\/darkamazi.info\\\/archives\\\/1050609\",\"url\":\"https:\\\/\\\/darkamazi.info\\\/archives\\\/1050609\",\"name\":\"PKK\u00ea ev 10 Ger\u00eela ber\u00ee 15 salan dane ku\u015ftin \u00fb mirina wan ve\u015fart\u00ee ye - Darka Maz\u00ee\",\"isPartOf\":{\"@id\":\"https:\\\/\\\/darkamazi.info\\\/#website\"},\"primaryImageOfPage\":{\"@id\":\"https:\\\/\\\/darkamazi.info\\\/archives\\\/1050609#primaryimage\"},\"image\":{\"@id\":\"https:\\\/\\\/darkamazi.info\\\/archives\\\/1050609#primaryimage\"},\"thumbnailUrl\":\"https:\\\/\\\/darkamazi.info\\\/darka-content\\\/uploads\\\/2025\\\/11\\\/PKK-10-2010-mirin-ciwan-kurd-gerila-Info.jpg\",\"datePublished\":\"2025-11-10T13:16:18+00:00\",\"breadcrumb\":{\"@id\":\"https:\\\/\\\/darkamazi.info\\\/archives\\\/1050609#breadcrumb\"},\"inLanguage\":\"en-US\",\"potentialAction\":[{\"@type\":\"ReadAction\",\"target\":[\"https:\\\/\\\/darkamazi.info\\\/archives\\\/1050609\"]}]},{\"@type\":\"ImageObject\",\"inLanguage\":\"en-US\",\"@id\":\"https:\\\/\\\/darkamazi.info\\\/archives\\\/1050609#primaryimage\",\"url\":\"https:\\\/\\\/darkamazi.info\\\/darka-content\\\/uploads\\\/2025\\\/11\\\/PKK-10-2010-mirin-ciwan-kurd-gerila-Info.jpg\",\"contentUrl\":\"https:\\\/\\\/darkamazi.info\\\/darka-content\\\/uploads\\\/2025\\\/11\\\/PKK-10-2010-mirin-ciwan-kurd-gerila-Info.jpg\",\"width\":900,\"height\":500,\"caption\":\"PKK-10-2010-mirin-ciwan-kurd-gerila-Info\"},{\"@type\":\"BreadcrumbList\",\"@id\":\"https:\\\/\\\/darkamazi.info\\\/archives\\\/1050609#breadcrumb\",\"itemListElement\":[{\"@type\":\"ListItem\",\"position\":1,\"name\":\"Home\",\"item\":\"https:\\\/\\\/darkamazi.info\\\/\"},{\"@type\":\"ListItem\",\"position\":2,\"name\":\"PKK\u00ea ev 10 Ger\u00eela ber\u00ee 15 salan dane ku\u015ftin \u00fb mirina wan ve\u015fart\u00ee ye\"}]},{\"@type\":\"WebSite\",\"@id\":\"https:\\\/\\\/darkamazi.info\\\/#website\",\"url\":\"https:\\\/\\\/darkamazi.info\\\/\",\"name\":\"Darka Maz\u00ee\",\"description\":\"P\u00eageha Zanyariy\u00ean Nebih\u00eest\u00ee\",\"publisher\":{\"@id\":\"https:\\\/\\\/darkamazi.info\\\/#organization\"},\"potentialAction\":[{\"@type\":\"SearchAction\",\"target\":{\"@type\":\"EntryPoint\",\"urlTemplate\":\"https:\\\/\\\/darkamazi.info\\\/?s={search_term_string}\"},\"query-input\":{\"@type\":\"PropertyValueSpecification\",\"valueRequired\":true,\"valueName\":\"search_term_string\"}}],\"inLanguage\":\"en-US\"},{\"@type\":\"Organization\",\"@id\":\"https:\\\/\\\/darkamazi.info\\\/#organization\",\"name\":\"Darka Maz\u00ee\",\"url\":\"https:\\\/\\\/darkamazi.info\\\/\",\"logo\":{\"@type\":\"ImageObject\",\"inLanguage\":\"en-US\",\"@id\":\"https:\\\/\\\/darkamazi.info\\\/#\\\/schema\\\/logo\\\/image\\\/\",\"url\":\"https:\\\/\\\/darkamazi.info\\\/darka-content\\\/uploads\\\/2017\\\/12\\\/darka-mazi-logo.png\",\"contentUrl\":\"https:\\\/\\\/darkamazi.info\\\/darka-content\\\/uploads\\\/2017\\\/12\\\/darka-mazi-logo.png\",\"width\":151,\"height\":75,\"caption\":\"Darka Maz\u00ee\"},\"image\":{\"@id\":\"https:\\\/\\\/darkamazi.info\\\/#\\\/schema\\\/logo\\\/image\\\/\"},\"sameAs\":[\"https:\\\/\\\/www.facebook.com\\\/DarMaziKurmanci\",\"https:\\\/\\\/x.com\\\/DarkaMaziLatini\",\"https:\\\/\\\/www.instagram.com\\\/darkamazi.kurmanci\\\/\",\"https:\\\/\\\/www.youtube.com\\\/channel\\\/UCa5HkTdmI8U1qCUFuTw8B2g\"]},{\"@type\":\"Person\",\"@id\":\"https:\\\/\\\/darkamazi.info\\\/#\\\/schema\\\/person\\\/5ad3e24553a0567993fa8ed4bd0a776c\",\"name\":\"darka mazi\",\"sameAs\":[\"https:\\\/\\\/darkamazi.info\\\/\"],\"url\":\"https:\\\/\\\/darkamazi.info\\\/archives\\\/author\\\/kurdi\"}]}<\/script>\n<!-- \/ Yoast SEO plugin. -->","seo_head_json":{"title":"PKK\u00ea ev 10 Ger\u00eela ber\u00ee 15 salan dane ku\u015ftin \u00fb mirina wan ve\u015fart\u00ee ye - Darka Maz\u00ee","robots":{"index":"index","follow":"follow","max-snippet":"max-snippet:-1","max-image-preview":"max-image-preview:large","max-video-preview":"max-video-preview:-1"},"canonical":"https:\/\/darkamazi.info\/archives\/1050609","og_locale":"en_US","og_type":"article","og_title":"PKK\u00ea ev 10 Ger\u00eela ber\u00ee 15 salan dane ku\u015ftin \u00fb mirina wan ve\u015fart\u00ee ye - Darka Maz\u00ee","og_description":"Nasnameya 10 ciwan\u00ean din y\u00ean Kurdan a\u015fkere b\u00fb ku r\u00eaxistina PKK\u00ea ew li sala\u00ean 2008 \u00fb 2010\u00ea li her\u00eam\u00ean Zap, Met\u00eenay\u00ea \u00fb Xakurk\u00ea da ne ku\u015ftin \u00fb mirina wan ve\u015fartib\u00fb. HPG\u00ea bask\u00ea le\u015fker\u00ee y\u00ea PKK\u00ea li 70 Mijdara 2025\u00ea, nasnamey\u00ean 10 \u00e7ekdar\u00ean xwe a\u015fkere kirine ku li sala\u00ean 2008 \u00fb 2010\u00ea li her\u00eam\u00ean Zap\u00ea, Met\u00eenay\u00ea, [&hellip;]","og_url":"https:\/\/darkamazi.info\/archives\/1050609","og_site_name":"Darka Maz\u00ee","article_publisher":"https:\/\/www.facebook.com\/DarMaziKurmanci","article_published_time":"2025-11-10T13:16:18+00:00","og_image":[{"width":900,"height":500,"url":"https:\/\/darkamazi.info\/file\/2025\/11\/PKK-10-2010-mirin-ciwan-kurd-gerila-Info.jpg","type":"image\/jpeg"}],"author":"darka mazi","twitter_card":"summary_large_image","twitter_creator":"@DarkaMaziLatini","twitter_site":"@DarkaMaziLatini","twitter_misc":{"Written by":"darka mazi","Est. reading time":"2 minutes"},"schema":{"@context":"https:\/\/schema.org","@graph":[{"@type":"Article","@id":"https:\/\/darkamazi.info\/archives\/1050609#article","isPartOf":{"@id":"https:\/\/darkamazi.info\/archives\/1050609"},"author":{"name":"darka mazi","@id":"https:\/\/darkamazi.info\/#\/schema\/person\/5ad3e24553a0567993fa8ed4bd0a776c"},"headline":"PKK\u00ea ev 10 Ger\u00eela ber\u00ee 15 salan dane ku\u015ftin \u00fb mirina wan ve\u015fart\u00ee ye","datePublished":"2025-11-10T13:16:18+00:00","mainEntityOfPage":{"@id":"https:\/\/darkamazi.info\/archives\/1050609"},"wordCount":263,"publisher":{"@id":"https:\/\/darkamazi.info\/#organization"},"image":{"@id":"https:\/\/darkamazi.info\/archives\/1050609#primaryimage"},"thumbnailUrl":"https:\/\/darkamazi.info\/file\/2025\/11\/PKK-10-2010-mirin-ciwan-kurd-gerila-Info.jpg","keywords":["sereke"],"articleSection":["Kurdistan"],"inLanguage":"en-US"},{"@type":"WebPage","@id":"https:\/\/darkamazi.info\/archives\/1050609","url":"https:\/\/darkamazi.info\/archives\/1050609","name":"PKK\u00ea ev 10 Ger\u00eela ber\u00ee 15 salan dane ku\u015ftin \u00fb mirina wan ve\u015fart\u00ee ye - Darka Maz\u00ee","isPartOf":{"@id":"https:\/\/darkamazi.info\/#website"},"primaryImageOfPage":{"@id":"https:\/\/darkamazi.info\/archives\/1050609#primaryimage"},"image":{"@id":"https:\/\/darkamazi.info\/archives\/1050609#primaryimage"},"thumbnailUrl":"https:\/\/darkamazi.info\/file\/2025\/11\/PKK-10-2010-mirin-ciwan-kurd-gerila-Info.jpg","datePublished":"2025-11-10T13:16:18+00:00","breadcrumb":{"@id":"https:\/\/darkamazi.info\/archives\/1050609#breadcrumb"},"inLanguage":"en-US","potentialAction":[{"@type":"ReadAction","target":["https:\/\/darkamazi.info\/archives\/1050609"]}]},{"@type":"ImageObject","inLanguage":"en-US","@id":"https:\/\/darkamazi.info\/archives\/1050609#primaryimage","url":"https:\/\/darkamazi.info\/file\/2025\/11\/PKK-10-2010-mirin-ciwan-kurd-gerila-Info.jpg","contentUrl":"https:\/\/darkamazi.info\/file\/2025\/11\/PKK-10-2010-mirin-ciwan-kurd-gerila-Info.jpg","width":900,"height":500,"caption":"PKK-10-2010-mirin-ciwan-kurd-gerila-Info"},{"@type":"BreadcrumbList","@id":"https:\/\/darkamazi.info\/archives\/1050609#breadcrumb","itemListElement":[{"@type":"ListItem","position":1,"name":"Home","item":"https:\/\/darkamazi.info\/"},{"@type":"ListItem","position":2,"name":"PKK\u00ea ev 10 Ger\u00eela ber\u00ee 15 salan dane ku\u015ftin \u00fb mirina wan ve\u015fart\u00ee ye"}]},{"@type":"WebSite","@id":"https:\/\/darkamazi.info\/#website","url":"https:\/\/darkamazi.info\/","name":"Darka Maz\u00ee","description":"P\u00eageha Zanyariy\u00ean Nebih\u00eest\u00ee","publisher":{"@id":"https:\/\/darkamazi.info\/#organization"},"potentialAction":[{"@type":"SearchAction","target":{"@type":"EntryPoint","urlTemplate":"https:\/\/darkamazi.info\/?s={search_term_string}"},"query-input":{"@type":"PropertyValueSpecification","valueRequired":true,"valueName":"search_term_string"}}],"inLanguage":"en-US"},{"@type":"Organization","@id":"https:\/\/darkamazi.info\/#organization","name":"Darka Maz\u00ee","url":"https:\/\/darkamazi.info\/","logo":{"@type":"ImageObject","inLanguage":"en-US","@id":"https:\/\/darkamazi.info\/#\/schema\/logo\/image\/","url":"https:\/\/darkamazi.info\/file\/2017\/12\/darka-mazi-logo.png","contentUrl":"https:\/\/darkamazi.info\/file\/2017\/12\/darka-mazi-logo.png","width":151,"height":75,"caption":"Darka Maz\u00ee"},"image":{"@id":"https:\/\/darkamazi.info\/#\/schema\/logo\/image\/"},"sameAs":["https:\/\/www.facebook.com\/DarMaziKurmanci","https:\/\/x.com\/DarkaMaziLatini","https:\/\/www.instagram.com\/darkamazi.kurmanci\/","https:\/\/www.youtube.com\/channel\/UCa5HkTdmI8U1qCUFuTw8B2g"]},{"@type":"Person","@id":"https:\/\/darkamazi.info\/#\/schema\/person\/5ad3e24553a0567993fa8ed4bd0a776c","name":"darka mazi","sameAs":["https:\/\/darkamazi.info\/"],"url":"https:\/\/darkamazi.info\/archives\/author\/kurdi"}]}},"_links":{"self":[{"href":"https:\/\/darkamazi.info\/funavuv\/wp\/v2\/posts\/1050609","targetHints":{"allow":["GET"]}}],"collection":[{"href":"https:\/\/darkamazi.info\/funavuv\/wp\/v2\/posts"}],"about":[{"href":"https:\/\/darkamazi.info\/funavuv\/wp\/v2\/types\/post"}],"author":[{"embeddable":true,"href":"https:\/\/darkamazi.info\/funavuv\/wp\/v2\/users\/2"}],"replies":[{"embeddable":true,"href":"https:\/\/darkamazi.info\/funavuv\/wp\/v2\/comments?post=1050609"}],"version-history":[{"count":0,"href":"https:\/\/darkamazi.info\/funavuv\/wp\/v2\/posts\/1050609\/revisions"}],"wp:featuredmedia":[{"embeddable":true,"href":"https:\/\/darkamazi.info\/funavuv\/wp\/v2\/media\/1050610"}],"wp:attachment":[{"href":"https:\/\/darkamazi.info\/funavuv\/wp\/v2\/media?parent=1050609"}],"wp:term":[{"taxonomy":"category","embeddable":true,"href":"https:\/\/darkamazi.info\/funavuv\/wp\/v2\/categories?post=1050609"},{"taxonomy":"post_tag","embeddable":true,"href":"https:\/\/darkamazi.info\/funavuv\/wp\/v2\/tags?post=1050609"}],"curies":[{"name":"wp","href":"https:\/\/api.w.org\/{rel}","templated":true}]}}