{"id":1050987,"date":"2025-12-13T15:40:16","date_gmt":"2025-12-13T12:40:16","guid":{"rendered":"https:\/\/darkamazi.info\/?p=1050987"},"modified":"2025-12-13T15:40:16","modified_gmt":"2025-12-13T12:40:16","slug":"the-economist-danustandinen-astiye-yen-tirkiye-u-pkke-rawestiyane","status":"publish","type":"post","link":"https:\/\/darkamazi.info\/archives\/1050987","title":{"rendered":"The Economist: Dan\u00fbstandin\u00ean a\u015ftiy\u00ea y\u00ean Tirkiy\u00ea \u00fb PKK\u2019\u00ea rawestiyane"},"content":{"rendered":"<h3 style=\"text-align: justify\"><span style=\"font-family: 'arial black', sans-serif\">Li gor\u00ee The Economist, her \u00e7end p\u00eavajoya a\u015ftiy\u00ea ya ku armanc dike dawiy\u00ea li pev\u00e7\u00fbna z\u00eadetir\u00ee 40 sal\u00eeya di navbera Enqere \u00fb PKK\u2019\u00ea de b\u00eene, p\u00ea\u015fve\u00e7\u00fbnek \u00e7\u00eakiriye j\u00ee, l\u00ea bel\u00ea ji ber h\u00eaviya aliyan ji gav\u00ean layen\u00ea beramber ev p\u00eavajo gih\u00ee\u015ftiye rew\u015feke cid\u00eeya b\u00ea\u00e7are.<\/span><\/h3>\n<h3 style=\"text-align: justify\">Li gor\u00ee anal\u00eeza The Economist, her \u00e7end di meh\u00ean daw\u00ee de dan\u00fbstandin\u00ean a\u015ftiy\u00eay\u00ean di navbera hik\u00fbmeta Tirkiyey\u00ea \u00fb PKK\u2019\u00ea de lez girtine j\u00ee, l\u00ea xuyaye ku p\u00eavajo di v\u00ea qonax\u00ea de rawestiyaye. Kovar tekez dike ku armanca daw\u00eena p\u00eavajoy\u00ea bidaw\u00eekirina pev\u00e7\u00fbna n\u00eaz\u00eek\u00ee 40 sal\u00eeya di navbera h\u00eaz\u00ean \u00e7ekdar\u00ean Tirkiyey\u00ea \u00fb PKK\u2019\u00ea deye.<\/h3>\n<h3 style=\"text-align: justify\">Di dawiya Mijdar\u00ea de, civ\u00eenek di navbera endam\u00ean kom\u00eesyona ku p\u00eavajoy\u00ea di mecl\u00eesa mezina netewey\u00eeya Tirkiyey\u00ea de di\u015fop\u00eene \u00fb r\u00eaber\u00ea PKK\u2019\u00ea Abdullah Ocalan li girt\u00eegeha \u00cemraliy\u00ea de hat encamday\u00een, ev p\u00eangav wek\u00ee &#8220;p\u00eangaveke d\u00eerok\u00ee&#8221; hate hesibandin. Heftey\u00ean ber\u00ee v\u00ea civ\u00een\u00ea, PKK\u2019\u00ea ragihand ku \u00e7ekdar\u00ean xwe ji Tirkiyey\u00ea veki\u015fandiye.<\/h3>\n<h3 style=\"text-align: center\"><span style=\"font-family: 'arial black', sans-serif;color: #8c0808\">Part\u00ee n\u00eeqa\u015f dikin k\u00ee d\u00ea gava yekem bav\u00eaje<\/span><\/h3>\n<h3 style=\"text-align: justify\">L\u00eabel\u00ea, li gor\u00ee The Economist, p\u00eavajo rawestiyaye ji ber ku her partiyek li bend\u00eaye ku ya din gava yekem bav\u00eaje. Karbidest\u00ean Tirk dib\u00eajin pi\u015ft\u00ee ku PKK\u2019e bi tevah\u00ee \u00e7ekan deyne, gav\u00ean wek\u00ee ef\u00fby\u00ea dikarin werin nirxandin. Di v\u00ea \u00e7ar\u00e7ovey\u00ea de, \u00eeht\u00eemala ef\u00fby\u00ea ji bo endam\u00ean PKK\u2019\u00eay\u00ean li Her\u00eama Kurdistan\u00ea \u00fb hin kes\u00ean ku li Tirkiyey\u00ea bi tohmeta &#8220;Teror\u00eezm\u00ea&#8221; girt\u00ee ne t\u00ea n\u00eeqa\u015fkirin. L\u00eabel\u00ea, PKK\u2019e \u00eedia dike ku heta ku Abdullah Ocalan, ku ji sala 1999 vir ve girt\u00eeye, ney\u00ea berdan, gav\u00ean n\u00fb nay\u00ean av\u00eatin.<\/h3>\n<h3 style=\"text-align: center\"><span style=\"color: #8c0808;font-family: 'arial black', sans-serif\">Azadkirina Ocalan dikare berteka neteweperest\u00ean Tirk bide ber \u00e7avan<\/span><\/h3>\n<h3 style=\"text-align: justify\">Kovar destn\u00ee\u015fan dike ku di atmosfera siyas\u00eeya hey\u00ee de berdana Ocalan &#8220;ne real\u00eest&#8221;e. Ew destn\u00ee\u015fan dike ku anket\u00ean raya gi\u015ft\u00ee n\u00ee\u015fan didin ku be\u015fek mezin ji civaka Tirkiyey\u00ea li dij\u00ee be\u015fdarb\u00fbna \u00e7alaka Ocalan di p\u00eavajoy\u00ea de ne. Her wiha ew dib\u00eaje ku serokkomar\u00ea Tirkiyey\u00ea Recep Tay\u00eep Erdogan naxwaze r\u00eeska bertekek neteweperest bigire.<\/h3>\n<h3 style=\"text-align: center\"><span style=\"color: #8c0808;font-family: 'arial black', sans-serif\">Doza Demirta\u015f li ser masey\u00eaye, l\u00ea girt\u00eeye<\/span><\/h3>\n<h3 style=\"text-align: justify\">The Economist radigih\u00eene ku berdana Selahattin Demirta\u015f dikare &#8220;jestek niyeta ba\u015f&#8221;a k\u00eamtir bi nakok\u00ee be, l\u00ea Erdogan di derbar\u00ea v\u00ea vebijark\u00ea de j\u00ee dudile. T\u00ea destn\u00ee\u015fankirin ku Demirta\u015f, ku ji sala 2016an vir ve girt\u00eeye, tev\u00ee biryar\u00ean dadgeha maf\u00ean mirovan a Ewropay\u00ea j\u00ee di girt\u00eegeh\u00ea de dim\u00eene.<\/h3>\n<h3 style=\"text-align: center\"><span style=\"color: #8c0808;font-family: 'arial black', sans-serif\">C\u00fbdahiya Erdogan \u00fb Bah\u00e7el\u00ee p\u00eavajoy\u00ea aloztir dike<\/span><\/h3>\n<h3 style=\"text-align: justify\">Anal\u00eez destn\u00ee\u015fan dike ku p\u00eavajoya a\u015ftiy\u00ea nakokiy\u00ean di navbera Erdogan \u00fb serok\u00ea MHP Devlet Bah\u00e7el\u00ee de j\u00ee derxistiye hol\u00ea. Bah\u00e7el\u00ee pi\u015ftgir\u00ee dide p\u00ea\u015fvebirina p\u00eavajoy\u00ea \u00fb berdana hin siyasetmedar\u00ean kurd, di nav de Demirta\u015f, l\u00ea Erdogan dixwaze ji berpirsiyariy\u00ea d\u00fbr bikeve ger p\u00eavajo t\u00eak bi\u00e7e j\u00ee. Li gor\u00ee kovar\u00ea, Bah\u00e7el\u00ee dixwaze a\u015ftiy\u00ea wek\u00ee m\u00eerateya xweya siyas\u00ee bib\u00eene, l\u00ea ji bo Erdogan, p\u00eavajo b\u00eatir am\u00fbrek pragmat\u00eeke.<\/h3>\n<h3 style=\"text-align: center\"><span style=\"color: #8c0808;font-family: 'arial black', sans-serif\">P\u00eevana S\u00fbriyey\u00ea fikaran z\u00eade dike<\/span><\/h3>\n<h3 style=\"text-align: justify\">The Economist diniv\u00eese ku Enqer\u00ea h\u00eav\u00ee dikir ku b\u00ea\u00e7ekkirina PKK\u2019\u00ea bandor\u00ea li h\u00eaz\u00ean kurd\u00ean li S\u00fbriyey\u00ea j\u00ee bike, l\u00ea ev h\u00eav\u00ee h\u00een nehatiye bic\u00eehan\u00een. Ew destn\u00ee\u015fan dike ku h\u00eaz\u00ean S\u00fbriyeya Demokrat\u00eek (HSD), ku Tirkiye wan wek\u00ee gir\u00eaday\u00ee PKK\u2019\u00ea dib\u00eene, tev\u00ee peymana xweya entegrasyon\u00ea bi hik\u00fbmeta \u015eam\u00ea re, bi baldar\u00ee tevdigerin, ku ev yek nerehetiya li Enqer\u00ea z\u00eade dike.<\/h3>\n<h3 style=\"text-align: center\"><span style=\"color: #8c0808;font-family: 'arial black', sans-serif\">&#8220;Em ketin qonaxa her\u00ee xeter&#8221;<\/span><\/h3>\n<h3 style=\"text-align: justify\">Her \u00e7iqas ku t\u00ea gotin ev hem\u00ee hevsengiy\u00ean tevlihev bir\u00eavebirina dan\u00fbstandin\u00ean di navbera hik\u00fbmet \u00fb PKK\u2019\u00ea de dijwar dike, \u00fb Numan Kurtulmu\u015f\u00ea serok\u00ea parlementoya Tirkiyey\u00ea li ser partiya desthilatdar j\u00ee dib\u00eaje &#8220;em ketin qonaxa her\u00ee xeter.&#8221; l\u00eabel\u00ea, siyasetmedar\u00ean kurd dib\u00eajin ku p\u00eavajo bi tevah\u00ee t\u00eak ne\u00e7\u00fbye. Gotar her wiha gotin\u00ean Tuncer Bakirhan, hevserok\u00ea partiya Wekhev\u00ee \u00fb Demokrasiya Gelan (Dem) vedib\u00eaje ku &#8220;tev\u00ee k\u00eamukasiyan j\u00ee, p\u00eavajo h\u00eajan berdewam dike.&#8221;<\/h3>\n<h3 style=\"text-align: justify\">Kovar anal\u00eeza xwe bi tekez kirina ku p\u00ea\u015feroja p\u00eavajoy\u00ea ji bo n\u00eaz\u00eek\u00ee 15 m\u00eelyon kurd\u00ean li Tirkiyey\u00ea \u00fb m\u00eelyonan kurd\u00ean li S\u00fbriyey\u00ea ne diyare, bi daw\u00ee dike.<\/h3>\n","protected":false},"excerpt":{"rendered":"<p>Li gor\u00ee The Economist, her \u00e7end p\u00eavajoya a\u015ftiy\u00ea ya ku armanc dike dawiy\u00ea li pev\u00e7\u00fbna z\u00eadetir\u00ee 40 sal\u00eeya di navbera Enqere \u00fb PKK\u2019\u00ea de b\u00eene, p\u00ea\u015fve\u00e7\u00fbnek \u00e7\u00eakiriye j\u00ee, l\u00ea bel\u00ea ji ber h\u00eaviya aliyan ji gav\u00ean layen\u00ea beramber ev p\u00eavajo gih\u00ee\u015ftiye rew\u015feke cid\u00eeya b\u00ea\u00e7are. Li gor\u00ee anal\u00eeza The Economist, her \u00e7end di meh\u00ean daw\u00ee de [&hellip;]<\/p>\n","protected":false},"author":2,"featured_media":1050988,"comment_status":"closed","ping_status":"closed","sticky":false,"template":"","format":"standard","meta":{"footnotes":""},"categories":[30],"tags":[37],"class_list":["post-1050987","post","type-post","status-publish","format-standard","has-post-thumbnail","hentry","category-cihan","tag-sereke"],"blocksy_meta":[],"seo_head":"<!-- This site is optimized with the Yoast SEO plugin v27.5 - https:\/\/yoast.com\/product\/yoast-seo-wordpress\/ -->\n<title>The Economist: Dan\u00fbstandin\u00ean a\u015ftiy\u00ea y\u00ean Tirkiy\u00ea \u00fb PKK\u2019\u00ea rawestiyane - Darka Maz\u00ee<\/title>\n<meta name=\"robots\" content=\"index, follow, max-snippet:-1, max-image-preview:large, max-video-preview:-1\" \/>\n<link rel=\"canonical\" href=\"https:\/\/darkamazi.info\/archives\/1050987\" \/>\n<meta property=\"og:locale\" content=\"en_US\" \/>\n<meta property=\"og:type\" content=\"article\" \/>\n<meta property=\"og:title\" content=\"The Economist: Dan\u00fbstandin\u00ean a\u015ftiy\u00ea y\u00ean Tirkiy\u00ea \u00fb PKK\u2019\u00ea rawestiyane - Darka Maz\u00ee\" \/>\n<meta property=\"og:description\" content=\"Li gor\u00ee The Economist, her \u00e7end p\u00eavajoya a\u015ftiy\u00ea ya ku armanc dike dawiy\u00ea li pev\u00e7\u00fbna z\u00eadetir\u00ee 40 sal\u00eeya di navbera Enqere \u00fb PKK\u2019\u00ea de b\u00eene, p\u00ea\u015fve\u00e7\u00fbnek \u00e7\u00eakiriye j\u00ee, l\u00ea bel\u00ea ji ber h\u00eaviya aliyan ji gav\u00ean layen\u00ea beramber ev p\u00eavajo gih\u00ee\u015ftiye rew\u015feke cid\u00eeya b\u00ea\u00e7are. Li gor\u00ee anal\u00eeza The Economist, her \u00e7end di meh\u00ean daw\u00ee de [&hellip;]\" \/>\n<meta property=\"og:url\" content=\"https:\/\/darkamazi.info\/archives\/1050987\" \/>\n<meta property=\"og:site_name\" content=\"Darka Maz\u00ee\" \/>\n<meta property=\"article:publisher\" content=\"https:\/\/www.facebook.com\/DarMaziKurmanci\" \/>\n<meta property=\"article:published_time\" content=\"2025-12-13T12:40:16+00:00\" \/>\n<meta property=\"og:image\" content=\"https:\/\/darkamazi.info\/file\/2025\/12\/ocalan-bahceli-ardogan.jpg\" \/>\n\t<meta property=\"og:image:width\" content=\"900\" \/>\n\t<meta property=\"og:image:height\" content=\"497\" \/>\n\t<meta property=\"og:image:type\" content=\"image\/jpeg\" \/>\n<meta name=\"author\" content=\"darka mazi\" \/>\n<meta name=\"twitter:card\" content=\"summary_large_image\" \/>\n<meta name=\"twitter:creator\" content=\"@DarkaMaziLatini\" \/>\n<meta name=\"twitter:site\" content=\"@DarkaMaziLatini\" \/>\n<meta name=\"twitter:label1\" content=\"Written by\" \/>\n\t<meta name=\"twitter:data1\" content=\"darka mazi\" \/>\n\t<meta name=\"twitter:label2\" content=\"Est. reading time\" \/>\n\t<meta name=\"twitter:data2\" content=\"3 minutes\" \/>\n<script type=\"application\/ld+json\" class=\"seo-schema-graph\">{\"@context\":\"https:\\\/\\\/schema.org\",\"@graph\":[{\"@type\":\"Article\",\"@id\":\"https:\\\/\\\/darkamazi.info\\\/archives\\\/1050987#article\",\"isPartOf\":{\"@id\":\"https:\\\/\\\/darkamazi.info\\\/archives\\\/1050987\"},\"author\":{\"name\":\"darka mazi\",\"@id\":\"https:\\\/\\\/darkamazi.info\\\/#\\\/schema\\\/person\\\/5ad3e24553a0567993fa8ed4bd0a776c\"},\"headline\":\"The Economist: Dan\u00fbstandin\u00ean a\u015ftiy\u00ea y\u00ean Tirkiy\u00ea \u00fb PKK\u2019\u00ea rawestiyane\",\"datePublished\":\"2025-12-13T12:40:16+00:00\",\"mainEntityOfPage\":{\"@id\":\"https:\\\/\\\/darkamazi.info\\\/archives\\\/1050987\"},\"wordCount\":765,\"publisher\":{\"@id\":\"https:\\\/\\\/darkamazi.info\\\/#organization\"},\"image\":{\"@id\":\"https:\\\/\\\/darkamazi.info\\\/archives\\\/1050987#primaryimage\"},\"thumbnailUrl\":\"https:\\\/\\\/darkamazi.info\\\/darka-content\\\/uploads\\\/2025\\\/12\\\/ocalan-bahceli-ardogan.jpg\",\"keywords\":[\"sereke\"],\"articleSection\":[\"C\u00eehan\"],\"inLanguage\":\"en-US\"},{\"@type\":\"WebPage\",\"@id\":\"https:\\\/\\\/darkamazi.info\\\/archives\\\/1050987\",\"url\":\"https:\\\/\\\/darkamazi.info\\\/archives\\\/1050987\",\"name\":\"The Economist: Dan\u00fbstandin\u00ean a\u015ftiy\u00ea y\u00ean Tirkiy\u00ea \u00fb PKK\u2019\u00ea rawestiyane - Darka Maz\u00ee\",\"isPartOf\":{\"@id\":\"https:\\\/\\\/darkamazi.info\\\/#website\"},\"primaryImageOfPage\":{\"@id\":\"https:\\\/\\\/darkamazi.info\\\/archives\\\/1050987#primaryimage\"},\"image\":{\"@id\":\"https:\\\/\\\/darkamazi.info\\\/archives\\\/1050987#primaryimage\"},\"thumbnailUrl\":\"https:\\\/\\\/darkamazi.info\\\/darka-content\\\/uploads\\\/2025\\\/12\\\/ocalan-bahceli-ardogan.jpg\",\"datePublished\":\"2025-12-13T12:40:16+00:00\",\"breadcrumb\":{\"@id\":\"https:\\\/\\\/darkamazi.info\\\/archives\\\/1050987#breadcrumb\"},\"inLanguage\":\"en-US\",\"potentialAction\":[{\"@type\":\"ReadAction\",\"target\":[\"https:\\\/\\\/darkamazi.info\\\/archives\\\/1050987\"]}]},{\"@type\":\"ImageObject\",\"inLanguage\":\"en-US\",\"@id\":\"https:\\\/\\\/darkamazi.info\\\/archives\\\/1050987#primaryimage\",\"url\":\"https:\\\/\\\/darkamazi.info\\\/darka-content\\\/uploads\\\/2025\\\/12\\\/ocalan-bahceli-ardogan.jpg\",\"contentUrl\":\"https:\\\/\\\/darkamazi.info\\\/darka-content\\\/uploads\\\/2025\\\/12\\\/ocalan-bahceli-ardogan.jpg\",\"width\":900,\"height\":497,\"caption\":\"The Economist: Dan\u00fbstandin\u00ean a\u015ftiy\u00ea y\u00ean Tirkiy\u00ea \u00fb PKK\u2019\u00ea rawestiyane\"},{\"@type\":\"BreadcrumbList\",\"@id\":\"https:\\\/\\\/darkamazi.info\\\/archives\\\/1050987#breadcrumb\",\"itemListElement\":[{\"@type\":\"ListItem\",\"position\":1,\"name\":\"Home\",\"item\":\"https:\\\/\\\/darkamazi.info\\\/\"},{\"@type\":\"ListItem\",\"position\":2,\"name\":\"The Economist: Dan\u00fbstandin\u00ean a\u015ftiy\u00ea y\u00ean Tirkiy\u00ea \u00fb PKK\u2019\u00ea rawestiyane\"}]},{\"@type\":\"WebSite\",\"@id\":\"https:\\\/\\\/darkamazi.info\\\/#website\",\"url\":\"https:\\\/\\\/darkamazi.info\\\/\",\"name\":\"Darka Maz\u00ee\",\"description\":\"P\u00eageha Zanyariy\u00ean Nebih\u00eest\u00ee\",\"publisher\":{\"@id\":\"https:\\\/\\\/darkamazi.info\\\/#organization\"},\"potentialAction\":[{\"@type\":\"SearchAction\",\"target\":{\"@type\":\"EntryPoint\",\"urlTemplate\":\"https:\\\/\\\/darkamazi.info\\\/?s={search_term_string}\"},\"query-input\":{\"@type\":\"PropertyValueSpecification\",\"valueRequired\":true,\"valueName\":\"search_term_string\"}}],\"inLanguage\":\"en-US\"},{\"@type\":\"Organization\",\"@id\":\"https:\\\/\\\/darkamazi.info\\\/#organization\",\"name\":\"Darka Maz\u00ee\",\"url\":\"https:\\\/\\\/darkamazi.info\\\/\",\"logo\":{\"@type\":\"ImageObject\",\"inLanguage\":\"en-US\",\"@id\":\"https:\\\/\\\/darkamazi.info\\\/#\\\/schema\\\/logo\\\/image\\\/\",\"url\":\"https:\\\/\\\/darkamazi.info\\\/darka-content\\\/uploads\\\/2017\\\/12\\\/darka-mazi-logo.png\",\"contentUrl\":\"https:\\\/\\\/darkamazi.info\\\/darka-content\\\/uploads\\\/2017\\\/12\\\/darka-mazi-logo.png\",\"width\":151,\"height\":75,\"caption\":\"Darka Maz\u00ee\"},\"image\":{\"@id\":\"https:\\\/\\\/darkamazi.info\\\/#\\\/schema\\\/logo\\\/image\\\/\"},\"sameAs\":[\"https:\\\/\\\/www.facebook.com\\\/DarMaziKurmanci\",\"https:\\\/\\\/x.com\\\/DarkaMaziLatini\",\"https:\\\/\\\/www.instagram.com\\\/darkamazi.kurmanci\\\/\",\"https:\\\/\\\/www.youtube.com\\\/channel\\\/UCa5HkTdmI8U1qCUFuTw8B2g\"]},{\"@type\":\"Person\",\"@id\":\"https:\\\/\\\/darkamazi.info\\\/#\\\/schema\\\/person\\\/5ad3e24553a0567993fa8ed4bd0a776c\",\"name\":\"darka mazi\",\"sameAs\":[\"https:\\\/\\\/darkamazi.info\\\/\"],\"url\":\"https:\\\/\\\/darkamazi.info\\\/archives\\\/author\\\/kurdi\"}]}<\/script>\n<!-- \/ Yoast SEO plugin. -->","seo_head_json":{"title":"The Economist: Dan\u00fbstandin\u00ean a\u015ftiy\u00ea y\u00ean Tirkiy\u00ea \u00fb PKK\u2019\u00ea rawestiyane - Darka Maz\u00ee","robots":{"index":"index","follow":"follow","max-snippet":"max-snippet:-1","max-image-preview":"max-image-preview:large","max-video-preview":"max-video-preview:-1"},"canonical":"https:\/\/darkamazi.info\/archives\/1050987","og_locale":"en_US","og_type":"article","og_title":"The Economist: Dan\u00fbstandin\u00ean a\u015ftiy\u00ea y\u00ean Tirkiy\u00ea \u00fb PKK\u2019\u00ea rawestiyane - Darka Maz\u00ee","og_description":"Li gor\u00ee The Economist, her \u00e7end p\u00eavajoya a\u015ftiy\u00ea ya ku armanc dike dawiy\u00ea li pev\u00e7\u00fbna z\u00eadetir\u00ee 40 sal\u00eeya di navbera Enqere \u00fb PKK\u2019\u00ea de b\u00eene, p\u00ea\u015fve\u00e7\u00fbnek \u00e7\u00eakiriye j\u00ee, l\u00ea bel\u00ea ji ber h\u00eaviya aliyan ji gav\u00ean layen\u00ea beramber ev p\u00eavajo gih\u00ee\u015ftiye rew\u015feke cid\u00eeya b\u00ea\u00e7are. Li gor\u00ee anal\u00eeza The Economist, her \u00e7end di meh\u00ean daw\u00ee de [&hellip;]","og_url":"https:\/\/darkamazi.info\/archives\/1050987","og_site_name":"Darka Maz\u00ee","article_publisher":"https:\/\/www.facebook.com\/DarMaziKurmanci","article_published_time":"2025-12-13T12:40:16+00:00","og_image":[{"width":900,"height":497,"url":"https:\/\/darkamazi.info\/file\/2025\/12\/ocalan-bahceli-ardogan.jpg","type":"image\/jpeg"}],"author":"darka mazi","twitter_card":"summary_large_image","twitter_creator":"@DarkaMaziLatini","twitter_site":"@DarkaMaziLatini","twitter_misc":{"Written by":"darka mazi","Est. reading time":"3 minutes"},"schema":{"@context":"https:\/\/schema.org","@graph":[{"@type":"Article","@id":"https:\/\/darkamazi.info\/archives\/1050987#article","isPartOf":{"@id":"https:\/\/darkamazi.info\/archives\/1050987"},"author":{"name":"darka mazi","@id":"https:\/\/darkamazi.info\/#\/schema\/person\/5ad3e24553a0567993fa8ed4bd0a776c"},"headline":"The Economist: Dan\u00fbstandin\u00ean a\u015ftiy\u00ea y\u00ean Tirkiy\u00ea \u00fb PKK\u2019\u00ea rawestiyane","datePublished":"2025-12-13T12:40:16+00:00","mainEntityOfPage":{"@id":"https:\/\/darkamazi.info\/archives\/1050987"},"wordCount":765,"publisher":{"@id":"https:\/\/darkamazi.info\/#organization"},"image":{"@id":"https:\/\/darkamazi.info\/archives\/1050987#primaryimage"},"thumbnailUrl":"https:\/\/darkamazi.info\/file\/2025\/12\/ocalan-bahceli-ardogan.jpg","keywords":["sereke"],"articleSection":["C\u00eehan"],"inLanguage":"en-US"},{"@type":"WebPage","@id":"https:\/\/darkamazi.info\/archives\/1050987","url":"https:\/\/darkamazi.info\/archives\/1050987","name":"The Economist: Dan\u00fbstandin\u00ean a\u015ftiy\u00ea y\u00ean Tirkiy\u00ea \u00fb PKK\u2019\u00ea rawestiyane - Darka Maz\u00ee","isPartOf":{"@id":"https:\/\/darkamazi.info\/#website"},"primaryImageOfPage":{"@id":"https:\/\/darkamazi.info\/archives\/1050987#primaryimage"},"image":{"@id":"https:\/\/darkamazi.info\/archives\/1050987#primaryimage"},"thumbnailUrl":"https:\/\/darkamazi.info\/file\/2025\/12\/ocalan-bahceli-ardogan.jpg","datePublished":"2025-12-13T12:40:16+00:00","breadcrumb":{"@id":"https:\/\/darkamazi.info\/archives\/1050987#breadcrumb"},"inLanguage":"en-US","potentialAction":[{"@type":"ReadAction","target":["https:\/\/darkamazi.info\/archives\/1050987"]}]},{"@type":"ImageObject","inLanguage":"en-US","@id":"https:\/\/darkamazi.info\/archives\/1050987#primaryimage","url":"https:\/\/darkamazi.info\/file\/2025\/12\/ocalan-bahceli-ardogan.jpg","contentUrl":"https:\/\/darkamazi.info\/file\/2025\/12\/ocalan-bahceli-ardogan.jpg","width":900,"height":497,"caption":"The Economist: Dan\u00fbstandin\u00ean a\u015ftiy\u00ea y\u00ean Tirkiy\u00ea \u00fb PKK\u2019\u00ea rawestiyane"},{"@type":"BreadcrumbList","@id":"https:\/\/darkamazi.info\/archives\/1050987#breadcrumb","itemListElement":[{"@type":"ListItem","position":1,"name":"Home","item":"https:\/\/darkamazi.info\/"},{"@type":"ListItem","position":2,"name":"The Economist: Dan\u00fbstandin\u00ean a\u015ftiy\u00ea y\u00ean Tirkiy\u00ea \u00fb PKK\u2019\u00ea rawestiyane"}]},{"@type":"WebSite","@id":"https:\/\/darkamazi.info\/#website","url":"https:\/\/darkamazi.info\/","name":"Darka Maz\u00ee","description":"P\u00eageha Zanyariy\u00ean Nebih\u00eest\u00ee","publisher":{"@id":"https:\/\/darkamazi.info\/#organization"},"potentialAction":[{"@type":"SearchAction","target":{"@type":"EntryPoint","urlTemplate":"https:\/\/darkamazi.info\/?s={search_term_string}"},"query-input":{"@type":"PropertyValueSpecification","valueRequired":true,"valueName":"search_term_string"}}],"inLanguage":"en-US"},{"@type":"Organization","@id":"https:\/\/darkamazi.info\/#organization","name":"Darka Maz\u00ee","url":"https:\/\/darkamazi.info\/","logo":{"@type":"ImageObject","inLanguage":"en-US","@id":"https:\/\/darkamazi.info\/#\/schema\/logo\/image\/","url":"https:\/\/darkamazi.info\/file\/2017\/12\/darka-mazi-logo.png","contentUrl":"https:\/\/darkamazi.info\/file\/2017\/12\/darka-mazi-logo.png","width":151,"height":75,"caption":"Darka Maz\u00ee"},"image":{"@id":"https:\/\/darkamazi.info\/#\/schema\/logo\/image\/"},"sameAs":["https:\/\/www.facebook.com\/DarMaziKurmanci","https:\/\/x.com\/DarkaMaziLatini","https:\/\/www.instagram.com\/darkamazi.kurmanci\/","https:\/\/www.youtube.com\/channel\/UCa5HkTdmI8U1qCUFuTw8B2g"]},{"@type":"Person","@id":"https:\/\/darkamazi.info\/#\/schema\/person\/5ad3e24553a0567993fa8ed4bd0a776c","name":"darka mazi","sameAs":["https:\/\/darkamazi.info\/"],"url":"https:\/\/darkamazi.info\/archives\/author\/kurdi"}]}},"_links":{"self":[{"href":"https:\/\/darkamazi.info\/funavuv\/wp\/v2\/posts\/1050987","targetHints":{"allow":["GET"]}}],"collection":[{"href":"https:\/\/darkamazi.info\/funavuv\/wp\/v2\/posts"}],"about":[{"href":"https:\/\/darkamazi.info\/funavuv\/wp\/v2\/types\/post"}],"author":[{"embeddable":true,"href":"https:\/\/darkamazi.info\/funavuv\/wp\/v2\/users\/2"}],"replies":[{"embeddable":true,"href":"https:\/\/darkamazi.info\/funavuv\/wp\/v2\/comments?post=1050987"}],"version-history":[{"count":0,"href":"https:\/\/darkamazi.info\/funavuv\/wp\/v2\/posts\/1050987\/revisions"}],"wp:featuredmedia":[{"embeddable":true,"href":"https:\/\/darkamazi.info\/funavuv\/wp\/v2\/media\/1050988"}],"wp:attachment":[{"href":"https:\/\/darkamazi.info\/funavuv\/wp\/v2\/media?parent=1050987"}],"wp:term":[{"taxonomy":"category","embeddable":true,"href":"https:\/\/darkamazi.info\/funavuv\/wp\/v2\/categories?post=1050987"},{"taxonomy":"post_tag","embeddable":true,"href":"https:\/\/darkamazi.info\/funavuv\/wp\/v2\/tags?post=1050987"}],"curies":[{"name":"wp","href":"https:\/\/api.w.org\/{rel}","templated":true}]}}