{"id":1051044,"date":"2025-12-17T10:27:57","date_gmt":"2025-12-17T07:27:57","guid":{"rendered":"https:\/\/darkamazi.info\/?p=1051044"},"modified":"2025-12-17T10:27:57","modified_gmt":"2025-12-17T07:27:57","slug":"iro-roja-ala-kurdistane-ye-4","status":"publish","type":"post","link":"https:\/\/darkamazi.info\/archives\/1051044","title":{"rendered":"\u00cero Roja Ala Kurdistan\u00ea ye"},"content":{"rendered":"<h3 style=\"text-align: justify\"><span style=\"font-family: 'arial black', sans-serif\">Roja 17\u00ea Ber\u00e7ile wek Roja Ala Kurdistan\u00ea hatiye diyarkirin, her sal ev roj bi bilindkirina al\u00ea \u00fb meras\u00eem\u00ean taybet li saziy\u00ean ferm\u00ee \u00fb cih\u00ean gi\u015ft\u00ee t\u00ea p\u00eerozkirin.<\/span><\/h3>\n<h3 style=\"text-align: justify\"><span style=\"font-family: arial, helvetica, sans-serif\">Her \u00e7end e p\u00ea\u015ftir j\u00ee ala Kurdistan\u00ea ji aliy\u00ea \u00e7end part\u00ee \u00fb r\u00eaxistinan ve hatib\u00fb bilindkirin, l\u00ea beriya damezrandina Komara Kurdistan\u00ea li Mehabad\u00ea, di 17\u00ea Ber\u00e7ileya 1945an de, yekem car Ala Kurdistan\u00ea bi ferm\u00ee li ser \u015faredariya Mehabad\u00ea hat bilindkirin.<\/span><\/h3>\n<h3 style=\"text-align: justify\"><span style=\"font-family: arial, helvetica, sans-serif\">Di 22\u2019\u00ea \u00c7ileya 1946\u2019an de j\u00ee, Komara Kurdistan\u00ea hat ragihandin \u00fb Ala Kurdistan\u00ea li ser saziy\u00ean ferm\u00ee y\u00ean komar\u00ea hat bilindkirin \u00fb ew roj di d\u00eeroka siyas\u00ee ya gel\u00ea Kurd de, weke qonaxeke gir\u00eeng t\u00ea d\u00eetin.<\/span><\/h3>\n<h3 style=\"text-align: justify\"><span style=\"font-family: arial, helvetica, sans-serif\">Pi\u015ft\u00ee 59 salan, di 19\/6\/2009an de, Parlamentoya Kurdistan\u00ea bi yekdeng\u00ee roja 17\u00ea Ber\u00e7ile, wek Roja Ala Kurdistan\u00ea ragihand.<\/span><\/h3>\n<h3 style=\"text-align: justify\"><span style=\"font-family: arial, helvetica, sans-serif\">Wate \u00fb sembol\u00ean reng\u00ean Ala Kurdistan\u00ea:<\/span><\/h3>\n<h3 style=\"text-align: justify\"><span style=\"font-family: arial, helvetica, sans-serif\">Reng\u00ea Sor: \u015eore\u015f, xw\u00eenrijandina di \u015fer de, w\u00earek\u00ee, h\u00eaz, wekhev\u00ee.<\/span><\/h3>\n<h3 style=\"text-align: justify\"><span style=\"font-family: arial, helvetica, sans-serif\">Reng\u00ea Zer: Ronah\u00ee, moral, agir.<\/span><\/h3>\n<h3 style=\"text-align: justify\"><span style=\"font-family: arial, helvetica, sans-serif\">Reng\u00ea Sp\u00ee: A\u015ft\u00ee, aram\u00ee, agirbest.<\/span><\/h3>\n<h3 style=\"text-align: justify\"><span style=\"font-family: arial, helvetica, sans-serif\">Reng\u00ea Kesk: Keskah\u00ee, welat, parastin.<\/span><\/h3>\n","protected":false},"excerpt":{"rendered":"<p>Roja 17\u00ea Ber\u00e7ile wek Roja Ala Kurdistan\u00ea hatiye diyarkirin, her sal ev roj bi bilindkirina al\u00ea \u00fb meras\u00eem\u00ean taybet li saziy\u00ean ferm\u00ee \u00fb cih\u00ean gi\u015ft\u00ee t\u00ea p\u00eerozkirin. Her \u00e7end e p\u00ea\u015ftir j\u00ee ala Kurdistan\u00ea ji aliy\u00ea \u00e7end part\u00ee \u00fb r\u00eaxistinan ve hatib\u00fb bilindkirin, l\u00ea beriya damezrandina Komara Kurdistan\u00ea li Mehabad\u00ea, di 17\u00ea Ber\u00e7ileya 1945an de, [&hellip;]<\/p>\n","protected":false},"author":2,"featured_media":1051045,"comment_status":"closed","ping_status":"closed","sticky":false,"template":"","format":"standard","meta":{"footnotes":""},"categories":[29],"tags":[37],"class_list":["post-1051044","post","type-post","status-publish","format-standard","has-post-thumbnail","hentry","category-kurdistan","tag-sereke"],"blocksy_meta":[],"seo_head":"<!-- This site is optimized with the Yoast SEO plugin v27.5 - https:\/\/yoast.com\/product\/yoast-seo-wordpress\/ -->\n<title>\u00cero Roja Ala Kurdistan\u00ea ye - Darka Maz\u00ee<\/title>\n<meta name=\"robots\" content=\"index, follow, max-snippet:-1, max-image-preview:large, max-video-preview:-1\" \/>\n<link rel=\"canonical\" href=\"https:\/\/darkamazi.info\/archives\/1051044\" \/>\n<meta property=\"og:locale\" content=\"en_US\" \/>\n<meta property=\"og:type\" content=\"article\" \/>\n<meta property=\"og:title\" content=\"\u00cero Roja Ala Kurdistan\u00ea ye - Darka Maz\u00ee\" \/>\n<meta property=\"og:description\" content=\"Roja 17\u00ea Ber\u00e7ile wek Roja Ala Kurdistan\u00ea hatiye diyarkirin, her sal ev roj bi bilindkirina al\u00ea \u00fb meras\u00eem\u00ean taybet li saziy\u00ean ferm\u00ee \u00fb cih\u00ean gi\u015ft\u00ee t\u00ea p\u00eerozkirin. Her \u00e7end e p\u00ea\u015ftir j\u00ee ala Kurdistan\u00ea ji aliy\u00ea \u00e7end part\u00ee \u00fb r\u00eaxistinan ve hatib\u00fb bilindkirin, l\u00ea beriya damezrandina Komara Kurdistan\u00ea li Mehabad\u00ea, di 17\u00ea Ber\u00e7ileya 1945an de, [&hellip;]\" \/>\n<meta property=\"og:url\" content=\"https:\/\/darkamazi.info\/archives\/1051044\" \/>\n<meta property=\"og:site_name\" content=\"Darka Maz\u00ee\" \/>\n<meta property=\"article:publisher\" content=\"https:\/\/www.facebook.com\/DarMaziKurmanci\" \/>\n<meta property=\"article:published_time\" content=\"2025-12-17T07:27:57+00:00\" \/>\n<meta property=\"og:image\" content=\"https:\/\/darkamazi.info\/file\/2025\/12\/Ala-Kurdistan-2025-info.jpg\" \/>\n\t<meta property=\"og:image:width\" content=\"900\" \/>\n\t<meta property=\"og:image:height\" content=\"500\" \/>\n\t<meta property=\"og:image:type\" content=\"image\/jpeg\" \/>\n<meta name=\"author\" content=\"darka mazi\" \/>\n<meta name=\"twitter:card\" content=\"summary_large_image\" \/>\n<meta name=\"twitter:creator\" content=\"@DarkaMaziLatini\" \/>\n<meta name=\"twitter:site\" content=\"@DarkaMaziLatini\" \/>\n<meta name=\"twitter:label1\" content=\"Written by\" \/>\n\t<meta name=\"twitter:data1\" content=\"darka mazi\" \/>\n\t<meta name=\"twitter:label2\" content=\"Est. reading time\" \/>\n\t<meta name=\"twitter:data2\" content=\"1 minute\" \/>\n<script type=\"application\/ld+json\" class=\"seo-schema-graph\">{\"@context\":\"https:\\\/\\\/schema.org\",\"@graph\":[{\"@type\":\"Article\",\"@id\":\"https:\\\/\\\/darkamazi.info\\\/archives\\\/1051044#article\",\"isPartOf\":{\"@id\":\"https:\\\/\\\/darkamazi.info\\\/archives\\\/1051044\"},\"author\":{\"name\":\"darka mazi\",\"@id\":\"https:\\\/\\\/darkamazi.info\\\/#\\\/schema\\\/person\\\/5ad3e24553a0567993fa8ed4bd0a776c\"},\"headline\":\"\u00cero Roja Ala Kurdistan\u00ea ye\",\"datePublished\":\"2025-12-17T07:27:57+00:00\",\"mainEntityOfPage\":{\"@id\":\"https:\\\/\\\/darkamazi.info\\\/archives\\\/1051044\"},\"wordCount\":169,\"publisher\":{\"@id\":\"https:\\\/\\\/darkamazi.info\\\/#organization\"},\"image\":{\"@id\":\"https:\\\/\\\/darkamazi.info\\\/archives\\\/1051044#primaryimage\"},\"thumbnailUrl\":\"https:\\\/\\\/darkamazi.info\\\/darka-content\\\/uploads\\\/2025\\\/12\\\/Ala-Kurdistan-2025-info.jpg\",\"keywords\":[\"sereke\"],\"articleSection\":[\"Kurdistan\"],\"inLanguage\":\"en-US\"},{\"@type\":\"WebPage\",\"@id\":\"https:\\\/\\\/darkamazi.info\\\/archives\\\/1051044\",\"url\":\"https:\\\/\\\/darkamazi.info\\\/archives\\\/1051044\",\"name\":\"\u00cero Roja Ala Kurdistan\u00ea ye - Darka Maz\u00ee\",\"isPartOf\":{\"@id\":\"https:\\\/\\\/darkamazi.info\\\/#website\"},\"primaryImageOfPage\":{\"@id\":\"https:\\\/\\\/darkamazi.info\\\/archives\\\/1051044#primaryimage\"},\"image\":{\"@id\":\"https:\\\/\\\/darkamazi.info\\\/archives\\\/1051044#primaryimage\"},\"thumbnailUrl\":\"https:\\\/\\\/darkamazi.info\\\/darka-content\\\/uploads\\\/2025\\\/12\\\/Ala-Kurdistan-2025-info.jpg\",\"datePublished\":\"2025-12-17T07:27:57+00:00\",\"breadcrumb\":{\"@id\":\"https:\\\/\\\/darkamazi.info\\\/archives\\\/1051044#breadcrumb\"},\"inLanguage\":\"en-US\",\"potentialAction\":[{\"@type\":\"ReadAction\",\"target\":[\"https:\\\/\\\/darkamazi.info\\\/archives\\\/1051044\"]}]},{\"@type\":\"ImageObject\",\"inLanguage\":\"en-US\",\"@id\":\"https:\\\/\\\/darkamazi.info\\\/archives\\\/1051044#primaryimage\",\"url\":\"https:\\\/\\\/darkamazi.info\\\/darka-content\\\/uploads\\\/2025\\\/12\\\/Ala-Kurdistan-2025-info.jpg\",\"contentUrl\":\"https:\\\/\\\/darkamazi.info\\\/darka-content\\\/uploads\\\/2025\\\/12\\\/Ala-Kurdistan-2025-info.jpg\",\"width\":900,\"height\":500,\"caption\":\"Ala Kurdistan-2025-info\"},{\"@type\":\"BreadcrumbList\",\"@id\":\"https:\\\/\\\/darkamazi.info\\\/archives\\\/1051044#breadcrumb\",\"itemListElement\":[{\"@type\":\"ListItem\",\"position\":1,\"name\":\"Home\",\"item\":\"https:\\\/\\\/darkamazi.info\\\/\"},{\"@type\":\"ListItem\",\"position\":2,\"name\":\"\u00cero Roja Ala Kurdistan\u00ea ye\"}]},{\"@type\":\"WebSite\",\"@id\":\"https:\\\/\\\/darkamazi.info\\\/#website\",\"url\":\"https:\\\/\\\/darkamazi.info\\\/\",\"name\":\"Darka Maz\u00ee\",\"description\":\"P\u00eageha Zanyariy\u00ean Nebih\u00eest\u00ee\",\"publisher\":{\"@id\":\"https:\\\/\\\/darkamazi.info\\\/#organization\"},\"potentialAction\":[{\"@type\":\"SearchAction\",\"target\":{\"@type\":\"EntryPoint\",\"urlTemplate\":\"https:\\\/\\\/darkamazi.info\\\/?s={search_term_string}\"},\"query-input\":{\"@type\":\"PropertyValueSpecification\",\"valueRequired\":true,\"valueName\":\"search_term_string\"}}],\"inLanguage\":\"en-US\"},{\"@type\":\"Organization\",\"@id\":\"https:\\\/\\\/darkamazi.info\\\/#organization\",\"name\":\"Darka Maz\u00ee\",\"url\":\"https:\\\/\\\/darkamazi.info\\\/\",\"logo\":{\"@type\":\"ImageObject\",\"inLanguage\":\"en-US\",\"@id\":\"https:\\\/\\\/darkamazi.info\\\/#\\\/schema\\\/logo\\\/image\\\/\",\"url\":\"https:\\\/\\\/darkamazi.info\\\/darka-content\\\/uploads\\\/2017\\\/12\\\/darka-mazi-logo.png\",\"contentUrl\":\"https:\\\/\\\/darkamazi.info\\\/darka-content\\\/uploads\\\/2017\\\/12\\\/darka-mazi-logo.png\",\"width\":151,\"height\":75,\"caption\":\"Darka Maz\u00ee\"},\"image\":{\"@id\":\"https:\\\/\\\/darkamazi.info\\\/#\\\/schema\\\/logo\\\/image\\\/\"},\"sameAs\":[\"https:\\\/\\\/www.facebook.com\\\/DarMaziKurmanci\",\"https:\\\/\\\/x.com\\\/DarkaMaziLatini\",\"https:\\\/\\\/www.instagram.com\\\/darkamazi.kurmanci\\\/\",\"https:\\\/\\\/www.youtube.com\\\/channel\\\/UCa5HkTdmI8U1qCUFuTw8B2g\"]},{\"@type\":\"Person\",\"@id\":\"https:\\\/\\\/darkamazi.info\\\/#\\\/schema\\\/person\\\/5ad3e24553a0567993fa8ed4bd0a776c\",\"name\":\"darka mazi\",\"sameAs\":[\"https:\\\/\\\/darkamazi.info\\\/\"],\"url\":\"https:\\\/\\\/darkamazi.info\\\/archives\\\/author\\\/kurdi\"}]}<\/script>\n<!-- \/ Yoast SEO plugin. -->","seo_head_json":{"title":"\u00cero Roja Ala Kurdistan\u00ea ye - Darka Maz\u00ee","robots":{"index":"index","follow":"follow","max-snippet":"max-snippet:-1","max-image-preview":"max-image-preview:large","max-video-preview":"max-video-preview:-1"},"canonical":"https:\/\/darkamazi.info\/archives\/1051044","og_locale":"en_US","og_type":"article","og_title":"\u00cero Roja Ala Kurdistan\u00ea ye - Darka Maz\u00ee","og_description":"Roja 17\u00ea Ber\u00e7ile wek Roja Ala Kurdistan\u00ea hatiye diyarkirin, her sal ev roj bi bilindkirina al\u00ea \u00fb meras\u00eem\u00ean taybet li saziy\u00ean ferm\u00ee \u00fb cih\u00ean gi\u015ft\u00ee t\u00ea p\u00eerozkirin. Her \u00e7end e p\u00ea\u015ftir j\u00ee ala Kurdistan\u00ea ji aliy\u00ea \u00e7end part\u00ee \u00fb r\u00eaxistinan ve hatib\u00fb bilindkirin, l\u00ea beriya damezrandina Komara Kurdistan\u00ea li Mehabad\u00ea, di 17\u00ea Ber\u00e7ileya 1945an de, [&hellip;]","og_url":"https:\/\/darkamazi.info\/archives\/1051044","og_site_name":"Darka Maz\u00ee","article_publisher":"https:\/\/www.facebook.com\/DarMaziKurmanci","article_published_time":"2025-12-17T07:27:57+00:00","og_image":[{"width":900,"height":500,"url":"https:\/\/darkamazi.info\/file\/2025\/12\/Ala-Kurdistan-2025-info.jpg","type":"image\/jpeg"}],"author":"darka mazi","twitter_card":"summary_large_image","twitter_creator":"@DarkaMaziLatini","twitter_site":"@DarkaMaziLatini","twitter_misc":{"Written by":"darka mazi","Est. reading time":"1 minute"},"schema":{"@context":"https:\/\/schema.org","@graph":[{"@type":"Article","@id":"https:\/\/darkamazi.info\/archives\/1051044#article","isPartOf":{"@id":"https:\/\/darkamazi.info\/archives\/1051044"},"author":{"name":"darka mazi","@id":"https:\/\/darkamazi.info\/#\/schema\/person\/5ad3e24553a0567993fa8ed4bd0a776c"},"headline":"\u00cero Roja Ala Kurdistan\u00ea ye","datePublished":"2025-12-17T07:27:57+00:00","mainEntityOfPage":{"@id":"https:\/\/darkamazi.info\/archives\/1051044"},"wordCount":169,"publisher":{"@id":"https:\/\/darkamazi.info\/#organization"},"image":{"@id":"https:\/\/darkamazi.info\/archives\/1051044#primaryimage"},"thumbnailUrl":"https:\/\/darkamazi.info\/file\/2025\/12\/Ala-Kurdistan-2025-info.jpg","keywords":["sereke"],"articleSection":["Kurdistan"],"inLanguage":"en-US"},{"@type":"WebPage","@id":"https:\/\/darkamazi.info\/archives\/1051044","url":"https:\/\/darkamazi.info\/archives\/1051044","name":"\u00cero Roja Ala Kurdistan\u00ea ye - Darka Maz\u00ee","isPartOf":{"@id":"https:\/\/darkamazi.info\/#website"},"primaryImageOfPage":{"@id":"https:\/\/darkamazi.info\/archives\/1051044#primaryimage"},"image":{"@id":"https:\/\/darkamazi.info\/archives\/1051044#primaryimage"},"thumbnailUrl":"https:\/\/darkamazi.info\/file\/2025\/12\/Ala-Kurdistan-2025-info.jpg","datePublished":"2025-12-17T07:27:57+00:00","breadcrumb":{"@id":"https:\/\/darkamazi.info\/archives\/1051044#breadcrumb"},"inLanguage":"en-US","potentialAction":[{"@type":"ReadAction","target":["https:\/\/darkamazi.info\/archives\/1051044"]}]},{"@type":"ImageObject","inLanguage":"en-US","@id":"https:\/\/darkamazi.info\/archives\/1051044#primaryimage","url":"https:\/\/darkamazi.info\/file\/2025\/12\/Ala-Kurdistan-2025-info.jpg","contentUrl":"https:\/\/darkamazi.info\/file\/2025\/12\/Ala-Kurdistan-2025-info.jpg","width":900,"height":500,"caption":"Ala Kurdistan-2025-info"},{"@type":"BreadcrumbList","@id":"https:\/\/darkamazi.info\/archives\/1051044#breadcrumb","itemListElement":[{"@type":"ListItem","position":1,"name":"Home","item":"https:\/\/darkamazi.info\/"},{"@type":"ListItem","position":2,"name":"\u00cero Roja Ala Kurdistan\u00ea ye"}]},{"@type":"WebSite","@id":"https:\/\/darkamazi.info\/#website","url":"https:\/\/darkamazi.info\/","name":"Darka Maz\u00ee","description":"P\u00eageha Zanyariy\u00ean Nebih\u00eest\u00ee","publisher":{"@id":"https:\/\/darkamazi.info\/#organization"},"potentialAction":[{"@type":"SearchAction","target":{"@type":"EntryPoint","urlTemplate":"https:\/\/darkamazi.info\/?s={search_term_string}"},"query-input":{"@type":"PropertyValueSpecification","valueRequired":true,"valueName":"search_term_string"}}],"inLanguage":"en-US"},{"@type":"Organization","@id":"https:\/\/darkamazi.info\/#organization","name":"Darka Maz\u00ee","url":"https:\/\/darkamazi.info\/","logo":{"@type":"ImageObject","inLanguage":"en-US","@id":"https:\/\/darkamazi.info\/#\/schema\/logo\/image\/","url":"https:\/\/darkamazi.info\/file\/2017\/12\/darka-mazi-logo.png","contentUrl":"https:\/\/darkamazi.info\/file\/2017\/12\/darka-mazi-logo.png","width":151,"height":75,"caption":"Darka Maz\u00ee"},"image":{"@id":"https:\/\/darkamazi.info\/#\/schema\/logo\/image\/"},"sameAs":["https:\/\/www.facebook.com\/DarMaziKurmanci","https:\/\/x.com\/DarkaMaziLatini","https:\/\/www.instagram.com\/darkamazi.kurmanci\/","https:\/\/www.youtube.com\/channel\/UCa5HkTdmI8U1qCUFuTw8B2g"]},{"@type":"Person","@id":"https:\/\/darkamazi.info\/#\/schema\/person\/5ad3e24553a0567993fa8ed4bd0a776c","name":"darka mazi","sameAs":["https:\/\/darkamazi.info\/"],"url":"https:\/\/darkamazi.info\/archives\/author\/kurdi"}]}},"_links":{"self":[{"href":"https:\/\/darkamazi.info\/funavuv\/wp\/v2\/posts\/1051044","targetHints":{"allow":["GET"]}}],"collection":[{"href":"https:\/\/darkamazi.info\/funavuv\/wp\/v2\/posts"}],"about":[{"href":"https:\/\/darkamazi.info\/funavuv\/wp\/v2\/types\/post"}],"author":[{"embeddable":true,"href":"https:\/\/darkamazi.info\/funavuv\/wp\/v2\/users\/2"}],"replies":[{"embeddable":true,"href":"https:\/\/darkamazi.info\/funavuv\/wp\/v2\/comments?post=1051044"}],"version-history":[{"count":0,"href":"https:\/\/darkamazi.info\/funavuv\/wp\/v2\/posts\/1051044\/revisions"}],"wp:featuredmedia":[{"embeddable":true,"href":"https:\/\/darkamazi.info\/funavuv\/wp\/v2\/media\/1051045"}],"wp:attachment":[{"href":"https:\/\/darkamazi.info\/funavuv\/wp\/v2\/media?parent=1051044"}],"wp:term":[{"taxonomy":"category","embeddable":true,"href":"https:\/\/darkamazi.info\/funavuv\/wp\/v2\/categories?post=1051044"},{"taxonomy":"post_tag","embeddable":true,"href":"https:\/\/darkamazi.info\/funavuv\/wp\/v2\/tags?post=1051044"}],"curies":[{"name":"wp","href":"https:\/\/api.w.org\/{rel}","templated":true}]}}