{"id":1051047,"date":"2025-12-17T12:11:27","date_gmt":"2025-12-17T09:11:27","guid":{"rendered":"https:\/\/darkamazi.info\/?p=1051047"},"modified":"2025-12-17T12:11:27","modified_gmt":"2025-12-17T09:11:27","slug":"mhpe-derbare-carenusa-gerilayen-3-re-diyar-kirin","status":"publish","type":"post","link":"https:\/\/darkamazi.info\/archives\/1051047","title":{"rendered":"MHP\u00ea derbar\u00ea \u00e7aren\u00fbsa G\u00ear\u00eelay\u00ean 3 r\u00ea diyar kirin"},"content":{"rendered":"<h3 style=\"text-align: justify\"><span style=\"font-family: 'arial black', sans-serif\">Partiya tevgera neteweperist ya Tirkiyey\u00ea, pilaneke s\u00ea xal\u00ee ji boy p\u00eavajoya a\u015ftiy\u00ea p\u00ea\u015fk\u00ea\u015f\u00ee parlamentoy\u00ea kir, b\u00ea\u00e7ekkirina bi tevah\u00ee ya PKK\u00ea, radesitkirina endam\u00ean r\u00eaxistin\u00ea diyartir\u00een xal\u00ean w\u00ea ne, Ocalan j\u00ee li ser v\u00ea yek\u00ea raz\u00ee b\u00fbye.<\/span><\/h3>\n<h3 style=\"text-align: justify\"><span style=\"font-family: arial, helvetica, sans-serif\">Li gor\u00ee rojnameya Daily Sabah ya n\u00eaz\u00ee hik\u00fbmeta Tirkiyey\u00ea, MHP\u00ea v\u00ea dawiy\u00ea ji bo serkeftina p\u00eavajoya \u201cTirkiyey\u00ea b\u00ea teror\u201d, pilaneke s\u00ea xal\u00ee p\u00ea\u015fk\u00ea\u015f\u00ee parlamentoy\u00ea kir\u00ee ye, h\u00fbrguliy\u00ean pilan\u00ea di raporeke 120 r\u00fbpel\u00ee de cih digirin.<\/span><\/h3>\n<h3 style=\"text-align: justify\"><span style=\"font-family: arial, helvetica, sans-serif\">Di destp\u00eaka v\u00ea heftey\u00ea de, MHP\u00ea ragihand ku ew\u00ea raporek ji boy p\u00ea\u015fvebirina p\u00eavajoya \u201cTirkiyey\u00ea b\u00ea teror\u201d p\u00ea\u015fk\u00ea\u015f\u00ee parlamentoy\u00ea kiriye.<\/span><\/h3>\n<h3 style=\"text-align: justify\"><span style=\"font-family: 'arial black', sans-serif;color: #8c0808\">Raport pilaneke s\u00ea-qonax\u00ee dihew\u00eene:<\/span><\/h3>\n<ol>\n<li>\n<h3><span style=\"font-family: 'arial black', sans-serif;color: #808080\">B\u00ea\u00e7ekkirina bi tevah\u00ee ya PKK\u00ea.<\/span><\/h3>\n<\/li>\n<li>\n<h3><span style=\"font-family: 'arial black', sans-serif;color: #808080\">Radesitkirina endam\u00ean PKK\u00ea.<\/span><\/h3>\n<\/li>\n<li>\n<h3><span style=\"font-family: 'arial black', sans-serif;color: #808080\">Vejandina wan.<\/span><\/h3>\n<\/li>\n<\/ol>\n<h3 style=\"text-align: justify\"><span style=\"font-family: 'arial black', sans-serif;color: #8c0808\">Raport tekez dike ku div\u00ea hem\u00ee endam\u00ean kom\u00ea, tev\u00ee y\u00ean li dervey\u00ee welat\u00ee \u00fb y\u00ean gir\u00eaday\u00ee PKK\u00ea, be\u015fdar\u00ee kampanyaya b\u00ea\u00e7ekkirin\u00ea bibin.<\/span><\/h3>\n<h3 style=\"text-align: justify\"><span style=\"font-family: arial, helvetica, sans-serif\">Li gor\u00ee rapor\u00ean medyay\u00ea, raport p\u00ea\u015fniyar dike ku cezay\u00ea endam\u00ean PKK\u00ea y\u00ean ku di tu s\u00fbcan de ne, were rakirin \u00fb tesl\u00eem\u00ee h\u00eaz\u00ean ewlehiy\u00ea y\u00ean Tirkiyey\u00ea were kirin. Endam\u00ean PKK\u00ea y\u00ean ku raz\u00ee dibin li gel rayedar\u00ean Tirkiyey\u00ea hevkariy\u00ea bikin, div\u00ea di bin \u015fertek yek-sal\u00ee de bin ku li gor\u00ee qan\u00fbn\u00ean hey\u00ee dikare heta s\u00ea salan were dir\u00eaj kirin.<\/span><\/h3>\n<h3 style=\"text-align: justify\"><span style=\"font-family: 'arial black', sans-serif;color: #8c0808\">Rapor dib\u00eaje div\u00ea rayedar\u00ean ewlehiy\u00ea p\u00ea\u015f\u00ee pi\u015ftrast bibin ku hem\u00fb \u00e7ek hatine radestkirin an j\u00ee hatine tunekirin \u00fb endam\u00ean PKK\u00ea div\u00ea tesl\u00eem bibin.<\/span><\/h3>\n<h3 style=\"text-align: justify\"><span style=\"font-family: arial, helvetica, sans-serif\">Raport her wiha behsa &#8220;maf\u00ea h\u00eaviy\u00ea&#8221; dike ku Bah\u00e7eli p\u00ea\u015f\u00ee ji bo Ocalan, di berd\u00eala b\u00ea\u00e7ekb\u00fbn\u00ea de, an\u00ee ziman. Ew destn\u00ee\u015fan dike ku ev maf\u00ea navbor\u00ee nay\u00ea wateya berdana mehk\u00fbman \u00fb ew ten\u00ea nirxandinek li ser \u015fert \u00fb merc\u00ean girtina mehk\u00fbman b\u00fb.<\/span><\/h3>\n<h3 style=\"text-align: justify\"><span style=\"font-family: 'arial black', sans-serif;color: #8c0808\">Herweha ew destn\u00ee\u015fan dike ku kes\u00ean ku di teror\u00eezm\u00ea de be\u015fdarin \u00fb cezay\u00ea hepsa heta hetay\u00ea ya girankir\u00ee l\u00ea hatiye bir\u00een, nikarin ji berdana \u015fert\u00ee s\u00fbd werbigirin.<\/span><\/h3>\n<h3 style=\"text-align: justify\"><span style=\"font-family: arial, helvetica, sans-serif\">MHP\u00ea v\u00ea dawiy\u00ea tevl\u00ee \u015fandeyek ji kom\u00eeteya hevgirtina netewey\u00ee, birat\u00ee \u00fb demokrasiy\u00ea b\u00fb, ku serdana Ocalan li girt\u00eegeh\u00ea kir. Raport h\u00fbrguliy\u00ean li ser v\u00ea hevd\u00eetin\u00ea vedhew\u00eene \u00fb dib\u00eaje ku Ocalan pabendb\u00fbna xwe bi \u00een\u00eesyat\u00eef\u00ea re n\u00ee\u015fan daye \u00fb pi\u015ftrast kiriye ku hilwe\u015fandina PKK\u00ea ne bi \u015fert\u00ea day\u00eena xweseriy\u00ea an \u015fert\u00ean wekhev ji bo koma PKK\u00ea b\u00fb.<\/span><\/h3>\n","protected":false},"excerpt":{"rendered":"<p>Partiya tevgera neteweperist ya Tirkiyey\u00ea, pilaneke s\u00ea xal\u00ee ji boy p\u00eavajoya a\u015ftiy\u00ea p\u00ea\u015fk\u00ea\u015f\u00ee parlamentoy\u00ea kir, b\u00ea\u00e7ekkirina bi tevah\u00ee ya PKK\u00ea, radesitkirina endam\u00ean r\u00eaxistin\u00ea diyartir\u00een xal\u00ean w\u00ea ne, Ocalan j\u00ee li ser v\u00ea yek\u00ea raz\u00ee b\u00fbye. Li gor\u00ee rojnameya Daily Sabah ya n\u00eaz\u00ee hik\u00fbmeta Tirkiyey\u00ea, MHP\u00ea v\u00ea dawiy\u00ea ji bo serkeftina p\u00eavajoya \u201cTirkiyey\u00ea b\u00ea teror\u201d, pilaneke [&hellip;]<\/p>\n","protected":false},"author":2,"featured_media":1051048,"comment_status":"closed","ping_status":"closed","sticky":false,"template":"","format":"standard","meta":{"footnotes":""},"categories":[29],"tags":[37],"class_list":["post-1051047","post","type-post","status-publish","format-standard","has-post-thumbnail","hentry","category-kurdistan","tag-sereke"],"blocksy_meta":[],"seo_head":"<!-- This site is optimized with the Yoast SEO plugin v27.5 - https:\/\/yoast.com\/product\/yoast-seo-wordpress\/ -->\n<title>MHP\u00ea derbar\u00ea \u00e7aren\u00fbsa G\u00ear\u00eelay\u00ean 3 r\u00ea diyar kirin - Darka Maz\u00ee<\/title>\n<meta name=\"robots\" content=\"index, follow, max-snippet:-1, max-image-preview:large, max-video-preview:-1\" \/>\n<link rel=\"canonical\" href=\"https:\/\/darkamazi.info\/archives\/1051047\" \/>\n<meta property=\"og:locale\" content=\"en_US\" \/>\n<meta property=\"og:type\" content=\"article\" \/>\n<meta property=\"og:title\" content=\"MHP\u00ea derbar\u00ea \u00e7aren\u00fbsa G\u00ear\u00eelay\u00ean 3 r\u00ea diyar kirin - Darka Maz\u00ee\" \/>\n<meta property=\"og:description\" content=\"Partiya tevgera neteweperist ya Tirkiyey\u00ea, pilaneke s\u00ea xal\u00ee ji boy p\u00eavajoya a\u015ftiy\u00ea p\u00ea\u015fk\u00ea\u015f\u00ee parlamentoy\u00ea kir, b\u00ea\u00e7ekkirina bi tevah\u00ee ya PKK\u00ea, radesitkirina endam\u00ean r\u00eaxistin\u00ea diyartir\u00een xal\u00ean w\u00ea ne, Ocalan j\u00ee li ser v\u00ea yek\u00ea raz\u00ee b\u00fbye. Li gor\u00ee rojnameya Daily Sabah ya n\u00eaz\u00ee hik\u00fbmeta Tirkiyey\u00ea, MHP\u00ea v\u00ea dawiy\u00ea ji bo serkeftina p\u00eavajoya \u201cTirkiyey\u00ea b\u00ea teror\u201d, pilaneke [&hellip;]\" \/>\n<meta property=\"og:url\" content=\"https:\/\/darkamazi.info\/archives\/1051047\" \/>\n<meta property=\"og:site_name\" content=\"Darka Maz\u00ee\" \/>\n<meta property=\"article:publisher\" content=\"https:\/\/www.facebook.com\/DarMaziKurmanci\" \/>\n<meta property=\"article:published_time\" content=\"2025-12-17T09:11:27+00:00\" \/>\n<meta property=\"og:image\" content=\"https:\/\/darkamazi.info\/file\/2025\/12\/MHP-Ocalan-Gerila-Info.jpg\" \/>\n\t<meta property=\"og:image:width\" content=\"900\" \/>\n\t<meta property=\"og:image:height\" content=\"500\" \/>\n\t<meta property=\"og:image:type\" content=\"image\/jpeg\" \/>\n<meta name=\"author\" content=\"darka mazi\" \/>\n<meta name=\"twitter:card\" content=\"summary_large_image\" \/>\n<meta name=\"twitter:creator\" content=\"@DarkaMaziLatini\" \/>\n<meta name=\"twitter:site\" content=\"@DarkaMaziLatini\" \/>\n<meta name=\"twitter:label1\" content=\"Written by\" \/>\n\t<meta name=\"twitter:data1\" content=\"darka mazi\" \/>\n\t<meta name=\"twitter:label2\" content=\"Est. reading time\" \/>\n\t<meta name=\"twitter:data2\" content=\"2 minutes\" \/>\n<script type=\"application\/ld+json\" class=\"seo-schema-graph\">{\"@context\":\"https:\\\/\\\/schema.org\",\"@graph\":[{\"@type\":\"Article\",\"@id\":\"https:\\\/\\\/darkamazi.info\\\/archives\\\/1051047#article\",\"isPartOf\":{\"@id\":\"https:\\\/\\\/darkamazi.info\\\/archives\\\/1051047\"},\"author\":{\"name\":\"darka mazi\",\"@id\":\"https:\\\/\\\/darkamazi.info\\\/#\\\/schema\\\/person\\\/5ad3e24553a0567993fa8ed4bd0a776c\"},\"headline\":\"MHP\u00ea derbar\u00ea \u00e7aren\u00fbsa G\u00ear\u00eelay\u00ean 3 r\u00ea diyar kirin\",\"datePublished\":\"2025-12-17T09:11:27+00:00\",\"mainEntityOfPage\":{\"@id\":\"https:\\\/\\\/darkamazi.info\\\/archives\\\/1051047\"},\"wordCount\":413,\"publisher\":{\"@id\":\"https:\\\/\\\/darkamazi.info\\\/#organization\"},\"image\":{\"@id\":\"https:\\\/\\\/darkamazi.info\\\/archives\\\/1051047#primaryimage\"},\"thumbnailUrl\":\"https:\\\/\\\/darkamazi.info\\\/darka-content\\\/uploads\\\/2025\\\/12\\\/MHP-Ocalan-Gerila-Info.jpg\",\"keywords\":[\"sereke\"],\"articleSection\":[\"Kurdistan\"],\"inLanguage\":\"en-US\"},{\"@type\":\"WebPage\",\"@id\":\"https:\\\/\\\/darkamazi.info\\\/archives\\\/1051047\",\"url\":\"https:\\\/\\\/darkamazi.info\\\/archives\\\/1051047\",\"name\":\"MHP\u00ea derbar\u00ea \u00e7aren\u00fbsa G\u00ear\u00eelay\u00ean 3 r\u00ea diyar kirin - Darka Maz\u00ee\",\"isPartOf\":{\"@id\":\"https:\\\/\\\/darkamazi.info\\\/#website\"},\"primaryImageOfPage\":{\"@id\":\"https:\\\/\\\/darkamazi.info\\\/archives\\\/1051047#primaryimage\"},\"image\":{\"@id\":\"https:\\\/\\\/darkamazi.info\\\/archives\\\/1051047#primaryimage\"},\"thumbnailUrl\":\"https:\\\/\\\/darkamazi.info\\\/darka-content\\\/uploads\\\/2025\\\/12\\\/MHP-Ocalan-Gerila-Info.jpg\",\"datePublished\":\"2025-12-17T09:11:27+00:00\",\"breadcrumb\":{\"@id\":\"https:\\\/\\\/darkamazi.info\\\/archives\\\/1051047#breadcrumb\"},\"inLanguage\":\"en-US\",\"potentialAction\":[{\"@type\":\"ReadAction\",\"target\":[\"https:\\\/\\\/darkamazi.info\\\/archives\\\/1051047\"]}]},{\"@type\":\"ImageObject\",\"inLanguage\":\"en-US\",\"@id\":\"https:\\\/\\\/darkamazi.info\\\/archives\\\/1051047#primaryimage\",\"url\":\"https:\\\/\\\/darkamazi.info\\\/darka-content\\\/uploads\\\/2025\\\/12\\\/MHP-Ocalan-Gerila-Info.jpg\",\"contentUrl\":\"https:\\\/\\\/darkamazi.info\\\/darka-content\\\/uploads\\\/2025\\\/12\\\/MHP-Ocalan-Gerila-Info.jpg\",\"width\":900,\"height\":500,\"caption\":\"MHP-Ocalan-Gerila-Net\"},{\"@type\":\"BreadcrumbList\",\"@id\":\"https:\\\/\\\/darkamazi.info\\\/archives\\\/1051047#breadcrumb\",\"itemListElement\":[{\"@type\":\"ListItem\",\"position\":1,\"name\":\"Home\",\"item\":\"https:\\\/\\\/darkamazi.info\\\/\"},{\"@type\":\"ListItem\",\"position\":2,\"name\":\"MHP\u00ea derbar\u00ea \u00e7aren\u00fbsa G\u00ear\u00eelay\u00ean 3 r\u00ea diyar kirin\"}]},{\"@type\":\"WebSite\",\"@id\":\"https:\\\/\\\/darkamazi.info\\\/#website\",\"url\":\"https:\\\/\\\/darkamazi.info\\\/\",\"name\":\"Darka Maz\u00ee\",\"description\":\"P\u00eageha Zanyariy\u00ean Nebih\u00eest\u00ee\",\"publisher\":{\"@id\":\"https:\\\/\\\/darkamazi.info\\\/#organization\"},\"potentialAction\":[{\"@type\":\"SearchAction\",\"target\":{\"@type\":\"EntryPoint\",\"urlTemplate\":\"https:\\\/\\\/darkamazi.info\\\/?s={search_term_string}\"},\"query-input\":{\"@type\":\"PropertyValueSpecification\",\"valueRequired\":true,\"valueName\":\"search_term_string\"}}],\"inLanguage\":\"en-US\"},{\"@type\":\"Organization\",\"@id\":\"https:\\\/\\\/darkamazi.info\\\/#organization\",\"name\":\"Darka Maz\u00ee\",\"url\":\"https:\\\/\\\/darkamazi.info\\\/\",\"logo\":{\"@type\":\"ImageObject\",\"inLanguage\":\"en-US\",\"@id\":\"https:\\\/\\\/darkamazi.info\\\/#\\\/schema\\\/logo\\\/image\\\/\",\"url\":\"https:\\\/\\\/darkamazi.info\\\/darka-content\\\/uploads\\\/2017\\\/12\\\/darka-mazi-logo.png\",\"contentUrl\":\"https:\\\/\\\/darkamazi.info\\\/darka-content\\\/uploads\\\/2017\\\/12\\\/darka-mazi-logo.png\",\"width\":151,\"height\":75,\"caption\":\"Darka Maz\u00ee\"},\"image\":{\"@id\":\"https:\\\/\\\/darkamazi.info\\\/#\\\/schema\\\/logo\\\/image\\\/\"},\"sameAs\":[\"https:\\\/\\\/www.facebook.com\\\/DarMaziKurmanci\",\"https:\\\/\\\/x.com\\\/DarkaMaziLatini\",\"https:\\\/\\\/www.instagram.com\\\/darkamazi.kurmanci\\\/\",\"https:\\\/\\\/www.youtube.com\\\/channel\\\/UCa5HkTdmI8U1qCUFuTw8B2g\"]},{\"@type\":\"Person\",\"@id\":\"https:\\\/\\\/darkamazi.info\\\/#\\\/schema\\\/person\\\/5ad3e24553a0567993fa8ed4bd0a776c\",\"name\":\"darka mazi\",\"sameAs\":[\"https:\\\/\\\/darkamazi.info\\\/\"],\"url\":\"https:\\\/\\\/darkamazi.info\\\/archives\\\/author\\\/kurdi\"}]}<\/script>\n<!-- \/ Yoast SEO plugin. -->","seo_head_json":{"title":"MHP\u00ea derbar\u00ea \u00e7aren\u00fbsa G\u00ear\u00eelay\u00ean 3 r\u00ea diyar kirin - Darka Maz\u00ee","robots":{"index":"index","follow":"follow","max-snippet":"max-snippet:-1","max-image-preview":"max-image-preview:large","max-video-preview":"max-video-preview:-1"},"canonical":"https:\/\/darkamazi.info\/archives\/1051047","og_locale":"en_US","og_type":"article","og_title":"MHP\u00ea derbar\u00ea \u00e7aren\u00fbsa G\u00ear\u00eelay\u00ean 3 r\u00ea diyar kirin - Darka Maz\u00ee","og_description":"Partiya tevgera neteweperist ya Tirkiyey\u00ea, pilaneke s\u00ea xal\u00ee ji boy p\u00eavajoya a\u015ftiy\u00ea p\u00ea\u015fk\u00ea\u015f\u00ee parlamentoy\u00ea kir, b\u00ea\u00e7ekkirina bi tevah\u00ee ya PKK\u00ea, radesitkirina endam\u00ean r\u00eaxistin\u00ea diyartir\u00een xal\u00ean w\u00ea ne, Ocalan j\u00ee li ser v\u00ea yek\u00ea raz\u00ee b\u00fbye. Li gor\u00ee rojnameya Daily Sabah ya n\u00eaz\u00ee hik\u00fbmeta Tirkiyey\u00ea, MHP\u00ea v\u00ea dawiy\u00ea ji bo serkeftina p\u00eavajoya \u201cTirkiyey\u00ea b\u00ea teror\u201d, pilaneke [&hellip;]","og_url":"https:\/\/darkamazi.info\/archives\/1051047","og_site_name":"Darka Maz\u00ee","article_publisher":"https:\/\/www.facebook.com\/DarMaziKurmanci","article_published_time":"2025-12-17T09:11:27+00:00","og_image":[{"width":900,"height":500,"url":"https:\/\/darkamazi.info\/file\/2025\/12\/MHP-Ocalan-Gerila-Info.jpg","type":"image\/jpeg"}],"author":"darka mazi","twitter_card":"summary_large_image","twitter_creator":"@DarkaMaziLatini","twitter_site":"@DarkaMaziLatini","twitter_misc":{"Written by":"darka mazi","Est. reading time":"2 minutes"},"schema":{"@context":"https:\/\/schema.org","@graph":[{"@type":"Article","@id":"https:\/\/darkamazi.info\/archives\/1051047#article","isPartOf":{"@id":"https:\/\/darkamazi.info\/archives\/1051047"},"author":{"name":"darka mazi","@id":"https:\/\/darkamazi.info\/#\/schema\/person\/5ad3e24553a0567993fa8ed4bd0a776c"},"headline":"MHP\u00ea derbar\u00ea \u00e7aren\u00fbsa G\u00ear\u00eelay\u00ean 3 r\u00ea diyar kirin","datePublished":"2025-12-17T09:11:27+00:00","mainEntityOfPage":{"@id":"https:\/\/darkamazi.info\/archives\/1051047"},"wordCount":413,"publisher":{"@id":"https:\/\/darkamazi.info\/#organization"},"image":{"@id":"https:\/\/darkamazi.info\/archives\/1051047#primaryimage"},"thumbnailUrl":"https:\/\/darkamazi.info\/file\/2025\/12\/MHP-Ocalan-Gerila-Info.jpg","keywords":["sereke"],"articleSection":["Kurdistan"],"inLanguage":"en-US"},{"@type":"WebPage","@id":"https:\/\/darkamazi.info\/archives\/1051047","url":"https:\/\/darkamazi.info\/archives\/1051047","name":"MHP\u00ea derbar\u00ea \u00e7aren\u00fbsa G\u00ear\u00eelay\u00ean 3 r\u00ea diyar kirin - Darka Maz\u00ee","isPartOf":{"@id":"https:\/\/darkamazi.info\/#website"},"primaryImageOfPage":{"@id":"https:\/\/darkamazi.info\/archives\/1051047#primaryimage"},"image":{"@id":"https:\/\/darkamazi.info\/archives\/1051047#primaryimage"},"thumbnailUrl":"https:\/\/darkamazi.info\/file\/2025\/12\/MHP-Ocalan-Gerila-Info.jpg","datePublished":"2025-12-17T09:11:27+00:00","breadcrumb":{"@id":"https:\/\/darkamazi.info\/archives\/1051047#breadcrumb"},"inLanguage":"en-US","potentialAction":[{"@type":"ReadAction","target":["https:\/\/darkamazi.info\/archives\/1051047"]}]},{"@type":"ImageObject","inLanguage":"en-US","@id":"https:\/\/darkamazi.info\/archives\/1051047#primaryimage","url":"https:\/\/darkamazi.info\/file\/2025\/12\/MHP-Ocalan-Gerila-Info.jpg","contentUrl":"https:\/\/darkamazi.info\/file\/2025\/12\/MHP-Ocalan-Gerila-Info.jpg","width":900,"height":500,"caption":"MHP-Ocalan-Gerila-Net"},{"@type":"BreadcrumbList","@id":"https:\/\/darkamazi.info\/archives\/1051047#breadcrumb","itemListElement":[{"@type":"ListItem","position":1,"name":"Home","item":"https:\/\/darkamazi.info\/"},{"@type":"ListItem","position":2,"name":"MHP\u00ea derbar\u00ea \u00e7aren\u00fbsa G\u00ear\u00eelay\u00ean 3 r\u00ea diyar kirin"}]},{"@type":"WebSite","@id":"https:\/\/darkamazi.info\/#website","url":"https:\/\/darkamazi.info\/","name":"Darka Maz\u00ee","description":"P\u00eageha Zanyariy\u00ean Nebih\u00eest\u00ee","publisher":{"@id":"https:\/\/darkamazi.info\/#organization"},"potentialAction":[{"@type":"SearchAction","target":{"@type":"EntryPoint","urlTemplate":"https:\/\/darkamazi.info\/?s={search_term_string}"},"query-input":{"@type":"PropertyValueSpecification","valueRequired":true,"valueName":"search_term_string"}}],"inLanguage":"en-US"},{"@type":"Organization","@id":"https:\/\/darkamazi.info\/#organization","name":"Darka Maz\u00ee","url":"https:\/\/darkamazi.info\/","logo":{"@type":"ImageObject","inLanguage":"en-US","@id":"https:\/\/darkamazi.info\/#\/schema\/logo\/image\/","url":"https:\/\/darkamazi.info\/file\/2017\/12\/darka-mazi-logo.png","contentUrl":"https:\/\/darkamazi.info\/file\/2017\/12\/darka-mazi-logo.png","width":151,"height":75,"caption":"Darka Maz\u00ee"},"image":{"@id":"https:\/\/darkamazi.info\/#\/schema\/logo\/image\/"},"sameAs":["https:\/\/www.facebook.com\/DarMaziKurmanci","https:\/\/x.com\/DarkaMaziLatini","https:\/\/www.instagram.com\/darkamazi.kurmanci\/","https:\/\/www.youtube.com\/channel\/UCa5HkTdmI8U1qCUFuTw8B2g"]},{"@type":"Person","@id":"https:\/\/darkamazi.info\/#\/schema\/person\/5ad3e24553a0567993fa8ed4bd0a776c","name":"darka mazi","sameAs":["https:\/\/darkamazi.info\/"],"url":"https:\/\/darkamazi.info\/archives\/author\/kurdi"}]}},"_links":{"self":[{"href":"https:\/\/darkamazi.info\/funavuv\/wp\/v2\/posts\/1051047","targetHints":{"allow":["GET"]}}],"collection":[{"href":"https:\/\/darkamazi.info\/funavuv\/wp\/v2\/posts"}],"about":[{"href":"https:\/\/darkamazi.info\/funavuv\/wp\/v2\/types\/post"}],"author":[{"embeddable":true,"href":"https:\/\/darkamazi.info\/funavuv\/wp\/v2\/users\/2"}],"replies":[{"embeddable":true,"href":"https:\/\/darkamazi.info\/funavuv\/wp\/v2\/comments?post=1051047"}],"version-history":[{"count":0,"href":"https:\/\/darkamazi.info\/funavuv\/wp\/v2\/posts\/1051047\/revisions"}],"wp:featuredmedia":[{"embeddable":true,"href":"https:\/\/darkamazi.info\/funavuv\/wp\/v2\/media\/1051048"}],"wp:attachment":[{"href":"https:\/\/darkamazi.info\/funavuv\/wp\/v2\/media?parent=1051047"}],"wp:term":[{"taxonomy":"category","embeddable":true,"href":"https:\/\/darkamazi.info\/funavuv\/wp\/v2\/categories?post=1051047"},{"taxonomy":"post_tag","embeddable":true,"href":"https:\/\/darkamazi.info\/funavuv\/wp\/v2\/tags?post=1051047"}],"curies":[{"name":"wp","href":"https:\/\/api.w.org\/{rel}","templated":true}]}}