{"id":1051050,"date":"2025-12-17T19:05:15","date_gmt":"2025-12-17T16:05:15","guid":{"rendered":"https:\/\/darkamazi.info\/?p=1051050"},"modified":"2025-12-17T19:05:15","modified_gmt":"2025-12-17T16:05:15","slug":"parlamentoya-tirkiyeye-pengaven-pevajoya-astiye-niqas-dike","status":"publish","type":"post","link":"https:\/\/darkamazi.info\/archives\/1051050","title":{"rendered":"Parlamentoya Tirkiyey\u00ea p\u00eangav\u00ean p\u00eavajoya a\u015ftiy\u00ea n\u00eeqa\u015f dike"},"content":{"rendered":"<h3 style=\"text-align: justify\"><span style=\"font-family: 'arial black', sans-serif\">Serok\u00ea Parlamentoya Tirkiyey\u00ea bi Kom\u00eesyona A\u015ftiy\u00ea ya Parlamentoya Tirkiyey\u00ea re li ser p\u00eangav\u00ean dawiy\u00ea y\u00ean p\u00eavajoya a\u015ftiy\u00ea dicive \u00fb raporta dawiy\u00ea ku ji h\u00eala w\u00ea kom\u00eesyon\u00ea ve t\u00ea amadekirin n\u00eeqa\u015f dike.<\/span><\/h3>\n<h3 style=\"text-align: justify\">Serok\u00ea Parlamentoya Tirkiyey\u00ea Numan Kurtulmu\u015f \u00fb Kom\u00eesyina A\u015ftiy\u00ea ya Parlamentoya Tirkiyey\u00ea \u00eero (\u00c7ar\u015fem, 17.12.2025) li ser p\u00eavajoya a\u015ftiy\u00ea \u00fb p\u00eangav\u00ean pa\u015feroj\u00ea y\u00ean w\u00ea p\u00eavajoy\u00ea bi wek\u00eel\u00ea serok\u00ean fraksiyon\u00ean nav Parlementoya Tirkiyey\u00ea \u00fb n\u00fbner\u00ean aliyan di Kom\u00eesyona Hevdengiya Netewey\u00ee, Birat\u00ee \u00fb Demokrasiy\u00ea de dicive.<\/h3>\n<h3 style=\"text-align: justify\">Medyaya n\u00eaz\u00eek\u00ee desthilata Tirkiyey\u00ea j\u00ee ragihand ku, mijara sereke ya w\u00ea civ\u00een\u00ea d\u00ea n\u00eeqa\u015fkirina w\u00ea raport\u00ea be ya ku ji h\u00eala w\u00ea kom\u00eesyon\u00ea ve li ser reform\u00ean qan\u00fbn\u00ee y\u00ean p\u00eavajoya a\u015ftiy\u00ea t\u00ea amadekirin, ku bi bingeha qan\u00fbn\u00ee ya w\u00ea p\u00eavajoy\u00ea t\u00ea binavkirin.<\/h3>\n<h3 style=\"text-align: justify\">Ev di demek\u00ea de ye ku, \u015eanda Dem Partiy\u00ea ya \u00cemraliy\u00ea j\u00ee dest bi gereka n\u00fb ya serdan\u00ean aliyan kiriye \u00fb biryar e ku li roja 20\u00ea Mijdar\u00ea bi serkirdetiya AK Partiy\u00ea re li ser reform\u00ean qan\u00fbn\u00ee bicive.<\/h3>\n<h3 style=\"text-align: justify\">Parlamentoya Tirkiyey\u00ea li roja \u00cen\u00ea (21\u00ea Mijdara 2025\u00ea) bi deng\u00ean s\u00ea li ser p\u00eanc\u00ea y\u00ean tevaya endam\u00ean Kom\u00eesyona Hevdengiya Netewey\u00ee, Birat\u00ee \u00fb Demokrasiy\u00ea biryar da ku serdana Abdullah Ocalan li girava \u00cemraliy\u00ea bikin.<\/h3>\n<h3 style=\"text-align: justify\">Di w\u00ea kom\u00eesyon\u00ea de, 32 deng\u00ean er\u00ea, s\u00ea deng\u00ean b\u00eaal\u00ee \u00fb du deng\u00ea nex\u00ear heb\u00fbn.<\/h3>\n","protected":false},"excerpt":{"rendered":"<p>Serok\u00ea Parlamentoya Tirkiyey\u00ea bi Kom\u00eesyona A\u015ftiy\u00ea ya Parlamentoya Tirkiyey\u00ea re li ser p\u00eangav\u00ean dawiy\u00ea y\u00ean p\u00eavajoya a\u015ftiy\u00ea dicive \u00fb raporta dawiy\u00ea ku ji h\u00eala w\u00ea kom\u00eesyon\u00ea ve t\u00ea amadekirin n\u00eeqa\u015f dike. Serok\u00ea Parlamentoya Tirkiyey\u00ea Numan Kurtulmu\u015f \u00fb Kom\u00eesyina A\u015ftiy\u00ea ya Parlamentoya Tirkiyey\u00ea \u00eero (\u00c7ar\u015fem, 17.12.2025) li ser p\u00eavajoya a\u015ftiy\u00ea \u00fb p\u00eangav\u00ean pa\u015feroj\u00ea y\u00ean w\u00ea p\u00eavajoy\u00ea [&hellip;]<\/p>\n","protected":false},"author":2,"featured_media":1051051,"comment_status":"closed","ping_status":"closed","sticky":false,"template":"","format":"standard","meta":{"footnotes":""},"categories":[31],"tags":[37],"class_list":["post-1051050","post","type-post","status-publish","format-standard","has-post-thumbnail","hentry","category-rojhelata-navin","tag-sereke"],"blocksy_meta":[],"seo_head":"<!-- This site is optimized with the Yoast SEO plugin v27.5 - https:\/\/yoast.com\/product\/yoast-seo-wordpress\/ -->\n<title>Parlamentoya Tirkiyey\u00ea p\u00eangav\u00ean p\u00eavajoya a\u015ftiy\u00ea n\u00eeqa\u015f dike - Darka Maz\u00ee<\/title>\n<meta name=\"robots\" content=\"index, follow, max-snippet:-1, max-image-preview:large, max-video-preview:-1\" \/>\n<link rel=\"canonical\" href=\"https:\/\/darkamazi.info\/archives\/1051050\" \/>\n<meta property=\"og:locale\" content=\"en_US\" \/>\n<meta property=\"og:type\" content=\"article\" \/>\n<meta property=\"og:title\" content=\"Parlamentoya Tirkiyey\u00ea p\u00eangav\u00ean p\u00eavajoya a\u015ftiy\u00ea n\u00eeqa\u015f dike - Darka Maz\u00ee\" \/>\n<meta property=\"og:description\" content=\"Serok\u00ea Parlamentoya Tirkiyey\u00ea bi Kom\u00eesyona A\u015ftiy\u00ea ya Parlamentoya Tirkiyey\u00ea re li ser p\u00eangav\u00ean dawiy\u00ea y\u00ean p\u00eavajoya a\u015ftiy\u00ea dicive \u00fb raporta dawiy\u00ea ku ji h\u00eala w\u00ea kom\u00eesyon\u00ea ve t\u00ea amadekirin n\u00eeqa\u015f dike. Serok\u00ea Parlamentoya Tirkiyey\u00ea Numan Kurtulmu\u015f \u00fb Kom\u00eesyina A\u015ftiy\u00ea ya Parlamentoya Tirkiyey\u00ea \u00eero (\u00c7ar\u015fem, 17.12.2025) li ser p\u00eavajoya a\u015ftiy\u00ea \u00fb p\u00eangav\u00ean pa\u015feroj\u00ea y\u00ean w\u00ea p\u00eavajoy\u00ea [&hellip;]\" \/>\n<meta property=\"og:url\" content=\"https:\/\/darkamazi.info\/archives\/1051050\" \/>\n<meta property=\"og:site_name\" content=\"Darka Maz\u00ee\" \/>\n<meta property=\"article:publisher\" content=\"https:\/\/www.facebook.com\/DarMaziKurmanci\" \/>\n<meta property=\"article:published_time\" content=\"2025-12-17T16:05:15+00:00\" \/>\n<meta property=\"og:image\" content=\"https:\/\/darkamazi.info\/file\/2025\/12\/parlamantoya-tirkiye.jpg\" \/>\n\t<meta property=\"og:image:width\" content=\"900\" \/>\n\t<meta property=\"og:image:height\" content=\"497\" \/>\n\t<meta property=\"og:image:type\" content=\"image\/jpeg\" \/>\n<meta name=\"author\" content=\"darka mazi\" \/>\n<meta name=\"twitter:card\" content=\"summary_large_image\" \/>\n<meta name=\"twitter:creator\" content=\"@DarkaMaziLatini\" \/>\n<meta name=\"twitter:site\" content=\"@DarkaMaziLatini\" \/>\n<meta name=\"twitter:label1\" content=\"Written by\" \/>\n\t<meta name=\"twitter:data1\" content=\"darka mazi\" \/>\n\t<meta name=\"twitter:label2\" content=\"Est. reading time\" \/>\n\t<meta name=\"twitter:data2\" content=\"2 minutes\" \/>\n<script type=\"application\/ld+json\" class=\"seo-schema-graph\">{\"@context\":\"https:\\\/\\\/schema.org\",\"@graph\":[{\"@type\":\"Article\",\"@id\":\"https:\\\/\\\/darkamazi.info\\\/archives\\\/1051050#article\",\"isPartOf\":{\"@id\":\"https:\\\/\\\/darkamazi.info\\\/archives\\\/1051050\"},\"author\":{\"name\":\"darka mazi\",\"@id\":\"https:\\\/\\\/darkamazi.info\\\/#\\\/schema\\\/person\\\/5ad3e24553a0567993fa8ed4bd0a776c\"},\"headline\":\"Parlamentoya Tirkiyey\u00ea p\u00eangav\u00ean p\u00eavajoya a\u015ftiy\u00ea n\u00eeqa\u015f dike\",\"datePublished\":\"2025-12-17T16:05:15+00:00\",\"mainEntityOfPage\":{\"@id\":\"https:\\\/\\\/darkamazi.info\\\/archives\\\/1051050\"},\"wordCount\":255,\"publisher\":{\"@id\":\"https:\\\/\\\/darkamazi.info\\\/#organization\"},\"image\":{\"@id\":\"https:\\\/\\\/darkamazi.info\\\/archives\\\/1051050#primaryimage\"},\"thumbnailUrl\":\"https:\\\/\\\/darkamazi.info\\\/darka-content\\\/uploads\\\/2025\\\/12\\\/parlamantoya-tirkiye.jpg\",\"keywords\":[\"sereke\"],\"articleSection\":[\"Rojhelata nav\u00een\"],\"inLanguage\":\"en-US\"},{\"@type\":\"WebPage\",\"@id\":\"https:\\\/\\\/darkamazi.info\\\/archives\\\/1051050\",\"url\":\"https:\\\/\\\/darkamazi.info\\\/archives\\\/1051050\",\"name\":\"Parlamentoya Tirkiyey\u00ea p\u00eangav\u00ean p\u00eavajoya a\u015ftiy\u00ea n\u00eeqa\u015f dike - Darka Maz\u00ee\",\"isPartOf\":{\"@id\":\"https:\\\/\\\/darkamazi.info\\\/#website\"},\"primaryImageOfPage\":{\"@id\":\"https:\\\/\\\/darkamazi.info\\\/archives\\\/1051050#primaryimage\"},\"image\":{\"@id\":\"https:\\\/\\\/darkamazi.info\\\/archives\\\/1051050#primaryimage\"},\"thumbnailUrl\":\"https:\\\/\\\/darkamazi.info\\\/darka-content\\\/uploads\\\/2025\\\/12\\\/parlamantoya-tirkiye.jpg\",\"datePublished\":\"2025-12-17T16:05:15+00:00\",\"breadcrumb\":{\"@id\":\"https:\\\/\\\/darkamazi.info\\\/archives\\\/1051050#breadcrumb\"},\"inLanguage\":\"en-US\",\"potentialAction\":[{\"@type\":\"ReadAction\",\"target\":[\"https:\\\/\\\/darkamazi.info\\\/archives\\\/1051050\"]}]},{\"@type\":\"ImageObject\",\"inLanguage\":\"en-US\",\"@id\":\"https:\\\/\\\/darkamazi.info\\\/archives\\\/1051050#primaryimage\",\"url\":\"https:\\\/\\\/darkamazi.info\\\/darka-content\\\/uploads\\\/2025\\\/12\\\/parlamantoya-tirkiye.jpg\",\"contentUrl\":\"https:\\\/\\\/darkamazi.info\\\/darka-content\\\/uploads\\\/2025\\\/12\\\/parlamantoya-tirkiye.jpg\",\"width\":900,\"height\":497,\"caption\":\"Parlamentoya Tirkiyey\u00ea p\u00eangav\u00ean p\u00eavajoya a\u015ftiy\u00ea n\u00eeqa\u015f dike\"},{\"@type\":\"BreadcrumbList\",\"@id\":\"https:\\\/\\\/darkamazi.info\\\/archives\\\/1051050#breadcrumb\",\"itemListElement\":[{\"@type\":\"ListItem\",\"position\":1,\"name\":\"Home\",\"item\":\"https:\\\/\\\/darkamazi.info\\\/\"},{\"@type\":\"ListItem\",\"position\":2,\"name\":\"Parlamentoya Tirkiyey\u00ea p\u00eangav\u00ean p\u00eavajoya a\u015ftiy\u00ea n\u00eeqa\u015f dike\"}]},{\"@type\":\"WebSite\",\"@id\":\"https:\\\/\\\/darkamazi.info\\\/#website\",\"url\":\"https:\\\/\\\/darkamazi.info\\\/\",\"name\":\"Darka Maz\u00ee\",\"description\":\"P\u00eageha Zanyariy\u00ean Nebih\u00eest\u00ee\",\"publisher\":{\"@id\":\"https:\\\/\\\/darkamazi.info\\\/#organization\"},\"potentialAction\":[{\"@type\":\"SearchAction\",\"target\":{\"@type\":\"EntryPoint\",\"urlTemplate\":\"https:\\\/\\\/darkamazi.info\\\/?s={search_term_string}\"},\"query-input\":{\"@type\":\"PropertyValueSpecification\",\"valueRequired\":true,\"valueName\":\"search_term_string\"}}],\"inLanguage\":\"en-US\"},{\"@type\":\"Organization\",\"@id\":\"https:\\\/\\\/darkamazi.info\\\/#organization\",\"name\":\"Darka Maz\u00ee\",\"url\":\"https:\\\/\\\/darkamazi.info\\\/\",\"logo\":{\"@type\":\"ImageObject\",\"inLanguage\":\"en-US\",\"@id\":\"https:\\\/\\\/darkamazi.info\\\/#\\\/schema\\\/logo\\\/image\\\/\",\"url\":\"https:\\\/\\\/darkamazi.info\\\/darka-content\\\/uploads\\\/2017\\\/12\\\/darka-mazi-logo.png\",\"contentUrl\":\"https:\\\/\\\/darkamazi.info\\\/darka-content\\\/uploads\\\/2017\\\/12\\\/darka-mazi-logo.png\",\"width\":151,\"height\":75,\"caption\":\"Darka Maz\u00ee\"},\"image\":{\"@id\":\"https:\\\/\\\/darkamazi.info\\\/#\\\/schema\\\/logo\\\/image\\\/\"},\"sameAs\":[\"https:\\\/\\\/www.facebook.com\\\/DarMaziKurmanci\",\"https:\\\/\\\/x.com\\\/DarkaMaziLatini\",\"https:\\\/\\\/www.instagram.com\\\/darkamazi.kurmanci\\\/\",\"https:\\\/\\\/www.youtube.com\\\/channel\\\/UCa5HkTdmI8U1qCUFuTw8B2g\"]},{\"@type\":\"Person\",\"@id\":\"https:\\\/\\\/darkamazi.info\\\/#\\\/schema\\\/person\\\/5ad3e24553a0567993fa8ed4bd0a776c\",\"name\":\"darka mazi\",\"sameAs\":[\"https:\\\/\\\/darkamazi.info\\\/\"],\"url\":\"https:\\\/\\\/darkamazi.info\\\/archives\\\/author\\\/kurdi\"}]}<\/script>\n<!-- \/ Yoast SEO plugin. -->","seo_head_json":{"title":"Parlamentoya Tirkiyey\u00ea p\u00eangav\u00ean p\u00eavajoya a\u015ftiy\u00ea n\u00eeqa\u015f dike - Darka Maz\u00ee","robots":{"index":"index","follow":"follow","max-snippet":"max-snippet:-1","max-image-preview":"max-image-preview:large","max-video-preview":"max-video-preview:-1"},"canonical":"https:\/\/darkamazi.info\/archives\/1051050","og_locale":"en_US","og_type":"article","og_title":"Parlamentoya Tirkiyey\u00ea p\u00eangav\u00ean p\u00eavajoya a\u015ftiy\u00ea n\u00eeqa\u015f dike - Darka Maz\u00ee","og_description":"Serok\u00ea Parlamentoya Tirkiyey\u00ea bi Kom\u00eesyona A\u015ftiy\u00ea ya Parlamentoya Tirkiyey\u00ea re li ser p\u00eangav\u00ean dawiy\u00ea y\u00ean p\u00eavajoya a\u015ftiy\u00ea dicive \u00fb raporta dawiy\u00ea ku ji h\u00eala w\u00ea kom\u00eesyon\u00ea ve t\u00ea amadekirin n\u00eeqa\u015f dike. Serok\u00ea Parlamentoya Tirkiyey\u00ea Numan Kurtulmu\u015f \u00fb Kom\u00eesyina A\u015ftiy\u00ea ya Parlamentoya Tirkiyey\u00ea \u00eero (\u00c7ar\u015fem, 17.12.2025) li ser p\u00eavajoya a\u015ftiy\u00ea \u00fb p\u00eangav\u00ean pa\u015feroj\u00ea y\u00ean w\u00ea p\u00eavajoy\u00ea [&hellip;]","og_url":"https:\/\/darkamazi.info\/archives\/1051050","og_site_name":"Darka Maz\u00ee","article_publisher":"https:\/\/www.facebook.com\/DarMaziKurmanci","article_published_time":"2025-12-17T16:05:15+00:00","og_image":[{"width":900,"height":497,"url":"https:\/\/darkamazi.info\/file\/2025\/12\/parlamantoya-tirkiye.jpg","type":"image\/jpeg"}],"author":"darka mazi","twitter_card":"summary_large_image","twitter_creator":"@DarkaMaziLatini","twitter_site":"@DarkaMaziLatini","twitter_misc":{"Written by":"darka mazi","Est. reading time":"2 minutes"},"schema":{"@context":"https:\/\/schema.org","@graph":[{"@type":"Article","@id":"https:\/\/darkamazi.info\/archives\/1051050#article","isPartOf":{"@id":"https:\/\/darkamazi.info\/archives\/1051050"},"author":{"name":"darka mazi","@id":"https:\/\/darkamazi.info\/#\/schema\/person\/5ad3e24553a0567993fa8ed4bd0a776c"},"headline":"Parlamentoya Tirkiyey\u00ea p\u00eangav\u00ean p\u00eavajoya a\u015ftiy\u00ea n\u00eeqa\u015f dike","datePublished":"2025-12-17T16:05:15+00:00","mainEntityOfPage":{"@id":"https:\/\/darkamazi.info\/archives\/1051050"},"wordCount":255,"publisher":{"@id":"https:\/\/darkamazi.info\/#organization"},"image":{"@id":"https:\/\/darkamazi.info\/archives\/1051050#primaryimage"},"thumbnailUrl":"https:\/\/darkamazi.info\/file\/2025\/12\/parlamantoya-tirkiye.jpg","keywords":["sereke"],"articleSection":["Rojhelata nav\u00een"],"inLanguage":"en-US"},{"@type":"WebPage","@id":"https:\/\/darkamazi.info\/archives\/1051050","url":"https:\/\/darkamazi.info\/archives\/1051050","name":"Parlamentoya Tirkiyey\u00ea p\u00eangav\u00ean p\u00eavajoya a\u015ftiy\u00ea n\u00eeqa\u015f dike - Darka Maz\u00ee","isPartOf":{"@id":"https:\/\/darkamazi.info\/#website"},"primaryImageOfPage":{"@id":"https:\/\/darkamazi.info\/archives\/1051050#primaryimage"},"image":{"@id":"https:\/\/darkamazi.info\/archives\/1051050#primaryimage"},"thumbnailUrl":"https:\/\/darkamazi.info\/file\/2025\/12\/parlamantoya-tirkiye.jpg","datePublished":"2025-12-17T16:05:15+00:00","breadcrumb":{"@id":"https:\/\/darkamazi.info\/archives\/1051050#breadcrumb"},"inLanguage":"en-US","potentialAction":[{"@type":"ReadAction","target":["https:\/\/darkamazi.info\/archives\/1051050"]}]},{"@type":"ImageObject","inLanguage":"en-US","@id":"https:\/\/darkamazi.info\/archives\/1051050#primaryimage","url":"https:\/\/darkamazi.info\/file\/2025\/12\/parlamantoya-tirkiye.jpg","contentUrl":"https:\/\/darkamazi.info\/file\/2025\/12\/parlamantoya-tirkiye.jpg","width":900,"height":497,"caption":"Parlamentoya Tirkiyey\u00ea p\u00eangav\u00ean p\u00eavajoya a\u015ftiy\u00ea n\u00eeqa\u015f dike"},{"@type":"BreadcrumbList","@id":"https:\/\/darkamazi.info\/archives\/1051050#breadcrumb","itemListElement":[{"@type":"ListItem","position":1,"name":"Home","item":"https:\/\/darkamazi.info\/"},{"@type":"ListItem","position":2,"name":"Parlamentoya Tirkiyey\u00ea p\u00eangav\u00ean p\u00eavajoya a\u015ftiy\u00ea n\u00eeqa\u015f dike"}]},{"@type":"WebSite","@id":"https:\/\/darkamazi.info\/#website","url":"https:\/\/darkamazi.info\/","name":"Darka Maz\u00ee","description":"P\u00eageha Zanyariy\u00ean Nebih\u00eest\u00ee","publisher":{"@id":"https:\/\/darkamazi.info\/#organization"},"potentialAction":[{"@type":"SearchAction","target":{"@type":"EntryPoint","urlTemplate":"https:\/\/darkamazi.info\/?s={search_term_string}"},"query-input":{"@type":"PropertyValueSpecification","valueRequired":true,"valueName":"search_term_string"}}],"inLanguage":"en-US"},{"@type":"Organization","@id":"https:\/\/darkamazi.info\/#organization","name":"Darka Maz\u00ee","url":"https:\/\/darkamazi.info\/","logo":{"@type":"ImageObject","inLanguage":"en-US","@id":"https:\/\/darkamazi.info\/#\/schema\/logo\/image\/","url":"https:\/\/darkamazi.info\/file\/2017\/12\/darka-mazi-logo.png","contentUrl":"https:\/\/darkamazi.info\/file\/2017\/12\/darka-mazi-logo.png","width":151,"height":75,"caption":"Darka Maz\u00ee"},"image":{"@id":"https:\/\/darkamazi.info\/#\/schema\/logo\/image\/"},"sameAs":["https:\/\/www.facebook.com\/DarMaziKurmanci","https:\/\/x.com\/DarkaMaziLatini","https:\/\/www.instagram.com\/darkamazi.kurmanci\/","https:\/\/www.youtube.com\/channel\/UCa5HkTdmI8U1qCUFuTw8B2g"]},{"@type":"Person","@id":"https:\/\/darkamazi.info\/#\/schema\/person\/5ad3e24553a0567993fa8ed4bd0a776c","name":"darka mazi","sameAs":["https:\/\/darkamazi.info\/"],"url":"https:\/\/darkamazi.info\/archives\/author\/kurdi"}]}},"_links":{"self":[{"href":"https:\/\/darkamazi.info\/funavuv\/wp\/v2\/posts\/1051050","targetHints":{"allow":["GET"]}}],"collection":[{"href":"https:\/\/darkamazi.info\/funavuv\/wp\/v2\/posts"}],"about":[{"href":"https:\/\/darkamazi.info\/funavuv\/wp\/v2\/types\/post"}],"author":[{"embeddable":true,"href":"https:\/\/darkamazi.info\/funavuv\/wp\/v2\/users\/2"}],"replies":[{"embeddable":true,"href":"https:\/\/darkamazi.info\/funavuv\/wp\/v2\/comments?post=1051050"}],"version-history":[{"count":0,"href":"https:\/\/darkamazi.info\/funavuv\/wp\/v2\/posts\/1051050\/revisions"}],"wp:featuredmedia":[{"embeddable":true,"href":"https:\/\/darkamazi.info\/funavuv\/wp\/v2\/media\/1051051"}],"wp:attachment":[{"href":"https:\/\/darkamazi.info\/funavuv\/wp\/v2\/media?parent=1051050"}],"wp:term":[{"taxonomy":"category","embeddable":true,"href":"https:\/\/darkamazi.info\/funavuv\/wp\/v2\/categories?post=1051050"},{"taxonomy":"post_tag","embeddable":true,"href":"https:\/\/darkamazi.info\/funavuv\/wp\/v2\/tags?post=1051050"}],"curies":[{"name":"wp","href":"https:\/\/api.w.org\/{rel}","templated":true}]}}