{"id":1051057,"date":"2025-12-17T19:44:18","date_gmt":"2025-12-17T16:44:18","guid":{"rendered":"https:\/\/darkamazi.info\/?p=1051057"},"modified":"2025-12-17T19:44:18","modified_gmt":"2025-12-17T16:44:18","slug":"hat-idia-kirin-ku-qesra-ocalan-li-imraliye-ber-bi-temambune-ve-dice","status":"publish","type":"post","link":"https:\/\/darkamazi.info\/archives\/1051057","title":{"rendered":"Hat \u00eedia kirin ku qesra Ocalan li \u00cemraliy\u00ea ber bi temamb\u00fbn\u00ea ve di\u00e7e"},"content":{"rendered":"<h3 style=\"text-align: justify\"><span style=\"font-family: 'arial black', sans-serif\">Ji ber\u00ea niha demek\u00ee hatib\u00fb niv\u00eesandin ku di \u00e7ar\u00e7oveya p\u00eavajoya \u00e7areseriy\u00ea de ji bo \u00d6calan, li \u00cemraliy\u00ea xaniyek mezin d\u00ea were p\u00eakan\u00een. Rojnemeya Sozc\u00fb di n\u00fbyek\u00ee de cih dide v\u00ea yek\u00ea \u00fb dib\u00eaje:Li gor\u00ee \u00eediayan, ev xan\u00ee ber bi temamb\u00fbn\u00ea ve di\u00e7e. Veguhestina serok\u00ean sereke y\u00ean PKK\u00ea bo \u00cemraliy\u00ea j\u00ee di rojev\u00ea de ye.<\/span><\/h3>\n<h3 style=\"text-align: justify\">Kom\u00eesyona Hevgirtina Netewey\u00ee, Birat\u00ee \u00fb Demokrasiy\u00ea ya ku li Mecl\u00eesa Mezin a Netewey\u00ee ya Tirkiyey\u00ea hatiye damezrandin, ji bo p\u00ea\u015fk\u00ea\u015fkirina p\u00ea\u015fniyar\u00ean qan\u00fbn\u00ee gih\u00ee\u015ftiye qonaxa niv\u00eesandina raporek\u00ea.<\/h3>\n<h3 style=\"text-align: justify\">Her \u00e7iqas t\u00ea pay\u00een ku part\u00ee heta dawiya v\u00ea heftey\u00ea rapor\u00ean xwe temam bikin j\u00ee, bal ki\u015fandiye ser gav\u00ean n\u00fb y\u00ean ku di v\u00ea p\u00eavajoy\u00ea de werin av\u00eatin. Li gor\u00ee raporek di Oda TV de, hatiye h\u00eenb\u00fbn ku cih\u00ea n\u00fb y\u00ea ku ji bo \u00d6calan li Girava \u00cemraliy\u00ea hatiye amadekirin, li ber temamb\u00fbn\u00ea ye. Yek ji pirs\u00ean di v\u00ea p\u00eavajoy\u00ea de ev e ku endam\u00ean PKK\u00ea \u00e7awa d\u00ea werin darizandin \u00fb entegrekirin.<\/h3>\n<h3 style=\"text-align: justify\">Rastiya ku z\u00eadetir\u00ee 200 berpirs \u00fb \u00e7ekdar, dixwazin li \u015f\u00fbna formula welat\u00ea s\u00eayem\u00een vegerin Tirkiyey\u00ea, \u00eeht\u00eemala Girava \u00cemraliy\u00ea an\u00ee rojev\u00ea. T\u00ea gotin ku di destp\u00eak\u00ea de t\u00ea plankirin ku ev kes 3 salan li wir bim\u00eenin, ku entegrekirina wan d\u00ea were misogerkirin. Her wiha t\u00ea ragihandin ku ev nav ji \u00d6calan re hatine day\u00een \u00fb ji wan hatiye pirs\u00een ku ew dixwaze k\u00ee bi w\u00ee re be.<\/h3>\n","protected":false},"excerpt":{"rendered":"<p>Ji ber\u00ea niha demek\u00ee hatib\u00fb niv\u00eesandin ku di \u00e7ar\u00e7oveya p\u00eavajoya \u00e7areseriy\u00ea de ji bo \u00d6calan, li \u00cemraliy\u00ea xaniyek mezin d\u00ea were p\u00eakan\u00een. Rojnemeya Sozc\u00fb di n\u00fbyek\u00ee de cih dide v\u00ea yek\u00ea \u00fb dib\u00eaje:Li gor\u00ee \u00eediayan, ev xan\u00ee ber bi temamb\u00fbn\u00ea ve di\u00e7e. Veguhestina serok\u00ean sereke y\u00ean PKK\u00ea bo \u00cemraliy\u00ea j\u00ee di rojev\u00ea de ye. Kom\u00eesyona [&hellip;]<\/p>\n","protected":false},"author":2,"featured_media":1051058,"comment_status":"closed","ping_status":"closed","sticky":false,"template":"","format":"standard","meta":{"footnotes":""},"categories":[31],"tags":[37],"class_list":["post-1051057","post","type-post","status-publish","format-standard","has-post-thumbnail","hentry","category-rojhelata-navin","tag-sereke"],"blocksy_meta":[],"seo_head":"<!-- This site is optimized with the Yoast SEO plugin v27.5 - https:\/\/yoast.com\/product\/yoast-seo-wordpress\/ -->\n<title>Hat \u00eedia kirin ku qesra Ocalan li \u00cemraliy\u00ea ber bi temamb\u00fbn\u00ea ve di\u00e7e - Darka Maz\u00ee<\/title>\n<meta name=\"robots\" content=\"index, follow, max-snippet:-1, max-image-preview:large, max-video-preview:-1\" \/>\n<link rel=\"canonical\" href=\"https:\/\/darkamazi.info\/archives\/1051057\" \/>\n<meta property=\"og:locale\" content=\"en_US\" \/>\n<meta property=\"og:type\" content=\"article\" \/>\n<meta property=\"og:title\" content=\"Hat \u00eedia kirin ku qesra Ocalan li \u00cemraliy\u00ea ber bi temamb\u00fbn\u00ea ve di\u00e7e - Darka Maz\u00ee\" \/>\n<meta property=\"og:description\" content=\"Ji ber\u00ea niha demek\u00ee hatib\u00fb niv\u00eesandin ku di \u00e7ar\u00e7oveya p\u00eavajoya \u00e7areseriy\u00ea de ji bo \u00d6calan, li \u00cemraliy\u00ea xaniyek mezin d\u00ea were p\u00eakan\u00een. Rojnemeya Sozc\u00fb di n\u00fbyek\u00ee de cih dide v\u00ea yek\u00ea \u00fb dib\u00eaje:Li gor\u00ee \u00eediayan, ev xan\u00ee ber bi temamb\u00fbn\u00ea ve di\u00e7e. Veguhestina serok\u00ean sereke y\u00ean PKK\u00ea bo \u00cemraliy\u00ea j\u00ee di rojev\u00ea de ye. Kom\u00eesyona [&hellip;]\" \/>\n<meta property=\"og:url\" content=\"https:\/\/darkamazi.info\/archives\/1051057\" \/>\n<meta property=\"og:site_name\" content=\"Darka Maz\u00ee\" \/>\n<meta property=\"article:publisher\" content=\"https:\/\/www.facebook.com\/DarMaziKurmanci\" \/>\n<meta property=\"article:published_time\" content=\"2025-12-17T16:44:18+00:00\" \/>\n<meta property=\"og:image\" content=\"https:\/\/darkamazi.info\/file\/2025\/12\/imrali.jpg\" \/>\n\t<meta property=\"og:image:width\" content=\"900\" \/>\n\t<meta property=\"og:image:height\" content=\"497\" \/>\n\t<meta property=\"og:image:type\" content=\"image\/jpeg\" \/>\n<meta name=\"author\" content=\"darka mazi\" \/>\n<meta name=\"twitter:card\" content=\"summary_large_image\" \/>\n<meta name=\"twitter:creator\" content=\"@DarkaMaziLatini\" \/>\n<meta name=\"twitter:site\" content=\"@DarkaMaziLatini\" \/>\n<meta name=\"twitter:label1\" content=\"Written by\" \/>\n\t<meta name=\"twitter:data1\" content=\"darka mazi\" \/>\n\t<meta name=\"twitter:label2\" content=\"Est. reading time\" \/>\n\t<meta name=\"twitter:data2\" content=\"2 minutes\" \/>\n<script type=\"application\/ld+json\" class=\"seo-schema-graph\">{\"@context\":\"https:\\\/\\\/schema.org\",\"@graph\":[{\"@type\":\"Article\",\"@id\":\"https:\\\/\\\/darkamazi.info\\\/archives\\\/1051057#article\",\"isPartOf\":{\"@id\":\"https:\\\/\\\/darkamazi.info\\\/archives\\\/1051057\"},\"author\":{\"name\":\"darka mazi\",\"@id\":\"https:\\\/\\\/darkamazi.info\\\/#\\\/schema\\\/person\\\/5ad3e24553a0567993fa8ed4bd0a776c\"},\"headline\":\"Hat \u00eedia kirin ku qesra Ocalan li \u00cemraliy\u00ea ber bi temamb\u00fbn\u00ea ve di\u00e7e\",\"datePublished\":\"2025-12-17T16:44:18+00:00\",\"mainEntityOfPage\":{\"@id\":\"https:\\\/\\\/darkamazi.info\\\/archives\\\/1051057\"},\"wordCount\":269,\"publisher\":{\"@id\":\"https:\\\/\\\/darkamazi.info\\\/#organization\"},\"image\":{\"@id\":\"https:\\\/\\\/darkamazi.info\\\/archives\\\/1051057#primaryimage\"},\"thumbnailUrl\":\"https:\\\/\\\/darkamazi.info\\\/darka-content\\\/uploads\\\/2025\\\/12\\\/imrali.jpg\",\"keywords\":[\"sereke\"],\"articleSection\":[\"Rojhelata nav\u00een\"],\"inLanguage\":\"en-US\"},{\"@type\":\"WebPage\",\"@id\":\"https:\\\/\\\/darkamazi.info\\\/archives\\\/1051057\",\"url\":\"https:\\\/\\\/darkamazi.info\\\/archives\\\/1051057\",\"name\":\"Hat \u00eedia kirin ku qesra Ocalan li \u00cemraliy\u00ea ber bi temamb\u00fbn\u00ea ve di\u00e7e - Darka Maz\u00ee\",\"isPartOf\":{\"@id\":\"https:\\\/\\\/darkamazi.info\\\/#website\"},\"primaryImageOfPage\":{\"@id\":\"https:\\\/\\\/darkamazi.info\\\/archives\\\/1051057#primaryimage\"},\"image\":{\"@id\":\"https:\\\/\\\/darkamazi.info\\\/archives\\\/1051057#primaryimage\"},\"thumbnailUrl\":\"https:\\\/\\\/darkamazi.info\\\/darka-content\\\/uploads\\\/2025\\\/12\\\/imrali.jpg\",\"datePublished\":\"2025-12-17T16:44:18+00:00\",\"breadcrumb\":{\"@id\":\"https:\\\/\\\/darkamazi.info\\\/archives\\\/1051057#breadcrumb\"},\"inLanguage\":\"en-US\",\"potentialAction\":[{\"@type\":\"ReadAction\",\"target\":[\"https:\\\/\\\/darkamazi.info\\\/archives\\\/1051057\"]}]},{\"@type\":\"ImageObject\",\"inLanguage\":\"en-US\",\"@id\":\"https:\\\/\\\/darkamazi.info\\\/archives\\\/1051057#primaryimage\",\"url\":\"https:\\\/\\\/darkamazi.info\\\/darka-content\\\/uploads\\\/2025\\\/12\\\/imrali.jpg\",\"contentUrl\":\"https:\\\/\\\/darkamazi.info\\\/darka-content\\\/uploads\\\/2025\\\/12\\\/imrali.jpg\",\"width\":900,\"height\":497,\"caption\":\"Hat \u00eedia kirin ku qesra Ocalan li \u00cemraliy\u00ea ber bi temamb\u00fbn\u00ea ve di\u00e7e\"},{\"@type\":\"BreadcrumbList\",\"@id\":\"https:\\\/\\\/darkamazi.info\\\/archives\\\/1051057#breadcrumb\",\"itemListElement\":[{\"@type\":\"ListItem\",\"position\":1,\"name\":\"Home\",\"item\":\"https:\\\/\\\/darkamazi.info\\\/\"},{\"@type\":\"ListItem\",\"position\":2,\"name\":\"Hat \u00eedia kirin ku qesra Ocalan li \u00cemraliy\u00ea ber bi temamb\u00fbn\u00ea ve di\u00e7e\"}]},{\"@type\":\"WebSite\",\"@id\":\"https:\\\/\\\/darkamazi.info\\\/#website\",\"url\":\"https:\\\/\\\/darkamazi.info\\\/\",\"name\":\"Darka Maz\u00ee\",\"description\":\"P\u00eageha Zanyariy\u00ean Nebih\u00eest\u00ee\",\"publisher\":{\"@id\":\"https:\\\/\\\/darkamazi.info\\\/#organization\"},\"potentialAction\":[{\"@type\":\"SearchAction\",\"target\":{\"@type\":\"EntryPoint\",\"urlTemplate\":\"https:\\\/\\\/darkamazi.info\\\/?s={search_term_string}\"},\"query-input\":{\"@type\":\"PropertyValueSpecification\",\"valueRequired\":true,\"valueName\":\"search_term_string\"}}],\"inLanguage\":\"en-US\"},{\"@type\":\"Organization\",\"@id\":\"https:\\\/\\\/darkamazi.info\\\/#organization\",\"name\":\"Darka Maz\u00ee\",\"url\":\"https:\\\/\\\/darkamazi.info\\\/\",\"logo\":{\"@type\":\"ImageObject\",\"inLanguage\":\"en-US\",\"@id\":\"https:\\\/\\\/darkamazi.info\\\/#\\\/schema\\\/logo\\\/image\\\/\",\"url\":\"https:\\\/\\\/darkamazi.info\\\/darka-content\\\/uploads\\\/2017\\\/12\\\/darka-mazi-logo.png\",\"contentUrl\":\"https:\\\/\\\/darkamazi.info\\\/darka-content\\\/uploads\\\/2017\\\/12\\\/darka-mazi-logo.png\",\"width\":151,\"height\":75,\"caption\":\"Darka Maz\u00ee\"},\"image\":{\"@id\":\"https:\\\/\\\/darkamazi.info\\\/#\\\/schema\\\/logo\\\/image\\\/\"},\"sameAs\":[\"https:\\\/\\\/www.facebook.com\\\/DarMaziKurmanci\",\"https:\\\/\\\/x.com\\\/DarkaMaziLatini\",\"https:\\\/\\\/www.instagram.com\\\/darkamazi.kurmanci\\\/\",\"https:\\\/\\\/www.youtube.com\\\/channel\\\/UCa5HkTdmI8U1qCUFuTw8B2g\"]},{\"@type\":\"Person\",\"@id\":\"https:\\\/\\\/darkamazi.info\\\/#\\\/schema\\\/person\\\/5ad3e24553a0567993fa8ed4bd0a776c\",\"name\":\"darka mazi\",\"sameAs\":[\"https:\\\/\\\/darkamazi.info\\\/\"],\"url\":\"https:\\\/\\\/darkamazi.info\\\/archives\\\/author\\\/kurdi\"}]}<\/script>\n<!-- \/ Yoast SEO plugin. -->","seo_head_json":{"title":"Hat \u00eedia kirin ku qesra Ocalan li \u00cemraliy\u00ea ber bi temamb\u00fbn\u00ea ve di\u00e7e - Darka Maz\u00ee","robots":{"index":"index","follow":"follow","max-snippet":"max-snippet:-1","max-image-preview":"max-image-preview:large","max-video-preview":"max-video-preview:-1"},"canonical":"https:\/\/darkamazi.info\/archives\/1051057","og_locale":"en_US","og_type":"article","og_title":"Hat \u00eedia kirin ku qesra Ocalan li \u00cemraliy\u00ea ber bi temamb\u00fbn\u00ea ve di\u00e7e - Darka Maz\u00ee","og_description":"Ji ber\u00ea niha demek\u00ee hatib\u00fb niv\u00eesandin ku di \u00e7ar\u00e7oveya p\u00eavajoya \u00e7areseriy\u00ea de ji bo \u00d6calan, li \u00cemraliy\u00ea xaniyek mezin d\u00ea were p\u00eakan\u00een. Rojnemeya Sozc\u00fb di n\u00fbyek\u00ee de cih dide v\u00ea yek\u00ea \u00fb dib\u00eaje:Li gor\u00ee \u00eediayan, ev xan\u00ee ber bi temamb\u00fbn\u00ea ve di\u00e7e. Veguhestina serok\u00ean sereke y\u00ean PKK\u00ea bo \u00cemraliy\u00ea j\u00ee di rojev\u00ea de ye. Kom\u00eesyona [&hellip;]","og_url":"https:\/\/darkamazi.info\/archives\/1051057","og_site_name":"Darka Maz\u00ee","article_publisher":"https:\/\/www.facebook.com\/DarMaziKurmanci","article_published_time":"2025-12-17T16:44:18+00:00","og_image":[{"width":900,"height":497,"url":"https:\/\/darkamazi.info\/file\/2025\/12\/imrali.jpg","type":"image\/jpeg"}],"author":"darka mazi","twitter_card":"summary_large_image","twitter_creator":"@DarkaMaziLatini","twitter_site":"@DarkaMaziLatini","twitter_misc":{"Written by":"darka mazi","Est. reading time":"2 minutes"},"schema":{"@context":"https:\/\/schema.org","@graph":[{"@type":"Article","@id":"https:\/\/darkamazi.info\/archives\/1051057#article","isPartOf":{"@id":"https:\/\/darkamazi.info\/archives\/1051057"},"author":{"name":"darka mazi","@id":"https:\/\/darkamazi.info\/#\/schema\/person\/5ad3e24553a0567993fa8ed4bd0a776c"},"headline":"Hat \u00eedia kirin ku qesra Ocalan li \u00cemraliy\u00ea ber bi temamb\u00fbn\u00ea ve di\u00e7e","datePublished":"2025-12-17T16:44:18+00:00","mainEntityOfPage":{"@id":"https:\/\/darkamazi.info\/archives\/1051057"},"wordCount":269,"publisher":{"@id":"https:\/\/darkamazi.info\/#organization"},"image":{"@id":"https:\/\/darkamazi.info\/archives\/1051057#primaryimage"},"thumbnailUrl":"https:\/\/darkamazi.info\/file\/2025\/12\/imrali.jpg","keywords":["sereke"],"articleSection":["Rojhelata nav\u00een"],"inLanguage":"en-US"},{"@type":"WebPage","@id":"https:\/\/darkamazi.info\/archives\/1051057","url":"https:\/\/darkamazi.info\/archives\/1051057","name":"Hat \u00eedia kirin ku qesra Ocalan li \u00cemraliy\u00ea ber bi temamb\u00fbn\u00ea ve di\u00e7e - Darka Maz\u00ee","isPartOf":{"@id":"https:\/\/darkamazi.info\/#website"},"primaryImageOfPage":{"@id":"https:\/\/darkamazi.info\/archives\/1051057#primaryimage"},"image":{"@id":"https:\/\/darkamazi.info\/archives\/1051057#primaryimage"},"thumbnailUrl":"https:\/\/darkamazi.info\/file\/2025\/12\/imrali.jpg","datePublished":"2025-12-17T16:44:18+00:00","breadcrumb":{"@id":"https:\/\/darkamazi.info\/archives\/1051057#breadcrumb"},"inLanguage":"en-US","potentialAction":[{"@type":"ReadAction","target":["https:\/\/darkamazi.info\/archives\/1051057"]}]},{"@type":"ImageObject","inLanguage":"en-US","@id":"https:\/\/darkamazi.info\/archives\/1051057#primaryimage","url":"https:\/\/darkamazi.info\/file\/2025\/12\/imrali.jpg","contentUrl":"https:\/\/darkamazi.info\/file\/2025\/12\/imrali.jpg","width":900,"height":497,"caption":"Hat \u00eedia kirin ku qesra Ocalan li \u00cemraliy\u00ea ber bi temamb\u00fbn\u00ea ve di\u00e7e"},{"@type":"BreadcrumbList","@id":"https:\/\/darkamazi.info\/archives\/1051057#breadcrumb","itemListElement":[{"@type":"ListItem","position":1,"name":"Home","item":"https:\/\/darkamazi.info\/"},{"@type":"ListItem","position":2,"name":"Hat \u00eedia kirin ku qesra Ocalan li \u00cemraliy\u00ea ber bi temamb\u00fbn\u00ea ve di\u00e7e"}]},{"@type":"WebSite","@id":"https:\/\/darkamazi.info\/#website","url":"https:\/\/darkamazi.info\/","name":"Darka Maz\u00ee","description":"P\u00eageha Zanyariy\u00ean Nebih\u00eest\u00ee","publisher":{"@id":"https:\/\/darkamazi.info\/#organization"},"potentialAction":[{"@type":"SearchAction","target":{"@type":"EntryPoint","urlTemplate":"https:\/\/darkamazi.info\/?s={search_term_string}"},"query-input":{"@type":"PropertyValueSpecification","valueRequired":true,"valueName":"search_term_string"}}],"inLanguage":"en-US"},{"@type":"Organization","@id":"https:\/\/darkamazi.info\/#organization","name":"Darka Maz\u00ee","url":"https:\/\/darkamazi.info\/","logo":{"@type":"ImageObject","inLanguage":"en-US","@id":"https:\/\/darkamazi.info\/#\/schema\/logo\/image\/","url":"https:\/\/darkamazi.info\/file\/2017\/12\/darka-mazi-logo.png","contentUrl":"https:\/\/darkamazi.info\/file\/2017\/12\/darka-mazi-logo.png","width":151,"height":75,"caption":"Darka Maz\u00ee"},"image":{"@id":"https:\/\/darkamazi.info\/#\/schema\/logo\/image\/"},"sameAs":["https:\/\/www.facebook.com\/DarMaziKurmanci","https:\/\/x.com\/DarkaMaziLatini","https:\/\/www.instagram.com\/darkamazi.kurmanci\/","https:\/\/www.youtube.com\/channel\/UCa5HkTdmI8U1qCUFuTw8B2g"]},{"@type":"Person","@id":"https:\/\/darkamazi.info\/#\/schema\/person\/5ad3e24553a0567993fa8ed4bd0a776c","name":"darka mazi","sameAs":["https:\/\/darkamazi.info\/"],"url":"https:\/\/darkamazi.info\/archives\/author\/kurdi"}]}},"_links":{"self":[{"href":"https:\/\/darkamazi.info\/funavuv\/wp\/v2\/posts\/1051057","targetHints":{"allow":["GET"]}}],"collection":[{"href":"https:\/\/darkamazi.info\/funavuv\/wp\/v2\/posts"}],"about":[{"href":"https:\/\/darkamazi.info\/funavuv\/wp\/v2\/types\/post"}],"author":[{"embeddable":true,"href":"https:\/\/darkamazi.info\/funavuv\/wp\/v2\/users\/2"}],"replies":[{"embeddable":true,"href":"https:\/\/darkamazi.info\/funavuv\/wp\/v2\/comments?post=1051057"}],"version-history":[{"count":0,"href":"https:\/\/darkamazi.info\/funavuv\/wp\/v2\/posts\/1051057\/revisions"}],"wp:featuredmedia":[{"embeddable":true,"href":"https:\/\/darkamazi.info\/funavuv\/wp\/v2\/media\/1051058"}],"wp:attachment":[{"href":"https:\/\/darkamazi.info\/funavuv\/wp\/v2\/media?parent=1051057"}],"wp:term":[{"taxonomy":"category","embeddable":true,"href":"https:\/\/darkamazi.info\/funavuv\/wp\/v2\/categories?post=1051057"},{"taxonomy":"post_tag","embeddable":true,"href":"https:\/\/darkamazi.info\/funavuv\/wp\/v2\/tags?post=1051057"}],"curies":[{"name":"wp","href":"https:\/\/api.w.org\/{rel}","templated":true}]}}