{"id":1051064,"date":"2025-12-18T18:18:32","date_gmt":"2025-12-18T15:18:32","guid":{"rendered":"https:\/\/darkamazi.info\/?p=1051064"},"modified":"2025-12-18T18:18:32","modified_gmt":"2025-12-18T15:18:32","slug":"cemil-bayik-li-ku-ye","status":"publish","type":"post","link":"https:\/\/darkamazi.info\/archives\/1051064","title":{"rendered":"Cem\u00eel Bayik li ku ye?"},"content":{"rendered":"<div class=\"wpb-content-wrapper\"><p>[darkamazi_row][darkamazi_column][darkamazi_video link=&#8221;https:\/\/www.youtube.com\/watch?v=oXFbLEj1mcQ&#8221; align=&#8221;center&#8221; css=&#8221;&#8221;][darkamazi_column_text]<\/p>\n<h3 style=\"text-align: justify;\"><span style=\"font-family: 'arial black', sans-serif;\">Cem\u00eel Bayik, ku endam\u00ea damezr\u00eener \u00ea PKK\u2019eya hilwe\u015f\u00eeyaye \u00fb hevserok\u00ea KCK\u2019\u00ea ye, demek dir\u00eaj e ji medyay\u00ea d\u00fbr e. Di heft meh\u00ean pi\u015ft\u00ee kongreya hilwe\u015fandina PKK\u2019\u00ea ya 7 \u00ea Gulan\u00ea de, Bayik ten\u00ea s\u00ea caran bi medyay\u00ea re axiv\u00eeye. Di van axaftinan de, Bayik pesn\u00ea d\u00eeroka xwe da \u00fb dilsoziya xwe ji bo Ocalan n\u00ee\u015fan da, l\u00ea bi e\u015fkerey\u00ee pi\u015ftgir\u00ee neda p\u00eavajoya siyas\u00ee.<\/span><\/h3>\n<h3 style=\"text-align: justify;\"><span style=\"font-family: 'arial black', sans-serif; font-size: 18pt; color: #8c0808;\">L\u00eabel\u00ea ji ber b\u00eadengiya Cem\u00eel Bayik, ku wek\u00ee kes\u00ea duyem\u00een y\u00ea PKK\u2019\u00ea \u00fb dest\u00ea rast\u00ea y\u00ea Ocalan t\u00ea d\u00eetin her kes dipirse: &#8220;Cem\u00eel Bayik li ku ye, \u00fb \u00e7ima b\u00eadeng e?&#8221;<\/span><\/h3>\n<h3 style=\"text-align: justify;\"><span style=\"font-family: arial, helvetica, sans-serif;\">Li gor\u00ee \u00e7avkaniy\u00ean PKK\u2019\u00ea, Cem\u00eel Bayik ji p\u00eavajoya ku Ocalan dest p\u00ea kiriye aciz e. L\u00eabel\u00ea, aciz\u00eeya w\u00ee ya her\u00ee mezin ji ber gotin\u00ean Ocalanin ku goyiye &#8220;Bila Cem\u00eel were \u00cemraliy\u00ea ba min.&#8221;<\/span><\/h3>\n<h3 style=\"text-align: justify;\"><span style=\"font-family: arial, helvetica, sans-serif;\">T\u00ea zan\u00een ku Bayik demek dir\u00eaj e bi Ocalan re di nava pev\u00e7\u00fbnek ve\u015fart\u00ee de ye. Ocalan ber\u00ee girtina xwe di sala 1999 an de ew ji kar d\u00fbrxist, j\u00ea re got &#8220;d\u00eenozor\u00ea porsp\u00ee&#8221;, \u00fb ragihand ku \u00ead\u00ee cih\u00ea w\u00ee di nav PKK\u2019\u00ea de n\u00eene.<\/span><\/h3>\n<h3 style=\"text-align: justify;\"><span style=\"font-family: 'arial black', sans-serif; font-size: 18pt; color: #8c0808;\">L\u00eabel\u00ea, Ocalan hate girtin \u00fb Bay\u0131k di navbera sal\u00ean 1999 \u00fb 2025 an de, ango di maw\u00ea 26 salan de, PKK\u2019eya xwe ava kir. PKK\u2019eya ku Ocalan hilwe\u015fand\u00ee, di rastiy\u00ea de PKK\u2019eya Cem\u00eel Bay\u0131k b\u00fb. Cem\u00eel Bay\u0131k ji v\u00ea yek\u00ea pirr aciz e.<\/span><\/h3>\n<h3 style=\"text-align: justify;\"><span style=\"font-family: arial, helvetica, sans-serif;\">L\u00ea Bay\u0131k Ocalan ba\u015f nas dike \u00fb dizane ku heke ew peyvek\u00ea ku Ocalan j\u00ea aciz bibe bike, Ocalan b\u00eay\u00ee dudil\u00ee d\u00ea w\u00ee ji hol\u00ea rake. Ji ber v\u00ea yek\u00ea, ew pol\u00eet\u00eek n\u00eaz\u00ee Ocalan dibe. Di kongreya PKK\u2019\u00ea de, w\u00ee sond xwar ku &#8220;dilsoziya b\u00eadaw\u00ee ji Ocalan re&#8221; bide. L\u00eabel\u00ea, pi\u015ft\u00ee kongrey\u00ea, w\u00ee xwe ji xebata \u00e7alak d\u00fbr xist, bi hinceta &#8220;tenduristiya xwe ya neba\u015f&#8221;.<\/span><\/h3>\n<h3 style=\"text-align: justify;\"><span style=\"font-family: arial, helvetica, sans-serif;\">Ocalan xwe \u015f\u00fbnde day\u00eena Bay\u0131k ferq kir. Li gor\u00ee \u00e7avkaniy\u00ean PKK\u2019\u00ea, di hevd\u00eetinek\u00ea de di meha Tebax\u00ea de, Ocalan got, &#8220;Heke ew nexwe\u015f be, bila were vir \u00fb li \u00cemraliy\u00ea bi min re bim\u00eene.&#8221; Cem\u00eel Bay\u0131k bi tund\u00ee bertek n\u00ee\u015fan\u00ee gotin\u00ean Ocalan da. Ew ket nav t\u00eak\u00e7\u00fbneke der\u00fbn\u00ee. T\u00ea ragihandin ku w\u00ee ji kes\u00ean li dora xwe re gotiye, &#8220;Serok d\u00eesa d\u00een b\u00fbye,&#8221; \u00fb bi tevah\u00ee ji xebat\u00ea veki\u015fiya.<\/span><\/h3>\n<h3 style=\"text-align: justify;\"><span style=\"font-family: arial, helvetica, sans-serif;\">Bayik \u00ead\u00ee naxwaze kes\u00ee bib\u00eene \u00fb ji ber sedem\u00ean tenduristiy\u00ea bi tevah\u00ee ji kar veki\u015fiyaye. Cem\u00eel Bayik niha li deverek n\u00eaz\u00eek\u00ee Sil\u00eamaniy\u00ea, ku hindik kes p\u00ea dizanin, bi komek ji pasewan\u00ean ewlehiy\u00ea, bij\u00ee\u015fkek \u00fb f\u00eezyoterap\u00eestek re dij\u00ee. Ten\u00ea carinan m\u00eavan\u00ean taybet serdana w\u00ee dikin. L\u00eabel\u00ea, t\u00ea gotin ku bij\u00ee\u015fkek ji \u00ceran\u00ea hatiye. Gelo m\u00eavan\u00ean w\u00ee ten\u00ea bij\u00ee\u015fkin an j\u00ee bi hinek layenan re civ\u00eenan dike, v\u00ea y\u00eak\u00ea serkirdey\u00ean PKK\u2019\u00ea j\u00ee nizanin.<\/span><\/h3>\n<h3 style=\"text-align: justify;\"><span style=\"font-family: 'arial black', sans-serif; font-size: 18pt; color: #8c0808;\">Bes\u00ea Hozat \u00fb t\u00eemek kord\u00eenasyon\u00ea ya ji s\u00ea kesan xebat\u00ean r\u00eaxistin\u00ea dime\u015f\u00eenin.<\/span><\/h3>\n<h3 style=\"text-align: justify;\"><span style=\"font-family: arial, helvetica, sans-serif;\">Y\u00ean ku Cem\u00eel Bayik nas dikin dib\u00eajin ku her cara ku ew bi Ocalan re pev\u00e7\u00fbn dike, ew pirsgir\u00eakek tend\u00fbr\u00eest\u00ee dike hincet da ku bi rojan raz\u00ea \u00fb telev\u00eezyon\u00ea tema\u015fe bike, bi v\u00ee reng\u00ee xwe jib\u00eerve dike. \u00c7avkan\u00ee destn\u00ee\u015fan dikin ku Bayik niha j\u00ee heman ti\u015ft\u00ee dike, ten\u00ea film \u00fb f\u00eelm kartonan tema\u015fe dike.<\/span><\/h3>\n<h3 style=\"text-align: justify;\"><span style=\"font-family: arial, helvetica, sans-serif;\">Bel\u00ea, \u00e7aren\u00fbsa Cem\u00eel Bayik bi Ocalan \u00fb p\u00eavajoy\u00ea ve gir\u00eaday\u00ee ye.<\/span><\/h3>\n<p>[\/darkamazi_column_text][\/darkamazi_column][\/darkamazi_row]<\/p>\n<\/div>","protected":false},"excerpt":{"rendered":"<p>[darkamazi_row][darkamazi_column][darkamazi_video link=&#8221;https:\/\/www.youtube.com\/watch?v=oXFbLEj1mcQ&#8221; align=&#8221;center&#8221; css=&#8221;&#8221;][darkamazi_column_text] Cem\u00eel Bayik, ku endam\u00ea damezr\u00eener \u00ea PKK\u2019eya hilwe\u015f\u00eeyaye \u00fb hevserok\u00ea KCK\u2019\u00ea ye, demek dir\u00eaj e ji medyay\u00ea d\u00fbr e. Di heft meh\u00ean pi\u015ft\u00ee kongreya hilwe\u015fandina PKK\u2019\u00ea ya 7 \u00ea Gulan\u00ea de, Bayik ten\u00ea s\u00ea caran bi medyay\u00ea re axiv\u00eeye. Di van axaftinan de, Bayik pesn\u00ea d\u00eeroka xwe da \u00fb dilsoziya xwe [&hellip;]<\/p>\n","protected":false},"author":2,"featured_media":1051070,"comment_status":"closed","ping_status":"closed","sticky":false,"template":"epic_custom_post_template-1006382","format":"standard","meta":{"footnotes":""},"categories":[68,65],"tags":[45,44,37],"class_list":["post-1051064","post","type-post","status-publish","format-standard","has-post-thumbnail","hentry","category-analiz","category-vidiyo","tag-cemil-bayik","tag-ocelan","tag-sereke"],"blocksy_meta":[],"seo_head":"<!-- This site is optimized with the Yoast SEO plugin v27.5 - https:\/\/yoast.com\/product\/yoast-seo-wordpress\/ -->\n<title>Cem\u00eel Bayik li ku ye? - Darka Maz\u00ee<\/title>\n<meta name=\"robots\" content=\"index, follow, max-snippet:-1, max-image-preview:large, max-video-preview:-1\" \/>\n<link rel=\"canonical\" href=\"https:\/\/darkamazi.info\/archives\/1051064\" \/>\n<meta property=\"og:locale\" content=\"en_US\" \/>\n<meta property=\"og:type\" content=\"article\" \/>\n<meta property=\"og:title\" content=\"Cem\u00eel Bayik li ku ye? - Darka Maz\u00ee\" \/>\n<meta property=\"og:description\" content=\"[darkamazi_row][darkamazi_column][darkamazi_video link=&#8221;https:\/\/www.youtube.com\/watch?v=oXFbLEj1mcQ&#8221; align=&#8221;center&#8221; css=&#8221;&#8221;][darkamazi_column_text] Cem\u00eel Bayik, ku endam\u00ea damezr\u00eener \u00ea PKK\u2019eya hilwe\u015f\u00eeyaye \u00fb hevserok\u00ea KCK\u2019\u00ea ye, demek dir\u00eaj e ji medyay\u00ea d\u00fbr e. Di heft meh\u00ean pi\u015ft\u00ee kongreya hilwe\u015fandina PKK\u2019\u00ea ya 7 \u00ea Gulan\u00ea de, Bayik ten\u00ea s\u00ea caran bi medyay\u00ea re axiv\u00eeye. Di van axaftinan de, Bayik pesn\u00ea d\u00eeroka xwe da \u00fb dilsoziya xwe [&hellip;]\" \/>\n<meta property=\"og:url\" content=\"https:\/\/darkamazi.info\/archives\/1051064\" \/>\n<meta property=\"og:site_name\" content=\"Darka Maz\u00ee\" \/>\n<meta property=\"article:publisher\" content=\"https:\/\/www.facebook.com\/DarMaziKurmanci\" \/>\n<meta property=\"article:published_time\" content=\"2025-12-18T15:18:32+00:00\" \/>\n<meta property=\"og:image\" content=\"https:\/\/darkamazi.info\/file\/2025\/12\/baik.jpg\" \/>\n\t<meta property=\"og:image:width\" content=\"900\" \/>\n\t<meta property=\"og:image:height\" content=\"497\" \/>\n\t<meta property=\"og:image:type\" content=\"image\/jpeg\" \/>\n<meta name=\"author\" content=\"darka mazi\" \/>\n<meta name=\"twitter:card\" content=\"summary_large_image\" \/>\n<meta name=\"twitter:creator\" content=\"@DarkaMaziLatini\" \/>\n<meta name=\"twitter:site\" content=\"@DarkaMaziLatini\" \/>\n<meta name=\"twitter:label1\" content=\"Written by\" \/>\n\t<meta name=\"twitter:data1\" content=\"darka mazi\" \/>\n\t<meta name=\"twitter:label2\" content=\"Est. reading time\" \/>\n\t<meta name=\"twitter:data2\" content=\"3 minutes\" \/>\n<script type=\"application\/ld+json\" class=\"seo-schema-graph\">{\"@context\":\"https:\\\/\\\/schema.org\",\"@graph\":[{\"@type\":\"Article\",\"@id\":\"https:\\\/\\\/darkamazi.info\\\/archives\\\/1051064#article\",\"isPartOf\":{\"@id\":\"https:\\\/\\\/darkamazi.info\\\/archives\\\/1051064\"},\"author\":{\"name\":\"darka mazi\",\"@id\":\"https:\\\/\\\/darkamazi.info\\\/#\\\/schema\\\/person\\\/5ad3e24553a0567993fa8ed4bd0a776c\"},\"headline\":\"Cem\u00eel Bayik li ku ye?\",\"datePublished\":\"2025-12-18T15:18:32+00:00\",\"mainEntityOfPage\":{\"@id\":\"https:\\\/\\\/darkamazi.info\\\/archives\\\/1051064\"},\"wordCount\":625,\"publisher\":{\"@id\":\"https:\\\/\\\/darkamazi.info\\\/#organization\"},\"image\":{\"@id\":\"https:\\\/\\\/darkamazi.info\\\/archives\\\/1051064#primaryimage\"},\"thumbnailUrl\":\"https:\\\/\\\/darkamazi.info\\\/darka-content\\\/uploads\\\/2025\\\/12\\\/baik.jpg\",\"keywords\":[\"Cem\u00eel Bayik\",\"Ocelan\",\"sereke\"],\"articleSection\":[\"Anal\u00eez\",\"V\u00eed\u00eeyo\"],\"inLanguage\":\"en-US\"},{\"@type\":\"WebPage\",\"@id\":\"https:\\\/\\\/darkamazi.info\\\/archives\\\/1051064\",\"url\":\"https:\\\/\\\/darkamazi.info\\\/archives\\\/1051064\",\"name\":\"Cem\u00eel Bayik li ku ye? - Darka Maz\u00ee\",\"isPartOf\":{\"@id\":\"https:\\\/\\\/darkamazi.info\\\/#website\"},\"primaryImageOfPage\":{\"@id\":\"https:\\\/\\\/darkamazi.info\\\/archives\\\/1051064#primaryimage\"},\"image\":{\"@id\":\"https:\\\/\\\/darkamazi.info\\\/archives\\\/1051064#primaryimage\"},\"thumbnailUrl\":\"https:\\\/\\\/darkamazi.info\\\/darka-content\\\/uploads\\\/2025\\\/12\\\/baik.jpg\",\"datePublished\":\"2025-12-18T15:18:32+00:00\",\"breadcrumb\":{\"@id\":\"https:\\\/\\\/darkamazi.info\\\/archives\\\/1051064#breadcrumb\"},\"inLanguage\":\"en-US\",\"potentialAction\":[{\"@type\":\"ReadAction\",\"target\":[\"https:\\\/\\\/darkamazi.info\\\/archives\\\/1051064\"]}]},{\"@type\":\"ImageObject\",\"inLanguage\":\"en-US\",\"@id\":\"https:\\\/\\\/darkamazi.info\\\/archives\\\/1051064#primaryimage\",\"url\":\"https:\\\/\\\/darkamazi.info\\\/darka-content\\\/uploads\\\/2025\\\/12\\\/baik.jpg\",\"contentUrl\":\"https:\\\/\\\/darkamazi.info\\\/darka-content\\\/uploads\\\/2025\\\/12\\\/baik.jpg\",\"width\":900,\"height\":497,\"caption\":\"Cem\u00eel Bayik li ku ye?\"},{\"@type\":\"BreadcrumbList\",\"@id\":\"https:\\\/\\\/darkamazi.info\\\/archives\\\/1051064#breadcrumb\",\"itemListElement\":[{\"@type\":\"ListItem\",\"position\":1,\"name\":\"Home\",\"item\":\"https:\\\/\\\/darkamazi.info\\\/\"},{\"@type\":\"ListItem\",\"position\":2,\"name\":\"Cem\u00eel Bayik li ku ye?\"}]},{\"@type\":\"WebSite\",\"@id\":\"https:\\\/\\\/darkamazi.info\\\/#website\",\"url\":\"https:\\\/\\\/darkamazi.info\\\/\",\"name\":\"Darka Maz\u00ee\",\"description\":\"P\u00eageha Zanyariy\u00ean Nebih\u00eest\u00ee\",\"publisher\":{\"@id\":\"https:\\\/\\\/darkamazi.info\\\/#organization\"},\"potentialAction\":[{\"@type\":\"SearchAction\",\"target\":{\"@type\":\"EntryPoint\",\"urlTemplate\":\"https:\\\/\\\/darkamazi.info\\\/?s={search_term_string}\"},\"query-input\":{\"@type\":\"PropertyValueSpecification\",\"valueRequired\":true,\"valueName\":\"search_term_string\"}}],\"inLanguage\":\"en-US\"},{\"@type\":\"Organization\",\"@id\":\"https:\\\/\\\/darkamazi.info\\\/#organization\",\"name\":\"Darka Maz\u00ee\",\"url\":\"https:\\\/\\\/darkamazi.info\\\/\",\"logo\":{\"@type\":\"ImageObject\",\"inLanguage\":\"en-US\",\"@id\":\"https:\\\/\\\/darkamazi.info\\\/#\\\/schema\\\/logo\\\/image\\\/\",\"url\":\"https:\\\/\\\/darkamazi.info\\\/darka-content\\\/uploads\\\/2017\\\/12\\\/darka-mazi-logo.png\",\"contentUrl\":\"https:\\\/\\\/darkamazi.info\\\/darka-content\\\/uploads\\\/2017\\\/12\\\/darka-mazi-logo.png\",\"width\":151,\"height\":75,\"caption\":\"Darka Maz\u00ee\"},\"image\":{\"@id\":\"https:\\\/\\\/darkamazi.info\\\/#\\\/schema\\\/logo\\\/image\\\/\"},\"sameAs\":[\"https:\\\/\\\/www.facebook.com\\\/DarMaziKurmanci\",\"https:\\\/\\\/x.com\\\/DarkaMaziLatini\",\"https:\\\/\\\/www.instagram.com\\\/darkamazi.kurmanci\\\/\",\"https:\\\/\\\/www.youtube.com\\\/channel\\\/UCa5HkTdmI8U1qCUFuTw8B2g\"]},{\"@type\":\"Person\",\"@id\":\"https:\\\/\\\/darkamazi.info\\\/#\\\/schema\\\/person\\\/5ad3e24553a0567993fa8ed4bd0a776c\",\"name\":\"darka mazi\",\"sameAs\":[\"https:\\\/\\\/darkamazi.info\\\/\"],\"url\":\"https:\\\/\\\/darkamazi.info\\\/archives\\\/author\\\/kurdi\"}]}<\/script>\n<!-- \/ Yoast SEO plugin. -->","seo_head_json":{"title":"Cem\u00eel Bayik li ku ye? - Darka Maz\u00ee","robots":{"index":"index","follow":"follow","max-snippet":"max-snippet:-1","max-image-preview":"max-image-preview:large","max-video-preview":"max-video-preview:-1"},"canonical":"https:\/\/darkamazi.info\/archives\/1051064","og_locale":"en_US","og_type":"article","og_title":"Cem\u00eel Bayik li ku ye? - Darka Maz\u00ee","og_description":"[darkamazi_row][darkamazi_column][darkamazi_video link=&#8221;https:\/\/www.youtube.com\/watch?v=oXFbLEj1mcQ&#8221; align=&#8221;center&#8221; css=&#8221;&#8221;][darkamazi_column_text] Cem\u00eel Bayik, ku endam\u00ea damezr\u00eener \u00ea PKK\u2019eya hilwe\u015f\u00eeyaye \u00fb hevserok\u00ea KCK\u2019\u00ea ye, demek dir\u00eaj e ji medyay\u00ea d\u00fbr e. Di heft meh\u00ean pi\u015ft\u00ee kongreya hilwe\u015fandina PKK\u2019\u00ea ya 7 \u00ea Gulan\u00ea de, Bayik ten\u00ea s\u00ea caran bi medyay\u00ea re axiv\u00eeye. Di van axaftinan de, Bayik pesn\u00ea d\u00eeroka xwe da \u00fb dilsoziya xwe [&hellip;]","og_url":"https:\/\/darkamazi.info\/archives\/1051064","og_site_name":"Darka Maz\u00ee","article_publisher":"https:\/\/www.facebook.com\/DarMaziKurmanci","article_published_time":"2025-12-18T15:18:32+00:00","og_image":[{"width":900,"height":497,"url":"https:\/\/darkamazi.info\/file\/2025\/12\/baik.jpg","type":"image\/jpeg"}],"author":"darka mazi","twitter_card":"summary_large_image","twitter_creator":"@DarkaMaziLatini","twitter_site":"@DarkaMaziLatini","twitter_misc":{"Written by":"darka mazi","Est. reading time":"3 minutes"},"schema":{"@context":"https:\/\/schema.org","@graph":[{"@type":"Article","@id":"https:\/\/darkamazi.info\/archives\/1051064#article","isPartOf":{"@id":"https:\/\/darkamazi.info\/archives\/1051064"},"author":{"name":"darka mazi","@id":"https:\/\/darkamazi.info\/#\/schema\/person\/5ad3e24553a0567993fa8ed4bd0a776c"},"headline":"Cem\u00eel Bayik li ku ye?","datePublished":"2025-12-18T15:18:32+00:00","mainEntityOfPage":{"@id":"https:\/\/darkamazi.info\/archives\/1051064"},"wordCount":625,"publisher":{"@id":"https:\/\/darkamazi.info\/#organization"},"image":{"@id":"https:\/\/darkamazi.info\/archives\/1051064#primaryimage"},"thumbnailUrl":"https:\/\/darkamazi.info\/file\/2025\/12\/baik.jpg","keywords":["Cem\u00eel Bayik","Ocelan","sereke"],"articleSection":["Anal\u00eez","V\u00eed\u00eeyo"],"inLanguage":"en-US"},{"@type":"WebPage","@id":"https:\/\/darkamazi.info\/archives\/1051064","url":"https:\/\/darkamazi.info\/archives\/1051064","name":"Cem\u00eel Bayik li ku ye? - Darka Maz\u00ee","isPartOf":{"@id":"https:\/\/darkamazi.info\/#website"},"primaryImageOfPage":{"@id":"https:\/\/darkamazi.info\/archives\/1051064#primaryimage"},"image":{"@id":"https:\/\/darkamazi.info\/archives\/1051064#primaryimage"},"thumbnailUrl":"https:\/\/darkamazi.info\/file\/2025\/12\/baik.jpg","datePublished":"2025-12-18T15:18:32+00:00","breadcrumb":{"@id":"https:\/\/darkamazi.info\/archives\/1051064#breadcrumb"},"inLanguage":"en-US","potentialAction":[{"@type":"ReadAction","target":["https:\/\/darkamazi.info\/archives\/1051064"]}]},{"@type":"ImageObject","inLanguage":"en-US","@id":"https:\/\/darkamazi.info\/archives\/1051064#primaryimage","url":"https:\/\/darkamazi.info\/file\/2025\/12\/baik.jpg","contentUrl":"https:\/\/darkamazi.info\/file\/2025\/12\/baik.jpg","width":900,"height":497,"caption":"Cem\u00eel Bayik li ku ye?"},{"@type":"BreadcrumbList","@id":"https:\/\/darkamazi.info\/archives\/1051064#breadcrumb","itemListElement":[{"@type":"ListItem","position":1,"name":"Home","item":"https:\/\/darkamazi.info\/"},{"@type":"ListItem","position":2,"name":"Cem\u00eel Bayik li ku ye?"}]},{"@type":"WebSite","@id":"https:\/\/darkamazi.info\/#website","url":"https:\/\/darkamazi.info\/","name":"Darka Maz\u00ee","description":"P\u00eageha Zanyariy\u00ean Nebih\u00eest\u00ee","publisher":{"@id":"https:\/\/darkamazi.info\/#organization"},"potentialAction":[{"@type":"SearchAction","target":{"@type":"EntryPoint","urlTemplate":"https:\/\/darkamazi.info\/?s={search_term_string}"},"query-input":{"@type":"PropertyValueSpecification","valueRequired":true,"valueName":"search_term_string"}}],"inLanguage":"en-US"},{"@type":"Organization","@id":"https:\/\/darkamazi.info\/#organization","name":"Darka Maz\u00ee","url":"https:\/\/darkamazi.info\/","logo":{"@type":"ImageObject","inLanguage":"en-US","@id":"https:\/\/darkamazi.info\/#\/schema\/logo\/image\/","url":"https:\/\/darkamazi.info\/file\/2017\/12\/darka-mazi-logo.png","contentUrl":"https:\/\/darkamazi.info\/file\/2017\/12\/darka-mazi-logo.png","width":151,"height":75,"caption":"Darka Maz\u00ee"},"image":{"@id":"https:\/\/darkamazi.info\/#\/schema\/logo\/image\/"},"sameAs":["https:\/\/www.facebook.com\/DarMaziKurmanci","https:\/\/x.com\/DarkaMaziLatini","https:\/\/www.instagram.com\/darkamazi.kurmanci\/","https:\/\/www.youtube.com\/channel\/UCa5HkTdmI8U1qCUFuTw8B2g"]},{"@type":"Person","@id":"https:\/\/darkamazi.info\/#\/schema\/person\/5ad3e24553a0567993fa8ed4bd0a776c","name":"darka mazi","sameAs":["https:\/\/darkamazi.info\/"],"url":"https:\/\/darkamazi.info\/archives\/author\/kurdi"}]}},"_links":{"self":[{"href":"https:\/\/darkamazi.info\/funavuv\/wp\/v2\/posts\/1051064","targetHints":{"allow":["GET"]}}],"collection":[{"href":"https:\/\/darkamazi.info\/funavuv\/wp\/v2\/posts"}],"about":[{"href":"https:\/\/darkamazi.info\/funavuv\/wp\/v2\/types\/post"}],"author":[{"embeddable":true,"href":"https:\/\/darkamazi.info\/funavuv\/wp\/v2\/users\/2"}],"replies":[{"embeddable":true,"href":"https:\/\/darkamazi.info\/funavuv\/wp\/v2\/comments?post=1051064"}],"version-history":[{"count":0,"href":"https:\/\/darkamazi.info\/funavuv\/wp\/v2\/posts\/1051064\/revisions"}],"wp:featuredmedia":[{"embeddable":true,"href":"https:\/\/darkamazi.info\/funavuv\/wp\/v2\/media\/1051070"}],"wp:attachment":[{"href":"https:\/\/darkamazi.info\/funavuv\/wp\/v2\/media?parent=1051064"}],"wp:term":[{"taxonomy":"category","embeddable":true,"href":"https:\/\/darkamazi.info\/funavuv\/wp\/v2\/categories?post=1051064"},{"taxonomy":"post_tag","embeddable":true,"href":"https:\/\/darkamazi.info\/funavuv\/wp\/v2\/tags?post=1051064"}],"curies":[{"name":"wp","href":"https:\/\/api.w.org\/{rel}","templated":true}]}}