{"id":1051066,"date":"2025-12-18T17:27:07","date_gmt":"2025-12-18T14:27:07","guid":{"rendered":"https:\/\/darkamazi.info\/?p=1051066"},"modified":"2025-12-18T17:27:07","modified_gmt":"2025-12-18T14:27:07","slug":"hakan-fidan-gef-li-hsdye-xwar-em-naxwazin-reyen-leskeri-bi-kar-binin","status":"publish","type":"post","link":"https:\/\/darkamazi.info\/archives\/1051066","title":{"rendered":"Hakan F\u00eedan gef li HSDy\u00ea xwar: Em naxwazin r\u00eay\u00ean le\u015fker\u00ee bi kar b\u00eenin"},"content":{"rendered":"<h3 style=\"text-align: justify\"><span style=\"font-family: 'arial black', sans-serif\">Wez\u00eer\u00ea Kar\u00ean Derve y\u00ea Tirkiyey\u00ea Hakan F\u00eedan li ser Peymana 10\u00ea Adar\u00ea got, &#8220;Em naxwazin r\u00eay\u00ean le\u015fker\u00ee bi kar b\u00eenin l\u00ea sebra me diqede.&#8221;<\/span><\/h3>\n<h3 style=\"text-align: justify\"><span style=\"font-family: arial, helvetica, sans-serif\">Wez\u00eer\u00ea Kar\u00ean Derve y\u00ea Tirkiyey\u00ea Hakan F\u00eedan ji TRT World\u00ea re axiv\u00ee \u00fb r\u00fbdan\u00ean li S\u00fbriye \u00fb Rojvay\u00ea Kurdistan\u00ea nirxandin.<\/span><\/h3>\n<h3 style=\"text-align: justify\"><span style=\"font-family: arial, helvetica, sans-serif\">Hakan F\u00eedan debar\u00ee Peymana 10\u00ea Adar\u00ea ya di navbera H\u00eaz\u00ean S\u00fbriyeya Demokrat\u00eek (HSD) \u00fb bir\u00eavebiriya \u015eam\u00ea j\u00ee axiv\u00ee \u00fb diyar kir ku ew ji leza p\u00eavajoy\u00ea ne raz\u00ee ne \u00fb HSD hewl dide dem\u00ea qezenc bike \u00fb got:<\/span><\/h3>\n<h3 style=\"text-align: justify\"><span style=\"font-family: arial, helvetica, sans-serif\">Li gor\u00ee min, ew h\u00eaviya derfet\u00ean din dikin, belk\u00ee bi away\u00ea kr\u00eezeke din a her\u00eam\u00ee yan j\u00ee ji ber pol\u00eet\u00eekay\u00ean berfirehb\u00fbn\u00ea y\u00ean \u00cesra\u00eel\u00ea y\u00ean li ser S\u00fbriye \u00fb dever\u00ean din.<\/span><\/h3>\n<h3 style=\"text-align: justify\"><span style=\"font-family: arial, helvetica, sans-serif\">F\u00eedan diyar kir ku ji bil\u00ee HSDy\u00ea hem\u00fb kom\u00ean li S\u00fbriyey\u00ea gir\u00eaday\u00ee Wezareta Parastin\u00ea b\u00fbne \u00fb wiha axiv\u00ee: &#8220;Em naxwazin ku em careke din ne\u00e7ar bim\u00eenin ser\u00ee li r\u00eay\u00ean le\u015fker\u00ee bidin. L\u00ea div\u00ea HSD f\u00eam bike ku sebra aktor\u00ean p\u00eawend\u00eedar diqede.<\/span><\/h3>\n<h3 style=\"text-align: justify\"><span style=\"font-family: arial, helvetica, sans-serif\">Herwiha got: Div\u00ea b\u00ean w\u00ea ast\u00ea ku p\u00eabendiy\u00ean xwe y\u00ean ji bo Peymana 10\u00ea Adar\u00ea bi cih b\u00eenin.<\/span><\/h3>\n","protected":false},"excerpt":{"rendered":"<p>Wez\u00eer\u00ea Kar\u00ean Derve y\u00ea Tirkiyey\u00ea Hakan F\u00eedan li ser Peymana 10\u00ea Adar\u00ea got, &#8220;Em naxwazin r\u00eay\u00ean le\u015fker\u00ee bi kar b\u00eenin l\u00ea sebra me diqede.&#8221; Wez\u00eer\u00ea Kar\u00ean Derve y\u00ea Tirkiyey\u00ea Hakan F\u00eedan ji TRT World\u00ea re axiv\u00ee \u00fb r\u00fbdan\u00ean li S\u00fbriye \u00fb Rojvay\u00ea Kurdistan\u00ea nirxandin. Hakan F\u00eedan debar\u00ee Peymana 10\u00ea Adar\u00ea ya di navbera H\u00eaz\u00ean S\u00fbriyeya [&hellip;]<\/p>\n","protected":false},"author":2,"featured_media":1051067,"comment_status":"closed","ping_status":"closed","sticky":false,"template":"","format":"standard","meta":{"footnotes":""},"categories":[29],"tags":[37],"class_list":["post-1051066","post","type-post","status-publish","format-standard","has-post-thumbnail","hentry","category-kurdistan","tag-sereke"],"blocksy_meta":[],"seo_head":"<!-- This site is optimized with the Yoast SEO plugin v27.5 - https:\/\/yoast.com\/product\/yoast-seo-wordpress\/ -->\n<title>Hakan F\u00eedan gef li HSDy\u00ea xwar: Em naxwazin r\u00eay\u00ean le\u015fker\u00ee bi kar b\u00eenin - Darka Maz\u00ee<\/title>\n<meta name=\"robots\" content=\"index, follow, max-snippet:-1, max-image-preview:large, max-video-preview:-1\" \/>\n<link rel=\"canonical\" href=\"https:\/\/darkamazi.info\/archives\/1051066\" \/>\n<meta property=\"og:locale\" content=\"en_US\" \/>\n<meta property=\"og:type\" content=\"article\" \/>\n<meta property=\"og:title\" content=\"Hakan F\u00eedan gef li HSDy\u00ea xwar: Em naxwazin r\u00eay\u00ean le\u015fker\u00ee bi kar b\u00eenin - Darka Maz\u00ee\" \/>\n<meta property=\"og:description\" content=\"Wez\u00eer\u00ea Kar\u00ean Derve y\u00ea Tirkiyey\u00ea Hakan F\u00eedan li ser Peymana 10\u00ea Adar\u00ea got, &#8220;Em naxwazin r\u00eay\u00ean le\u015fker\u00ee bi kar b\u00eenin l\u00ea sebra me diqede.&#8221; Wez\u00eer\u00ea Kar\u00ean Derve y\u00ea Tirkiyey\u00ea Hakan F\u00eedan ji TRT World\u00ea re axiv\u00ee \u00fb r\u00fbdan\u00ean li S\u00fbriye \u00fb Rojvay\u00ea Kurdistan\u00ea nirxandin. Hakan F\u00eedan debar\u00ee Peymana 10\u00ea Adar\u00ea ya di navbera H\u00eaz\u00ean S\u00fbriyeya [&hellip;]\" \/>\n<meta property=\"og:url\" content=\"https:\/\/darkamazi.info\/archives\/1051066\" \/>\n<meta property=\"og:site_name\" content=\"Darka Maz\u00ee\" \/>\n<meta property=\"article:publisher\" content=\"https:\/\/www.facebook.com\/DarMaziKurmanci\" \/>\n<meta property=\"article:published_time\" content=\"2025-12-18T14:27:07+00:00\" \/>\n<meta property=\"og:image\" content=\"https:\/\/darkamazi.info\/file\/2025\/12\/Hakan-Fidan-HSD-info.jpg\" \/>\n\t<meta property=\"og:image:width\" content=\"900\" \/>\n\t<meta property=\"og:image:height\" content=\"500\" \/>\n\t<meta property=\"og:image:type\" content=\"image\/jpeg\" \/>\n<meta name=\"author\" content=\"darka mazi\" \/>\n<meta name=\"twitter:card\" content=\"summary_large_image\" \/>\n<meta name=\"twitter:creator\" content=\"@DarkaMaziLatini\" \/>\n<meta name=\"twitter:site\" content=\"@DarkaMaziLatini\" \/>\n<meta name=\"twitter:label1\" content=\"Written by\" \/>\n\t<meta name=\"twitter:data1\" content=\"darka mazi\" \/>\n\t<meta name=\"twitter:label2\" content=\"Est. reading time\" \/>\n\t<meta name=\"twitter:data2\" content=\"1 minute\" \/>\n<script type=\"application\/ld+json\" class=\"seo-schema-graph\">{\"@context\":\"https:\\\/\\\/schema.org\",\"@graph\":[{\"@type\":\"Article\",\"@id\":\"https:\\\/\\\/darkamazi.info\\\/archives\\\/1051066#article\",\"isPartOf\":{\"@id\":\"https:\\\/\\\/darkamazi.info\\\/archives\\\/1051066\"},\"author\":{\"name\":\"darka mazi\",\"@id\":\"https:\\\/\\\/darkamazi.info\\\/#\\\/schema\\\/person\\\/5ad3e24553a0567993fa8ed4bd0a776c\"},\"headline\":\"Hakan F\u00eedan gef li HSDy\u00ea xwar: Em naxwazin r\u00eay\u00ean le\u015fker\u00ee bi kar b\u00eenin\",\"datePublished\":\"2025-12-18T14:27:07+00:00\",\"mainEntityOfPage\":{\"@id\":\"https:\\\/\\\/darkamazi.info\\\/archives\\\/1051066\"},\"wordCount\":230,\"publisher\":{\"@id\":\"https:\\\/\\\/darkamazi.info\\\/#organization\"},\"image\":{\"@id\":\"https:\\\/\\\/darkamazi.info\\\/archives\\\/1051066#primaryimage\"},\"thumbnailUrl\":\"https:\\\/\\\/darkamazi.info\\\/darka-content\\\/uploads\\\/2025\\\/12\\\/Hakan-Fidan-HSD-info.jpg\",\"keywords\":[\"sereke\"],\"articleSection\":[\"Kurdistan\"],\"inLanguage\":\"en-US\"},{\"@type\":\"WebPage\",\"@id\":\"https:\\\/\\\/darkamazi.info\\\/archives\\\/1051066\",\"url\":\"https:\\\/\\\/darkamazi.info\\\/archives\\\/1051066\",\"name\":\"Hakan F\u00eedan gef li HSDy\u00ea xwar: Em naxwazin r\u00eay\u00ean le\u015fker\u00ee bi kar b\u00eenin - Darka Maz\u00ee\",\"isPartOf\":{\"@id\":\"https:\\\/\\\/darkamazi.info\\\/#website\"},\"primaryImageOfPage\":{\"@id\":\"https:\\\/\\\/darkamazi.info\\\/archives\\\/1051066#primaryimage\"},\"image\":{\"@id\":\"https:\\\/\\\/darkamazi.info\\\/archives\\\/1051066#primaryimage\"},\"thumbnailUrl\":\"https:\\\/\\\/darkamazi.info\\\/darka-content\\\/uploads\\\/2025\\\/12\\\/Hakan-Fidan-HSD-info.jpg\",\"datePublished\":\"2025-12-18T14:27:07+00:00\",\"breadcrumb\":{\"@id\":\"https:\\\/\\\/darkamazi.info\\\/archives\\\/1051066#breadcrumb\"},\"inLanguage\":\"en-US\",\"potentialAction\":[{\"@type\":\"ReadAction\",\"target\":[\"https:\\\/\\\/darkamazi.info\\\/archives\\\/1051066\"]}]},{\"@type\":\"ImageObject\",\"inLanguage\":\"en-US\",\"@id\":\"https:\\\/\\\/darkamazi.info\\\/archives\\\/1051066#primaryimage\",\"url\":\"https:\\\/\\\/darkamazi.info\\\/darka-content\\\/uploads\\\/2025\\\/12\\\/Hakan-Fidan-HSD-info.jpg\",\"contentUrl\":\"https:\\\/\\\/darkamazi.info\\\/darka-content\\\/uploads\\\/2025\\\/12\\\/Hakan-Fidan-HSD-info.jpg\",\"width\":900,\"height\":500,\"caption\":\"Hakan-F\u00eedan--HSD-info\"},{\"@type\":\"BreadcrumbList\",\"@id\":\"https:\\\/\\\/darkamazi.info\\\/archives\\\/1051066#breadcrumb\",\"itemListElement\":[{\"@type\":\"ListItem\",\"position\":1,\"name\":\"Home\",\"item\":\"https:\\\/\\\/darkamazi.info\\\/\"},{\"@type\":\"ListItem\",\"position\":2,\"name\":\"Hakan F\u00eedan gef li HSDy\u00ea xwar: Em naxwazin r\u00eay\u00ean le\u015fker\u00ee bi kar b\u00eenin\"}]},{\"@type\":\"WebSite\",\"@id\":\"https:\\\/\\\/darkamazi.info\\\/#website\",\"url\":\"https:\\\/\\\/darkamazi.info\\\/\",\"name\":\"Darka Maz\u00ee\",\"description\":\"P\u00eageha Zanyariy\u00ean Nebih\u00eest\u00ee\",\"publisher\":{\"@id\":\"https:\\\/\\\/darkamazi.info\\\/#organization\"},\"potentialAction\":[{\"@type\":\"SearchAction\",\"target\":{\"@type\":\"EntryPoint\",\"urlTemplate\":\"https:\\\/\\\/darkamazi.info\\\/?s={search_term_string}\"},\"query-input\":{\"@type\":\"PropertyValueSpecification\",\"valueRequired\":true,\"valueName\":\"search_term_string\"}}],\"inLanguage\":\"en-US\"},{\"@type\":\"Organization\",\"@id\":\"https:\\\/\\\/darkamazi.info\\\/#organization\",\"name\":\"Darka Maz\u00ee\",\"url\":\"https:\\\/\\\/darkamazi.info\\\/\",\"logo\":{\"@type\":\"ImageObject\",\"inLanguage\":\"en-US\",\"@id\":\"https:\\\/\\\/darkamazi.info\\\/#\\\/schema\\\/logo\\\/image\\\/\",\"url\":\"https:\\\/\\\/darkamazi.info\\\/darka-content\\\/uploads\\\/2017\\\/12\\\/darka-mazi-logo.png\",\"contentUrl\":\"https:\\\/\\\/darkamazi.info\\\/darka-content\\\/uploads\\\/2017\\\/12\\\/darka-mazi-logo.png\",\"width\":151,\"height\":75,\"caption\":\"Darka Maz\u00ee\"},\"image\":{\"@id\":\"https:\\\/\\\/darkamazi.info\\\/#\\\/schema\\\/logo\\\/image\\\/\"},\"sameAs\":[\"https:\\\/\\\/www.facebook.com\\\/DarMaziKurmanci\",\"https:\\\/\\\/x.com\\\/DarkaMaziLatini\",\"https:\\\/\\\/www.instagram.com\\\/darkamazi.kurmanci\\\/\",\"https:\\\/\\\/www.youtube.com\\\/channel\\\/UCa5HkTdmI8U1qCUFuTw8B2g\"]},{\"@type\":\"Person\",\"@id\":\"https:\\\/\\\/darkamazi.info\\\/#\\\/schema\\\/person\\\/5ad3e24553a0567993fa8ed4bd0a776c\",\"name\":\"darka mazi\",\"sameAs\":[\"https:\\\/\\\/darkamazi.info\\\/\"],\"url\":\"https:\\\/\\\/darkamazi.info\\\/archives\\\/author\\\/kurdi\"}]}<\/script>\n<!-- \/ Yoast SEO plugin. -->","seo_head_json":{"title":"Hakan F\u00eedan gef li HSDy\u00ea xwar: Em naxwazin r\u00eay\u00ean le\u015fker\u00ee bi kar b\u00eenin - Darka Maz\u00ee","robots":{"index":"index","follow":"follow","max-snippet":"max-snippet:-1","max-image-preview":"max-image-preview:large","max-video-preview":"max-video-preview:-1"},"canonical":"https:\/\/darkamazi.info\/archives\/1051066","og_locale":"en_US","og_type":"article","og_title":"Hakan F\u00eedan gef li HSDy\u00ea xwar: Em naxwazin r\u00eay\u00ean le\u015fker\u00ee bi kar b\u00eenin - Darka Maz\u00ee","og_description":"Wez\u00eer\u00ea Kar\u00ean Derve y\u00ea Tirkiyey\u00ea Hakan F\u00eedan li ser Peymana 10\u00ea Adar\u00ea got, &#8220;Em naxwazin r\u00eay\u00ean le\u015fker\u00ee bi kar b\u00eenin l\u00ea sebra me diqede.&#8221; Wez\u00eer\u00ea Kar\u00ean Derve y\u00ea Tirkiyey\u00ea Hakan F\u00eedan ji TRT World\u00ea re axiv\u00ee \u00fb r\u00fbdan\u00ean li S\u00fbriye \u00fb Rojvay\u00ea Kurdistan\u00ea nirxandin. Hakan F\u00eedan debar\u00ee Peymana 10\u00ea Adar\u00ea ya di navbera H\u00eaz\u00ean S\u00fbriyeya [&hellip;]","og_url":"https:\/\/darkamazi.info\/archives\/1051066","og_site_name":"Darka Maz\u00ee","article_publisher":"https:\/\/www.facebook.com\/DarMaziKurmanci","article_published_time":"2025-12-18T14:27:07+00:00","og_image":[{"width":900,"height":500,"url":"https:\/\/darkamazi.info\/file\/2025\/12\/Hakan-Fidan-HSD-info.jpg","type":"image\/jpeg"}],"author":"darka mazi","twitter_card":"summary_large_image","twitter_creator":"@DarkaMaziLatini","twitter_site":"@DarkaMaziLatini","twitter_misc":{"Written by":"darka mazi","Est. reading time":"1 minute"},"schema":{"@context":"https:\/\/schema.org","@graph":[{"@type":"Article","@id":"https:\/\/darkamazi.info\/archives\/1051066#article","isPartOf":{"@id":"https:\/\/darkamazi.info\/archives\/1051066"},"author":{"name":"darka mazi","@id":"https:\/\/darkamazi.info\/#\/schema\/person\/5ad3e24553a0567993fa8ed4bd0a776c"},"headline":"Hakan F\u00eedan gef li HSDy\u00ea xwar: Em naxwazin r\u00eay\u00ean le\u015fker\u00ee bi kar b\u00eenin","datePublished":"2025-12-18T14:27:07+00:00","mainEntityOfPage":{"@id":"https:\/\/darkamazi.info\/archives\/1051066"},"wordCount":230,"publisher":{"@id":"https:\/\/darkamazi.info\/#organization"},"image":{"@id":"https:\/\/darkamazi.info\/archives\/1051066#primaryimage"},"thumbnailUrl":"https:\/\/darkamazi.info\/file\/2025\/12\/Hakan-Fidan-HSD-info.jpg","keywords":["sereke"],"articleSection":["Kurdistan"],"inLanguage":"en-US"},{"@type":"WebPage","@id":"https:\/\/darkamazi.info\/archives\/1051066","url":"https:\/\/darkamazi.info\/archives\/1051066","name":"Hakan F\u00eedan gef li HSDy\u00ea xwar: Em naxwazin r\u00eay\u00ean le\u015fker\u00ee bi kar b\u00eenin - Darka Maz\u00ee","isPartOf":{"@id":"https:\/\/darkamazi.info\/#website"},"primaryImageOfPage":{"@id":"https:\/\/darkamazi.info\/archives\/1051066#primaryimage"},"image":{"@id":"https:\/\/darkamazi.info\/archives\/1051066#primaryimage"},"thumbnailUrl":"https:\/\/darkamazi.info\/file\/2025\/12\/Hakan-Fidan-HSD-info.jpg","datePublished":"2025-12-18T14:27:07+00:00","breadcrumb":{"@id":"https:\/\/darkamazi.info\/archives\/1051066#breadcrumb"},"inLanguage":"en-US","potentialAction":[{"@type":"ReadAction","target":["https:\/\/darkamazi.info\/archives\/1051066"]}]},{"@type":"ImageObject","inLanguage":"en-US","@id":"https:\/\/darkamazi.info\/archives\/1051066#primaryimage","url":"https:\/\/darkamazi.info\/file\/2025\/12\/Hakan-Fidan-HSD-info.jpg","contentUrl":"https:\/\/darkamazi.info\/file\/2025\/12\/Hakan-Fidan-HSD-info.jpg","width":900,"height":500,"caption":"Hakan-F\u00eedan--HSD-info"},{"@type":"BreadcrumbList","@id":"https:\/\/darkamazi.info\/archives\/1051066#breadcrumb","itemListElement":[{"@type":"ListItem","position":1,"name":"Home","item":"https:\/\/darkamazi.info\/"},{"@type":"ListItem","position":2,"name":"Hakan F\u00eedan gef li HSDy\u00ea xwar: Em naxwazin r\u00eay\u00ean le\u015fker\u00ee bi kar b\u00eenin"}]},{"@type":"WebSite","@id":"https:\/\/darkamazi.info\/#website","url":"https:\/\/darkamazi.info\/","name":"Darka Maz\u00ee","description":"P\u00eageha Zanyariy\u00ean Nebih\u00eest\u00ee","publisher":{"@id":"https:\/\/darkamazi.info\/#organization"},"potentialAction":[{"@type":"SearchAction","target":{"@type":"EntryPoint","urlTemplate":"https:\/\/darkamazi.info\/?s={search_term_string}"},"query-input":{"@type":"PropertyValueSpecification","valueRequired":true,"valueName":"search_term_string"}}],"inLanguage":"en-US"},{"@type":"Organization","@id":"https:\/\/darkamazi.info\/#organization","name":"Darka Maz\u00ee","url":"https:\/\/darkamazi.info\/","logo":{"@type":"ImageObject","inLanguage":"en-US","@id":"https:\/\/darkamazi.info\/#\/schema\/logo\/image\/","url":"https:\/\/darkamazi.info\/file\/2017\/12\/darka-mazi-logo.png","contentUrl":"https:\/\/darkamazi.info\/file\/2017\/12\/darka-mazi-logo.png","width":151,"height":75,"caption":"Darka Maz\u00ee"},"image":{"@id":"https:\/\/darkamazi.info\/#\/schema\/logo\/image\/"},"sameAs":["https:\/\/www.facebook.com\/DarMaziKurmanci","https:\/\/x.com\/DarkaMaziLatini","https:\/\/www.instagram.com\/darkamazi.kurmanci\/","https:\/\/www.youtube.com\/channel\/UCa5HkTdmI8U1qCUFuTw8B2g"]},{"@type":"Person","@id":"https:\/\/darkamazi.info\/#\/schema\/person\/5ad3e24553a0567993fa8ed4bd0a776c","name":"darka mazi","sameAs":["https:\/\/darkamazi.info\/"],"url":"https:\/\/darkamazi.info\/archives\/author\/kurdi"}]}},"_links":{"self":[{"href":"https:\/\/darkamazi.info\/funavuv\/wp\/v2\/posts\/1051066","targetHints":{"allow":["GET"]}}],"collection":[{"href":"https:\/\/darkamazi.info\/funavuv\/wp\/v2\/posts"}],"about":[{"href":"https:\/\/darkamazi.info\/funavuv\/wp\/v2\/types\/post"}],"author":[{"embeddable":true,"href":"https:\/\/darkamazi.info\/funavuv\/wp\/v2\/users\/2"}],"replies":[{"embeddable":true,"href":"https:\/\/darkamazi.info\/funavuv\/wp\/v2\/comments?post=1051066"}],"version-history":[{"count":0,"href":"https:\/\/darkamazi.info\/funavuv\/wp\/v2\/posts\/1051066\/revisions"}],"wp:featuredmedia":[{"embeddable":true,"href":"https:\/\/darkamazi.info\/funavuv\/wp\/v2\/media\/1051067"}],"wp:attachment":[{"href":"https:\/\/darkamazi.info\/funavuv\/wp\/v2\/media?parent=1051066"}],"wp:term":[{"taxonomy":"category","embeddable":true,"href":"https:\/\/darkamazi.info\/funavuv\/wp\/v2\/categories?post=1051066"},{"taxonomy":"post_tag","embeddable":true,"href":"https:\/\/darkamazi.info\/funavuv\/wp\/v2\/tags?post=1051066"}],"curies":[{"name":"wp","href":"https:\/\/api.w.org\/{rel}","templated":true}]}}