{"id":1051075,"date":"2025-12-20T12:18:15","date_gmt":"2025-12-20T09:18:15","guid":{"rendered":"https:\/\/darkamazi.info\/?p=1051075"},"modified":"2025-12-20T12:18:15","modified_gmt":"2025-12-20T09:18:15","slug":"sanda-imraliye-ya-dem-partiye-iro-bi-ak-partiye-re-dicive","status":"publish","type":"post","link":"https:\/\/darkamazi.info\/archives\/1051075","title":{"rendered":"\u015eanda \u00cemraliy\u00ea ya DEM Partiy\u00ea \u00eero bi AK Partiy\u00ea re dicive"},"content":{"rendered":"<h3 style=\"text-align: justify\"><span style=\"font-family: 'arial black', sans-serif\">\u015eanda \u00cemraliy\u00ea ya Partiya Wekhev\u00ee \u00fb Demokrasiy\u00ea ya Gelan (DEM Part\u00ee), ji bo got\u00fbb\u00eajkirina qonaxa n\u00fb ya proseya a\u015ftiy\u00ea, \u00eero li Parlamentoya Tirkiyey\u00ea dest bi gera hevd\u00eetinan dike.<\/span><\/h3>\n<h3 style=\"text-align: justify\">Li gor\u00ee bernamey\u00ea, \u015fanda DEM Partiy\u00ea d\u00ea \u00eero 20\u00ea Ber\u00e7iley\u00ea li demjim\u00ear 14:00, li Parlamentoya Tirkiyey\u00ea ligel Fraksiyona Partiya Dad \u00fb Ge\u015fep\u00eadan\u00ea (AK Part\u00ee) bicive.<\/h3>\n<h3 style=\"text-align: justify\">T\u00ea \u00e7aver\u00eakirin ku du demjim\u00ear pi\u015ft\u00ee v\u00ea civ\u00een\u00ea (saet 16:00), heman \u015fand ligel berpirs\u00ean Partiya Karker\u00ean Tirkiyey\u00ea (T\u00ceP) j\u00ee bicive.<\/h3>\n<h3 style=\"text-align: justify\">Mijara sereke ya van hevd\u00eetinan, nirxandina p\u00eangav\u00ean proseya n\u00fb ya a\u015ftiy\u00ea li Tirkiye \u00fb Bakur\u00ea Kurdistan\u00ea \u00fb p\u00ea\u015fhat\u00ean daw\u00ee y\u00ean v\u00ea mijar\u00ea ye.<\/h3>\n<h3 style=\"text-align: justify\">Herwiha hat ragihandin, \u015fanda DEM Partiy\u00ea d\u00ea roja Du\u015fem\u00ea 22\u00ea Ber\u00e7iley\u00ea j\u00ee ligel Partiya Gel a Komar\u00ee (CHP) bicive.<\/h3>\n<h3 style=\"text-align: justify\">\u015eanda \u00cemraliy\u00ea ku ji Perv\u00een Buldan, M\u00eethat Sancar \u00fb Fay\u00eek Ozgur Erol p\u00eak t\u00ea \u00fb wek\u00ee aktor\u00ea sereke \u00fb motora prosey\u00ea t\u00ea p\u00eanasekirin, ev \u00e7end roj in li Enqerey\u00ea hevd\u00eetin\u00ean gir\u00eeng p\u00eak t\u00eene. \u015eand\u00ea di 12\u00ea Kan\u00fbn\u00ea de bi Serok\u00ea Gi\u015ft\u00ee y\u00ea DEVAy\u00ea El\u00ee Babacan re \u00fb di 16\u00ea Kan\u00fbn\u00ea de j\u00ee bi Serok\u00ea Gi\u015ft\u00ee y\u00ea Partiya P\u00ea\u015feroj\u00ea Ahmet Davutoglu re civiyab\u00fb.<\/h3>\n<h3 style=\"text-align: justify\">\u015eand\u00ea di v\u00ea heyama daw\u00ee de \u00e7end\u00een caran serdana girt\u00eegeha \u00cemraliy\u00ea kiriye \u00fb pi\u015ft\u00ee hevd\u00eetin\u00ean ligel R\u00eaber\u00ea PKK\u00ea Abdullah Ocalan, peyam\u00ean w\u00ee gihandine derve.<\/h3>\n","protected":false},"excerpt":{"rendered":"<p>\u015eanda \u00cemraliy\u00ea ya Partiya Wekhev\u00ee \u00fb Demokrasiy\u00ea ya Gelan (DEM Part\u00ee), ji bo got\u00fbb\u00eajkirina qonaxa n\u00fb ya proseya a\u015ftiy\u00ea, \u00eero li Parlamentoya Tirkiyey\u00ea dest bi gera hevd\u00eetinan dike. Li gor\u00ee bernamey\u00ea, \u015fanda DEM Partiy\u00ea d\u00ea \u00eero 20\u00ea Ber\u00e7iley\u00ea li demjim\u00ear 14:00, li Parlamentoya Tirkiyey\u00ea ligel Fraksiyona Partiya Dad \u00fb Ge\u015fep\u00eadan\u00ea (AK Part\u00ee) bicive. T\u00ea \u00e7aver\u00eakirin [&hellip;]<\/p>\n","protected":false},"author":2,"featured_media":1051076,"comment_status":"closed","ping_status":"closed","sticky":false,"template":"","format":"standard","meta":{"footnotes":""},"categories":[29],"tags":[37],"class_list":["post-1051075","post","type-post","status-publish","format-standard","has-post-thumbnail","hentry","category-kurdistan","tag-sereke"],"blocksy_meta":[],"seo_head":"<!-- This site is optimized with the Yoast SEO plugin v27.5 - https:\/\/yoast.com\/product\/yoast-seo-wordpress\/ -->\n<title>\u015eanda \u00cemraliy\u00ea ya DEM Partiy\u00ea \u00eero bi AK Partiy\u00ea re dicive - Darka Maz\u00ee<\/title>\n<meta name=\"robots\" content=\"index, follow, max-snippet:-1, max-image-preview:large, max-video-preview:-1\" \/>\n<link rel=\"canonical\" href=\"https:\/\/darkamazi.info\/archives\/1051075\" \/>\n<meta property=\"og:locale\" content=\"en_US\" \/>\n<meta property=\"og:type\" content=\"article\" \/>\n<meta property=\"og:title\" content=\"\u015eanda \u00cemraliy\u00ea ya DEM Partiy\u00ea \u00eero bi AK Partiy\u00ea re dicive - Darka Maz\u00ee\" \/>\n<meta property=\"og:description\" content=\"\u015eanda \u00cemraliy\u00ea ya Partiya Wekhev\u00ee \u00fb Demokrasiy\u00ea ya Gelan (DEM Part\u00ee), ji bo got\u00fbb\u00eajkirina qonaxa n\u00fb ya proseya a\u015ftiy\u00ea, \u00eero li Parlamentoya Tirkiyey\u00ea dest bi gera hevd\u00eetinan dike. Li gor\u00ee bernamey\u00ea, \u015fanda DEM Partiy\u00ea d\u00ea \u00eero 20\u00ea Ber\u00e7iley\u00ea li demjim\u00ear 14:00, li Parlamentoya Tirkiyey\u00ea ligel Fraksiyona Partiya Dad \u00fb Ge\u015fep\u00eadan\u00ea (AK Part\u00ee) bicive. T\u00ea \u00e7aver\u00eakirin [&hellip;]\" \/>\n<meta property=\"og:url\" content=\"https:\/\/darkamazi.info\/archives\/1051075\" \/>\n<meta property=\"og:site_name\" content=\"Darka Maz\u00ee\" \/>\n<meta property=\"article:publisher\" content=\"https:\/\/www.facebook.com\/DarMaziKurmanci\" \/>\n<meta property=\"article:published_time\" content=\"2025-12-20T09:18:15+00:00\" \/>\n<meta property=\"og:image\" content=\"https:\/\/darkamazi.info\/file\/2025\/12\/images.jpg\" \/>\n\t<meta property=\"og:image:width\" content=\"302\" \/>\n\t<meta property=\"og:image:height\" content=\"167\" \/>\n\t<meta property=\"og:image:type\" content=\"image\/jpeg\" \/>\n<meta name=\"author\" content=\"darka mazi\" \/>\n<meta name=\"twitter:card\" content=\"summary_large_image\" \/>\n<meta name=\"twitter:creator\" content=\"@DarkaMaziLatini\" \/>\n<meta name=\"twitter:site\" content=\"@DarkaMaziLatini\" \/>\n<meta name=\"twitter:label1\" content=\"Written by\" \/>\n\t<meta name=\"twitter:data1\" content=\"darka mazi\" \/>\n\t<meta name=\"twitter:label2\" content=\"Est. reading time\" \/>\n\t<meta name=\"twitter:data2\" content=\"2 minutes\" \/>\n<script type=\"application\/ld+json\" class=\"seo-schema-graph\">{\"@context\":\"https:\\\/\\\/schema.org\",\"@graph\":[{\"@type\":\"Article\",\"@id\":\"https:\\\/\\\/darkamazi.info\\\/archives\\\/1051075#article\",\"isPartOf\":{\"@id\":\"https:\\\/\\\/darkamazi.info\\\/archives\\\/1051075\"},\"author\":{\"name\":\"darka mazi\",\"@id\":\"https:\\\/\\\/darkamazi.info\\\/#\\\/schema\\\/person\\\/5ad3e24553a0567993fa8ed4bd0a776c\"},\"headline\":\"\u015eanda \u00cemraliy\u00ea ya DEM Partiy\u00ea \u00eero bi AK Partiy\u00ea re dicive\",\"datePublished\":\"2025-12-20T09:18:15+00:00\",\"mainEntityOfPage\":{\"@id\":\"https:\\\/\\\/darkamazi.info\\\/archives\\\/1051075\"},\"wordCount\":243,\"publisher\":{\"@id\":\"https:\\\/\\\/darkamazi.info\\\/#organization\"},\"image\":{\"@id\":\"https:\\\/\\\/darkamazi.info\\\/archives\\\/1051075#primaryimage\"},\"thumbnailUrl\":\"https:\\\/\\\/darkamazi.info\\\/darka-content\\\/uploads\\\/2025\\\/12\\\/images.jpg\",\"keywords\":[\"sereke\"],\"articleSection\":[\"Kurdistan\"],\"inLanguage\":\"en-US\"},{\"@type\":\"WebPage\",\"@id\":\"https:\\\/\\\/darkamazi.info\\\/archives\\\/1051075\",\"url\":\"https:\\\/\\\/darkamazi.info\\\/archives\\\/1051075\",\"name\":\"\u015eanda \u00cemraliy\u00ea ya DEM Partiy\u00ea \u00eero bi AK Partiy\u00ea re dicive - Darka Maz\u00ee\",\"isPartOf\":{\"@id\":\"https:\\\/\\\/darkamazi.info\\\/#website\"},\"primaryImageOfPage\":{\"@id\":\"https:\\\/\\\/darkamazi.info\\\/archives\\\/1051075#primaryimage\"},\"image\":{\"@id\":\"https:\\\/\\\/darkamazi.info\\\/archives\\\/1051075#primaryimage\"},\"thumbnailUrl\":\"https:\\\/\\\/darkamazi.info\\\/darka-content\\\/uploads\\\/2025\\\/12\\\/images.jpg\",\"datePublished\":\"2025-12-20T09:18:15+00:00\",\"breadcrumb\":{\"@id\":\"https:\\\/\\\/darkamazi.info\\\/archives\\\/1051075#breadcrumb\"},\"inLanguage\":\"en-US\",\"potentialAction\":[{\"@type\":\"ReadAction\",\"target\":[\"https:\\\/\\\/darkamazi.info\\\/archives\\\/1051075\"]}]},{\"@type\":\"ImageObject\",\"inLanguage\":\"en-US\",\"@id\":\"https:\\\/\\\/darkamazi.info\\\/archives\\\/1051075#primaryimage\",\"url\":\"https:\\\/\\\/darkamazi.info\\\/darka-content\\\/uploads\\\/2025\\\/12\\\/images.jpg\",\"contentUrl\":\"https:\\\/\\\/darkamazi.info\\\/darka-content\\\/uploads\\\/2025\\\/12\\\/images.jpg\",\"width\":302,\"height\":167,\"caption\":\"\u015eanda \u00cemraliy\u00ea ya DEM Partiy\u00ea \u00eero bi AK Partiy\u00ea re dicive\"},{\"@type\":\"BreadcrumbList\",\"@id\":\"https:\\\/\\\/darkamazi.info\\\/archives\\\/1051075#breadcrumb\",\"itemListElement\":[{\"@type\":\"ListItem\",\"position\":1,\"name\":\"Home\",\"item\":\"https:\\\/\\\/darkamazi.info\\\/\"},{\"@type\":\"ListItem\",\"position\":2,\"name\":\"\u015eanda \u00cemraliy\u00ea ya DEM Partiy\u00ea \u00eero bi AK Partiy\u00ea re dicive\"}]},{\"@type\":\"WebSite\",\"@id\":\"https:\\\/\\\/darkamazi.info\\\/#website\",\"url\":\"https:\\\/\\\/darkamazi.info\\\/\",\"name\":\"Darka Maz\u00ee\",\"description\":\"P\u00eageha Zanyariy\u00ean Nebih\u00eest\u00ee\",\"publisher\":{\"@id\":\"https:\\\/\\\/darkamazi.info\\\/#organization\"},\"potentialAction\":[{\"@type\":\"SearchAction\",\"target\":{\"@type\":\"EntryPoint\",\"urlTemplate\":\"https:\\\/\\\/darkamazi.info\\\/?s={search_term_string}\"},\"query-input\":{\"@type\":\"PropertyValueSpecification\",\"valueRequired\":true,\"valueName\":\"search_term_string\"}}],\"inLanguage\":\"en-US\"},{\"@type\":\"Organization\",\"@id\":\"https:\\\/\\\/darkamazi.info\\\/#organization\",\"name\":\"Darka Maz\u00ee\",\"url\":\"https:\\\/\\\/darkamazi.info\\\/\",\"logo\":{\"@type\":\"ImageObject\",\"inLanguage\":\"en-US\",\"@id\":\"https:\\\/\\\/darkamazi.info\\\/#\\\/schema\\\/logo\\\/image\\\/\",\"url\":\"https:\\\/\\\/darkamazi.info\\\/darka-content\\\/uploads\\\/2017\\\/12\\\/darka-mazi-logo.png\",\"contentUrl\":\"https:\\\/\\\/darkamazi.info\\\/darka-content\\\/uploads\\\/2017\\\/12\\\/darka-mazi-logo.png\",\"width\":151,\"height\":75,\"caption\":\"Darka Maz\u00ee\"},\"image\":{\"@id\":\"https:\\\/\\\/darkamazi.info\\\/#\\\/schema\\\/logo\\\/image\\\/\"},\"sameAs\":[\"https:\\\/\\\/www.facebook.com\\\/DarMaziKurmanci\",\"https:\\\/\\\/x.com\\\/DarkaMaziLatini\",\"https:\\\/\\\/www.instagram.com\\\/darkamazi.kurmanci\\\/\",\"https:\\\/\\\/www.youtube.com\\\/channel\\\/UCa5HkTdmI8U1qCUFuTw8B2g\"]},{\"@type\":\"Person\",\"@id\":\"https:\\\/\\\/darkamazi.info\\\/#\\\/schema\\\/person\\\/5ad3e24553a0567993fa8ed4bd0a776c\",\"name\":\"darka mazi\",\"sameAs\":[\"https:\\\/\\\/darkamazi.info\\\/\"],\"url\":\"https:\\\/\\\/darkamazi.info\\\/archives\\\/author\\\/kurdi\"}]}<\/script>\n<!-- \/ Yoast SEO plugin. -->","seo_head_json":{"title":"\u015eanda \u00cemraliy\u00ea ya DEM Partiy\u00ea \u00eero bi AK Partiy\u00ea re dicive - Darka Maz\u00ee","robots":{"index":"index","follow":"follow","max-snippet":"max-snippet:-1","max-image-preview":"max-image-preview:large","max-video-preview":"max-video-preview:-1"},"canonical":"https:\/\/darkamazi.info\/archives\/1051075","og_locale":"en_US","og_type":"article","og_title":"\u015eanda \u00cemraliy\u00ea ya DEM Partiy\u00ea \u00eero bi AK Partiy\u00ea re dicive - Darka Maz\u00ee","og_description":"\u015eanda \u00cemraliy\u00ea ya Partiya Wekhev\u00ee \u00fb Demokrasiy\u00ea ya Gelan (DEM Part\u00ee), ji bo got\u00fbb\u00eajkirina qonaxa n\u00fb ya proseya a\u015ftiy\u00ea, \u00eero li Parlamentoya Tirkiyey\u00ea dest bi gera hevd\u00eetinan dike. Li gor\u00ee bernamey\u00ea, \u015fanda DEM Partiy\u00ea d\u00ea \u00eero 20\u00ea Ber\u00e7iley\u00ea li demjim\u00ear 14:00, li Parlamentoya Tirkiyey\u00ea ligel Fraksiyona Partiya Dad \u00fb Ge\u015fep\u00eadan\u00ea (AK Part\u00ee) bicive. T\u00ea \u00e7aver\u00eakirin [&hellip;]","og_url":"https:\/\/darkamazi.info\/archives\/1051075","og_site_name":"Darka Maz\u00ee","article_publisher":"https:\/\/www.facebook.com\/DarMaziKurmanci","article_published_time":"2025-12-20T09:18:15+00:00","og_image":[{"width":302,"height":167,"url":"https:\/\/darkamazi.info\/file\/2025\/12\/images.jpg","type":"image\/jpeg"}],"author":"darka mazi","twitter_card":"summary_large_image","twitter_creator":"@DarkaMaziLatini","twitter_site":"@DarkaMaziLatini","twitter_misc":{"Written by":"darka mazi","Est. reading time":"2 minutes"},"schema":{"@context":"https:\/\/schema.org","@graph":[{"@type":"Article","@id":"https:\/\/darkamazi.info\/archives\/1051075#article","isPartOf":{"@id":"https:\/\/darkamazi.info\/archives\/1051075"},"author":{"name":"darka mazi","@id":"https:\/\/darkamazi.info\/#\/schema\/person\/5ad3e24553a0567993fa8ed4bd0a776c"},"headline":"\u015eanda \u00cemraliy\u00ea ya DEM Partiy\u00ea \u00eero bi AK Partiy\u00ea re dicive","datePublished":"2025-12-20T09:18:15+00:00","mainEntityOfPage":{"@id":"https:\/\/darkamazi.info\/archives\/1051075"},"wordCount":243,"publisher":{"@id":"https:\/\/darkamazi.info\/#organization"},"image":{"@id":"https:\/\/darkamazi.info\/archives\/1051075#primaryimage"},"thumbnailUrl":"https:\/\/darkamazi.info\/file\/2025\/12\/images.jpg","keywords":["sereke"],"articleSection":["Kurdistan"],"inLanguage":"en-US"},{"@type":"WebPage","@id":"https:\/\/darkamazi.info\/archives\/1051075","url":"https:\/\/darkamazi.info\/archives\/1051075","name":"\u015eanda \u00cemraliy\u00ea ya DEM Partiy\u00ea \u00eero bi AK Partiy\u00ea re dicive - Darka Maz\u00ee","isPartOf":{"@id":"https:\/\/darkamazi.info\/#website"},"primaryImageOfPage":{"@id":"https:\/\/darkamazi.info\/archives\/1051075#primaryimage"},"image":{"@id":"https:\/\/darkamazi.info\/archives\/1051075#primaryimage"},"thumbnailUrl":"https:\/\/darkamazi.info\/file\/2025\/12\/images.jpg","datePublished":"2025-12-20T09:18:15+00:00","breadcrumb":{"@id":"https:\/\/darkamazi.info\/archives\/1051075#breadcrumb"},"inLanguage":"en-US","potentialAction":[{"@type":"ReadAction","target":["https:\/\/darkamazi.info\/archives\/1051075"]}]},{"@type":"ImageObject","inLanguage":"en-US","@id":"https:\/\/darkamazi.info\/archives\/1051075#primaryimage","url":"https:\/\/darkamazi.info\/file\/2025\/12\/images.jpg","contentUrl":"https:\/\/darkamazi.info\/file\/2025\/12\/images.jpg","width":302,"height":167,"caption":"\u015eanda \u00cemraliy\u00ea ya DEM Partiy\u00ea \u00eero bi AK Partiy\u00ea re dicive"},{"@type":"BreadcrumbList","@id":"https:\/\/darkamazi.info\/archives\/1051075#breadcrumb","itemListElement":[{"@type":"ListItem","position":1,"name":"Home","item":"https:\/\/darkamazi.info\/"},{"@type":"ListItem","position":2,"name":"\u015eanda \u00cemraliy\u00ea ya DEM Partiy\u00ea \u00eero bi AK Partiy\u00ea re dicive"}]},{"@type":"WebSite","@id":"https:\/\/darkamazi.info\/#website","url":"https:\/\/darkamazi.info\/","name":"Darka Maz\u00ee","description":"P\u00eageha Zanyariy\u00ean Nebih\u00eest\u00ee","publisher":{"@id":"https:\/\/darkamazi.info\/#organization"},"potentialAction":[{"@type":"SearchAction","target":{"@type":"EntryPoint","urlTemplate":"https:\/\/darkamazi.info\/?s={search_term_string}"},"query-input":{"@type":"PropertyValueSpecification","valueRequired":true,"valueName":"search_term_string"}}],"inLanguage":"en-US"},{"@type":"Organization","@id":"https:\/\/darkamazi.info\/#organization","name":"Darka Maz\u00ee","url":"https:\/\/darkamazi.info\/","logo":{"@type":"ImageObject","inLanguage":"en-US","@id":"https:\/\/darkamazi.info\/#\/schema\/logo\/image\/","url":"https:\/\/darkamazi.info\/file\/2017\/12\/darka-mazi-logo.png","contentUrl":"https:\/\/darkamazi.info\/file\/2017\/12\/darka-mazi-logo.png","width":151,"height":75,"caption":"Darka Maz\u00ee"},"image":{"@id":"https:\/\/darkamazi.info\/#\/schema\/logo\/image\/"},"sameAs":["https:\/\/www.facebook.com\/DarMaziKurmanci","https:\/\/x.com\/DarkaMaziLatini","https:\/\/www.instagram.com\/darkamazi.kurmanci\/","https:\/\/www.youtube.com\/channel\/UCa5HkTdmI8U1qCUFuTw8B2g"]},{"@type":"Person","@id":"https:\/\/darkamazi.info\/#\/schema\/person\/5ad3e24553a0567993fa8ed4bd0a776c","name":"darka mazi","sameAs":["https:\/\/darkamazi.info\/"],"url":"https:\/\/darkamazi.info\/archives\/author\/kurdi"}]}},"_links":{"self":[{"href":"https:\/\/darkamazi.info\/funavuv\/wp\/v2\/posts\/1051075","targetHints":{"allow":["GET"]}}],"collection":[{"href":"https:\/\/darkamazi.info\/funavuv\/wp\/v2\/posts"}],"about":[{"href":"https:\/\/darkamazi.info\/funavuv\/wp\/v2\/types\/post"}],"author":[{"embeddable":true,"href":"https:\/\/darkamazi.info\/funavuv\/wp\/v2\/users\/2"}],"replies":[{"embeddable":true,"href":"https:\/\/darkamazi.info\/funavuv\/wp\/v2\/comments?post=1051075"}],"version-history":[{"count":0,"href":"https:\/\/darkamazi.info\/funavuv\/wp\/v2\/posts\/1051075\/revisions"}],"wp:featuredmedia":[{"embeddable":true,"href":"https:\/\/darkamazi.info\/funavuv\/wp\/v2\/media\/1051076"}],"wp:attachment":[{"href":"https:\/\/darkamazi.info\/funavuv\/wp\/v2\/media?parent=1051075"}],"wp:term":[{"taxonomy":"category","embeddable":true,"href":"https:\/\/darkamazi.info\/funavuv\/wp\/v2\/categories?post=1051075"},{"taxonomy":"post_tag","embeddable":true,"href":"https:\/\/darkamazi.info\/funavuv\/wp\/v2\/tags?post=1051075"}],"curies":[{"name":"wp","href":"https:\/\/api.w.org\/{rel}","templated":true}]}}