{"id":1051078,"date":"2025-12-20T16:41:12","date_gmt":"2025-12-20T13:41:12","guid":{"rendered":"https:\/\/darkamazi.info\/?p=1051078"},"modified":"2025-12-20T16:41:12","modified_gmt":"2025-12-20T13:41:12","slug":"erisa-li-ser-leyla-zana-erisa-li-ser-jine-nine-erisa-li-ser-milletek-bindest-e","status":"publish","type":"post","link":"https:\/\/darkamazi.info\/archives\/1051078","title":{"rendered":"\u00car\u00ee\u015fa li ser Leyla Zana \u00ear\u00ee\u015fa li ser jin\u00ea n\u00eene, \u00ear\u00ee\u015fa li ser milletek bindest e"},"content":{"rendered":"<h3><span style=\"font-family: 'arial black', sans-serif\">Di p\u00ea\u015fbirka futbol\u00eaya di 17\u00ea Kan\u00fbn\u00ea de di navbera Somaspor \u00fb Bursaspor\u00ea de hatiye encamday\u00een, hinek al\u00eegir\u00ean Bursaspor\u00ea li hember\u00ee siyasetmedara kurd Leyla Zana xanm\u00ea &#8220;dir\u00fb\u015fm\u00ean&#8221; tije \u00e7\u00ear \u00fb heqaret berz kirin, pi\u015ftre di 19\u00ea Kan\u00fbn\u00ea careke din di p\u00ea\u015fbirka Sariyer \u00fb Ankaraspor\u00ea de al\u00eegir\u00ean ankaraspor\u00ea ev dir\u00fb\u015fm\u00ean ne li r\u00eaz\u00ea li dij\u00ee leyla zana dubare kirin.<\/span><\/h3>\n<h3>Ti\u015fta ec\u00eab eve ku di roja yekem de bi ti awa \u00e7apemeniya PKK\u2019\u00ea li ser v\u00ea mijar\u00ea nesekin\u00ee \u00fb ti n\u00fb\u00e7eyek di v\u00ea derbar\u00ea de newe\u015fand, pi\u015ft\u00ee ku ev yek di sosyal medyay\u00ea de b\u00fby\u00ee rojev \u00fb kurdan neraz\u00eeb\u00fbna xwe n\u00ee\u015fan day ji n\u00fb de \u00e7apemeniya PKK\u2019\u00ea ket tevger\u00ea, l\u00ea xwez\u00ee her bi b\u00eadeng\u00ee maba \u00fb ti ti\u015ftek di v\u00ea derbar\u00ea de parve nekiriba, ji ber ku PKK\u2019e dixwaze \u00ear\u00ee\u015fa li ser Leyla Zana \u00e7\u00eab\u00fby bi ten\u00ea weke \u00ear\u00ee\u015fa li ser jin\u00ea hatiye kirin n\u00ee\u015fan bide, l\u00ea di rastiya xwe de \u00ear\u00ee\u015fa \u00e7\u00eab\u00fby \u00ear\u00ee\u015fa li ser tevahiya kurdan b\u00fbye.<\/h3>\n<h3>Ji ber ku ti\u015ft\u00ea ku li stadyuma futbol\u00ea li dij\u00ee Leyla Zana qewim\u00ee ne &#8220;b\u00ea\u00e7andiya tema\u015fevanan&#8221; nej\u00ee &#8220;heyecana demk\u00ee&#8221; b\u00fb; belku ew deng\u00ea ferm\u00eey\u00ea fa\u015f\u00eezma Tirk b\u00fb ku ji werz\u00ee\u015f\u00ea derket. Stadyum ten\u00ea cih\u00ea r\u00fbdana b\u00fbyer\u00ea ye, s\u00fbc\u00ea rast\u00een di w\u00ea z\u00eehinyet\u00ea deye ku nefreta li dij\u00ee kurdan, jinan \u00fb azadiy\u00ea rewa dike \u00fb bi serbilind\u00ee diq\u00eere.<\/h3>\n<h3>\u00car\u00ee\u015fa li ser Leyla Zana ne \u00ear\u00ee\u015fa li ser jinek\u00ea yan navek\u00eeye; ew \u00ear\u00ee\u015fek li ser d\u00eeroka berxwedan\u00ea, zimanek\u00ea bindestkir\u00ee \u00fb la\u015f\u00ea jin\u00eaye ku ew w\u00earek\u00ee heb\u00fbye ser\u00ea xwe li hember fa\u015f\u00eezma Tirkan netew\u00eene. Ev nefret ne tesaduf\u00eeye; ew berhema sal\u00ean \u00eenkar, zindan, r\u00fbre\u015fkirin \u00fb derew\u00ean dewlet\u00eaye. Y\u00ean ku \u00eero van dir\u00fb\u015fman diq\u00eern duh girt\u00eegeh ava dikirin \u00fb sibe d\u00eesa d\u00ea dest bi ku\u015ftin\u00ean fa\u00eel nediyar bikin.<\/h3>\n<h3>B\u00eadengiya saziyan, daxuyaniy\u00ean b\u00eaxem \u00fb jest\u00ean exlaq\u00ee hevkariyeke e\u015fkere ya v\u00ea s\u00fbc\u00ea ne. Nefreta ku b\u00eaceza dim\u00eene z\u00eade dibe.<\/h3>\n<h3>Ji ber ku h\u00een Leyla Zana saxe, ji ber ku ew h\u00een semboleke, ji ber ku ew h\u00een nehatiye t\u00eakbirin, hate hedefgirtin.<\/h3>\n<h3>Ev ne ten\u00ea heqareta li dij\u00ee Leyla Zanay\u00ea b\u00fb; ew \u00eelankirina \u015ferek\u00ee li dij\u00ee r\u00fbmeta mirovahiy\u00ea b\u00fb \u00fb her kes\u00ea ku dixwaze w\u00ea normal\u00eeze bike \u015fir\u00eeke.<\/h3>\n<h3>Ev \u00ear\u00ee\u015f, \u00eer\u015fa li dij\u00ee Leyla Zanay\u00ea bi ten\u00ea neb\u00fb, \u00ear\u00ee\u015fa li dij\u00ee jin\u00ea j\u00ee neb\u00fb weke PKK\u2019e dib\u00eaje, belku ev \u00ear\u00ee\u015f, \u00ear\u00ee\u015fkirine ser kurdan bi tevah\u00ee b\u00fb di \u015fexs\u00ea Leyla Zana de.<\/h3>\n","protected":false},"excerpt":{"rendered":"<p>Di p\u00ea\u015fbirka futbol\u00eaya di 17\u00ea Kan\u00fbn\u00ea de di navbera Somaspor \u00fb Bursaspor\u00ea de hatiye encamday\u00een, hinek al\u00eegir\u00ean Bursaspor\u00ea li hember\u00ee siyasetmedara kurd Leyla Zana xanm\u00ea &#8220;dir\u00fb\u015fm\u00ean&#8221; tije \u00e7\u00ear \u00fb heqaret berz kirin, pi\u015ftre di 19\u00ea Kan\u00fbn\u00ea careke din di p\u00ea\u015fbirka Sariyer \u00fb Ankaraspor\u00ea de al\u00eegir\u00ean ankaraspor\u00ea ev dir\u00fb\u015fm\u00ean ne li r\u00eaz\u00ea li dij\u00ee leyla zana [&hellip;]<\/p>\n","protected":false},"author":2,"featured_media":1051079,"comment_status":"closed","ping_status":"closed","sticky":false,"template":"","format":"standard","meta":{"footnotes":""},"categories":[29],"tags":[37],"class_list":["post-1051078","post","type-post","status-publish","format-standard","has-post-thumbnail","hentry","category-kurdistan","tag-sereke"],"blocksy_meta":[],"seo_head":"<!-- This site is optimized with the Yoast SEO plugin v27.5 - https:\/\/yoast.com\/product\/yoast-seo-wordpress\/ -->\n<title>\u00car\u00ee\u015fa li ser Leyla Zana \u00ear\u00ee\u015fa li ser jin\u00ea n\u00eene, \u00ear\u00ee\u015fa li ser milletek bindest e - Darka Maz\u00ee<\/title>\n<meta name=\"robots\" content=\"index, follow, max-snippet:-1, max-image-preview:large, max-video-preview:-1\" \/>\n<link rel=\"canonical\" href=\"https:\/\/darkamazi.info\/archives\/1051078\" \/>\n<meta property=\"og:locale\" content=\"en_US\" \/>\n<meta property=\"og:type\" content=\"article\" \/>\n<meta property=\"og:title\" content=\"\u00car\u00ee\u015fa li ser Leyla Zana \u00ear\u00ee\u015fa li ser jin\u00ea n\u00eene, \u00ear\u00ee\u015fa li ser milletek bindest e - Darka Maz\u00ee\" \/>\n<meta property=\"og:description\" content=\"Di p\u00ea\u015fbirka futbol\u00eaya di 17\u00ea Kan\u00fbn\u00ea de di navbera Somaspor \u00fb Bursaspor\u00ea de hatiye encamday\u00een, hinek al\u00eegir\u00ean Bursaspor\u00ea li hember\u00ee siyasetmedara kurd Leyla Zana xanm\u00ea &#8220;dir\u00fb\u015fm\u00ean&#8221; tije \u00e7\u00ear \u00fb heqaret berz kirin, pi\u015ftre di 19\u00ea Kan\u00fbn\u00ea careke din di p\u00ea\u015fbirka Sariyer \u00fb Ankaraspor\u00ea de al\u00eegir\u00ean ankaraspor\u00ea ev dir\u00fb\u015fm\u00ean ne li r\u00eaz\u00ea li dij\u00ee leyla zana [&hellip;]\" \/>\n<meta property=\"og:url\" content=\"https:\/\/darkamazi.info\/archives\/1051078\" \/>\n<meta property=\"og:site_name\" content=\"Darka Maz\u00ee\" \/>\n<meta property=\"article:publisher\" content=\"https:\/\/www.facebook.com\/DarMaziKurmanci\" \/>\n<meta property=\"article:published_time\" content=\"2025-12-20T13:41:12+00:00\" \/>\n<meta property=\"og:image\" content=\"https:\/\/darkamazi.info\/file\/2025\/12\/leyla-zana.jpg\" \/>\n\t<meta property=\"og:image:width\" content=\"900\" \/>\n\t<meta property=\"og:image:height\" content=\"475\" \/>\n\t<meta property=\"og:image:type\" content=\"image\/jpeg\" \/>\n<meta name=\"author\" content=\"darka mazi\" \/>\n<meta name=\"twitter:card\" content=\"summary_large_image\" \/>\n<meta name=\"twitter:creator\" content=\"@DarkaMaziLatini\" \/>\n<meta name=\"twitter:site\" content=\"@DarkaMaziLatini\" \/>\n<meta name=\"twitter:label1\" content=\"Written by\" \/>\n\t<meta name=\"twitter:data1\" content=\"darka mazi\" \/>\n\t<meta name=\"twitter:label2\" content=\"Est. reading time\" \/>\n\t<meta name=\"twitter:data2\" content=\"2 minutes\" \/>\n<script type=\"application\/ld+json\" class=\"seo-schema-graph\">{\"@context\":\"https:\\\/\\\/schema.org\",\"@graph\":[{\"@type\":\"Article\",\"@id\":\"https:\\\/\\\/darkamazi.info\\\/archives\\\/1051078#article\",\"isPartOf\":{\"@id\":\"https:\\\/\\\/darkamazi.info\\\/archives\\\/1051078\"},\"author\":{\"name\":\"darka mazi\",\"@id\":\"https:\\\/\\\/darkamazi.info\\\/#\\\/schema\\\/person\\\/5ad3e24553a0567993fa8ed4bd0a776c\"},\"headline\":\"\u00car\u00ee\u015fa li ser Leyla Zana \u00ear\u00ee\u015fa li ser jin\u00ea n\u00eene, \u00ear\u00ee\u015fa li ser milletek bindest e\",\"datePublished\":\"2025-12-20T13:41:12+00:00\",\"mainEntityOfPage\":{\"@id\":\"https:\\\/\\\/darkamazi.info\\\/archives\\\/1051078\"},\"wordCount\":477,\"publisher\":{\"@id\":\"https:\\\/\\\/darkamazi.info\\\/#organization\"},\"image\":{\"@id\":\"https:\\\/\\\/darkamazi.info\\\/archives\\\/1051078#primaryimage\"},\"thumbnailUrl\":\"https:\\\/\\\/darkamazi.info\\\/darka-content\\\/uploads\\\/2025\\\/12\\\/leyla-zana.jpg\",\"keywords\":[\"sereke\"],\"articleSection\":[\"Kurdistan\"],\"inLanguage\":\"en-US\"},{\"@type\":\"WebPage\",\"@id\":\"https:\\\/\\\/darkamazi.info\\\/archives\\\/1051078\",\"url\":\"https:\\\/\\\/darkamazi.info\\\/archives\\\/1051078\",\"name\":\"\u00car\u00ee\u015fa li ser Leyla Zana \u00ear\u00ee\u015fa li ser jin\u00ea n\u00eene, \u00ear\u00ee\u015fa li ser milletek bindest e - Darka Maz\u00ee\",\"isPartOf\":{\"@id\":\"https:\\\/\\\/darkamazi.info\\\/#website\"},\"primaryImageOfPage\":{\"@id\":\"https:\\\/\\\/darkamazi.info\\\/archives\\\/1051078#primaryimage\"},\"image\":{\"@id\":\"https:\\\/\\\/darkamazi.info\\\/archives\\\/1051078#primaryimage\"},\"thumbnailUrl\":\"https:\\\/\\\/darkamazi.info\\\/darka-content\\\/uploads\\\/2025\\\/12\\\/leyla-zana.jpg\",\"datePublished\":\"2025-12-20T13:41:12+00:00\",\"breadcrumb\":{\"@id\":\"https:\\\/\\\/darkamazi.info\\\/archives\\\/1051078#breadcrumb\"},\"inLanguage\":\"en-US\",\"potentialAction\":[{\"@type\":\"ReadAction\",\"target\":[\"https:\\\/\\\/darkamazi.info\\\/archives\\\/1051078\"]}]},{\"@type\":\"ImageObject\",\"inLanguage\":\"en-US\",\"@id\":\"https:\\\/\\\/darkamazi.info\\\/archives\\\/1051078#primaryimage\",\"url\":\"https:\\\/\\\/darkamazi.info\\\/darka-content\\\/uploads\\\/2025\\\/12\\\/leyla-zana.jpg\",\"contentUrl\":\"https:\\\/\\\/darkamazi.info\\\/darka-content\\\/uploads\\\/2025\\\/12\\\/leyla-zana.jpg\",\"width\":900,\"height\":475,\"caption\":\"\u00car\u00ee\u015fa li ser Leyla Zana \u00ear\u00ee\u015fa li ser jin\u00ea n\u00eene, \u00ear\u00ee\u015fa li ser milletek bindest e\"},{\"@type\":\"BreadcrumbList\",\"@id\":\"https:\\\/\\\/darkamazi.info\\\/archives\\\/1051078#breadcrumb\",\"itemListElement\":[{\"@type\":\"ListItem\",\"position\":1,\"name\":\"Home\",\"item\":\"https:\\\/\\\/darkamazi.info\\\/\"},{\"@type\":\"ListItem\",\"position\":2,\"name\":\"\u00car\u00ee\u015fa li ser Leyla Zana \u00ear\u00ee\u015fa li ser jin\u00ea n\u00eene, \u00ear\u00ee\u015fa li ser milletek bindest e\"}]},{\"@type\":\"WebSite\",\"@id\":\"https:\\\/\\\/darkamazi.info\\\/#website\",\"url\":\"https:\\\/\\\/darkamazi.info\\\/\",\"name\":\"Darka Maz\u00ee\",\"description\":\"P\u00eageha Zanyariy\u00ean Nebih\u00eest\u00ee\",\"publisher\":{\"@id\":\"https:\\\/\\\/darkamazi.info\\\/#organization\"},\"potentialAction\":[{\"@type\":\"SearchAction\",\"target\":{\"@type\":\"EntryPoint\",\"urlTemplate\":\"https:\\\/\\\/darkamazi.info\\\/?s={search_term_string}\"},\"query-input\":{\"@type\":\"PropertyValueSpecification\",\"valueRequired\":true,\"valueName\":\"search_term_string\"}}],\"inLanguage\":\"en-US\"},{\"@type\":\"Organization\",\"@id\":\"https:\\\/\\\/darkamazi.info\\\/#organization\",\"name\":\"Darka Maz\u00ee\",\"url\":\"https:\\\/\\\/darkamazi.info\\\/\",\"logo\":{\"@type\":\"ImageObject\",\"inLanguage\":\"en-US\",\"@id\":\"https:\\\/\\\/darkamazi.info\\\/#\\\/schema\\\/logo\\\/image\\\/\",\"url\":\"https:\\\/\\\/darkamazi.info\\\/darka-content\\\/uploads\\\/2017\\\/12\\\/darka-mazi-logo.png\",\"contentUrl\":\"https:\\\/\\\/darkamazi.info\\\/darka-content\\\/uploads\\\/2017\\\/12\\\/darka-mazi-logo.png\",\"width\":151,\"height\":75,\"caption\":\"Darka Maz\u00ee\"},\"image\":{\"@id\":\"https:\\\/\\\/darkamazi.info\\\/#\\\/schema\\\/logo\\\/image\\\/\"},\"sameAs\":[\"https:\\\/\\\/www.facebook.com\\\/DarMaziKurmanci\",\"https:\\\/\\\/x.com\\\/DarkaMaziLatini\",\"https:\\\/\\\/www.instagram.com\\\/darkamazi.kurmanci\\\/\",\"https:\\\/\\\/www.youtube.com\\\/channel\\\/UCa5HkTdmI8U1qCUFuTw8B2g\"]},{\"@type\":\"Person\",\"@id\":\"https:\\\/\\\/darkamazi.info\\\/#\\\/schema\\\/person\\\/5ad3e24553a0567993fa8ed4bd0a776c\",\"name\":\"darka mazi\",\"sameAs\":[\"https:\\\/\\\/darkamazi.info\\\/\"],\"url\":\"https:\\\/\\\/darkamazi.info\\\/archives\\\/author\\\/kurdi\"}]}<\/script>\n<!-- \/ Yoast SEO plugin. -->","seo_head_json":{"title":"\u00car\u00ee\u015fa li ser Leyla Zana \u00ear\u00ee\u015fa li ser jin\u00ea n\u00eene, \u00ear\u00ee\u015fa li ser milletek bindest e - Darka Maz\u00ee","robots":{"index":"index","follow":"follow","max-snippet":"max-snippet:-1","max-image-preview":"max-image-preview:large","max-video-preview":"max-video-preview:-1"},"canonical":"https:\/\/darkamazi.info\/archives\/1051078","og_locale":"en_US","og_type":"article","og_title":"\u00car\u00ee\u015fa li ser Leyla Zana \u00ear\u00ee\u015fa li ser jin\u00ea n\u00eene, \u00ear\u00ee\u015fa li ser milletek bindest e - Darka Maz\u00ee","og_description":"Di p\u00ea\u015fbirka futbol\u00eaya di 17\u00ea Kan\u00fbn\u00ea de di navbera Somaspor \u00fb Bursaspor\u00ea de hatiye encamday\u00een, hinek al\u00eegir\u00ean Bursaspor\u00ea li hember\u00ee siyasetmedara kurd Leyla Zana xanm\u00ea &#8220;dir\u00fb\u015fm\u00ean&#8221; tije \u00e7\u00ear \u00fb heqaret berz kirin, pi\u015ftre di 19\u00ea Kan\u00fbn\u00ea careke din di p\u00ea\u015fbirka Sariyer \u00fb Ankaraspor\u00ea de al\u00eegir\u00ean ankaraspor\u00ea ev dir\u00fb\u015fm\u00ean ne li r\u00eaz\u00ea li dij\u00ee leyla zana [&hellip;]","og_url":"https:\/\/darkamazi.info\/archives\/1051078","og_site_name":"Darka Maz\u00ee","article_publisher":"https:\/\/www.facebook.com\/DarMaziKurmanci","article_published_time":"2025-12-20T13:41:12+00:00","og_image":[{"width":900,"height":475,"url":"https:\/\/darkamazi.info\/file\/2025\/12\/leyla-zana.jpg","type":"image\/jpeg"}],"author":"darka mazi","twitter_card":"summary_large_image","twitter_creator":"@DarkaMaziLatini","twitter_site":"@DarkaMaziLatini","twitter_misc":{"Written by":"darka mazi","Est. reading time":"2 minutes"},"schema":{"@context":"https:\/\/schema.org","@graph":[{"@type":"Article","@id":"https:\/\/darkamazi.info\/archives\/1051078#article","isPartOf":{"@id":"https:\/\/darkamazi.info\/archives\/1051078"},"author":{"name":"darka mazi","@id":"https:\/\/darkamazi.info\/#\/schema\/person\/5ad3e24553a0567993fa8ed4bd0a776c"},"headline":"\u00car\u00ee\u015fa li ser Leyla Zana \u00ear\u00ee\u015fa li ser jin\u00ea n\u00eene, \u00ear\u00ee\u015fa li ser milletek bindest e","datePublished":"2025-12-20T13:41:12+00:00","mainEntityOfPage":{"@id":"https:\/\/darkamazi.info\/archives\/1051078"},"wordCount":477,"publisher":{"@id":"https:\/\/darkamazi.info\/#organization"},"image":{"@id":"https:\/\/darkamazi.info\/archives\/1051078#primaryimage"},"thumbnailUrl":"https:\/\/darkamazi.info\/file\/2025\/12\/leyla-zana.jpg","keywords":["sereke"],"articleSection":["Kurdistan"],"inLanguage":"en-US"},{"@type":"WebPage","@id":"https:\/\/darkamazi.info\/archives\/1051078","url":"https:\/\/darkamazi.info\/archives\/1051078","name":"\u00car\u00ee\u015fa li ser Leyla Zana \u00ear\u00ee\u015fa li ser jin\u00ea n\u00eene, \u00ear\u00ee\u015fa li ser milletek bindest e - Darka Maz\u00ee","isPartOf":{"@id":"https:\/\/darkamazi.info\/#website"},"primaryImageOfPage":{"@id":"https:\/\/darkamazi.info\/archives\/1051078#primaryimage"},"image":{"@id":"https:\/\/darkamazi.info\/archives\/1051078#primaryimage"},"thumbnailUrl":"https:\/\/darkamazi.info\/file\/2025\/12\/leyla-zana.jpg","datePublished":"2025-12-20T13:41:12+00:00","breadcrumb":{"@id":"https:\/\/darkamazi.info\/archives\/1051078#breadcrumb"},"inLanguage":"en-US","potentialAction":[{"@type":"ReadAction","target":["https:\/\/darkamazi.info\/archives\/1051078"]}]},{"@type":"ImageObject","inLanguage":"en-US","@id":"https:\/\/darkamazi.info\/archives\/1051078#primaryimage","url":"https:\/\/darkamazi.info\/file\/2025\/12\/leyla-zana.jpg","contentUrl":"https:\/\/darkamazi.info\/file\/2025\/12\/leyla-zana.jpg","width":900,"height":475,"caption":"\u00car\u00ee\u015fa li ser Leyla Zana \u00ear\u00ee\u015fa li ser jin\u00ea n\u00eene, \u00ear\u00ee\u015fa li ser milletek bindest e"},{"@type":"BreadcrumbList","@id":"https:\/\/darkamazi.info\/archives\/1051078#breadcrumb","itemListElement":[{"@type":"ListItem","position":1,"name":"Home","item":"https:\/\/darkamazi.info\/"},{"@type":"ListItem","position":2,"name":"\u00car\u00ee\u015fa li ser Leyla Zana \u00ear\u00ee\u015fa li ser jin\u00ea n\u00eene, \u00ear\u00ee\u015fa li ser milletek bindest e"}]},{"@type":"WebSite","@id":"https:\/\/darkamazi.info\/#website","url":"https:\/\/darkamazi.info\/","name":"Darka Maz\u00ee","description":"P\u00eageha Zanyariy\u00ean Nebih\u00eest\u00ee","publisher":{"@id":"https:\/\/darkamazi.info\/#organization"},"potentialAction":[{"@type":"SearchAction","target":{"@type":"EntryPoint","urlTemplate":"https:\/\/darkamazi.info\/?s={search_term_string}"},"query-input":{"@type":"PropertyValueSpecification","valueRequired":true,"valueName":"search_term_string"}}],"inLanguage":"en-US"},{"@type":"Organization","@id":"https:\/\/darkamazi.info\/#organization","name":"Darka Maz\u00ee","url":"https:\/\/darkamazi.info\/","logo":{"@type":"ImageObject","inLanguage":"en-US","@id":"https:\/\/darkamazi.info\/#\/schema\/logo\/image\/","url":"https:\/\/darkamazi.info\/file\/2017\/12\/darka-mazi-logo.png","contentUrl":"https:\/\/darkamazi.info\/file\/2017\/12\/darka-mazi-logo.png","width":151,"height":75,"caption":"Darka Maz\u00ee"},"image":{"@id":"https:\/\/darkamazi.info\/#\/schema\/logo\/image\/"},"sameAs":["https:\/\/www.facebook.com\/DarMaziKurmanci","https:\/\/x.com\/DarkaMaziLatini","https:\/\/www.instagram.com\/darkamazi.kurmanci\/","https:\/\/www.youtube.com\/channel\/UCa5HkTdmI8U1qCUFuTw8B2g"]},{"@type":"Person","@id":"https:\/\/darkamazi.info\/#\/schema\/person\/5ad3e24553a0567993fa8ed4bd0a776c","name":"darka mazi","sameAs":["https:\/\/darkamazi.info\/"],"url":"https:\/\/darkamazi.info\/archives\/author\/kurdi"}]}},"_links":{"self":[{"href":"https:\/\/darkamazi.info\/funavuv\/wp\/v2\/posts\/1051078","targetHints":{"allow":["GET"]}}],"collection":[{"href":"https:\/\/darkamazi.info\/funavuv\/wp\/v2\/posts"}],"about":[{"href":"https:\/\/darkamazi.info\/funavuv\/wp\/v2\/types\/post"}],"author":[{"embeddable":true,"href":"https:\/\/darkamazi.info\/funavuv\/wp\/v2\/users\/2"}],"replies":[{"embeddable":true,"href":"https:\/\/darkamazi.info\/funavuv\/wp\/v2\/comments?post=1051078"}],"version-history":[{"count":0,"href":"https:\/\/darkamazi.info\/funavuv\/wp\/v2\/posts\/1051078\/revisions"}],"wp:featuredmedia":[{"embeddable":true,"href":"https:\/\/darkamazi.info\/funavuv\/wp\/v2\/media\/1051079"}],"wp:attachment":[{"href":"https:\/\/darkamazi.info\/funavuv\/wp\/v2\/media?parent=1051078"}],"wp:term":[{"taxonomy":"category","embeddable":true,"href":"https:\/\/darkamazi.info\/funavuv\/wp\/v2\/categories?post=1051078"},{"taxonomy":"post_tag","embeddable":true,"href":"https:\/\/darkamazi.info\/funavuv\/wp\/v2\/tags?post=1051078"}],"curies":[{"name":"wp","href":"https:\/\/api.w.org\/{rel}","templated":true}]}}