{"id":1051081,"date":"2025-12-20T18:36:13","date_gmt":"2025-12-20T15:36:13","guid":{"rendered":"https:\/\/darkamazi.info\/?p=1051081"},"modified":"2025-12-20T18:36:13","modified_gmt":"2025-12-20T15:36:13","slug":"sandeya-imraliye-serdan-u-hevditinen-me-de-bidominin","status":"publish","type":"post","link":"https:\/\/darkamazi.info\/archives\/1051081","title":{"rendered":"\u015eandeya \u00cemraliy\u00ea: Serdan \u00fb hevd\u00eetin\u00ean me d\u00ea bidom\u00eenin"},"content":{"rendered":"<h3 style=\"text-align: justify\"><span style=\"font-family: 'arial black', sans-serif\">\u015eanda \u00cemraliy\u00ea ya Partiya Wekhev\u00ee \u00fb Demokrasiy\u00eaya gelan (Dem part\u00ee), ji bo got\u00fbb\u00eajkirina qonaxa n\u00fb ya proseya a\u015ftiy\u00ea, \u00eero li parlamentoya Tirkiyey\u00ea serdana \u015fandeya AKP&#8217;\u00ea kir \u00fb ji aliy\u00ea serok\u00ea koma AKP&#8217;\u00ea Abdullah Guler, berdevk\u00ea AKP&#8217;\u00ea Omer \u00c7el\u00eek, serokwek\u00eel\u00ea serok\u00ea gi\u015ft\u00eey\u00ea AKP&#8217;\u00ea Efkan Ala ve hate p\u00ea\u015fwaz\u00eekirin.<\/span><\/h3>\n<h3 style=\"text-align: justify\">Hevd\u00eetina ku saetek \u00fb n\u00eev\u00ea dom kir\u00ee bi awayek\u00ee girt\u00ee \u00fb d\u00fbr ji \u00e7apemeniy\u00ea hat lidarxistin.<\/h3>\n<h3 style=\"text-align: justify\">Di daxuyaniyek\u00ea de pi\u015ft\u00ee hevd\u00eetin\u00ea serok\u00ea koma AKP&#8217;\u00ea Abdullah Guler axiv\u00ee \u00fb diyar kir ku ew spasiya \u015fandeya dem partiy\u00ea dikin \u00fb got: \u201chem\u00fb partiy\u00ean siyas\u00ee rapor\u00ean xwe radest\u00ee kom\u00eesyona meclis\u00ea kirin. Her\u00ee daw\u00ee me j\u00ee rapora xwe tesl\u00eem kir. Li ser v\u00ea yek\u00ea j\u00ee me nirxandin\u00ean berfireh kirin.\u201d<\/h3>\n<h3 style=\"text-align: justify\">Her wiha Perv\u00een Buldan j\u00ee axiv\u00ee \u00fb spasiya \u015fandeya AKP&#8217;\u00ea kir. Buldan an\u00ee ziman ku wan li ser merhaleya p\u00eavajo gehi\u015ftiy\u00ea hevd\u00eetin p\u00eak aniye \u00fb wiha got: \u201cme p\u00ea\u015fniyar\u00ean xwe ji wan re kirin. \u015eandeya AKP&#8217;\u00ea j\u00ee p\u00ea\u015fniyar\u00ean xwe an\u00een ziman. Me gir\u00eengiya v\u00ea yek\u00ea diyar kir; a\u015ft\u00ee b\u00ea hiq\u00fbq nabe. Ji bo w\u00ea j\u00ee merhaleya em gihi\u015ftin\u00ea p\u00eaw\u00eestiya w\u00ea bi zem\u00eena hq\u00fbq\u00ee heye. Em di merheleyeke n\u00fb de ne. Serdan \u00fb hevd\u00eetin\u00ean me d\u00ea bidom\u00eenin. Em\u00ea her tim di nava diyalog\u00ea de bin.\u201d<\/h3>\n<h3 style=\"text-align: justify\">M\u00eethat Sancar j\u00ee diyar kir ku serdan\u00ean \u015fandey\u00ea bo partiy\u00ean siyas\u00ee d\u00ea bidomin. Her wiha diyar kir ku ew\u00ea bi wez\u00eer\u00ea Dad\u00ea \u00fb serok\u00ea meclis\u00ea re hevd\u00eetin\u00ea bikin. Pi\u015ftre j\u00ee w\u00ea bi Erdogan re j\u00ee hevd\u00eetin\u00ea bikin.<\/h3>\n","protected":false},"excerpt":{"rendered":"<p>\u015eanda \u00cemraliy\u00ea ya Partiya Wekhev\u00ee \u00fb Demokrasiy\u00eaya gelan (Dem part\u00ee), ji bo got\u00fbb\u00eajkirina qonaxa n\u00fb ya proseya a\u015ftiy\u00ea, \u00eero li parlamentoya Tirkiyey\u00ea serdana \u015fandeya AKP&#8217;\u00ea kir \u00fb ji aliy\u00ea serok\u00ea koma AKP&#8217;\u00ea Abdullah Guler, berdevk\u00ea AKP&#8217;\u00ea Omer \u00c7el\u00eek, serokwek\u00eel\u00ea serok\u00ea gi\u015ft\u00eey\u00ea AKP&#8217;\u00ea Efkan Ala ve hate p\u00ea\u015fwaz\u00eekirin. Hevd\u00eetina ku saetek \u00fb n\u00eev\u00ea dom kir\u00ee bi [&hellip;]<\/p>\n","protected":false},"author":2,"featured_media":1051082,"comment_status":"closed","ping_status":"closed","sticky":false,"template":"","format":"standard","meta":{"footnotes":""},"categories":[29],"tags":[37],"class_list":["post-1051081","post","type-post","status-publish","format-standard","has-post-thumbnail","hentry","category-kurdistan","tag-sereke"],"blocksy_meta":[],"seo_head":"<!-- This site is optimized with the Yoast SEO plugin v27.5 - https:\/\/yoast.com\/product\/yoast-seo-wordpress\/ -->\n<title>\u015eandeya \u00cemraliy\u00ea: Serdan \u00fb hevd\u00eetin\u00ean me d\u00ea bidom\u00eenin - Darka Maz\u00ee<\/title>\n<meta name=\"robots\" content=\"index, follow, max-snippet:-1, max-image-preview:large, max-video-preview:-1\" \/>\n<link rel=\"canonical\" href=\"https:\/\/darkamazi.info\/archives\/1051081\" \/>\n<meta property=\"og:locale\" content=\"en_US\" \/>\n<meta property=\"og:type\" content=\"article\" \/>\n<meta property=\"og:title\" content=\"\u015eandeya \u00cemraliy\u00ea: Serdan \u00fb hevd\u00eetin\u00ean me d\u00ea bidom\u00eenin - Darka Maz\u00ee\" \/>\n<meta property=\"og:description\" content=\"\u015eanda \u00cemraliy\u00ea ya Partiya Wekhev\u00ee \u00fb Demokrasiy\u00eaya gelan (Dem part\u00ee), ji bo got\u00fbb\u00eajkirina qonaxa n\u00fb ya proseya a\u015ftiy\u00ea, \u00eero li parlamentoya Tirkiyey\u00ea serdana \u015fandeya AKP&#8217;\u00ea kir \u00fb ji aliy\u00ea serok\u00ea koma AKP&#8217;\u00ea Abdullah Guler, berdevk\u00ea AKP&#8217;\u00ea Omer \u00c7el\u00eek, serokwek\u00eel\u00ea serok\u00ea gi\u015ft\u00eey\u00ea AKP&#8217;\u00ea Efkan Ala ve hate p\u00ea\u015fwaz\u00eekirin. Hevd\u00eetina ku saetek \u00fb n\u00eev\u00ea dom kir\u00ee bi [&hellip;]\" \/>\n<meta property=\"og:url\" content=\"https:\/\/darkamazi.info\/archives\/1051081\" \/>\n<meta property=\"og:site_name\" content=\"Darka Maz\u00ee\" \/>\n<meta property=\"article:publisher\" content=\"https:\/\/www.facebook.com\/DarMaziKurmanci\" \/>\n<meta property=\"article:published_time\" content=\"2025-12-20T15:36:13+00:00\" \/>\n<meta property=\"og:image\" content=\"https:\/\/darkamazi.info\/file\/2025\/12\/sandeya-imraliye.jpg\" \/>\n\t<meta property=\"og:image:width\" content=\"900\" \/>\n\t<meta property=\"og:image:height\" content=\"497\" \/>\n\t<meta property=\"og:image:type\" content=\"image\/jpeg\" \/>\n<meta name=\"author\" content=\"darka mazi\" \/>\n<meta name=\"twitter:card\" content=\"summary_large_image\" \/>\n<meta name=\"twitter:creator\" content=\"@DarkaMaziLatini\" \/>\n<meta name=\"twitter:site\" content=\"@DarkaMaziLatini\" \/>\n<meta name=\"twitter:label1\" content=\"Written by\" \/>\n\t<meta name=\"twitter:data1\" content=\"darka mazi\" \/>\n\t<meta name=\"twitter:label2\" content=\"Est. reading time\" \/>\n\t<meta name=\"twitter:data2\" content=\"2 minutes\" \/>\n<script type=\"application\/ld+json\" class=\"seo-schema-graph\">{\"@context\":\"https:\\\/\\\/schema.org\",\"@graph\":[{\"@type\":\"Article\",\"@id\":\"https:\\\/\\\/darkamazi.info\\\/archives\\\/1051081#article\",\"isPartOf\":{\"@id\":\"https:\\\/\\\/darkamazi.info\\\/archives\\\/1051081\"},\"author\":{\"name\":\"darka mazi\",\"@id\":\"https:\\\/\\\/darkamazi.info\\\/#\\\/schema\\\/person\\\/5ad3e24553a0567993fa8ed4bd0a776c\"},\"headline\":\"\u015eandeya \u00cemraliy\u00ea: Serdan \u00fb hevd\u00eetin\u00ean me d\u00ea bidom\u00eenin\",\"datePublished\":\"2025-12-20T15:36:13+00:00\",\"mainEntityOfPage\":{\"@id\":\"https:\\\/\\\/darkamazi.info\\\/archives\\\/1051081\"},\"wordCount\":281,\"publisher\":{\"@id\":\"https:\\\/\\\/darkamazi.info\\\/#organization\"},\"image\":{\"@id\":\"https:\\\/\\\/darkamazi.info\\\/archives\\\/1051081#primaryimage\"},\"thumbnailUrl\":\"https:\\\/\\\/darkamazi.info\\\/darka-content\\\/uploads\\\/2025\\\/12\\\/sandeya-imraliye.jpg\",\"keywords\":[\"sereke\"],\"articleSection\":[\"Kurdistan\"],\"inLanguage\":\"en-US\"},{\"@type\":\"WebPage\",\"@id\":\"https:\\\/\\\/darkamazi.info\\\/archives\\\/1051081\",\"url\":\"https:\\\/\\\/darkamazi.info\\\/archives\\\/1051081\",\"name\":\"\u015eandeya \u00cemraliy\u00ea: Serdan \u00fb hevd\u00eetin\u00ean me d\u00ea bidom\u00eenin - Darka Maz\u00ee\",\"isPartOf\":{\"@id\":\"https:\\\/\\\/darkamazi.info\\\/#website\"},\"primaryImageOfPage\":{\"@id\":\"https:\\\/\\\/darkamazi.info\\\/archives\\\/1051081#primaryimage\"},\"image\":{\"@id\":\"https:\\\/\\\/darkamazi.info\\\/archives\\\/1051081#primaryimage\"},\"thumbnailUrl\":\"https:\\\/\\\/darkamazi.info\\\/darka-content\\\/uploads\\\/2025\\\/12\\\/sandeya-imraliye.jpg\",\"datePublished\":\"2025-12-20T15:36:13+00:00\",\"breadcrumb\":{\"@id\":\"https:\\\/\\\/darkamazi.info\\\/archives\\\/1051081#breadcrumb\"},\"inLanguage\":\"en-US\",\"potentialAction\":[{\"@type\":\"ReadAction\",\"target\":[\"https:\\\/\\\/darkamazi.info\\\/archives\\\/1051081\"]}]},{\"@type\":\"ImageObject\",\"inLanguage\":\"en-US\",\"@id\":\"https:\\\/\\\/darkamazi.info\\\/archives\\\/1051081#primaryimage\",\"url\":\"https:\\\/\\\/darkamazi.info\\\/darka-content\\\/uploads\\\/2025\\\/12\\\/sandeya-imraliye.jpg\",\"contentUrl\":\"https:\\\/\\\/darkamazi.info\\\/darka-content\\\/uploads\\\/2025\\\/12\\\/sandeya-imraliye.jpg\",\"width\":900,\"height\":497,\"caption\":\"\u015eandeya \u00cemraliy\u00ea: Serdan \u00fb hevd\u00eetin\u00ean me d\u00ea bidom\u00eenin\"},{\"@type\":\"BreadcrumbList\",\"@id\":\"https:\\\/\\\/darkamazi.info\\\/archives\\\/1051081#breadcrumb\",\"itemListElement\":[{\"@type\":\"ListItem\",\"position\":1,\"name\":\"Home\",\"item\":\"https:\\\/\\\/darkamazi.info\\\/\"},{\"@type\":\"ListItem\",\"position\":2,\"name\":\"\u015eandeya \u00cemraliy\u00ea: Serdan \u00fb hevd\u00eetin\u00ean me d\u00ea bidom\u00eenin\"}]},{\"@type\":\"WebSite\",\"@id\":\"https:\\\/\\\/darkamazi.info\\\/#website\",\"url\":\"https:\\\/\\\/darkamazi.info\\\/\",\"name\":\"Darka Maz\u00ee\",\"description\":\"P\u00eageha Zanyariy\u00ean Nebih\u00eest\u00ee\",\"publisher\":{\"@id\":\"https:\\\/\\\/darkamazi.info\\\/#organization\"},\"potentialAction\":[{\"@type\":\"SearchAction\",\"target\":{\"@type\":\"EntryPoint\",\"urlTemplate\":\"https:\\\/\\\/darkamazi.info\\\/?s={search_term_string}\"},\"query-input\":{\"@type\":\"PropertyValueSpecification\",\"valueRequired\":true,\"valueName\":\"search_term_string\"}}],\"inLanguage\":\"en-US\"},{\"@type\":\"Organization\",\"@id\":\"https:\\\/\\\/darkamazi.info\\\/#organization\",\"name\":\"Darka Maz\u00ee\",\"url\":\"https:\\\/\\\/darkamazi.info\\\/\",\"logo\":{\"@type\":\"ImageObject\",\"inLanguage\":\"en-US\",\"@id\":\"https:\\\/\\\/darkamazi.info\\\/#\\\/schema\\\/logo\\\/image\\\/\",\"url\":\"https:\\\/\\\/darkamazi.info\\\/darka-content\\\/uploads\\\/2017\\\/12\\\/darka-mazi-logo.png\",\"contentUrl\":\"https:\\\/\\\/darkamazi.info\\\/darka-content\\\/uploads\\\/2017\\\/12\\\/darka-mazi-logo.png\",\"width\":151,\"height\":75,\"caption\":\"Darka Maz\u00ee\"},\"image\":{\"@id\":\"https:\\\/\\\/darkamazi.info\\\/#\\\/schema\\\/logo\\\/image\\\/\"},\"sameAs\":[\"https:\\\/\\\/www.facebook.com\\\/DarMaziKurmanci\",\"https:\\\/\\\/x.com\\\/DarkaMaziLatini\",\"https:\\\/\\\/www.instagram.com\\\/darkamazi.kurmanci\\\/\",\"https:\\\/\\\/www.youtube.com\\\/channel\\\/UCa5HkTdmI8U1qCUFuTw8B2g\"]},{\"@type\":\"Person\",\"@id\":\"https:\\\/\\\/darkamazi.info\\\/#\\\/schema\\\/person\\\/5ad3e24553a0567993fa8ed4bd0a776c\",\"name\":\"darka mazi\",\"sameAs\":[\"https:\\\/\\\/darkamazi.info\\\/\"],\"url\":\"https:\\\/\\\/darkamazi.info\\\/archives\\\/author\\\/kurdi\"}]}<\/script>\n<!-- \/ Yoast SEO plugin. -->","seo_head_json":{"title":"\u015eandeya \u00cemraliy\u00ea: Serdan \u00fb hevd\u00eetin\u00ean me d\u00ea bidom\u00eenin - Darka Maz\u00ee","robots":{"index":"index","follow":"follow","max-snippet":"max-snippet:-1","max-image-preview":"max-image-preview:large","max-video-preview":"max-video-preview:-1"},"canonical":"https:\/\/darkamazi.info\/archives\/1051081","og_locale":"en_US","og_type":"article","og_title":"\u015eandeya \u00cemraliy\u00ea: Serdan \u00fb hevd\u00eetin\u00ean me d\u00ea bidom\u00eenin - Darka Maz\u00ee","og_description":"\u015eanda \u00cemraliy\u00ea ya Partiya Wekhev\u00ee \u00fb Demokrasiy\u00eaya gelan (Dem part\u00ee), ji bo got\u00fbb\u00eajkirina qonaxa n\u00fb ya proseya a\u015ftiy\u00ea, \u00eero li parlamentoya Tirkiyey\u00ea serdana \u015fandeya AKP&#8217;\u00ea kir \u00fb ji aliy\u00ea serok\u00ea koma AKP&#8217;\u00ea Abdullah Guler, berdevk\u00ea AKP&#8217;\u00ea Omer \u00c7el\u00eek, serokwek\u00eel\u00ea serok\u00ea gi\u015ft\u00eey\u00ea AKP&#8217;\u00ea Efkan Ala ve hate p\u00ea\u015fwaz\u00eekirin. Hevd\u00eetina ku saetek \u00fb n\u00eev\u00ea dom kir\u00ee bi [&hellip;]","og_url":"https:\/\/darkamazi.info\/archives\/1051081","og_site_name":"Darka Maz\u00ee","article_publisher":"https:\/\/www.facebook.com\/DarMaziKurmanci","article_published_time":"2025-12-20T15:36:13+00:00","og_image":[{"width":900,"height":497,"url":"https:\/\/darkamazi.info\/file\/2025\/12\/sandeya-imraliye.jpg","type":"image\/jpeg"}],"author":"darka mazi","twitter_card":"summary_large_image","twitter_creator":"@DarkaMaziLatini","twitter_site":"@DarkaMaziLatini","twitter_misc":{"Written by":"darka mazi","Est. reading time":"2 minutes"},"schema":{"@context":"https:\/\/schema.org","@graph":[{"@type":"Article","@id":"https:\/\/darkamazi.info\/archives\/1051081#article","isPartOf":{"@id":"https:\/\/darkamazi.info\/archives\/1051081"},"author":{"name":"darka mazi","@id":"https:\/\/darkamazi.info\/#\/schema\/person\/5ad3e24553a0567993fa8ed4bd0a776c"},"headline":"\u015eandeya \u00cemraliy\u00ea: Serdan \u00fb hevd\u00eetin\u00ean me d\u00ea bidom\u00eenin","datePublished":"2025-12-20T15:36:13+00:00","mainEntityOfPage":{"@id":"https:\/\/darkamazi.info\/archives\/1051081"},"wordCount":281,"publisher":{"@id":"https:\/\/darkamazi.info\/#organization"},"image":{"@id":"https:\/\/darkamazi.info\/archives\/1051081#primaryimage"},"thumbnailUrl":"https:\/\/darkamazi.info\/file\/2025\/12\/sandeya-imraliye.jpg","keywords":["sereke"],"articleSection":["Kurdistan"],"inLanguage":"en-US"},{"@type":"WebPage","@id":"https:\/\/darkamazi.info\/archives\/1051081","url":"https:\/\/darkamazi.info\/archives\/1051081","name":"\u015eandeya \u00cemraliy\u00ea: Serdan \u00fb hevd\u00eetin\u00ean me d\u00ea bidom\u00eenin - Darka Maz\u00ee","isPartOf":{"@id":"https:\/\/darkamazi.info\/#website"},"primaryImageOfPage":{"@id":"https:\/\/darkamazi.info\/archives\/1051081#primaryimage"},"image":{"@id":"https:\/\/darkamazi.info\/archives\/1051081#primaryimage"},"thumbnailUrl":"https:\/\/darkamazi.info\/file\/2025\/12\/sandeya-imraliye.jpg","datePublished":"2025-12-20T15:36:13+00:00","breadcrumb":{"@id":"https:\/\/darkamazi.info\/archives\/1051081#breadcrumb"},"inLanguage":"en-US","potentialAction":[{"@type":"ReadAction","target":["https:\/\/darkamazi.info\/archives\/1051081"]}]},{"@type":"ImageObject","inLanguage":"en-US","@id":"https:\/\/darkamazi.info\/archives\/1051081#primaryimage","url":"https:\/\/darkamazi.info\/file\/2025\/12\/sandeya-imraliye.jpg","contentUrl":"https:\/\/darkamazi.info\/file\/2025\/12\/sandeya-imraliye.jpg","width":900,"height":497,"caption":"\u015eandeya \u00cemraliy\u00ea: Serdan \u00fb hevd\u00eetin\u00ean me d\u00ea bidom\u00eenin"},{"@type":"BreadcrumbList","@id":"https:\/\/darkamazi.info\/archives\/1051081#breadcrumb","itemListElement":[{"@type":"ListItem","position":1,"name":"Home","item":"https:\/\/darkamazi.info\/"},{"@type":"ListItem","position":2,"name":"\u015eandeya \u00cemraliy\u00ea: Serdan \u00fb hevd\u00eetin\u00ean me d\u00ea bidom\u00eenin"}]},{"@type":"WebSite","@id":"https:\/\/darkamazi.info\/#website","url":"https:\/\/darkamazi.info\/","name":"Darka Maz\u00ee","description":"P\u00eageha Zanyariy\u00ean Nebih\u00eest\u00ee","publisher":{"@id":"https:\/\/darkamazi.info\/#organization"},"potentialAction":[{"@type":"SearchAction","target":{"@type":"EntryPoint","urlTemplate":"https:\/\/darkamazi.info\/?s={search_term_string}"},"query-input":{"@type":"PropertyValueSpecification","valueRequired":true,"valueName":"search_term_string"}}],"inLanguage":"en-US"},{"@type":"Organization","@id":"https:\/\/darkamazi.info\/#organization","name":"Darka Maz\u00ee","url":"https:\/\/darkamazi.info\/","logo":{"@type":"ImageObject","inLanguage":"en-US","@id":"https:\/\/darkamazi.info\/#\/schema\/logo\/image\/","url":"https:\/\/darkamazi.info\/file\/2017\/12\/darka-mazi-logo.png","contentUrl":"https:\/\/darkamazi.info\/file\/2017\/12\/darka-mazi-logo.png","width":151,"height":75,"caption":"Darka Maz\u00ee"},"image":{"@id":"https:\/\/darkamazi.info\/#\/schema\/logo\/image\/"},"sameAs":["https:\/\/www.facebook.com\/DarMaziKurmanci","https:\/\/x.com\/DarkaMaziLatini","https:\/\/www.instagram.com\/darkamazi.kurmanci\/","https:\/\/www.youtube.com\/channel\/UCa5HkTdmI8U1qCUFuTw8B2g"]},{"@type":"Person","@id":"https:\/\/darkamazi.info\/#\/schema\/person\/5ad3e24553a0567993fa8ed4bd0a776c","name":"darka mazi","sameAs":["https:\/\/darkamazi.info\/"],"url":"https:\/\/darkamazi.info\/archives\/author\/kurdi"}]}},"_links":{"self":[{"href":"https:\/\/darkamazi.info\/funavuv\/wp\/v2\/posts\/1051081","targetHints":{"allow":["GET"]}}],"collection":[{"href":"https:\/\/darkamazi.info\/funavuv\/wp\/v2\/posts"}],"about":[{"href":"https:\/\/darkamazi.info\/funavuv\/wp\/v2\/types\/post"}],"author":[{"embeddable":true,"href":"https:\/\/darkamazi.info\/funavuv\/wp\/v2\/users\/2"}],"replies":[{"embeddable":true,"href":"https:\/\/darkamazi.info\/funavuv\/wp\/v2\/comments?post=1051081"}],"version-history":[{"count":0,"href":"https:\/\/darkamazi.info\/funavuv\/wp\/v2\/posts\/1051081\/revisions"}],"wp:featuredmedia":[{"embeddable":true,"href":"https:\/\/darkamazi.info\/funavuv\/wp\/v2\/media\/1051082"}],"wp:attachment":[{"href":"https:\/\/darkamazi.info\/funavuv\/wp\/v2\/media?parent=1051081"}],"wp:term":[{"taxonomy":"category","embeddable":true,"href":"https:\/\/darkamazi.info\/funavuv\/wp\/v2\/categories?post=1051081"},{"taxonomy":"post_tag","embeddable":true,"href":"https:\/\/darkamazi.info\/funavuv\/wp\/v2\/tags?post=1051081"}],"curies":[{"name":"wp","href":"https:\/\/api.w.org\/{rel}","templated":true}]}}