{"id":1051085,"date":"2025-12-21T13:28:40","date_gmt":"2025-12-21T10:28:40","guid":{"rendered":"https:\/\/darkamazi.info\/?p=1051085"},"modified":"2025-12-21T13:28:40","modified_gmt":"2025-12-21T10:28:40","slug":"ensarioglu-rexne-li-gotinen-fidan-en-derbare-suriye-de-kirin","status":"publish","type":"post","link":"https:\/\/darkamazi.info\/archives\/1051085","title":{"rendered":"Ensarioglu rexne li gotin\u00ean F\u00eedan \u00ean derbar\u00ea S\u00fbriye de kirin"},"content":{"rendered":"<h3 style=\"text-align: justify\"><span style=\"font-family: 'arial black', sans-serif\">Parlamenter\u00ea AKP\u00ea y\u00ea D\u00eeyarbekir\u00ea Galip Ensario\u011flu got ku, daxuyaniy\u00ean Wez\u00eer\u00ea Derve Hakan Fidan \u00ean derbar\u00ea siyaseta S\u00fbriyey\u00ea de tund b\u00fbn. W\u00ee \u00eedia kir ku gotin\u00ean Fidan li gor\u00ee \u00eeradeya Serok\u00ea AKP\u00ea \u00fb Serokomar Recep Tayyip Erdogan n\u00eenin.<\/span><\/h3>\n<h3 style=\"text-align: justify\">Parlamenter\u00ea AKP\u00ea y\u00ea D\u00eeyarbekir\u00ea Galip Ensario\u011flu di axaftina xwe ya li ser Rudaw TV de li ser p\u00eavajoya a\u015ftiy\u00ea \u00fb xebata kom\u00eesyon\u00ean parlementoy\u00ea daxuyaniy\u00ean rexnegir dan. Ensario\u011flu rexne li daxuyaniy\u00ean Wez\u00eer\u00ea Derve Hakan Fidan \u00ean derbar\u00ea siyaseta S\u00fbriyey\u00ea de girt \u00fb \u00eedia kir ku di van daxuyaniyan de zimanek\u00ee tund heye.<\/h3>\n<h3 style=\"text-align: justify\">Ensarioglu di derbar\u00ea \u00eediay\u00ean nakokiy\u00ean di nav hik\u00fbmet\u00ea de y\u00ean derbar\u00ea siyaseta S\u00fbriyey\u00ea an p\u00eavajoy\u00ea de tekez kir ku di pergala serokatiy\u00ea de, biryara daw\u00ee ya li ser Serokomar Erdogan e.<\/h3>\n<h3 style=\"text-align: justify\">Ensarioglu dema ku raya xwe ya \u015fexs\u00ee diyar kir ku hin daxuyaniy\u00ean tund \u00ean Wez\u00eer\u00ea Derve Hakan Fidan \u00ean derbar\u00ea S\u00fbriyey\u00ea de bi tevah\u00ee li gor\u00ee ruh\u00ea dem\u00ea n\u00eenin, tekez kir ku \u00e7\u00eaker\u00ea siyaset\u00ea y\u00ea rast\u00een Serokomar Erdogan e \u00fb ji ya w\u00ee z\u00eadetir \u00eerade tune ye.<\/h3>\n<h3 style=\"text-align: justify\">Ensar\u00eeoglu got, \u201cTu \u00eerade li ser \u00eeradeya Serokkomar tune. Her \u00e7end hin daxuyan\u00ee dibe ku bi tevah\u00ee ruh\u00ea dem\u00ea n\u00ee\u015fan nedin j\u00ee, gotina daw\u00ee ya Serokkomar e.\u201d<\/h3>\n<h3 style=\"text-align: justify\">F\u00eedan derbar\u00ea rew\u015f \u00fb p\u00eavajoya entegrasyon\u00ea HSD\u00ea nirxandin kir \u00fb got, \u201cB\u00ea guman, em ji leza p\u00eavajoy\u00ea ne raz\u00eene. Em, S\u00fbr\u00eeyey\u00ee \u00fb hin hevkar\u00ean din -ez naxwazim nav\u00ea wan bidim- bi hev re difikirin ku HSD hewl dide b\u00eatir dem\u00ea dir\u00eaj bike. Ez difikirim ku ew ji bo xwe li h\u00eaviya derfet\u00ean din in, dibe ku di \u015fikl\u00ea kr\u00eezeke din a her\u00eam\u00ee de, an j\u00ee dibe ku ji ber pol\u00eet\u00eekay\u00ean berfirehker \u00ean \u00cesra\u00eel\u00ea y\u00ean li hember S\u00fbriyey\u00ea \u00fb dever\u00ean din. Ji ber v\u00ea yek\u00ea, ez difikirim ku ti\u015ft\u00ea ba\u015f ew e ku hevkar\u00ean me y\u00ean Amer\u00eek\u00ee pir ba\u015f dizanin ku ev p\u00eavajo div\u00ea were temam kirin ji ber ku ew ji bo yek\u00eet\u00eeya wel\u00eat pir gir\u00eeng e.\u201d<\/h3>\n","protected":false},"excerpt":{"rendered":"<p>Parlamenter\u00ea AKP\u00ea y\u00ea D\u00eeyarbekir\u00ea Galip Ensario\u011flu got ku, daxuyaniy\u00ean Wez\u00eer\u00ea Derve Hakan Fidan \u00ean derbar\u00ea siyaseta S\u00fbriyey\u00ea de tund b\u00fbn. W\u00ee \u00eedia kir ku gotin\u00ean Fidan li gor\u00ee \u00eeradeya Serok\u00ea AKP\u00ea \u00fb Serokomar Recep Tayyip Erdogan n\u00eenin. Parlamenter\u00ea AKP\u00ea y\u00ea D\u00eeyarbekir\u00ea Galip Ensario\u011flu di axaftina xwe ya li ser Rudaw TV de li ser p\u00eavajoya [&hellip;]<\/p>\n","protected":false},"author":2,"featured_media":1051086,"comment_status":"closed","ping_status":"closed","sticky":false,"template":"","format":"standard","meta":{"footnotes":""},"categories":[29],"tags":[37],"class_list":["post-1051085","post","type-post","status-publish","format-standard","has-post-thumbnail","hentry","category-kurdistan","tag-sereke"],"blocksy_meta":[],"seo_head":"<!-- This site is optimized with the Yoast SEO plugin v27.5 - https:\/\/yoast.com\/product\/yoast-seo-wordpress\/ -->\n<title>Ensarioglu rexne li gotin\u00ean F\u00eedan \u00ean derbar\u00ea S\u00fbriye de kirin - Darka Maz\u00ee<\/title>\n<meta name=\"robots\" content=\"index, follow, max-snippet:-1, max-image-preview:large, max-video-preview:-1\" \/>\n<link rel=\"canonical\" href=\"https:\/\/darkamazi.info\/archives\/1051085\" \/>\n<meta property=\"og:locale\" content=\"en_US\" \/>\n<meta property=\"og:type\" content=\"article\" \/>\n<meta property=\"og:title\" content=\"Ensarioglu rexne li gotin\u00ean F\u00eedan \u00ean derbar\u00ea S\u00fbriye de kirin - Darka Maz\u00ee\" \/>\n<meta property=\"og:description\" content=\"Parlamenter\u00ea AKP\u00ea y\u00ea D\u00eeyarbekir\u00ea Galip Ensario\u011flu got ku, daxuyaniy\u00ean Wez\u00eer\u00ea Derve Hakan Fidan \u00ean derbar\u00ea siyaseta S\u00fbriyey\u00ea de tund b\u00fbn. W\u00ee \u00eedia kir ku gotin\u00ean Fidan li gor\u00ee \u00eeradeya Serok\u00ea AKP\u00ea \u00fb Serokomar Recep Tayyip Erdogan n\u00eenin. Parlamenter\u00ea AKP\u00ea y\u00ea D\u00eeyarbekir\u00ea Galip Ensario\u011flu di axaftina xwe ya li ser Rudaw TV de li ser p\u00eavajoya [&hellip;]\" \/>\n<meta property=\"og:url\" content=\"https:\/\/darkamazi.info\/archives\/1051085\" \/>\n<meta property=\"og:site_name\" content=\"Darka Maz\u00ee\" \/>\n<meta property=\"article:publisher\" content=\"https:\/\/www.facebook.com\/DarMaziKurmanci\" \/>\n<meta property=\"article:published_time\" content=\"2025-12-21T10:28:40+00:00\" \/>\n<meta property=\"og:image\" content=\"https:\/\/darkamazi.info\/file\/2025\/12\/Galip-Ensarioglu.jpg\" \/>\n\t<meta property=\"og:image:width\" content=\"900\" \/>\n\t<meta property=\"og:image:height\" content=\"497\" \/>\n\t<meta property=\"og:image:type\" content=\"image\/jpeg\" \/>\n<meta name=\"author\" content=\"darka mazi\" \/>\n<meta name=\"twitter:card\" content=\"summary_large_image\" \/>\n<meta name=\"twitter:creator\" content=\"@DarkaMaziLatini\" \/>\n<meta name=\"twitter:site\" content=\"@DarkaMaziLatini\" \/>\n<meta name=\"twitter:label1\" content=\"Written by\" \/>\n\t<meta name=\"twitter:data1\" content=\"darka mazi\" \/>\n\t<meta name=\"twitter:label2\" content=\"Est. reading time\" \/>\n\t<meta name=\"twitter:data2\" content=\"2 minutes\" \/>\n<script type=\"application\/ld+json\" class=\"seo-schema-graph\">{\"@context\":\"https:\\\/\\\/schema.org\",\"@graph\":[{\"@type\":\"Article\",\"@id\":\"https:\\\/\\\/darkamazi.info\\\/archives\\\/1051085#article\",\"isPartOf\":{\"@id\":\"https:\\\/\\\/darkamazi.info\\\/archives\\\/1051085\"},\"author\":{\"name\":\"darka mazi\",\"@id\":\"https:\\\/\\\/darkamazi.info\\\/#\\\/schema\\\/person\\\/5ad3e24553a0567993fa8ed4bd0a776c\"},\"headline\":\"Ensarioglu rexne li gotin\u00ean F\u00eedan \u00ean derbar\u00ea S\u00fbriye de kirin\",\"datePublished\":\"2025-12-21T10:28:40+00:00\",\"mainEntityOfPage\":{\"@id\":\"https:\\\/\\\/darkamazi.info\\\/archives\\\/1051085\"},\"wordCount\":377,\"publisher\":{\"@id\":\"https:\\\/\\\/darkamazi.info\\\/#organization\"},\"image\":{\"@id\":\"https:\\\/\\\/darkamazi.info\\\/archives\\\/1051085#primaryimage\"},\"thumbnailUrl\":\"https:\\\/\\\/darkamazi.info\\\/darka-content\\\/uploads\\\/2025\\\/12\\\/Galip-Ensarioglu.jpg\",\"keywords\":[\"sereke\"],\"articleSection\":[\"Kurdistan\"],\"inLanguage\":\"en-US\"},{\"@type\":\"WebPage\",\"@id\":\"https:\\\/\\\/darkamazi.info\\\/archives\\\/1051085\",\"url\":\"https:\\\/\\\/darkamazi.info\\\/archives\\\/1051085\",\"name\":\"Ensarioglu rexne li gotin\u00ean F\u00eedan \u00ean derbar\u00ea S\u00fbriye de kirin - Darka Maz\u00ee\",\"isPartOf\":{\"@id\":\"https:\\\/\\\/darkamazi.info\\\/#website\"},\"primaryImageOfPage\":{\"@id\":\"https:\\\/\\\/darkamazi.info\\\/archives\\\/1051085#primaryimage\"},\"image\":{\"@id\":\"https:\\\/\\\/darkamazi.info\\\/archives\\\/1051085#primaryimage\"},\"thumbnailUrl\":\"https:\\\/\\\/darkamazi.info\\\/darka-content\\\/uploads\\\/2025\\\/12\\\/Galip-Ensarioglu.jpg\",\"datePublished\":\"2025-12-21T10:28:40+00:00\",\"breadcrumb\":{\"@id\":\"https:\\\/\\\/darkamazi.info\\\/archives\\\/1051085#breadcrumb\"},\"inLanguage\":\"en-US\",\"potentialAction\":[{\"@type\":\"ReadAction\",\"target\":[\"https:\\\/\\\/darkamazi.info\\\/archives\\\/1051085\"]}]},{\"@type\":\"ImageObject\",\"inLanguage\":\"en-US\",\"@id\":\"https:\\\/\\\/darkamazi.info\\\/archives\\\/1051085#primaryimage\",\"url\":\"https:\\\/\\\/darkamazi.info\\\/darka-content\\\/uploads\\\/2025\\\/12\\\/Galip-Ensarioglu.jpg\",\"contentUrl\":\"https:\\\/\\\/darkamazi.info\\\/darka-content\\\/uploads\\\/2025\\\/12\\\/Galip-Ensarioglu.jpg\",\"width\":900,\"height\":497,\"caption\":\"Ensarioglu rexne li gotin\u00ean F\u00eedan \u00ean derbar\u00ea S\u00fbriye de kirin\"},{\"@type\":\"BreadcrumbList\",\"@id\":\"https:\\\/\\\/darkamazi.info\\\/archives\\\/1051085#breadcrumb\",\"itemListElement\":[{\"@type\":\"ListItem\",\"position\":1,\"name\":\"Home\",\"item\":\"https:\\\/\\\/darkamazi.info\\\/\"},{\"@type\":\"ListItem\",\"position\":2,\"name\":\"Ensarioglu rexne li gotin\u00ean F\u00eedan \u00ean derbar\u00ea S\u00fbriye de kirin\"}]},{\"@type\":\"WebSite\",\"@id\":\"https:\\\/\\\/darkamazi.info\\\/#website\",\"url\":\"https:\\\/\\\/darkamazi.info\\\/\",\"name\":\"Darka Maz\u00ee\",\"description\":\"P\u00eageha Zanyariy\u00ean Nebih\u00eest\u00ee\",\"publisher\":{\"@id\":\"https:\\\/\\\/darkamazi.info\\\/#organization\"},\"potentialAction\":[{\"@type\":\"SearchAction\",\"target\":{\"@type\":\"EntryPoint\",\"urlTemplate\":\"https:\\\/\\\/darkamazi.info\\\/?s={search_term_string}\"},\"query-input\":{\"@type\":\"PropertyValueSpecification\",\"valueRequired\":true,\"valueName\":\"search_term_string\"}}],\"inLanguage\":\"en-US\"},{\"@type\":\"Organization\",\"@id\":\"https:\\\/\\\/darkamazi.info\\\/#organization\",\"name\":\"Darka Maz\u00ee\",\"url\":\"https:\\\/\\\/darkamazi.info\\\/\",\"logo\":{\"@type\":\"ImageObject\",\"inLanguage\":\"en-US\",\"@id\":\"https:\\\/\\\/darkamazi.info\\\/#\\\/schema\\\/logo\\\/image\\\/\",\"url\":\"https:\\\/\\\/darkamazi.info\\\/darka-content\\\/uploads\\\/2017\\\/12\\\/darka-mazi-logo.png\",\"contentUrl\":\"https:\\\/\\\/darkamazi.info\\\/darka-content\\\/uploads\\\/2017\\\/12\\\/darka-mazi-logo.png\",\"width\":151,\"height\":75,\"caption\":\"Darka Maz\u00ee\"},\"image\":{\"@id\":\"https:\\\/\\\/darkamazi.info\\\/#\\\/schema\\\/logo\\\/image\\\/\"},\"sameAs\":[\"https:\\\/\\\/www.facebook.com\\\/DarMaziKurmanci\",\"https:\\\/\\\/x.com\\\/DarkaMaziLatini\",\"https:\\\/\\\/www.instagram.com\\\/darkamazi.kurmanci\\\/\",\"https:\\\/\\\/www.youtube.com\\\/channel\\\/UCa5HkTdmI8U1qCUFuTw8B2g\"]},{\"@type\":\"Person\",\"@id\":\"https:\\\/\\\/darkamazi.info\\\/#\\\/schema\\\/person\\\/5ad3e24553a0567993fa8ed4bd0a776c\",\"name\":\"darka mazi\",\"sameAs\":[\"https:\\\/\\\/darkamazi.info\\\/\"],\"url\":\"https:\\\/\\\/darkamazi.info\\\/archives\\\/author\\\/kurdi\"}]}<\/script>\n<!-- \/ Yoast SEO plugin. -->","seo_head_json":{"title":"Ensarioglu rexne li gotin\u00ean F\u00eedan \u00ean derbar\u00ea S\u00fbriye de kirin - Darka Maz\u00ee","robots":{"index":"index","follow":"follow","max-snippet":"max-snippet:-1","max-image-preview":"max-image-preview:large","max-video-preview":"max-video-preview:-1"},"canonical":"https:\/\/darkamazi.info\/archives\/1051085","og_locale":"en_US","og_type":"article","og_title":"Ensarioglu rexne li gotin\u00ean F\u00eedan \u00ean derbar\u00ea S\u00fbriye de kirin - Darka Maz\u00ee","og_description":"Parlamenter\u00ea AKP\u00ea y\u00ea D\u00eeyarbekir\u00ea Galip Ensario\u011flu got ku, daxuyaniy\u00ean Wez\u00eer\u00ea Derve Hakan Fidan \u00ean derbar\u00ea siyaseta S\u00fbriyey\u00ea de tund b\u00fbn. W\u00ee \u00eedia kir ku gotin\u00ean Fidan li gor\u00ee \u00eeradeya Serok\u00ea AKP\u00ea \u00fb Serokomar Recep Tayyip Erdogan n\u00eenin. Parlamenter\u00ea AKP\u00ea y\u00ea D\u00eeyarbekir\u00ea Galip Ensario\u011flu di axaftina xwe ya li ser Rudaw TV de li ser p\u00eavajoya [&hellip;]","og_url":"https:\/\/darkamazi.info\/archives\/1051085","og_site_name":"Darka Maz\u00ee","article_publisher":"https:\/\/www.facebook.com\/DarMaziKurmanci","article_published_time":"2025-12-21T10:28:40+00:00","og_image":[{"width":900,"height":497,"url":"https:\/\/darkamazi.info\/file\/2025\/12\/Galip-Ensarioglu.jpg","type":"image\/jpeg"}],"author":"darka mazi","twitter_card":"summary_large_image","twitter_creator":"@DarkaMaziLatini","twitter_site":"@DarkaMaziLatini","twitter_misc":{"Written by":"darka mazi","Est. reading time":"2 minutes"},"schema":{"@context":"https:\/\/schema.org","@graph":[{"@type":"Article","@id":"https:\/\/darkamazi.info\/archives\/1051085#article","isPartOf":{"@id":"https:\/\/darkamazi.info\/archives\/1051085"},"author":{"name":"darka mazi","@id":"https:\/\/darkamazi.info\/#\/schema\/person\/5ad3e24553a0567993fa8ed4bd0a776c"},"headline":"Ensarioglu rexne li gotin\u00ean F\u00eedan \u00ean derbar\u00ea S\u00fbriye de kirin","datePublished":"2025-12-21T10:28:40+00:00","mainEntityOfPage":{"@id":"https:\/\/darkamazi.info\/archives\/1051085"},"wordCount":377,"publisher":{"@id":"https:\/\/darkamazi.info\/#organization"},"image":{"@id":"https:\/\/darkamazi.info\/archives\/1051085#primaryimage"},"thumbnailUrl":"https:\/\/darkamazi.info\/file\/2025\/12\/Galip-Ensarioglu.jpg","keywords":["sereke"],"articleSection":["Kurdistan"],"inLanguage":"en-US"},{"@type":"WebPage","@id":"https:\/\/darkamazi.info\/archives\/1051085","url":"https:\/\/darkamazi.info\/archives\/1051085","name":"Ensarioglu rexne li gotin\u00ean F\u00eedan \u00ean derbar\u00ea S\u00fbriye de kirin - Darka Maz\u00ee","isPartOf":{"@id":"https:\/\/darkamazi.info\/#website"},"primaryImageOfPage":{"@id":"https:\/\/darkamazi.info\/archives\/1051085#primaryimage"},"image":{"@id":"https:\/\/darkamazi.info\/archives\/1051085#primaryimage"},"thumbnailUrl":"https:\/\/darkamazi.info\/file\/2025\/12\/Galip-Ensarioglu.jpg","datePublished":"2025-12-21T10:28:40+00:00","breadcrumb":{"@id":"https:\/\/darkamazi.info\/archives\/1051085#breadcrumb"},"inLanguage":"en-US","potentialAction":[{"@type":"ReadAction","target":["https:\/\/darkamazi.info\/archives\/1051085"]}]},{"@type":"ImageObject","inLanguage":"en-US","@id":"https:\/\/darkamazi.info\/archives\/1051085#primaryimage","url":"https:\/\/darkamazi.info\/file\/2025\/12\/Galip-Ensarioglu.jpg","contentUrl":"https:\/\/darkamazi.info\/file\/2025\/12\/Galip-Ensarioglu.jpg","width":900,"height":497,"caption":"Ensarioglu rexne li gotin\u00ean F\u00eedan \u00ean derbar\u00ea S\u00fbriye de kirin"},{"@type":"BreadcrumbList","@id":"https:\/\/darkamazi.info\/archives\/1051085#breadcrumb","itemListElement":[{"@type":"ListItem","position":1,"name":"Home","item":"https:\/\/darkamazi.info\/"},{"@type":"ListItem","position":2,"name":"Ensarioglu rexne li gotin\u00ean F\u00eedan \u00ean derbar\u00ea S\u00fbriye de kirin"}]},{"@type":"WebSite","@id":"https:\/\/darkamazi.info\/#website","url":"https:\/\/darkamazi.info\/","name":"Darka Maz\u00ee","description":"P\u00eageha Zanyariy\u00ean Nebih\u00eest\u00ee","publisher":{"@id":"https:\/\/darkamazi.info\/#organization"},"potentialAction":[{"@type":"SearchAction","target":{"@type":"EntryPoint","urlTemplate":"https:\/\/darkamazi.info\/?s={search_term_string}"},"query-input":{"@type":"PropertyValueSpecification","valueRequired":true,"valueName":"search_term_string"}}],"inLanguage":"en-US"},{"@type":"Organization","@id":"https:\/\/darkamazi.info\/#organization","name":"Darka Maz\u00ee","url":"https:\/\/darkamazi.info\/","logo":{"@type":"ImageObject","inLanguage":"en-US","@id":"https:\/\/darkamazi.info\/#\/schema\/logo\/image\/","url":"https:\/\/darkamazi.info\/file\/2017\/12\/darka-mazi-logo.png","contentUrl":"https:\/\/darkamazi.info\/file\/2017\/12\/darka-mazi-logo.png","width":151,"height":75,"caption":"Darka Maz\u00ee"},"image":{"@id":"https:\/\/darkamazi.info\/#\/schema\/logo\/image\/"},"sameAs":["https:\/\/www.facebook.com\/DarMaziKurmanci","https:\/\/x.com\/DarkaMaziLatini","https:\/\/www.instagram.com\/darkamazi.kurmanci\/","https:\/\/www.youtube.com\/channel\/UCa5HkTdmI8U1qCUFuTw8B2g"]},{"@type":"Person","@id":"https:\/\/darkamazi.info\/#\/schema\/person\/5ad3e24553a0567993fa8ed4bd0a776c","name":"darka mazi","sameAs":["https:\/\/darkamazi.info\/"],"url":"https:\/\/darkamazi.info\/archives\/author\/kurdi"}]}},"_links":{"self":[{"href":"https:\/\/darkamazi.info\/funavuv\/wp\/v2\/posts\/1051085","targetHints":{"allow":["GET"]}}],"collection":[{"href":"https:\/\/darkamazi.info\/funavuv\/wp\/v2\/posts"}],"about":[{"href":"https:\/\/darkamazi.info\/funavuv\/wp\/v2\/types\/post"}],"author":[{"embeddable":true,"href":"https:\/\/darkamazi.info\/funavuv\/wp\/v2\/users\/2"}],"replies":[{"embeddable":true,"href":"https:\/\/darkamazi.info\/funavuv\/wp\/v2\/comments?post=1051085"}],"version-history":[{"count":0,"href":"https:\/\/darkamazi.info\/funavuv\/wp\/v2\/posts\/1051085\/revisions"}],"wp:featuredmedia":[{"embeddable":true,"href":"https:\/\/darkamazi.info\/funavuv\/wp\/v2\/media\/1051086"}],"wp:attachment":[{"href":"https:\/\/darkamazi.info\/funavuv\/wp\/v2\/media?parent=1051085"}],"wp:term":[{"taxonomy":"category","embeddable":true,"href":"https:\/\/darkamazi.info\/funavuv\/wp\/v2\/categories?post=1051085"},{"taxonomy":"post_tag","embeddable":true,"href":"https:\/\/darkamazi.info\/funavuv\/wp\/v2\/tags?post=1051085"}],"curies":[{"name":"wp","href":"https:\/\/api.w.org\/{rel}","templated":true}]}}