{"id":1051088,"date":"2025-12-21T13:41:48","date_gmt":"2025-12-21T10:41:48","guid":{"rendered":"https:\/\/darkamazi.info\/?p=1051088"},"modified":"2025-12-21T13:41:48","modified_gmt":"2025-12-21T10:41:48","slug":"mesrur-barzani-u-sisi-tekez-li-ser-pesxistina-veberhenan-u-bazirganiya-duali-kir","status":"publish","type":"post","link":"https:\/\/darkamazi.info\/archives\/1051088","title":{"rendered":"Mesr\u00fbr Barzan\u00ee \u00fb S\u00ees\u00ee tekez li ser p\u00ea\u015fxistina veberh\u00eanan \u00fb bazirganiya dual\u00ee kir"},"content":{"rendered":"<h3 style=\"text-align: justify\"><span style=\"font-family: 'arial black', sans-serif\">Serok\u00ea Hik\u00fbmeta Her\u00eama Kurdistan\u00ea li Qah\u00eerey\u00ea bi Serokkomar\u00ea Misr\u00ea re civiya \u00fb herdu al\u00ee li ser berdewamkirina hevhaneg\u00ee \u00fb hevkariy\u00ea ji bo parastina ewleh\u00ee \u00fb aramiya Her\u00eama Kurdistan\u00ea, Iraq \u00fb dever\u00ea hevner\u00een b\u00fbn.<\/span><\/h3>\n<h3 style=\"text-align: justify\">Serok\u00ea Hik\u00fbmeta Her\u00eama Kurdistan\u00ea Mesr\u00fbr Barzan\u00ee \u00eero (Yek\u015fem, 21.12.2025) li Ko\u00e7ka Komar\u00ee li Qah\u00eerey\u00ea bi Serokkomar\u00ea Misr\u00ea Ebdilfetah S\u00ees\u00ee re civiya.<\/h3>\n<h3 style=\"text-align: justify\">Li gor\u00ee ragihandina Hik\u00fbmeta Her\u00eama Kurdistan\u00ea, Serokkomar\u00ea Misr\u00ea k\u00eafxwe\u015fiya xwe bi serdana Serokwez\u00eer\u00ea Her\u00eama Kurdistan\u00ea an\u00ee ziman \u00fb amadeb\u00fbna welat\u00ea xwe ji bo p\u00ea\u015fxistina t\u00eakiliy\u00ean dual\u00ee tekez kir.<\/h3>\n<h3 style=\"text-align: justify\">Wek\u00ee ku di w\u00ea ragihandin\u00ea de hatiye gotin, &#8220;Serok\u00ea Hik\u00fbmeta Her\u00eama Kurdistan\u00ea pesn\u00ea rola Misr\u00ea \u00fb Serokkomar S\u00ees\u00ee ji bo \u00e7espandina a\u015ft\u00ee \u00fb aramiya dever\u00ea kir.&#8221;<\/h3>\n<h3 style=\"text-align: justify\">W\u00ea ragihandin\u00ea amaje j\u00ee da ku, di w\u00ea civ\u00een\u00ea de tekez li ser gir\u00eengiya xurtkirina t\u00eakiliy\u00ean di navbera Her\u00eama Kurdistan\u00ea \u00fb Misr\u00ea de di war\u00ean cuda cuda de, bi taybet\u00ee di veberh\u00eanan \u00fb lihevguhertin\u00ean bazirgan\u00ee de hat kirin.<\/h3>\n<h3 style=\"text-align: justify\">Di pareka din a dan\u00fbstandinan de, &#8220;herdu al\u00ee li ser berdewamkirina hevhaneg\u00ee \u00fb hevkariy\u00ea ji bo parastina ewleh\u00ee \u00fb aramiya Her\u00eama Kurdistan\u00ea, Iraq \u00fb dever\u00ea hevner\u00een b\u00fbn.&#8221;<\/h3>\n<h3 style=\"text-align: justify\">Serok\u00ea Hik\u00fbmeta Her\u00eama Kurdistan\u00ea Mesr\u00fbr Barzan\u00ee duh\u00ee (\u015eem\u00ee, 20.12.2025) bi serdaneka ferm\u00ee gih\u00ee\u015ft Qah\u00eereya paytexta Misr\u00ea \u00fb ji aliy\u00ea Wez\u00eer\u00ea Rew\u015fenb\u00eeriy\u00ea Ehmed Fuad Hino \u00fb hejmareka rayedar\u00ean din \u00ean Misr\u00ea ve p\u00ea\u015fwaziya w\u00ee hat kirin.<\/h3>\n","protected":false},"excerpt":{"rendered":"<p>Serok\u00ea Hik\u00fbmeta Her\u00eama Kurdistan\u00ea li Qah\u00eerey\u00ea bi Serokkomar\u00ea Misr\u00ea re civiya \u00fb herdu al\u00ee li ser berdewamkirina hevhaneg\u00ee \u00fb hevkariy\u00ea ji bo parastina ewleh\u00ee \u00fb aramiya Her\u00eama Kurdistan\u00ea, Iraq \u00fb dever\u00ea hevner\u00een b\u00fbn. Serok\u00ea Hik\u00fbmeta Her\u00eama Kurdistan\u00ea Mesr\u00fbr Barzan\u00ee \u00eero (Yek\u015fem, 21.12.2025) li Ko\u00e7ka Komar\u00ee li Qah\u00eerey\u00ea bi Serokkomar\u00ea Misr\u00ea Ebdilfetah S\u00ees\u00ee re civiya. Li [&hellip;]<\/p>\n","protected":false},"author":2,"featured_media":1051089,"comment_status":"closed","ping_status":"closed","sticky":false,"template":"","format":"standard","meta":{"footnotes":""},"categories":[31],"tags":[37],"class_list":["post-1051088","post","type-post","status-publish","format-standard","has-post-thumbnail","hentry","category-rojhelata-navin","tag-sereke"],"blocksy_meta":[],"seo_head":"<!-- This site is optimized with the Yoast SEO plugin v27.5 - https:\/\/yoast.com\/product\/yoast-seo-wordpress\/ -->\n<title>Mesr\u00fbr Barzan\u00ee \u00fb S\u00ees\u00ee tekez li ser p\u00ea\u015fxistina veberh\u00eanan \u00fb bazirganiya dual\u00ee kir - Darka Maz\u00ee<\/title>\n<meta name=\"robots\" content=\"index, follow, max-snippet:-1, max-image-preview:large, max-video-preview:-1\" \/>\n<link rel=\"canonical\" href=\"https:\/\/darkamazi.info\/archives\/1051088\" \/>\n<meta property=\"og:locale\" content=\"en_US\" \/>\n<meta property=\"og:type\" content=\"article\" \/>\n<meta property=\"og:title\" content=\"Mesr\u00fbr Barzan\u00ee \u00fb S\u00ees\u00ee tekez li ser p\u00ea\u015fxistina veberh\u00eanan \u00fb bazirganiya dual\u00ee kir - Darka Maz\u00ee\" \/>\n<meta property=\"og:description\" content=\"Serok\u00ea Hik\u00fbmeta Her\u00eama Kurdistan\u00ea li Qah\u00eerey\u00ea bi Serokkomar\u00ea Misr\u00ea re civiya \u00fb herdu al\u00ee li ser berdewamkirina hevhaneg\u00ee \u00fb hevkariy\u00ea ji bo parastina ewleh\u00ee \u00fb aramiya Her\u00eama Kurdistan\u00ea, Iraq \u00fb dever\u00ea hevner\u00een b\u00fbn. Serok\u00ea Hik\u00fbmeta Her\u00eama Kurdistan\u00ea Mesr\u00fbr Barzan\u00ee \u00eero (Yek\u015fem, 21.12.2025) li Ko\u00e7ka Komar\u00ee li Qah\u00eerey\u00ea bi Serokkomar\u00ea Misr\u00ea Ebdilfetah S\u00ees\u00ee re civiya. Li [&hellip;]\" \/>\n<meta property=\"og:url\" content=\"https:\/\/darkamazi.info\/archives\/1051088\" \/>\n<meta property=\"og:site_name\" content=\"Darka Maz\u00ee\" \/>\n<meta property=\"article:publisher\" content=\"https:\/\/www.facebook.com\/DarMaziKurmanci\" \/>\n<meta property=\"article:published_time\" content=\"2025-12-21T10:41:48+00:00\" \/>\n<meta property=\"og:image\" content=\"https:\/\/darkamazi.info\/file\/2025\/12\/masrur-barzani-ebdulfetah-sisi.jpg\" \/>\n\t<meta property=\"og:image:width\" content=\"900\" \/>\n\t<meta property=\"og:image:height\" content=\"497\" \/>\n\t<meta property=\"og:image:type\" content=\"image\/jpeg\" \/>\n<meta name=\"author\" content=\"darka mazi\" \/>\n<meta name=\"twitter:card\" content=\"summary_large_image\" \/>\n<meta name=\"twitter:creator\" content=\"@DarkaMaziLatini\" \/>\n<meta name=\"twitter:site\" content=\"@DarkaMaziLatini\" \/>\n<meta name=\"twitter:label1\" content=\"Written by\" \/>\n\t<meta name=\"twitter:data1\" content=\"darka mazi\" \/>\n\t<meta name=\"twitter:label2\" content=\"Est. reading time\" \/>\n\t<meta name=\"twitter:data2\" content=\"2 minutes\" \/>\n<script type=\"application\/ld+json\" class=\"seo-schema-graph\">{\"@context\":\"https:\\\/\\\/schema.org\",\"@graph\":[{\"@type\":\"Article\",\"@id\":\"https:\\\/\\\/darkamazi.info\\\/archives\\\/1051088#article\",\"isPartOf\":{\"@id\":\"https:\\\/\\\/darkamazi.info\\\/archives\\\/1051088\"},\"author\":{\"name\":\"darka mazi\",\"@id\":\"https:\\\/\\\/darkamazi.info\\\/#\\\/schema\\\/person\\\/5ad3e24553a0567993fa8ed4bd0a776c\"},\"headline\":\"Mesr\u00fbr Barzan\u00ee \u00fb S\u00ees\u00ee tekez li ser p\u00ea\u015fxistina veberh\u00eanan \u00fb bazirganiya dual\u00ee kir\",\"datePublished\":\"2025-12-21T10:41:48+00:00\",\"mainEntityOfPage\":{\"@id\":\"https:\\\/\\\/darkamazi.info\\\/archives\\\/1051088\"},\"wordCount\":256,\"publisher\":{\"@id\":\"https:\\\/\\\/darkamazi.info\\\/#organization\"},\"image\":{\"@id\":\"https:\\\/\\\/darkamazi.info\\\/archives\\\/1051088#primaryimage\"},\"thumbnailUrl\":\"https:\\\/\\\/darkamazi.info\\\/darka-content\\\/uploads\\\/2025\\\/12\\\/masrur-barzani-ebdulfetah-sisi.jpg\",\"keywords\":[\"sereke\"],\"articleSection\":[\"Rojhelata nav\u00een\"],\"inLanguage\":\"en-US\"},{\"@type\":\"WebPage\",\"@id\":\"https:\\\/\\\/darkamazi.info\\\/archives\\\/1051088\",\"url\":\"https:\\\/\\\/darkamazi.info\\\/archives\\\/1051088\",\"name\":\"Mesr\u00fbr Barzan\u00ee \u00fb S\u00ees\u00ee tekez li ser p\u00ea\u015fxistina veberh\u00eanan \u00fb bazirganiya dual\u00ee kir - Darka Maz\u00ee\",\"isPartOf\":{\"@id\":\"https:\\\/\\\/darkamazi.info\\\/#website\"},\"primaryImageOfPage\":{\"@id\":\"https:\\\/\\\/darkamazi.info\\\/archives\\\/1051088#primaryimage\"},\"image\":{\"@id\":\"https:\\\/\\\/darkamazi.info\\\/archives\\\/1051088#primaryimage\"},\"thumbnailUrl\":\"https:\\\/\\\/darkamazi.info\\\/darka-content\\\/uploads\\\/2025\\\/12\\\/masrur-barzani-ebdulfetah-sisi.jpg\",\"datePublished\":\"2025-12-21T10:41:48+00:00\",\"breadcrumb\":{\"@id\":\"https:\\\/\\\/darkamazi.info\\\/archives\\\/1051088#breadcrumb\"},\"inLanguage\":\"en-US\",\"potentialAction\":[{\"@type\":\"ReadAction\",\"target\":[\"https:\\\/\\\/darkamazi.info\\\/archives\\\/1051088\"]}]},{\"@type\":\"ImageObject\",\"inLanguage\":\"en-US\",\"@id\":\"https:\\\/\\\/darkamazi.info\\\/archives\\\/1051088#primaryimage\",\"url\":\"https:\\\/\\\/darkamazi.info\\\/darka-content\\\/uploads\\\/2025\\\/12\\\/masrur-barzani-ebdulfetah-sisi.jpg\",\"contentUrl\":\"https:\\\/\\\/darkamazi.info\\\/darka-content\\\/uploads\\\/2025\\\/12\\\/masrur-barzani-ebdulfetah-sisi.jpg\",\"width\":900,\"height\":497,\"caption\":\"Mesr\u00fbr Barzan\u00ee \u00fb S\u00ees\u00ee tekez li ser p\u00ea\u015fxistina veberh\u00eanan \u00fb bazirganiya dual\u00ee kir\"},{\"@type\":\"BreadcrumbList\",\"@id\":\"https:\\\/\\\/darkamazi.info\\\/archives\\\/1051088#breadcrumb\",\"itemListElement\":[{\"@type\":\"ListItem\",\"position\":1,\"name\":\"Home\",\"item\":\"https:\\\/\\\/darkamazi.info\\\/\"},{\"@type\":\"ListItem\",\"position\":2,\"name\":\"Mesr\u00fbr Barzan\u00ee \u00fb S\u00ees\u00ee tekez li ser p\u00ea\u015fxistina veberh\u00eanan \u00fb bazirganiya dual\u00ee kir\"}]},{\"@type\":\"WebSite\",\"@id\":\"https:\\\/\\\/darkamazi.info\\\/#website\",\"url\":\"https:\\\/\\\/darkamazi.info\\\/\",\"name\":\"Darka Maz\u00ee\",\"description\":\"P\u00eageha Zanyariy\u00ean Nebih\u00eest\u00ee\",\"publisher\":{\"@id\":\"https:\\\/\\\/darkamazi.info\\\/#organization\"},\"potentialAction\":[{\"@type\":\"SearchAction\",\"target\":{\"@type\":\"EntryPoint\",\"urlTemplate\":\"https:\\\/\\\/darkamazi.info\\\/?s={search_term_string}\"},\"query-input\":{\"@type\":\"PropertyValueSpecification\",\"valueRequired\":true,\"valueName\":\"search_term_string\"}}],\"inLanguage\":\"en-US\"},{\"@type\":\"Organization\",\"@id\":\"https:\\\/\\\/darkamazi.info\\\/#organization\",\"name\":\"Darka Maz\u00ee\",\"url\":\"https:\\\/\\\/darkamazi.info\\\/\",\"logo\":{\"@type\":\"ImageObject\",\"inLanguage\":\"en-US\",\"@id\":\"https:\\\/\\\/darkamazi.info\\\/#\\\/schema\\\/logo\\\/image\\\/\",\"url\":\"https:\\\/\\\/darkamazi.info\\\/darka-content\\\/uploads\\\/2017\\\/12\\\/darka-mazi-logo.png\",\"contentUrl\":\"https:\\\/\\\/darkamazi.info\\\/darka-content\\\/uploads\\\/2017\\\/12\\\/darka-mazi-logo.png\",\"width\":151,\"height\":75,\"caption\":\"Darka Maz\u00ee\"},\"image\":{\"@id\":\"https:\\\/\\\/darkamazi.info\\\/#\\\/schema\\\/logo\\\/image\\\/\"},\"sameAs\":[\"https:\\\/\\\/www.facebook.com\\\/DarMaziKurmanci\",\"https:\\\/\\\/x.com\\\/DarkaMaziLatini\",\"https:\\\/\\\/www.instagram.com\\\/darkamazi.kurmanci\\\/\",\"https:\\\/\\\/www.youtube.com\\\/channel\\\/UCa5HkTdmI8U1qCUFuTw8B2g\"]},{\"@type\":\"Person\",\"@id\":\"https:\\\/\\\/darkamazi.info\\\/#\\\/schema\\\/person\\\/5ad3e24553a0567993fa8ed4bd0a776c\",\"name\":\"darka mazi\",\"sameAs\":[\"https:\\\/\\\/darkamazi.info\\\/\"],\"url\":\"https:\\\/\\\/darkamazi.info\\\/archives\\\/author\\\/kurdi\"}]}<\/script>\n<!-- \/ Yoast SEO plugin. -->","seo_head_json":{"title":"Mesr\u00fbr Barzan\u00ee \u00fb S\u00ees\u00ee tekez li ser p\u00ea\u015fxistina veberh\u00eanan \u00fb bazirganiya dual\u00ee kir - Darka Maz\u00ee","robots":{"index":"index","follow":"follow","max-snippet":"max-snippet:-1","max-image-preview":"max-image-preview:large","max-video-preview":"max-video-preview:-1"},"canonical":"https:\/\/darkamazi.info\/archives\/1051088","og_locale":"en_US","og_type":"article","og_title":"Mesr\u00fbr Barzan\u00ee \u00fb S\u00ees\u00ee tekez li ser p\u00ea\u015fxistina veberh\u00eanan \u00fb bazirganiya dual\u00ee kir - Darka Maz\u00ee","og_description":"Serok\u00ea Hik\u00fbmeta Her\u00eama Kurdistan\u00ea li Qah\u00eerey\u00ea bi Serokkomar\u00ea Misr\u00ea re civiya \u00fb herdu al\u00ee li ser berdewamkirina hevhaneg\u00ee \u00fb hevkariy\u00ea ji bo parastina ewleh\u00ee \u00fb aramiya Her\u00eama Kurdistan\u00ea, Iraq \u00fb dever\u00ea hevner\u00een b\u00fbn. Serok\u00ea Hik\u00fbmeta Her\u00eama Kurdistan\u00ea Mesr\u00fbr Barzan\u00ee \u00eero (Yek\u015fem, 21.12.2025) li Ko\u00e7ka Komar\u00ee li Qah\u00eerey\u00ea bi Serokkomar\u00ea Misr\u00ea Ebdilfetah S\u00ees\u00ee re civiya. Li [&hellip;]","og_url":"https:\/\/darkamazi.info\/archives\/1051088","og_site_name":"Darka Maz\u00ee","article_publisher":"https:\/\/www.facebook.com\/DarMaziKurmanci","article_published_time":"2025-12-21T10:41:48+00:00","og_image":[{"width":900,"height":497,"url":"https:\/\/darkamazi.info\/file\/2025\/12\/masrur-barzani-ebdulfetah-sisi.jpg","type":"image\/jpeg"}],"author":"darka mazi","twitter_card":"summary_large_image","twitter_creator":"@DarkaMaziLatini","twitter_site":"@DarkaMaziLatini","twitter_misc":{"Written by":"darka mazi","Est. reading time":"2 minutes"},"schema":{"@context":"https:\/\/schema.org","@graph":[{"@type":"Article","@id":"https:\/\/darkamazi.info\/archives\/1051088#article","isPartOf":{"@id":"https:\/\/darkamazi.info\/archives\/1051088"},"author":{"name":"darka mazi","@id":"https:\/\/darkamazi.info\/#\/schema\/person\/5ad3e24553a0567993fa8ed4bd0a776c"},"headline":"Mesr\u00fbr Barzan\u00ee \u00fb S\u00ees\u00ee tekez li ser p\u00ea\u015fxistina veberh\u00eanan \u00fb bazirganiya dual\u00ee kir","datePublished":"2025-12-21T10:41:48+00:00","mainEntityOfPage":{"@id":"https:\/\/darkamazi.info\/archives\/1051088"},"wordCount":256,"publisher":{"@id":"https:\/\/darkamazi.info\/#organization"},"image":{"@id":"https:\/\/darkamazi.info\/archives\/1051088#primaryimage"},"thumbnailUrl":"https:\/\/darkamazi.info\/file\/2025\/12\/masrur-barzani-ebdulfetah-sisi.jpg","keywords":["sereke"],"articleSection":["Rojhelata nav\u00een"],"inLanguage":"en-US"},{"@type":"WebPage","@id":"https:\/\/darkamazi.info\/archives\/1051088","url":"https:\/\/darkamazi.info\/archives\/1051088","name":"Mesr\u00fbr Barzan\u00ee \u00fb S\u00ees\u00ee tekez li ser p\u00ea\u015fxistina veberh\u00eanan \u00fb bazirganiya dual\u00ee kir - Darka Maz\u00ee","isPartOf":{"@id":"https:\/\/darkamazi.info\/#website"},"primaryImageOfPage":{"@id":"https:\/\/darkamazi.info\/archives\/1051088#primaryimage"},"image":{"@id":"https:\/\/darkamazi.info\/archives\/1051088#primaryimage"},"thumbnailUrl":"https:\/\/darkamazi.info\/file\/2025\/12\/masrur-barzani-ebdulfetah-sisi.jpg","datePublished":"2025-12-21T10:41:48+00:00","breadcrumb":{"@id":"https:\/\/darkamazi.info\/archives\/1051088#breadcrumb"},"inLanguage":"en-US","potentialAction":[{"@type":"ReadAction","target":["https:\/\/darkamazi.info\/archives\/1051088"]}]},{"@type":"ImageObject","inLanguage":"en-US","@id":"https:\/\/darkamazi.info\/archives\/1051088#primaryimage","url":"https:\/\/darkamazi.info\/file\/2025\/12\/masrur-barzani-ebdulfetah-sisi.jpg","contentUrl":"https:\/\/darkamazi.info\/file\/2025\/12\/masrur-barzani-ebdulfetah-sisi.jpg","width":900,"height":497,"caption":"Mesr\u00fbr Barzan\u00ee \u00fb S\u00ees\u00ee tekez li ser p\u00ea\u015fxistina veberh\u00eanan \u00fb bazirganiya dual\u00ee kir"},{"@type":"BreadcrumbList","@id":"https:\/\/darkamazi.info\/archives\/1051088#breadcrumb","itemListElement":[{"@type":"ListItem","position":1,"name":"Home","item":"https:\/\/darkamazi.info\/"},{"@type":"ListItem","position":2,"name":"Mesr\u00fbr Barzan\u00ee \u00fb S\u00ees\u00ee tekez li ser p\u00ea\u015fxistina veberh\u00eanan \u00fb bazirganiya dual\u00ee kir"}]},{"@type":"WebSite","@id":"https:\/\/darkamazi.info\/#website","url":"https:\/\/darkamazi.info\/","name":"Darka Maz\u00ee","description":"P\u00eageha Zanyariy\u00ean Nebih\u00eest\u00ee","publisher":{"@id":"https:\/\/darkamazi.info\/#organization"},"potentialAction":[{"@type":"SearchAction","target":{"@type":"EntryPoint","urlTemplate":"https:\/\/darkamazi.info\/?s={search_term_string}"},"query-input":{"@type":"PropertyValueSpecification","valueRequired":true,"valueName":"search_term_string"}}],"inLanguage":"en-US"},{"@type":"Organization","@id":"https:\/\/darkamazi.info\/#organization","name":"Darka Maz\u00ee","url":"https:\/\/darkamazi.info\/","logo":{"@type":"ImageObject","inLanguage":"en-US","@id":"https:\/\/darkamazi.info\/#\/schema\/logo\/image\/","url":"https:\/\/darkamazi.info\/file\/2017\/12\/darka-mazi-logo.png","contentUrl":"https:\/\/darkamazi.info\/file\/2017\/12\/darka-mazi-logo.png","width":151,"height":75,"caption":"Darka Maz\u00ee"},"image":{"@id":"https:\/\/darkamazi.info\/#\/schema\/logo\/image\/"},"sameAs":["https:\/\/www.facebook.com\/DarMaziKurmanci","https:\/\/x.com\/DarkaMaziLatini","https:\/\/www.instagram.com\/darkamazi.kurmanci\/","https:\/\/www.youtube.com\/channel\/UCa5HkTdmI8U1qCUFuTw8B2g"]},{"@type":"Person","@id":"https:\/\/darkamazi.info\/#\/schema\/person\/5ad3e24553a0567993fa8ed4bd0a776c","name":"darka mazi","sameAs":["https:\/\/darkamazi.info\/"],"url":"https:\/\/darkamazi.info\/archives\/author\/kurdi"}]}},"_links":{"self":[{"href":"https:\/\/darkamazi.info\/funavuv\/wp\/v2\/posts\/1051088","targetHints":{"allow":["GET"]}}],"collection":[{"href":"https:\/\/darkamazi.info\/funavuv\/wp\/v2\/posts"}],"about":[{"href":"https:\/\/darkamazi.info\/funavuv\/wp\/v2\/types\/post"}],"author":[{"embeddable":true,"href":"https:\/\/darkamazi.info\/funavuv\/wp\/v2\/users\/2"}],"replies":[{"embeddable":true,"href":"https:\/\/darkamazi.info\/funavuv\/wp\/v2\/comments?post=1051088"}],"version-history":[{"count":0,"href":"https:\/\/darkamazi.info\/funavuv\/wp\/v2\/posts\/1051088\/revisions"}],"wp:featuredmedia":[{"embeddable":true,"href":"https:\/\/darkamazi.info\/funavuv\/wp\/v2\/media\/1051089"}],"wp:attachment":[{"href":"https:\/\/darkamazi.info\/funavuv\/wp\/v2\/media?parent=1051088"}],"wp:term":[{"taxonomy":"category","embeddable":true,"href":"https:\/\/darkamazi.info\/funavuv\/wp\/v2\/categories?post=1051088"},{"taxonomy":"post_tag","embeddable":true,"href":"https:\/\/darkamazi.info\/funavuv\/wp\/v2\/tags?post=1051088"}],"curies":[{"name":"wp","href":"https:\/\/api.w.org\/{rel}","templated":true}]}}