{"id":1051092,"date":"2025-12-21T19:10:23","date_gmt":"2025-12-21T16:10:23","guid":{"rendered":"https:\/\/darkamazi.info\/?p=1051092"},"modified":"2025-12-21T19:10:23","modified_gmt":"2025-12-21T16:10:23","slug":"iran-de-ciwaneki-urmiyeyi-idam-bike","status":"publish","type":"post","link":"https:\/\/darkamazi.info\/archives\/1051092","title":{"rendered":"\u00ceran d\u00ea ciwanek\u00ee Urmiyey\u00ee \u00eedam bike"},"content":{"rendered":"<h3><span style=\"font-family: 'arial black', sans-serif\">Dadgeha Bilind a \u00ceran\u00ea biryara Dadgeha \u015eore\u015f\u00ea ya Urmiyey\u00ea ya ji bo \u00eedamkirina M\u00eehrab Ebdullahzade pesend kir.<\/span><\/h3>\n<h3><span style=\"font-family: arial, helvetica, sans-serif\">M\u00eehrab Ebdullahzade ciwanek\u00ee Kurd \u00ea 27 sal\u00ee ye \u00fb ji Urmiyey\u00ea ye ku di xwen\u00ee\u015fandan\u00ean sala 2022yan de hatib\u00fb girtin.<\/span><\/h3>\n<h3><span style=\"font-family: arial, helvetica, sans-serif\">R\u00eaxistin\u00ean maf\u00ean mirovan \u00ean Rojhilat\u00ea Kurdistan\u00ea belav kir ku cezay\u00ea \u00eedamkirina M\u00eehrab Ebdullahzade, ji aliy\u00ea \u015eaxa 9em\u00een a Dadgeha Bilind a \u00ceran\u00ea ve hatiye pi\u015ftrastkirin.<\/span><\/h3>\n<h3><span style=\"font-family: arial, helvetica, sans-serif\">Li gor\u00ee zanyariyan, M\u00eehrab Ebdullahzadey\u00ea ku niha di Girt\u00eegeha Navend\u00ee ya Urmiyey\u00ea de ye, roja p\u00eanc\u015fem\u00ea ji biryar\u00ea hatiye agahdarkirin.<\/span><\/h3>\n<h3><span style=\"font-family: arial, helvetica, sans-serif\">M\u00eehrab Ebdullahzade pay\u00eeza sala 2022yan hatib\u00fb girtin.<\/span><\/h3>\n<h3><span style=\"font-family: arial, helvetica, sans-serif\">Hav\u00eena sala bor\u00ee ji aliy\u00ea \u015eaxa Yekem a Dadgeha \u015eore\u015f\u00ea ya Urmiyey\u00ea ve cezay\u00ea \u00eedam\u00ea l\u00ea hatib\u00fb bir\u00een.<\/span><\/h3>\n<h3><span style=\"font-family: arial, helvetica, sans-serif\">Tohmeta w\u00ee bex\u00eet\u00ee (kes\u00ea ku ji bo r\u00fbxandina Komara \u00ceslam\u00ee ya \u00ceran\u00ea hewl dide) ye, wate endamtiya wan kom\u00ean ku li dij\u00ee hik\u00fbmeta \u00ceslam\u00ee \u00e7alakiy\u00ean bi \u00e7ekan dikin.<\/span><\/h3>\n<h3><span style=\"font-family: arial, helvetica, sans-serif\">M\u00eehrab Ebdullahzade bi ku\u015ftina endamek\u00ee h\u00eaz\u00ean Bes\u00eec\u00ea t\u00ea tohmetbarkirin ku h\u00eazeke ser bi Supaya Pasdaran a \u00ceran\u00ea ve ye.<\/span><\/h3>\n","protected":false},"excerpt":{"rendered":"<p>Dadgeha Bilind a \u00ceran\u00ea biryara Dadgeha \u015eore\u015f\u00ea ya Urmiyey\u00ea ya ji bo \u00eedamkirina M\u00eehrab Ebdullahzade pesend kir. M\u00eehrab Ebdullahzade ciwanek\u00ee Kurd \u00ea 27 sal\u00ee ye \u00fb ji Urmiyey\u00ea ye ku di xwen\u00ee\u015fandan\u00ean sala 2022yan de hatib\u00fb girtin. R\u00eaxistin\u00ean maf\u00ean mirovan \u00ean Rojhilat\u00ea Kurdistan\u00ea belav kir ku cezay\u00ea \u00eedamkirina M\u00eehrab Ebdullahzade, ji aliy\u00ea \u015eaxa 9em\u00een a [&hellip;]<\/p>\n","protected":false},"author":2,"featured_media":1051093,"comment_status":"closed","ping_status":"closed","sticky":false,"template":"","format":"standard","meta":{"footnotes":""},"categories":[29],"tags":[37],"class_list":["post-1051092","post","type-post","status-publish","format-standard","has-post-thumbnail","hentry","category-kurdistan","tag-sereke"],"blocksy_meta":[],"seo_head":"<!-- This site is optimized with the Yoast SEO plugin v27.5 - https:\/\/yoast.com\/product\/yoast-seo-wordpress\/ -->\n<title>\u00ceran d\u00ea ciwanek\u00ee Urmiyey\u00ee \u00eedam bike - Darka Maz\u00ee<\/title>\n<meta name=\"robots\" content=\"index, follow, max-snippet:-1, max-image-preview:large, max-video-preview:-1\" \/>\n<link rel=\"canonical\" href=\"https:\/\/darkamazi.info\/archives\/1051092\" \/>\n<meta property=\"og:locale\" content=\"en_US\" \/>\n<meta property=\"og:type\" content=\"article\" \/>\n<meta property=\"og:title\" content=\"\u00ceran d\u00ea ciwanek\u00ee Urmiyey\u00ee \u00eedam bike - Darka Maz\u00ee\" \/>\n<meta property=\"og:description\" content=\"Dadgeha Bilind a \u00ceran\u00ea biryara Dadgeha \u015eore\u015f\u00ea ya Urmiyey\u00ea ya ji bo \u00eedamkirina M\u00eehrab Ebdullahzade pesend kir. M\u00eehrab Ebdullahzade ciwanek\u00ee Kurd \u00ea 27 sal\u00ee ye \u00fb ji Urmiyey\u00ea ye ku di xwen\u00ee\u015fandan\u00ean sala 2022yan de hatib\u00fb girtin. R\u00eaxistin\u00ean maf\u00ean mirovan \u00ean Rojhilat\u00ea Kurdistan\u00ea belav kir ku cezay\u00ea \u00eedamkirina M\u00eehrab Ebdullahzade, ji aliy\u00ea \u015eaxa 9em\u00een a [&hellip;]\" \/>\n<meta property=\"og:url\" content=\"https:\/\/darkamazi.info\/archives\/1051092\" \/>\n<meta property=\"og:site_name\" content=\"Darka Maz\u00ee\" \/>\n<meta property=\"article:publisher\" content=\"https:\/\/www.facebook.com\/DarMaziKurmanci\" \/>\n<meta property=\"article:published_time\" content=\"2025-12-21T16:10:23+00:00\" \/>\n<meta property=\"og:image\" content=\"https:\/\/darkamazi.info\/file\/2025\/12\/Iran-Ciwan-Kurd-Idam-info.jpg\" \/>\n\t<meta property=\"og:image:width\" content=\"900\" \/>\n\t<meta property=\"og:image:height\" content=\"500\" \/>\n\t<meta property=\"og:image:type\" content=\"image\/jpeg\" \/>\n<meta name=\"author\" content=\"darka mazi\" \/>\n<meta name=\"twitter:card\" content=\"summary_large_image\" \/>\n<meta name=\"twitter:creator\" content=\"@DarkaMaziLatini\" \/>\n<meta name=\"twitter:site\" content=\"@DarkaMaziLatini\" \/>\n<meta name=\"twitter:label1\" content=\"Written by\" \/>\n\t<meta name=\"twitter:data1\" content=\"darka mazi\" \/>\n\t<meta name=\"twitter:label2\" content=\"Est. reading time\" \/>\n\t<meta name=\"twitter:data2\" content=\"1 minute\" \/>\n<script type=\"application\/ld+json\" class=\"seo-schema-graph\">{\"@context\":\"https:\\\/\\\/schema.org\",\"@graph\":[{\"@type\":\"Article\",\"@id\":\"https:\\\/\\\/darkamazi.info\\\/archives\\\/1051092#article\",\"isPartOf\":{\"@id\":\"https:\\\/\\\/darkamazi.info\\\/archives\\\/1051092\"},\"author\":{\"name\":\"darka mazi\",\"@id\":\"https:\\\/\\\/darkamazi.info\\\/#\\\/schema\\\/person\\\/5ad3e24553a0567993fa8ed4bd0a776c\"},\"headline\":\"\u00ceran d\u00ea ciwanek\u00ee Urmiyey\u00ee \u00eedam bike\",\"datePublished\":\"2025-12-21T16:10:23+00:00\",\"mainEntityOfPage\":{\"@id\":\"https:\\\/\\\/darkamazi.info\\\/archives\\\/1051092\"},\"wordCount\":186,\"publisher\":{\"@id\":\"https:\\\/\\\/darkamazi.info\\\/#organization\"},\"image\":{\"@id\":\"https:\\\/\\\/darkamazi.info\\\/archives\\\/1051092#primaryimage\"},\"thumbnailUrl\":\"https:\\\/\\\/darkamazi.info\\\/darka-content\\\/uploads\\\/2025\\\/12\\\/Iran-Ciwan-Kurd-Idam-info.jpg\",\"keywords\":[\"sereke\"],\"articleSection\":[\"Kurdistan\"],\"inLanguage\":\"en-US\"},{\"@type\":\"WebPage\",\"@id\":\"https:\\\/\\\/darkamazi.info\\\/archives\\\/1051092\",\"url\":\"https:\\\/\\\/darkamazi.info\\\/archives\\\/1051092\",\"name\":\"\u00ceran d\u00ea ciwanek\u00ee Urmiyey\u00ee \u00eedam bike - Darka Maz\u00ee\",\"isPartOf\":{\"@id\":\"https:\\\/\\\/darkamazi.info\\\/#website\"},\"primaryImageOfPage\":{\"@id\":\"https:\\\/\\\/darkamazi.info\\\/archives\\\/1051092#primaryimage\"},\"image\":{\"@id\":\"https:\\\/\\\/darkamazi.info\\\/archives\\\/1051092#primaryimage\"},\"thumbnailUrl\":\"https:\\\/\\\/darkamazi.info\\\/darka-content\\\/uploads\\\/2025\\\/12\\\/Iran-Ciwan-Kurd-Idam-info.jpg\",\"datePublished\":\"2025-12-21T16:10:23+00:00\",\"breadcrumb\":{\"@id\":\"https:\\\/\\\/darkamazi.info\\\/archives\\\/1051092#breadcrumb\"},\"inLanguage\":\"en-US\",\"potentialAction\":[{\"@type\":\"ReadAction\",\"target\":[\"https:\\\/\\\/darkamazi.info\\\/archives\\\/1051092\"]}]},{\"@type\":\"ImageObject\",\"inLanguage\":\"en-US\",\"@id\":\"https:\\\/\\\/darkamazi.info\\\/archives\\\/1051092#primaryimage\",\"url\":\"https:\\\/\\\/darkamazi.info\\\/darka-content\\\/uploads\\\/2025\\\/12\\\/Iran-Ciwan-Kurd-Idam-info.jpg\",\"contentUrl\":\"https:\\\/\\\/darkamazi.info\\\/darka-content\\\/uploads\\\/2025\\\/12\\\/Iran-Ciwan-Kurd-Idam-info.jpg\",\"width\":900,\"height\":500,\"caption\":\"Iran-Ciwan-Kurd-Idam-info\"},{\"@type\":\"BreadcrumbList\",\"@id\":\"https:\\\/\\\/darkamazi.info\\\/archives\\\/1051092#breadcrumb\",\"itemListElement\":[{\"@type\":\"ListItem\",\"position\":1,\"name\":\"Home\",\"item\":\"https:\\\/\\\/darkamazi.info\\\/\"},{\"@type\":\"ListItem\",\"position\":2,\"name\":\"\u00ceran d\u00ea ciwanek\u00ee Urmiyey\u00ee \u00eedam bike\"}]},{\"@type\":\"WebSite\",\"@id\":\"https:\\\/\\\/darkamazi.info\\\/#website\",\"url\":\"https:\\\/\\\/darkamazi.info\\\/\",\"name\":\"Darka Maz\u00ee\",\"description\":\"P\u00eageha Zanyariy\u00ean Nebih\u00eest\u00ee\",\"publisher\":{\"@id\":\"https:\\\/\\\/darkamazi.info\\\/#organization\"},\"potentialAction\":[{\"@type\":\"SearchAction\",\"target\":{\"@type\":\"EntryPoint\",\"urlTemplate\":\"https:\\\/\\\/darkamazi.info\\\/?s={search_term_string}\"},\"query-input\":{\"@type\":\"PropertyValueSpecification\",\"valueRequired\":true,\"valueName\":\"search_term_string\"}}],\"inLanguage\":\"en-US\"},{\"@type\":\"Organization\",\"@id\":\"https:\\\/\\\/darkamazi.info\\\/#organization\",\"name\":\"Darka Maz\u00ee\",\"url\":\"https:\\\/\\\/darkamazi.info\\\/\",\"logo\":{\"@type\":\"ImageObject\",\"inLanguage\":\"en-US\",\"@id\":\"https:\\\/\\\/darkamazi.info\\\/#\\\/schema\\\/logo\\\/image\\\/\",\"url\":\"https:\\\/\\\/darkamazi.info\\\/darka-content\\\/uploads\\\/2017\\\/12\\\/darka-mazi-logo.png\",\"contentUrl\":\"https:\\\/\\\/darkamazi.info\\\/darka-content\\\/uploads\\\/2017\\\/12\\\/darka-mazi-logo.png\",\"width\":151,\"height\":75,\"caption\":\"Darka Maz\u00ee\"},\"image\":{\"@id\":\"https:\\\/\\\/darkamazi.info\\\/#\\\/schema\\\/logo\\\/image\\\/\"},\"sameAs\":[\"https:\\\/\\\/www.facebook.com\\\/DarMaziKurmanci\",\"https:\\\/\\\/x.com\\\/DarkaMaziLatini\",\"https:\\\/\\\/www.instagram.com\\\/darkamazi.kurmanci\\\/\",\"https:\\\/\\\/www.youtube.com\\\/channel\\\/UCa5HkTdmI8U1qCUFuTw8B2g\"]},{\"@type\":\"Person\",\"@id\":\"https:\\\/\\\/darkamazi.info\\\/#\\\/schema\\\/person\\\/5ad3e24553a0567993fa8ed4bd0a776c\",\"name\":\"darka mazi\",\"sameAs\":[\"https:\\\/\\\/darkamazi.info\\\/\"],\"url\":\"https:\\\/\\\/darkamazi.info\\\/archives\\\/author\\\/kurdi\"}]}<\/script>\n<!-- \/ Yoast SEO plugin. -->","seo_head_json":{"title":"\u00ceran d\u00ea ciwanek\u00ee Urmiyey\u00ee \u00eedam bike - Darka Maz\u00ee","robots":{"index":"index","follow":"follow","max-snippet":"max-snippet:-1","max-image-preview":"max-image-preview:large","max-video-preview":"max-video-preview:-1"},"canonical":"https:\/\/darkamazi.info\/archives\/1051092","og_locale":"en_US","og_type":"article","og_title":"\u00ceran d\u00ea ciwanek\u00ee Urmiyey\u00ee \u00eedam bike - Darka Maz\u00ee","og_description":"Dadgeha Bilind a \u00ceran\u00ea biryara Dadgeha \u015eore\u015f\u00ea ya Urmiyey\u00ea ya ji bo \u00eedamkirina M\u00eehrab Ebdullahzade pesend kir. M\u00eehrab Ebdullahzade ciwanek\u00ee Kurd \u00ea 27 sal\u00ee ye \u00fb ji Urmiyey\u00ea ye ku di xwen\u00ee\u015fandan\u00ean sala 2022yan de hatib\u00fb girtin. R\u00eaxistin\u00ean maf\u00ean mirovan \u00ean Rojhilat\u00ea Kurdistan\u00ea belav kir ku cezay\u00ea \u00eedamkirina M\u00eehrab Ebdullahzade, ji aliy\u00ea \u015eaxa 9em\u00een a [&hellip;]","og_url":"https:\/\/darkamazi.info\/archives\/1051092","og_site_name":"Darka Maz\u00ee","article_publisher":"https:\/\/www.facebook.com\/DarMaziKurmanci","article_published_time":"2025-12-21T16:10:23+00:00","og_image":[{"width":900,"height":500,"url":"https:\/\/darkamazi.info\/file\/2025\/12\/Iran-Ciwan-Kurd-Idam-info.jpg","type":"image\/jpeg"}],"author":"darka mazi","twitter_card":"summary_large_image","twitter_creator":"@DarkaMaziLatini","twitter_site":"@DarkaMaziLatini","twitter_misc":{"Written by":"darka mazi","Est. reading time":"1 minute"},"schema":{"@context":"https:\/\/schema.org","@graph":[{"@type":"Article","@id":"https:\/\/darkamazi.info\/archives\/1051092#article","isPartOf":{"@id":"https:\/\/darkamazi.info\/archives\/1051092"},"author":{"name":"darka mazi","@id":"https:\/\/darkamazi.info\/#\/schema\/person\/5ad3e24553a0567993fa8ed4bd0a776c"},"headline":"\u00ceran d\u00ea ciwanek\u00ee Urmiyey\u00ee \u00eedam bike","datePublished":"2025-12-21T16:10:23+00:00","mainEntityOfPage":{"@id":"https:\/\/darkamazi.info\/archives\/1051092"},"wordCount":186,"publisher":{"@id":"https:\/\/darkamazi.info\/#organization"},"image":{"@id":"https:\/\/darkamazi.info\/archives\/1051092#primaryimage"},"thumbnailUrl":"https:\/\/darkamazi.info\/file\/2025\/12\/Iran-Ciwan-Kurd-Idam-info.jpg","keywords":["sereke"],"articleSection":["Kurdistan"],"inLanguage":"en-US"},{"@type":"WebPage","@id":"https:\/\/darkamazi.info\/archives\/1051092","url":"https:\/\/darkamazi.info\/archives\/1051092","name":"\u00ceran d\u00ea ciwanek\u00ee Urmiyey\u00ee \u00eedam bike - Darka Maz\u00ee","isPartOf":{"@id":"https:\/\/darkamazi.info\/#website"},"primaryImageOfPage":{"@id":"https:\/\/darkamazi.info\/archives\/1051092#primaryimage"},"image":{"@id":"https:\/\/darkamazi.info\/archives\/1051092#primaryimage"},"thumbnailUrl":"https:\/\/darkamazi.info\/file\/2025\/12\/Iran-Ciwan-Kurd-Idam-info.jpg","datePublished":"2025-12-21T16:10:23+00:00","breadcrumb":{"@id":"https:\/\/darkamazi.info\/archives\/1051092#breadcrumb"},"inLanguage":"en-US","potentialAction":[{"@type":"ReadAction","target":["https:\/\/darkamazi.info\/archives\/1051092"]}]},{"@type":"ImageObject","inLanguage":"en-US","@id":"https:\/\/darkamazi.info\/archives\/1051092#primaryimage","url":"https:\/\/darkamazi.info\/file\/2025\/12\/Iran-Ciwan-Kurd-Idam-info.jpg","contentUrl":"https:\/\/darkamazi.info\/file\/2025\/12\/Iran-Ciwan-Kurd-Idam-info.jpg","width":900,"height":500,"caption":"Iran-Ciwan-Kurd-Idam-info"},{"@type":"BreadcrumbList","@id":"https:\/\/darkamazi.info\/archives\/1051092#breadcrumb","itemListElement":[{"@type":"ListItem","position":1,"name":"Home","item":"https:\/\/darkamazi.info\/"},{"@type":"ListItem","position":2,"name":"\u00ceran d\u00ea ciwanek\u00ee Urmiyey\u00ee \u00eedam bike"}]},{"@type":"WebSite","@id":"https:\/\/darkamazi.info\/#website","url":"https:\/\/darkamazi.info\/","name":"Darka Maz\u00ee","description":"P\u00eageha Zanyariy\u00ean Nebih\u00eest\u00ee","publisher":{"@id":"https:\/\/darkamazi.info\/#organization"},"potentialAction":[{"@type":"SearchAction","target":{"@type":"EntryPoint","urlTemplate":"https:\/\/darkamazi.info\/?s={search_term_string}"},"query-input":{"@type":"PropertyValueSpecification","valueRequired":true,"valueName":"search_term_string"}}],"inLanguage":"en-US"},{"@type":"Organization","@id":"https:\/\/darkamazi.info\/#organization","name":"Darka Maz\u00ee","url":"https:\/\/darkamazi.info\/","logo":{"@type":"ImageObject","inLanguage":"en-US","@id":"https:\/\/darkamazi.info\/#\/schema\/logo\/image\/","url":"https:\/\/darkamazi.info\/file\/2017\/12\/darka-mazi-logo.png","contentUrl":"https:\/\/darkamazi.info\/file\/2017\/12\/darka-mazi-logo.png","width":151,"height":75,"caption":"Darka Maz\u00ee"},"image":{"@id":"https:\/\/darkamazi.info\/#\/schema\/logo\/image\/"},"sameAs":["https:\/\/www.facebook.com\/DarMaziKurmanci","https:\/\/x.com\/DarkaMaziLatini","https:\/\/www.instagram.com\/darkamazi.kurmanci\/","https:\/\/www.youtube.com\/channel\/UCa5HkTdmI8U1qCUFuTw8B2g"]},{"@type":"Person","@id":"https:\/\/darkamazi.info\/#\/schema\/person\/5ad3e24553a0567993fa8ed4bd0a776c","name":"darka mazi","sameAs":["https:\/\/darkamazi.info\/"],"url":"https:\/\/darkamazi.info\/archives\/author\/kurdi"}]}},"_links":{"self":[{"href":"https:\/\/darkamazi.info\/funavuv\/wp\/v2\/posts\/1051092","targetHints":{"allow":["GET"]}}],"collection":[{"href":"https:\/\/darkamazi.info\/funavuv\/wp\/v2\/posts"}],"about":[{"href":"https:\/\/darkamazi.info\/funavuv\/wp\/v2\/types\/post"}],"author":[{"embeddable":true,"href":"https:\/\/darkamazi.info\/funavuv\/wp\/v2\/users\/2"}],"replies":[{"embeddable":true,"href":"https:\/\/darkamazi.info\/funavuv\/wp\/v2\/comments?post=1051092"}],"version-history":[{"count":0,"href":"https:\/\/darkamazi.info\/funavuv\/wp\/v2\/posts\/1051092\/revisions"}],"wp:featuredmedia":[{"embeddable":true,"href":"https:\/\/darkamazi.info\/funavuv\/wp\/v2\/media\/1051093"}],"wp:attachment":[{"href":"https:\/\/darkamazi.info\/funavuv\/wp\/v2\/media?parent=1051092"}],"wp:term":[{"taxonomy":"category","embeddable":true,"href":"https:\/\/darkamazi.info\/funavuv\/wp\/v2\/categories?post=1051092"},{"taxonomy":"post_tag","embeddable":true,"href":"https:\/\/darkamazi.info\/funavuv\/wp\/v2\/tags?post=1051092"}],"curies":[{"name":"wp","href":"https:\/\/api.w.org\/{rel}","templated":true}]}}