{"id":1051095,"date":"2025-12-22T12:40:45","date_gmt":"2025-12-22T09:40:45","guid":{"rendered":"https:\/\/darkamazi.info\/?p=1051095"},"modified":"2025-12-22T12:40:45","modified_gmt":"2025-12-22T09:40:45","slug":"sanda-imraliye-serdanen-xwe-didomine-iro-bi-chp-u-emepe-re-dicive","status":"publish","type":"post","link":"https:\/\/darkamazi.info\/archives\/1051095","title":{"rendered":"\u015eanda \u00cemraliy\u00ea serdan\u00ean xwe didom\u00eene: \u00cero bi CHP \u00fb EMEP\u00ea re dicive"},"content":{"rendered":"<h3 style=\"text-align: justify\"><span style=\"font-family: 'arial black', sans-serif\">\u015eanda \u00cemraliy\u00ea ya Partiya Wekhev\u00ee \u00fb Demokrasiy\u00ea ya Gelan (DEM Part\u00ee), di \u00e7ar\u00e7oveya proseya n\u00fb ya a\u015ftiy\u00ea de, \u00eero li Enqerey\u00ea bi serok\u00ean CHP \u00fb EMEP\u00ea re dicive. Sib\u00ea j\u00ee d\u00ea bi Serok\u00ea Parlamento \u00fb Wez\u00eer\u00ea Dad\u00ea re hevd\u00eetinan p\u00eak b\u00eene.<\/span><\/h3>\n<h3 style=\"text-align: justify\">\u015eanda DEM Partiy\u00ea ku ji Perv\u00een Buldan, M\u00eethat Sancar \u00fb Par\u00eazer Ozgur Erol p\u00eak t\u00ea, gera xwe ya hevd\u00eetinan a bi aliy\u00ean siyas\u00ee \u00fb hik\u00fbm\u00ee re didom\u00eene.<\/h3>\n<h3 style=\"text-align: justify\">Bernameya \u00cero<\/h3>\n<h3 style=\"text-align: justify\">Li gor\u00ee plansaziy\u00ea, \u015fand \u00eero Du\u015fem\u00ea 22\u00ea Ber\u00e7iley\u00ea, demjim\u00ear 12:00\u00ea n\u00eevro bi Serok\u00ea Gi\u015ft\u00ee y\u00ea Partiya Gel a Komar\u00ee (CHP) Ozgur Ozel re dicive.<\/h3>\n<h3 style=\"text-align: justify\">Her wiha biryar e ku demjim\u00ear 16:00 j\u00ee ligel Serok\u00ea Partiya Ked\u00ea (EMEP) Sey\u00eet Aslan bicivin.<\/h3>\n<h3 style=\"text-align: justify\">Bernameya Sibe<\/h3>\n<h3 style=\"text-align: justify\">T\u00ea \u00e7aver\u00eakirin ku \u015fand sib\u00ea S\u00ea\u015fem\u00ea hevd\u00eetin\u00ean xwe bi asteke bilindtir bidom\u00eene. Biryar e endam\u00ean \u015fand\u00ea bi Serok\u00ea Parlamentoya Tirkiyey\u00ea Numan Kurtulmu\u015f \u00fb Wez\u00eer\u00ea Dad\u00ea Yilmaz Tun\u00e7 re bicivin.<\/h3>\n<h3 style=\"text-align: justify\">&#8220;Qonaxa n\u00fb, yasay\u00ean a\u015ftiy\u00ea ye&#8221;<\/h3>\n<h3 style=\"text-align: justify\">Endama \u015eand\u00ea Perv\u00een Buldan p\u00ea\u015ftir diyar kirib\u00fb, ew pi\u015ft\u00ee radestkirina raportan, derbas\u00ee qonaxeke n\u00fb b\u00fbne \u00fb armanca wan a sereke derxistina yasay\u00ean a\u015ftiy\u00ea ye. \u015eand\u00ea ragihandiye ku di qonaxa daw\u00ee ya hevd\u00eetinan de, ew plan dikin bi Serokkomar\u00ea Tirkiyey\u00ea Recep Tayyip Erdogan re j\u00ee bicivin.<\/h3>\n<h3 style=\"text-align: justify\">\u015eanda \u00cemraliy\u00ea beriya niha bi Serok\u00ea DEVAy\u00ea El\u00ee Babacan, Serok\u00ea Partiya P\u00ea\u015feroj\u00ea Ahmet Davutoglu \u00fb Fraksiyona AK Partiy\u00ea re civiyab\u00fb.<\/h3>\n","protected":false},"excerpt":{"rendered":"<p>\u015eanda \u00cemraliy\u00ea ya Partiya Wekhev\u00ee \u00fb Demokrasiy\u00ea ya Gelan (DEM Part\u00ee), di \u00e7ar\u00e7oveya proseya n\u00fb ya a\u015ftiy\u00ea de, \u00eero li Enqerey\u00ea bi serok\u00ean CHP \u00fb EMEP\u00ea re dicive. Sib\u00ea j\u00ee d\u00ea bi Serok\u00ea Parlamento \u00fb Wez\u00eer\u00ea Dad\u00ea re hevd\u00eetinan p\u00eak b\u00eene. \u015eanda DEM Partiy\u00ea ku ji Perv\u00een Buldan, M\u00eethat Sancar \u00fb Par\u00eazer Ozgur Erol p\u00eak [&hellip;]<\/p>\n","protected":false},"author":2,"featured_media":1051096,"comment_status":"closed","ping_status":"closed","sticky":false,"template":"","format":"standard","meta":{"footnotes":""},"categories":[29],"tags":[37],"class_list":["post-1051095","post","type-post","status-publish","format-standard","has-post-thumbnail","hentry","category-kurdistan","tag-sereke"],"blocksy_meta":[],"seo_head":"<!-- This site is optimized with the Yoast SEO plugin v27.5 - https:\/\/yoast.com\/product\/yoast-seo-wordpress\/ -->\n<title>\u015eanda \u00cemraliy\u00ea serdan\u00ean xwe didom\u00eene: \u00cero bi CHP \u00fb EMEP\u00ea re dicive - Darka Maz\u00ee<\/title>\n<meta name=\"robots\" content=\"index, follow, max-snippet:-1, max-image-preview:large, max-video-preview:-1\" \/>\n<link rel=\"canonical\" href=\"https:\/\/darkamazi.info\/archives\/1051095\" \/>\n<meta property=\"og:locale\" content=\"en_US\" \/>\n<meta property=\"og:type\" content=\"article\" \/>\n<meta property=\"og:title\" content=\"\u015eanda \u00cemraliy\u00ea serdan\u00ean xwe didom\u00eene: \u00cero bi CHP \u00fb EMEP\u00ea re dicive - Darka Maz\u00ee\" \/>\n<meta property=\"og:description\" content=\"\u015eanda \u00cemraliy\u00ea ya Partiya Wekhev\u00ee \u00fb Demokrasiy\u00ea ya Gelan (DEM Part\u00ee), di \u00e7ar\u00e7oveya proseya n\u00fb ya a\u015ftiy\u00ea de, \u00eero li Enqerey\u00ea bi serok\u00ean CHP \u00fb EMEP\u00ea re dicive. Sib\u00ea j\u00ee d\u00ea bi Serok\u00ea Parlamento \u00fb Wez\u00eer\u00ea Dad\u00ea re hevd\u00eetinan p\u00eak b\u00eene. \u015eanda DEM Partiy\u00ea ku ji Perv\u00een Buldan, M\u00eethat Sancar \u00fb Par\u00eazer Ozgur Erol p\u00eak [&hellip;]\" \/>\n<meta property=\"og:url\" content=\"https:\/\/darkamazi.info\/archives\/1051095\" \/>\n<meta property=\"og:site_name\" content=\"Darka Maz\u00ee\" \/>\n<meta property=\"article:publisher\" content=\"https:\/\/www.facebook.com\/DarMaziKurmanci\" \/>\n<meta property=\"article:published_time\" content=\"2025-12-22T09:40:45+00:00\" \/>\n<meta property=\"og:image\" content=\"https:\/\/darkamazi.info\/file\/2025\/12\/sanda-imrali-dem-parti.jpg\" \/>\n\t<meta property=\"og:image:width\" content=\"900\" \/>\n\t<meta property=\"og:image:height\" content=\"497\" \/>\n\t<meta property=\"og:image:type\" content=\"image\/jpeg\" \/>\n<meta name=\"author\" content=\"darka mazi\" \/>\n<meta name=\"twitter:card\" content=\"summary_large_image\" \/>\n<meta name=\"twitter:creator\" content=\"@DarkaMaziLatini\" \/>\n<meta name=\"twitter:site\" content=\"@DarkaMaziLatini\" \/>\n<meta name=\"twitter:label1\" content=\"Written by\" \/>\n\t<meta name=\"twitter:data1\" content=\"darka mazi\" \/>\n\t<meta name=\"twitter:label2\" content=\"Est. reading time\" \/>\n\t<meta name=\"twitter:data2\" content=\"2 minutes\" \/>\n<script type=\"application\/ld+json\" class=\"seo-schema-graph\">{\"@context\":\"https:\\\/\\\/schema.org\",\"@graph\":[{\"@type\":\"Article\",\"@id\":\"https:\\\/\\\/darkamazi.info\\\/archives\\\/1051095#article\",\"isPartOf\":{\"@id\":\"https:\\\/\\\/darkamazi.info\\\/archives\\\/1051095\"},\"author\":{\"name\":\"darka mazi\",\"@id\":\"https:\\\/\\\/darkamazi.info\\\/#\\\/schema\\\/person\\\/5ad3e24553a0567993fa8ed4bd0a776c\"},\"headline\":\"\u015eanda \u00cemraliy\u00ea serdan\u00ean xwe didom\u00eene: \u00cero bi CHP \u00fb EMEP\u00ea re dicive\",\"datePublished\":\"2025-12-22T09:40:45+00:00\",\"mainEntityOfPage\":{\"@id\":\"https:\\\/\\\/darkamazi.info\\\/archives\\\/1051095\"},\"wordCount\":252,\"publisher\":{\"@id\":\"https:\\\/\\\/darkamazi.info\\\/#organization\"},\"image\":{\"@id\":\"https:\\\/\\\/darkamazi.info\\\/archives\\\/1051095#primaryimage\"},\"thumbnailUrl\":\"https:\\\/\\\/darkamazi.info\\\/darka-content\\\/uploads\\\/2025\\\/12\\\/sanda-imrali-dem-parti.jpg\",\"keywords\":[\"sereke\"],\"articleSection\":[\"Kurdistan\"],\"inLanguage\":\"en-US\"},{\"@type\":\"WebPage\",\"@id\":\"https:\\\/\\\/darkamazi.info\\\/archives\\\/1051095\",\"url\":\"https:\\\/\\\/darkamazi.info\\\/archives\\\/1051095\",\"name\":\"\u015eanda \u00cemraliy\u00ea serdan\u00ean xwe didom\u00eene: \u00cero bi CHP \u00fb EMEP\u00ea re dicive - Darka Maz\u00ee\",\"isPartOf\":{\"@id\":\"https:\\\/\\\/darkamazi.info\\\/#website\"},\"primaryImageOfPage\":{\"@id\":\"https:\\\/\\\/darkamazi.info\\\/archives\\\/1051095#primaryimage\"},\"image\":{\"@id\":\"https:\\\/\\\/darkamazi.info\\\/archives\\\/1051095#primaryimage\"},\"thumbnailUrl\":\"https:\\\/\\\/darkamazi.info\\\/darka-content\\\/uploads\\\/2025\\\/12\\\/sanda-imrali-dem-parti.jpg\",\"datePublished\":\"2025-12-22T09:40:45+00:00\",\"breadcrumb\":{\"@id\":\"https:\\\/\\\/darkamazi.info\\\/archives\\\/1051095#breadcrumb\"},\"inLanguage\":\"en-US\",\"potentialAction\":[{\"@type\":\"ReadAction\",\"target\":[\"https:\\\/\\\/darkamazi.info\\\/archives\\\/1051095\"]}]},{\"@type\":\"ImageObject\",\"inLanguage\":\"en-US\",\"@id\":\"https:\\\/\\\/darkamazi.info\\\/archives\\\/1051095#primaryimage\",\"url\":\"https:\\\/\\\/darkamazi.info\\\/darka-content\\\/uploads\\\/2025\\\/12\\\/sanda-imrali-dem-parti.jpg\",\"contentUrl\":\"https:\\\/\\\/darkamazi.info\\\/darka-content\\\/uploads\\\/2025\\\/12\\\/sanda-imrali-dem-parti.jpg\",\"width\":900,\"height\":497,\"caption\":\"\u015eanda \u00cemraliy\u00ea serdan\u00ean xwe didom\u00eene: \u00cero bi CHP \u00fb EMEP\u00ea re dicive\"},{\"@type\":\"BreadcrumbList\",\"@id\":\"https:\\\/\\\/darkamazi.info\\\/archives\\\/1051095#breadcrumb\",\"itemListElement\":[{\"@type\":\"ListItem\",\"position\":1,\"name\":\"Home\",\"item\":\"https:\\\/\\\/darkamazi.info\\\/\"},{\"@type\":\"ListItem\",\"position\":2,\"name\":\"\u015eanda \u00cemraliy\u00ea serdan\u00ean xwe didom\u00eene: \u00cero bi CHP \u00fb EMEP\u00ea re dicive\"}]},{\"@type\":\"WebSite\",\"@id\":\"https:\\\/\\\/darkamazi.info\\\/#website\",\"url\":\"https:\\\/\\\/darkamazi.info\\\/\",\"name\":\"Darka Maz\u00ee\",\"description\":\"P\u00eageha Zanyariy\u00ean Nebih\u00eest\u00ee\",\"publisher\":{\"@id\":\"https:\\\/\\\/darkamazi.info\\\/#organization\"},\"potentialAction\":[{\"@type\":\"SearchAction\",\"target\":{\"@type\":\"EntryPoint\",\"urlTemplate\":\"https:\\\/\\\/darkamazi.info\\\/?s={search_term_string}\"},\"query-input\":{\"@type\":\"PropertyValueSpecification\",\"valueRequired\":true,\"valueName\":\"search_term_string\"}}],\"inLanguage\":\"en-US\"},{\"@type\":\"Organization\",\"@id\":\"https:\\\/\\\/darkamazi.info\\\/#organization\",\"name\":\"Darka Maz\u00ee\",\"url\":\"https:\\\/\\\/darkamazi.info\\\/\",\"logo\":{\"@type\":\"ImageObject\",\"inLanguage\":\"en-US\",\"@id\":\"https:\\\/\\\/darkamazi.info\\\/#\\\/schema\\\/logo\\\/image\\\/\",\"url\":\"https:\\\/\\\/darkamazi.info\\\/darka-content\\\/uploads\\\/2017\\\/12\\\/darka-mazi-logo.png\",\"contentUrl\":\"https:\\\/\\\/darkamazi.info\\\/darka-content\\\/uploads\\\/2017\\\/12\\\/darka-mazi-logo.png\",\"width\":151,\"height\":75,\"caption\":\"Darka Maz\u00ee\"},\"image\":{\"@id\":\"https:\\\/\\\/darkamazi.info\\\/#\\\/schema\\\/logo\\\/image\\\/\"},\"sameAs\":[\"https:\\\/\\\/www.facebook.com\\\/DarMaziKurmanci\",\"https:\\\/\\\/x.com\\\/DarkaMaziLatini\",\"https:\\\/\\\/www.instagram.com\\\/darkamazi.kurmanci\\\/\",\"https:\\\/\\\/www.youtube.com\\\/channel\\\/UCa5HkTdmI8U1qCUFuTw8B2g\"]},{\"@type\":\"Person\",\"@id\":\"https:\\\/\\\/darkamazi.info\\\/#\\\/schema\\\/person\\\/5ad3e24553a0567993fa8ed4bd0a776c\",\"name\":\"darka mazi\",\"sameAs\":[\"https:\\\/\\\/darkamazi.info\\\/\"],\"url\":\"https:\\\/\\\/darkamazi.info\\\/archives\\\/author\\\/kurdi\"}]}<\/script>\n<!-- \/ Yoast SEO plugin. -->","seo_head_json":{"title":"\u015eanda \u00cemraliy\u00ea serdan\u00ean xwe didom\u00eene: \u00cero bi CHP \u00fb EMEP\u00ea re dicive - Darka Maz\u00ee","robots":{"index":"index","follow":"follow","max-snippet":"max-snippet:-1","max-image-preview":"max-image-preview:large","max-video-preview":"max-video-preview:-1"},"canonical":"https:\/\/darkamazi.info\/archives\/1051095","og_locale":"en_US","og_type":"article","og_title":"\u015eanda \u00cemraliy\u00ea serdan\u00ean xwe didom\u00eene: \u00cero bi CHP \u00fb EMEP\u00ea re dicive - Darka Maz\u00ee","og_description":"\u015eanda \u00cemraliy\u00ea ya Partiya Wekhev\u00ee \u00fb Demokrasiy\u00ea ya Gelan (DEM Part\u00ee), di \u00e7ar\u00e7oveya proseya n\u00fb ya a\u015ftiy\u00ea de, \u00eero li Enqerey\u00ea bi serok\u00ean CHP \u00fb EMEP\u00ea re dicive. Sib\u00ea j\u00ee d\u00ea bi Serok\u00ea Parlamento \u00fb Wez\u00eer\u00ea Dad\u00ea re hevd\u00eetinan p\u00eak b\u00eene. \u015eanda DEM Partiy\u00ea ku ji Perv\u00een Buldan, M\u00eethat Sancar \u00fb Par\u00eazer Ozgur Erol p\u00eak [&hellip;]","og_url":"https:\/\/darkamazi.info\/archives\/1051095","og_site_name":"Darka Maz\u00ee","article_publisher":"https:\/\/www.facebook.com\/DarMaziKurmanci","article_published_time":"2025-12-22T09:40:45+00:00","og_image":[{"width":900,"height":497,"url":"https:\/\/darkamazi.info\/file\/2025\/12\/sanda-imrali-dem-parti.jpg","type":"image\/jpeg"}],"author":"darka mazi","twitter_card":"summary_large_image","twitter_creator":"@DarkaMaziLatini","twitter_site":"@DarkaMaziLatini","twitter_misc":{"Written by":"darka mazi","Est. reading time":"2 minutes"},"schema":{"@context":"https:\/\/schema.org","@graph":[{"@type":"Article","@id":"https:\/\/darkamazi.info\/archives\/1051095#article","isPartOf":{"@id":"https:\/\/darkamazi.info\/archives\/1051095"},"author":{"name":"darka mazi","@id":"https:\/\/darkamazi.info\/#\/schema\/person\/5ad3e24553a0567993fa8ed4bd0a776c"},"headline":"\u015eanda \u00cemraliy\u00ea serdan\u00ean xwe didom\u00eene: \u00cero bi CHP \u00fb EMEP\u00ea re dicive","datePublished":"2025-12-22T09:40:45+00:00","mainEntityOfPage":{"@id":"https:\/\/darkamazi.info\/archives\/1051095"},"wordCount":252,"publisher":{"@id":"https:\/\/darkamazi.info\/#organization"},"image":{"@id":"https:\/\/darkamazi.info\/archives\/1051095#primaryimage"},"thumbnailUrl":"https:\/\/darkamazi.info\/file\/2025\/12\/sanda-imrali-dem-parti.jpg","keywords":["sereke"],"articleSection":["Kurdistan"],"inLanguage":"en-US"},{"@type":"WebPage","@id":"https:\/\/darkamazi.info\/archives\/1051095","url":"https:\/\/darkamazi.info\/archives\/1051095","name":"\u015eanda \u00cemraliy\u00ea serdan\u00ean xwe didom\u00eene: \u00cero bi CHP \u00fb EMEP\u00ea re dicive - Darka Maz\u00ee","isPartOf":{"@id":"https:\/\/darkamazi.info\/#website"},"primaryImageOfPage":{"@id":"https:\/\/darkamazi.info\/archives\/1051095#primaryimage"},"image":{"@id":"https:\/\/darkamazi.info\/archives\/1051095#primaryimage"},"thumbnailUrl":"https:\/\/darkamazi.info\/file\/2025\/12\/sanda-imrali-dem-parti.jpg","datePublished":"2025-12-22T09:40:45+00:00","breadcrumb":{"@id":"https:\/\/darkamazi.info\/archives\/1051095#breadcrumb"},"inLanguage":"en-US","potentialAction":[{"@type":"ReadAction","target":["https:\/\/darkamazi.info\/archives\/1051095"]}]},{"@type":"ImageObject","inLanguage":"en-US","@id":"https:\/\/darkamazi.info\/archives\/1051095#primaryimage","url":"https:\/\/darkamazi.info\/file\/2025\/12\/sanda-imrali-dem-parti.jpg","contentUrl":"https:\/\/darkamazi.info\/file\/2025\/12\/sanda-imrali-dem-parti.jpg","width":900,"height":497,"caption":"\u015eanda \u00cemraliy\u00ea serdan\u00ean xwe didom\u00eene: \u00cero bi CHP \u00fb EMEP\u00ea re dicive"},{"@type":"BreadcrumbList","@id":"https:\/\/darkamazi.info\/archives\/1051095#breadcrumb","itemListElement":[{"@type":"ListItem","position":1,"name":"Home","item":"https:\/\/darkamazi.info\/"},{"@type":"ListItem","position":2,"name":"\u015eanda \u00cemraliy\u00ea serdan\u00ean xwe didom\u00eene: \u00cero bi CHP \u00fb EMEP\u00ea re dicive"}]},{"@type":"WebSite","@id":"https:\/\/darkamazi.info\/#website","url":"https:\/\/darkamazi.info\/","name":"Darka Maz\u00ee","description":"P\u00eageha Zanyariy\u00ean Nebih\u00eest\u00ee","publisher":{"@id":"https:\/\/darkamazi.info\/#organization"},"potentialAction":[{"@type":"SearchAction","target":{"@type":"EntryPoint","urlTemplate":"https:\/\/darkamazi.info\/?s={search_term_string}"},"query-input":{"@type":"PropertyValueSpecification","valueRequired":true,"valueName":"search_term_string"}}],"inLanguage":"en-US"},{"@type":"Organization","@id":"https:\/\/darkamazi.info\/#organization","name":"Darka Maz\u00ee","url":"https:\/\/darkamazi.info\/","logo":{"@type":"ImageObject","inLanguage":"en-US","@id":"https:\/\/darkamazi.info\/#\/schema\/logo\/image\/","url":"https:\/\/darkamazi.info\/file\/2017\/12\/darka-mazi-logo.png","contentUrl":"https:\/\/darkamazi.info\/file\/2017\/12\/darka-mazi-logo.png","width":151,"height":75,"caption":"Darka Maz\u00ee"},"image":{"@id":"https:\/\/darkamazi.info\/#\/schema\/logo\/image\/"},"sameAs":["https:\/\/www.facebook.com\/DarMaziKurmanci","https:\/\/x.com\/DarkaMaziLatini","https:\/\/www.instagram.com\/darkamazi.kurmanci\/","https:\/\/www.youtube.com\/channel\/UCa5HkTdmI8U1qCUFuTw8B2g"]},{"@type":"Person","@id":"https:\/\/darkamazi.info\/#\/schema\/person\/5ad3e24553a0567993fa8ed4bd0a776c","name":"darka mazi","sameAs":["https:\/\/darkamazi.info\/"],"url":"https:\/\/darkamazi.info\/archives\/author\/kurdi"}]}},"_links":{"self":[{"href":"https:\/\/darkamazi.info\/funavuv\/wp\/v2\/posts\/1051095","targetHints":{"allow":["GET"]}}],"collection":[{"href":"https:\/\/darkamazi.info\/funavuv\/wp\/v2\/posts"}],"about":[{"href":"https:\/\/darkamazi.info\/funavuv\/wp\/v2\/types\/post"}],"author":[{"embeddable":true,"href":"https:\/\/darkamazi.info\/funavuv\/wp\/v2\/users\/2"}],"replies":[{"embeddable":true,"href":"https:\/\/darkamazi.info\/funavuv\/wp\/v2\/comments?post=1051095"}],"version-history":[{"count":0,"href":"https:\/\/darkamazi.info\/funavuv\/wp\/v2\/posts\/1051095\/revisions"}],"wp:featuredmedia":[{"embeddable":true,"href":"https:\/\/darkamazi.info\/funavuv\/wp\/v2\/media\/1051096"}],"wp:attachment":[{"href":"https:\/\/darkamazi.info\/funavuv\/wp\/v2\/media?parent=1051095"}],"wp:term":[{"taxonomy":"category","embeddable":true,"href":"https:\/\/darkamazi.info\/funavuv\/wp\/v2\/categories?post=1051095"},{"taxonomy":"post_tag","embeddable":true,"href":"https:\/\/darkamazi.info\/funavuv\/wp\/v2\/tags?post=1051095"}],"curies":[{"name":"wp","href":"https:\/\/api.w.org\/{rel}","templated":true}]}}