{"id":1051098,"date":"2025-12-22T12:53:47","date_gmt":"2025-12-22T09:53:47","guid":{"rendered":"https:\/\/darkamazi.info\/?p=1051098"},"modified":"2025-12-22T12:53:47","modified_gmt":"2025-12-22T09:53:47","slug":"ji-bo-pistevaniya-leyla-zanaye-amedspor-deriyen-xwe-ji-jinan-re-vedike","status":"publish","type":"post","link":"https:\/\/darkamazi.info\/archives\/1051098","title":{"rendered":"Ji bo pi\u015ftevaniya Leyla Zanay\u00ea, Amedspor deriy\u00ean xwe ji jinan re vedike"},"content":{"rendered":"<h3 style=\"text-align: justify\"><span style=\"font-family: 'arial black', sans-serif\">Yaneya Amedspor\u00ea ragihand, di l\u00eestika li hember Igdirspor\u00ea de, wek\u00ee bersivek li dij\u00ee sivikatiy\u00ean ku li dij\u00ee siyasetmedar Leyla Zanay\u00ea kirin, d\u00ea ketina yar\u00eegeh\u00ea ji bo jinan b\u00eapere be.<\/span><\/h3>\n<h3 style=\"text-align: justify\">Pi\u015ft\u00ee ku di l\u00eestika navbera Bursaspor \u00fb Somaspor\u00ea ya 16\u00ea Ber\u00e7iley\u00ea de, komek al\u00eegir\u00ean nijadperest \u00ear\u00ee\u015fa devk\u00ee \u00fb sivikat\u00ee li siyasetmedara Kurd Leyla Zanay\u00ea kirib\u00fbn, bertek\u00ean tund berdewam in. Amedspor\u00ea j\u00ee bi p\u00eangaveke watedar helwesta xwe n\u00ee\u015fan da.<\/h3>\n<h3 style=\"text-align: justify\">C\u00eegira Serok\u00ea Amedspor\u00ea \u015eeyda Arslanta\u015f di daxuyaniyek\u00ea de ji Ajansa Mezopotamyay\u00ea re axiv\u00ee \u00fb got: &#8220;Bi z\u00eadeb\u00fbna hejmara jinan a li yar\u00eegeh\u00ea, em \u00ea ba\u015ftir\u00een bersiv\u00ea bidin wan \u00ear\u00ee\u015fan.&#8221;<\/h3>\n<h3 style=\"text-align: justify\">Arslanta\u015f tekez kir, \u00ear\u00ee\u015f\u00ean nijadperest \u00fb zayendperest \u00ean li dij\u00ee Leyla Zanay\u00ea, di heman dem\u00ea de \u00ear\u00ee\u015f in li ser nasnameya jinan.<\/h3>\n<h3 style=\"text-align: justify\">Rayedara Amedspor\u00ea diyar kir, ew wek\u00ee yane bi salan e t\u00eadiko\u015fin da ku yar\u00eegeh \u00fb \u00e7alakiy\u00ean werz\u00ee\u015f\u00ee nebin amraz\u00ea gotar\u00ean nijadperest, cudaxwaz \u00fb zayendperest.<\/h3>\n<h3 style=\"text-align: justify\">Bi v\u00ea biryar\u00ea, t\u00ea \u00e7aver\u00eakirin ku di l\u00eestika dahat\u00fb ya Amedspor\u00ea de hejmareke mezin a jinan li stady\u00fbm\u00ea amade bin \u00fb peyama pi\u015ftevaniy\u00ea bidin.<\/h3>\n","protected":false},"excerpt":{"rendered":"<p>Yaneya Amedspor\u00ea ragihand, di l\u00eestika li hember Igdirspor\u00ea de, wek\u00ee bersivek li dij\u00ee sivikatiy\u00ean ku li dij\u00ee siyasetmedar Leyla Zanay\u00ea kirin, d\u00ea ketina yar\u00eegeh\u00ea ji bo jinan b\u00eapere be. Pi\u015ft\u00ee ku di l\u00eestika navbera Bursaspor \u00fb Somaspor\u00ea ya 16\u00ea Ber\u00e7iley\u00ea de, komek al\u00eegir\u00ean nijadperest \u00ear\u00ee\u015fa devk\u00ee \u00fb sivikat\u00ee li siyasetmedara Kurd Leyla Zanay\u00ea kirib\u00fbn, bertek\u00ean [&hellip;]<\/p>\n","protected":false},"author":2,"featured_media":1051099,"comment_status":"closed","ping_status":"closed","sticky":false,"template":"","format":"standard","meta":{"footnotes":""},"categories":[29],"tags":[37],"class_list":["post-1051098","post","type-post","status-publish","format-standard","has-post-thumbnail","hentry","category-kurdistan","tag-sereke"],"blocksy_meta":[],"seo_head":"<!-- This site is optimized with the Yoast SEO plugin v27.5 - https:\/\/yoast.com\/product\/yoast-seo-wordpress\/ -->\n<title>Ji bo pi\u015ftevaniya Leyla Zanay\u00ea, Amedspor deriy\u00ean xwe ji jinan re vedike - Darka Maz\u00ee<\/title>\n<meta name=\"robots\" content=\"index, follow, max-snippet:-1, max-image-preview:large, max-video-preview:-1\" \/>\n<link rel=\"canonical\" href=\"https:\/\/darkamazi.info\/archives\/1051098\" \/>\n<meta property=\"og:locale\" content=\"en_US\" \/>\n<meta property=\"og:type\" content=\"article\" \/>\n<meta property=\"og:title\" content=\"Ji bo pi\u015ftevaniya Leyla Zanay\u00ea, Amedspor deriy\u00ean xwe ji jinan re vedike - Darka Maz\u00ee\" \/>\n<meta property=\"og:description\" content=\"Yaneya Amedspor\u00ea ragihand, di l\u00eestika li hember Igdirspor\u00ea de, wek\u00ee bersivek li dij\u00ee sivikatiy\u00ean ku li dij\u00ee siyasetmedar Leyla Zanay\u00ea kirin, d\u00ea ketina yar\u00eegeh\u00ea ji bo jinan b\u00eapere be. Pi\u015ft\u00ee ku di l\u00eestika navbera Bursaspor \u00fb Somaspor\u00ea ya 16\u00ea Ber\u00e7iley\u00ea de, komek al\u00eegir\u00ean nijadperest \u00ear\u00ee\u015fa devk\u00ee \u00fb sivikat\u00ee li siyasetmedara Kurd Leyla Zanay\u00ea kirib\u00fbn, bertek\u00ean [&hellip;]\" \/>\n<meta property=\"og:url\" content=\"https:\/\/darkamazi.info\/archives\/1051098\" \/>\n<meta property=\"og:site_name\" content=\"Darka Maz\u00ee\" \/>\n<meta property=\"article:publisher\" content=\"https:\/\/www.facebook.com\/DarMaziKurmanci\" \/>\n<meta property=\"article:published_time\" content=\"2025-12-22T09:53:47+00:00\" \/>\n<meta property=\"og:image\" content=\"https:\/\/darkamazi.info\/file\/2025\/12\/amed-spor.jpg\" \/>\n\t<meta property=\"og:image:width\" content=\"900\" \/>\n\t<meta property=\"og:image:height\" content=\"497\" \/>\n\t<meta property=\"og:image:type\" content=\"image\/jpeg\" \/>\n<meta name=\"author\" content=\"darka mazi\" \/>\n<meta name=\"twitter:card\" content=\"summary_large_image\" \/>\n<meta name=\"twitter:creator\" content=\"@DarkaMaziLatini\" \/>\n<meta name=\"twitter:site\" content=\"@DarkaMaziLatini\" \/>\n<meta name=\"twitter:label1\" content=\"Written by\" \/>\n\t<meta name=\"twitter:data1\" content=\"darka mazi\" \/>\n\t<meta name=\"twitter:label2\" content=\"Est. reading time\" \/>\n\t<meta name=\"twitter:data2\" content=\"1 minute\" \/>\n<script type=\"application\/ld+json\" class=\"seo-schema-graph\">{\"@context\":\"https:\\\/\\\/schema.org\",\"@graph\":[{\"@type\":\"Article\",\"@id\":\"https:\\\/\\\/darkamazi.info\\\/archives\\\/1051098#article\",\"isPartOf\":{\"@id\":\"https:\\\/\\\/darkamazi.info\\\/archives\\\/1051098\"},\"author\":{\"name\":\"darka mazi\",\"@id\":\"https:\\\/\\\/darkamazi.info\\\/#\\\/schema\\\/person\\\/5ad3e24553a0567993fa8ed4bd0a776c\"},\"headline\":\"Ji bo pi\u015ftevaniya Leyla Zanay\u00ea, Amedspor deriy\u00ean xwe ji jinan re vedike\",\"datePublished\":\"2025-12-22T09:53:47+00:00\",\"mainEntityOfPage\":{\"@id\":\"https:\\\/\\\/darkamazi.info\\\/archives\\\/1051098\"},\"wordCount\":202,\"publisher\":{\"@id\":\"https:\\\/\\\/darkamazi.info\\\/#organization\"},\"image\":{\"@id\":\"https:\\\/\\\/darkamazi.info\\\/archives\\\/1051098#primaryimage\"},\"thumbnailUrl\":\"https:\\\/\\\/darkamazi.info\\\/darka-content\\\/uploads\\\/2025\\\/12\\\/amed-spor.jpg\",\"keywords\":[\"sereke\"],\"articleSection\":[\"Kurdistan\"],\"inLanguage\":\"en-US\"},{\"@type\":\"WebPage\",\"@id\":\"https:\\\/\\\/darkamazi.info\\\/archives\\\/1051098\",\"url\":\"https:\\\/\\\/darkamazi.info\\\/archives\\\/1051098\",\"name\":\"Ji bo pi\u015ftevaniya Leyla Zanay\u00ea, Amedspor deriy\u00ean xwe ji jinan re vedike - Darka Maz\u00ee\",\"isPartOf\":{\"@id\":\"https:\\\/\\\/darkamazi.info\\\/#website\"},\"primaryImageOfPage\":{\"@id\":\"https:\\\/\\\/darkamazi.info\\\/archives\\\/1051098#primaryimage\"},\"image\":{\"@id\":\"https:\\\/\\\/darkamazi.info\\\/archives\\\/1051098#primaryimage\"},\"thumbnailUrl\":\"https:\\\/\\\/darkamazi.info\\\/darka-content\\\/uploads\\\/2025\\\/12\\\/amed-spor.jpg\",\"datePublished\":\"2025-12-22T09:53:47+00:00\",\"breadcrumb\":{\"@id\":\"https:\\\/\\\/darkamazi.info\\\/archives\\\/1051098#breadcrumb\"},\"inLanguage\":\"en-US\",\"potentialAction\":[{\"@type\":\"ReadAction\",\"target\":[\"https:\\\/\\\/darkamazi.info\\\/archives\\\/1051098\"]}]},{\"@type\":\"ImageObject\",\"inLanguage\":\"en-US\",\"@id\":\"https:\\\/\\\/darkamazi.info\\\/archives\\\/1051098#primaryimage\",\"url\":\"https:\\\/\\\/darkamazi.info\\\/darka-content\\\/uploads\\\/2025\\\/12\\\/amed-spor.jpg\",\"contentUrl\":\"https:\\\/\\\/darkamazi.info\\\/darka-content\\\/uploads\\\/2025\\\/12\\\/amed-spor.jpg\",\"width\":900,\"height\":497,\"caption\":\"Ji bo pi\u015ftevaniya Leyla Zanay\u00ea, Amedspor deriy\u00ean xwe ji jinan re vedike\"},{\"@type\":\"BreadcrumbList\",\"@id\":\"https:\\\/\\\/darkamazi.info\\\/archives\\\/1051098#breadcrumb\",\"itemListElement\":[{\"@type\":\"ListItem\",\"position\":1,\"name\":\"Home\",\"item\":\"https:\\\/\\\/darkamazi.info\\\/\"},{\"@type\":\"ListItem\",\"position\":2,\"name\":\"Ji bo pi\u015ftevaniya Leyla Zanay\u00ea, Amedspor deriy\u00ean xwe ji jinan re vedike\"}]},{\"@type\":\"WebSite\",\"@id\":\"https:\\\/\\\/darkamazi.info\\\/#website\",\"url\":\"https:\\\/\\\/darkamazi.info\\\/\",\"name\":\"Darka Maz\u00ee\",\"description\":\"P\u00eageha Zanyariy\u00ean Nebih\u00eest\u00ee\",\"publisher\":{\"@id\":\"https:\\\/\\\/darkamazi.info\\\/#organization\"},\"potentialAction\":[{\"@type\":\"SearchAction\",\"target\":{\"@type\":\"EntryPoint\",\"urlTemplate\":\"https:\\\/\\\/darkamazi.info\\\/?s={search_term_string}\"},\"query-input\":{\"@type\":\"PropertyValueSpecification\",\"valueRequired\":true,\"valueName\":\"search_term_string\"}}],\"inLanguage\":\"en-US\"},{\"@type\":\"Organization\",\"@id\":\"https:\\\/\\\/darkamazi.info\\\/#organization\",\"name\":\"Darka Maz\u00ee\",\"url\":\"https:\\\/\\\/darkamazi.info\\\/\",\"logo\":{\"@type\":\"ImageObject\",\"inLanguage\":\"en-US\",\"@id\":\"https:\\\/\\\/darkamazi.info\\\/#\\\/schema\\\/logo\\\/image\\\/\",\"url\":\"https:\\\/\\\/darkamazi.info\\\/darka-content\\\/uploads\\\/2017\\\/12\\\/darka-mazi-logo.png\",\"contentUrl\":\"https:\\\/\\\/darkamazi.info\\\/darka-content\\\/uploads\\\/2017\\\/12\\\/darka-mazi-logo.png\",\"width\":151,\"height\":75,\"caption\":\"Darka Maz\u00ee\"},\"image\":{\"@id\":\"https:\\\/\\\/darkamazi.info\\\/#\\\/schema\\\/logo\\\/image\\\/\"},\"sameAs\":[\"https:\\\/\\\/www.facebook.com\\\/DarMaziKurmanci\",\"https:\\\/\\\/x.com\\\/DarkaMaziLatini\",\"https:\\\/\\\/www.instagram.com\\\/darkamazi.kurmanci\\\/\",\"https:\\\/\\\/www.youtube.com\\\/channel\\\/UCa5HkTdmI8U1qCUFuTw8B2g\"]},{\"@type\":\"Person\",\"@id\":\"https:\\\/\\\/darkamazi.info\\\/#\\\/schema\\\/person\\\/5ad3e24553a0567993fa8ed4bd0a776c\",\"name\":\"darka mazi\",\"sameAs\":[\"https:\\\/\\\/darkamazi.info\\\/\"],\"url\":\"https:\\\/\\\/darkamazi.info\\\/archives\\\/author\\\/kurdi\"}]}<\/script>\n<!-- \/ Yoast SEO plugin. -->","seo_head_json":{"title":"Ji bo pi\u015ftevaniya Leyla Zanay\u00ea, Amedspor deriy\u00ean xwe ji jinan re vedike - Darka Maz\u00ee","robots":{"index":"index","follow":"follow","max-snippet":"max-snippet:-1","max-image-preview":"max-image-preview:large","max-video-preview":"max-video-preview:-1"},"canonical":"https:\/\/darkamazi.info\/archives\/1051098","og_locale":"en_US","og_type":"article","og_title":"Ji bo pi\u015ftevaniya Leyla Zanay\u00ea, Amedspor deriy\u00ean xwe ji jinan re vedike - Darka Maz\u00ee","og_description":"Yaneya Amedspor\u00ea ragihand, di l\u00eestika li hember Igdirspor\u00ea de, wek\u00ee bersivek li dij\u00ee sivikatiy\u00ean ku li dij\u00ee siyasetmedar Leyla Zanay\u00ea kirin, d\u00ea ketina yar\u00eegeh\u00ea ji bo jinan b\u00eapere be. Pi\u015ft\u00ee ku di l\u00eestika navbera Bursaspor \u00fb Somaspor\u00ea ya 16\u00ea Ber\u00e7iley\u00ea de, komek al\u00eegir\u00ean nijadperest \u00ear\u00ee\u015fa devk\u00ee \u00fb sivikat\u00ee li siyasetmedara Kurd Leyla Zanay\u00ea kirib\u00fbn, bertek\u00ean [&hellip;]","og_url":"https:\/\/darkamazi.info\/archives\/1051098","og_site_name":"Darka Maz\u00ee","article_publisher":"https:\/\/www.facebook.com\/DarMaziKurmanci","article_published_time":"2025-12-22T09:53:47+00:00","og_image":[{"width":900,"height":497,"url":"https:\/\/darkamazi.info\/file\/2025\/12\/amed-spor.jpg","type":"image\/jpeg"}],"author":"darka mazi","twitter_card":"summary_large_image","twitter_creator":"@DarkaMaziLatini","twitter_site":"@DarkaMaziLatini","twitter_misc":{"Written by":"darka mazi","Est. reading time":"1 minute"},"schema":{"@context":"https:\/\/schema.org","@graph":[{"@type":"Article","@id":"https:\/\/darkamazi.info\/archives\/1051098#article","isPartOf":{"@id":"https:\/\/darkamazi.info\/archives\/1051098"},"author":{"name":"darka mazi","@id":"https:\/\/darkamazi.info\/#\/schema\/person\/5ad3e24553a0567993fa8ed4bd0a776c"},"headline":"Ji bo pi\u015ftevaniya Leyla Zanay\u00ea, Amedspor deriy\u00ean xwe ji jinan re vedike","datePublished":"2025-12-22T09:53:47+00:00","mainEntityOfPage":{"@id":"https:\/\/darkamazi.info\/archives\/1051098"},"wordCount":202,"publisher":{"@id":"https:\/\/darkamazi.info\/#organization"},"image":{"@id":"https:\/\/darkamazi.info\/archives\/1051098#primaryimage"},"thumbnailUrl":"https:\/\/darkamazi.info\/file\/2025\/12\/amed-spor.jpg","keywords":["sereke"],"articleSection":["Kurdistan"],"inLanguage":"en-US"},{"@type":"WebPage","@id":"https:\/\/darkamazi.info\/archives\/1051098","url":"https:\/\/darkamazi.info\/archives\/1051098","name":"Ji bo pi\u015ftevaniya Leyla Zanay\u00ea, Amedspor deriy\u00ean xwe ji jinan re vedike - Darka Maz\u00ee","isPartOf":{"@id":"https:\/\/darkamazi.info\/#website"},"primaryImageOfPage":{"@id":"https:\/\/darkamazi.info\/archives\/1051098#primaryimage"},"image":{"@id":"https:\/\/darkamazi.info\/archives\/1051098#primaryimage"},"thumbnailUrl":"https:\/\/darkamazi.info\/file\/2025\/12\/amed-spor.jpg","datePublished":"2025-12-22T09:53:47+00:00","breadcrumb":{"@id":"https:\/\/darkamazi.info\/archives\/1051098#breadcrumb"},"inLanguage":"en-US","potentialAction":[{"@type":"ReadAction","target":["https:\/\/darkamazi.info\/archives\/1051098"]}]},{"@type":"ImageObject","inLanguage":"en-US","@id":"https:\/\/darkamazi.info\/archives\/1051098#primaryimage","url":"https:\/\/darkamazi.info\/file\/2025\/12\/amed-spor.jpg","contentUrl":"https:\/\/darkamazi.info\/file\/2025\/12\/amed-spor.jpg","width":900,"height":497,"caption":"Ji bo pi\u015ftevaniya Leyla Zanay\u00ea, Amedspor deriy\u00ean xwe ji jinan re vedike"},{"@type":"BreadcrumbList","@id":"https:\/\/darkamazi.info\/archives\/1051098#breadcrumb","itemListElement":[{"@type":"ListItem","position":1,"name":"Home","item":"https:\/\/darkamazi.info\/"},{"@type":"ListItem","position":2,"name":"Ji bo pi\u015ftevaniya Leyla Zanay\u00ea, Amedspor deriy\u00ean xwe ji jinan re vedike"}]},{"@type":"WebSite","@id":"https:\/\/darkamazi.info\/#website","url":"https:\/\/darkamazi.info\/","name":"Darka Maz\u00ee","description":"P\u00eageha Zanyariy\u00ean Nebih\u00eest\u00ee","publisher":{"@id":"https:\/\/darkamazi.info\/#organization"},"potentialAction":[{"@type":"SearchAction","target":{"@type":"EntryPoint","urlTemplate":"https:\/\/darkamazi.info\/?s={search_term_string}"},"query-input":{"@type":"PropertyValueSpecification","valueRequired":true,"valueName":"search_term_string"}}],"inLanguage":"en-US"},{"@type":"Organization","@id":"https:\/\/darkamazi.info\/#organization","name":"Darka Maz\u00ee","url":"https:\/\/darkamazi.info\/","logo":{"@type":"ImageObject","inLanguage":"en-US","@id":"https:\/\/darkamazi.info\/#\/schema\/logo\/image\/","url":"https:\/\/darkamazi.info\/file\/2017\/12\/darka-mazi-logo.png","contentUrl":"https:\/\/darkamazi.info\/file\/2017\/12\/darka-mazi-logo.png","width":151,"height":75,"caption":"Darka Maz\u00ee"},"image":{"@id":"https:\/\/darkamazi.info\/#\/schema\/logo\/image\/"},"sameAs":["https:\/\/www.facebook.com\/DarMaziKurmanci","https:\/\/x.com\/DarkaMaziLatini","https:\/\/www.instagram.com\/darkamazi.kurmanci\/","https:\/\/www.youtube.com\/channel\/UCa5HkTdmI8U1qCUFuTw8B2g"]},{"@type":"Person","@id":"https:\/\/darkamazi.info\/#\/schema\/person\/5ad3e24553a0567993fa8ed4bd0a776c","name":"darka mazi","sameAs":["https:\/\/darkamazi.info\/"],"url":"https:\/\/darkamazi.info\/archives\/author\/kurdi"}]}},"_links":{"self":[{"href":"https:\/\/darkamazi.info\/funavuv\/wp\/v2\/posts\/1051098","targetHints":{"allow":["GET"]}}],"collection":[{"href":"https:\/\/darkamazi.info\/funavuv\/wp\/v2\/posts"}],"about":[{"href":"https:\/\/darkamazi.info\/funavuv\/wp\/v2\/types\/post"}],"author":[{"embeddable":true,"href":"https:\/\/darkamazi.info\/funavuv\/wp\/v2\/users\/2"}],"replies":[{"embeddable":true,"href":"https:\/\/darkamazi.info\/funavuv\/wp\/v2\/comments?post=1051098"}],"version-history":[{"count":0,"href":"https:\/\/darkamazi.info\/funavuv\/wp\/v2\/posts\/1051098\/revisions"}],"wp:featuredmedia":[{"embeddable":true,"href":"https:\/\/darkamazi.info\/funavuv\/wp\/v2\/media\/1051099"}],"wp:attachment":[{"href":"https:\/\/darkamazi.info\/funavuv\/wp\/v2\/media?parent=1051098"}],"wp:term":[{"taxonomy":"category","embeddable":true,"href":"https:\/\/darkamazi.info\/funavuv\/wp\/v2\/categories?post=1051098"},{"taxonomy":"post_tag","embeddable":true,"href":"https:\/\/darkamazi.info\/funavuv\/wp\/v2\/tags?post=1051098"}],"curies":[{"name":"wp","href":"https:\/\/api.w.org\/{rel}","templated":true}]}}