{"id":1051101,"date":"2025-12-23T12:09:56","date_gmt":"2025-12-23T09:09:56","guid":{"rendered":"https:\/\/darkamazi.info\/?p=1051101"},"modified":"2025-12-23T12:09:56","modified_gmt":"2025-12-23T09:09:56","slug":"peyama-ocalan-ji-bo-kongreya-anka-der-e-sandi-u-nezikatiya-pkke-ji-bo-meseleya-sehidan","status":"publish","type":"post","link":"https:\/\/darkamazi.info\/archives\/1051101","title":{"rendered":"Peyama Ocalan ji bo Kongreya ANKA-DER \u00ea \u015fand\u00ee \u00fb n\u00eaz\u00eekatiya PKK\u00ea ji bo meseleya &#8220;\u015eeh\u00eedan&#8221;\u2026"},"content":{"rendered":"<h3 style=\"text-align: justify\"><span style=\"font-family: 'arial black', sans-serif\">Evdila Ocalan, 52 sal in, kes\u00ean ku di nav PKK\u00ea de jiyana xwe ji dest dane bi b\u00eer t\u00eene, l\u00ea w\u00ee carek\u00ea j\u00ee behsa Kurdistan\u00ea nekiriye\u2026<\/span><\/h3>\n<h3 style=\"text-align: justify\"><span style=\"font-family: arial, helvetica, sans-serif\">Evdila Ocalan peyamek ji bo konferansa ku ji bo b\u00eeran\u00eena windahiy\u00ean ku PKK\u00ea di maw\u00ea 52 salan de dane het\u00ee lidarxistin \u015fand. Ocalan carek\u00ea j\u00ee peyva Kurdistan\u00ea bi kar nean\u00ee, \u00fb diyar kir ku wan jiyana xwe &#8220;ji bo avakirina civatek demokrat\u00eek&#8221; ji dest dane. Ger ew nikaribe dema ku bi hezaran kes\u00ean ku di \u015fer\u00ea PKK\u00ea de jiyana xwe ji dest dane bi b\u00eer b\u00eene, \u00fb nikaribe b\u00eaje Kurdistan, ew \u00ea keng\u00ea b\u00eaje Kurdistan? Bi rast\u00ee, \u00e7end gotin div\u00ea li ser van &#8220;\u015feh\u00eed\u00ean PKK\u00ea&#8221; werin kirin.<\/span><\/h3>\n<h3 style=\"text-align: justify\"><span style=\"font-family: arial, helvetica, sans-serif\">Di 21 \u00ea Kan\u00fbn\u00ea de, Komeleya Anatoliy\u00ea ya Al\u00eekar\u00ee \u00fb Hevgirtin\u00ea bi Malbat\u00ean \u00fb Xizm\u00ean Xwe Winda Kirine (ANKA-DER) kongreya xwe ya 4 em\u00een a asay\u00ee li dar xist. ANKA-DER r\u00eaxistinek e ku ji bo r\u00eaxistinkirina malbat\u00ean \u015feh\u00eed\u00ean PKK\u00ea hat\u00ee damezrandin. Balk\u00ea\u015f e ku ev r\u00eaxistin, ku ji h\u00eala malbat\u00ean \u015feh\u00eed\u00ean PKK\u00ea ve hat\u00ee damezrandin, heta niha qet nehatiye d\u00eetin-bih\u00eestin. Ji bil\u00ee daxuyaniy\u00ean carinan, ti m\u00eesyonek w\u00ea tune. L\u00ea ji ni\u015fk\u00ea ve, ev hem\u00fb r\u00eaxistin di sala 2025an de, sala ku PKK\u00ea xwe hilwe\u015fand, ji ni\u015fka ve \u00e7alak b\u00fbn. Gelo \u00e7ima? \u00c7ima dema ku PKK\u00ea xwe b\u00ea\u00e7ekkir\u00ee van r\u00eaxistinan xwe \u00e7alak kir.? Ji bo f\u00eamkirina v\u00ea yek\u00ea, div\u00ea mirov sosyolojiya PKK\u00ea bizanibe.<\/span><\/h3>\n<h3 style=\"text-align: justify\"><span style=\"font-family: 'arial black', sans-serif;font-size: 18pt;color: #8c0808\">\u00db ya her\u00ee gir\u00eeng j\u00ee, Ocalan peyamek\u00ea ji v\u00ea kongrey\u00ea re di\u015f\u00eene, \u00fb di w\u00ea peyam\u00ea de ew kes\u00ean ku ji bo Kurdistan\u00ea j\u00eeyana xwe ji dest dane bi b\u00eer t\u00eene \u00fb carek\u00ea j\u00ee peyva &#8220;Kurd&#8221; an j\u00ee &#8220;Kurdistan&#8221; bikar nayne.<\/span><\/h3>\n<h3 style=\"text-align: justify\"><span style=\"font-family: arial, helvetica, sans-serif\">Di \u015fer\u00ea 52 salan \u00ea PKK\u00ea de bi hezaran ciwan\u00ean Kurd jiyana xwe ji dest dane. PKK\u00ea van mirinan, hem y\u00ean di nav ref\u00ean xwe de \u00fb hem j\u00ee y\u00ean ku ew b\u00fbne sedema mirina wan, wek\u00ee am\u00fbrek sereke ya propaganday\u00ea bi kar aniye. Bi t\u00eageha &#8220;\u00eexanetkirina \u015feh\u00eedan&#8221; wek\u00ee gopalek\u00ea, PKK\u00ea ew li dij\u00ee kes\u00ean di nav r\u00eaxistin\u00ea de \u00fb li dervey\u00ee w\u00ea ku siyaseta w\u00ea rexne dikin bi kar aniye. Rexne li Ocalan bikin? Di cih de bib\u00eajin, &#8220;R\u00eaber heval\u00ea \u015feh\u00eedan e.&#8221; Rexne li siyaseta PKK\u00ea bikin? Bib\u00eajin, &#8220;PKKe tevgereke \u015feh\u00eedan e.&#8221; Ger endamek bixwaze ji PKK\u00ea veqete? Bib\u00eajin, &#8220;Te xiyanet li \u015feh\u00eedan kiriye.&#8221; H\u00fbn \u00e7i bikin j\u00ee, h\u00fbn bi d\u00eewar\u00ea \u015feh\u00eedan y\u00ea ku PKK\u00ea bi le\u015fe ciwan\u00ean Kurd ve avakir\u00eeye re r\u00fb bi r\u00fb dim\u00eenin. Ti\u015ft\u00ea her\u00ee gir\u00eeng ku PKK\u00ea dike PKKr, ev kes\u00ean ku jiyana xwe ji dest dane ne. Bi r\u00eaya \u015feh\u00eedan, w\u00ea m\u00eesyonek pejirandiye ku her ti\u015ft rast, ji rexney\u00ea w\u00eadetir \u00fb p\u00eeroz e. Wek\u00ee din, w\u00ea bi xw\u00een\u00ea malbat bi xwe ve gir\u00eadaye. Ji bo mirina kesek\u00ee ji her malbat\u00ea planeke taybet\u00ee hatib\u00fb \u00e7\u00eakirin. Bi v\u00ee reng\u00ee, malbat ne\u00e7ar man ku bibin endam\u00ean PKK\u00ea. P\u00eawend\u00eeyek xw\u00een\u00ea bi r\u00eaxistin\u00ea re \u00e7\u00eadibe. Bo nim\u00fbne, li Bakur, hewldan\u00ean taybet hatin kirin da ku zarok\u00ean malbat\u00ean navdar werin tevl\u00eekirin. Li Rojava, zarok\u00ean kes\u00ean ji partiy\u00ean din bi ferm\u00ee hatin revandin \u00fb birin nav PKK\u00ea. \u00db ji mirina van kesan siyaset hate \u00e7\u00eakirin. B\u00ea guman, malbat j\u00ee bi xw\u00een\u00ea bi PKK\u00ea ve hatin gir\u00eadan. Y\u00ean ku li zarok\u00ean xwe digeriyan an j\u00ee ne endam\u00ean PKK\u00ea b\u00fbn, bi &#8220;heqaretkirina \u015feh\u00eedan&#8221; hatin tawanbarkirin.<\/span><\/h3>\n<h3 style=\"text-align: justify\"><span style=\"font-family: arial, helvetica, sans-serif\">Yan\u00ee bi kurtas\u00ee, mirin\u00ean di nav PKK\u00ea de mijara giring ya l\u00eakol\u00een\u00eaye ku li ser t\u00eageha &#8220;\u015feh\u00eed \u00fb xiyaneta li \u015feh\u00eedan&#8221; div\u00ea were kirin.<\/span><\/h3>\n<h3 style=\"text-align: justify\"><span style=\"font-family: 'arial black', sans-serif;font-size: 18pt;color: #8c0808\">L\u00ea di rastiy\u00ea de, xiyaneta her\u00ee mezin a li hember \u015feh\u00eedan j\u00ee PKK\u00ea bi xwe dike. PKK\u00ea t\u00eageha &#8220;\u015feh\u00eedb\u00fbn\u00ea&#8221; wek\u00ee projeyek endezyariy\u00ea ya ps\u00eekoloj\u00eek \u00fb sosyoloj\u00eek bi kar aniye, w\u00ea bi awayek\u00ee ber\u00fbvaj\u00eekirina rast\u00eeyan de bikar<\/span><\/h3>\n<h3 style=\"text-align: justify\"><span style=\"font-family: arial, helvetica, sans-serif\">t\u00eene. \u00a0Serdema ku PKK\u00ea her\u00ee z\u00eade qurban\u00ee day\u00ee pi\u015ft\u00ee sal\u00ean 1990 \u00ee b\u00fb. L\u00eabel\u00ea, Ocalan v\u00ea serdema pi\u015ft\u00ee sal\u00ean 1990 \u00ee wek\u00ee \u015ferek\u00ee nehewce p\u00eanase dike. Ev t\u00ea v\u00ea watey\u00ea ku y\u00ean ku mirine bi awayek\u00ee nehewce j\u00eeyana xwe ji dest dane. Ev t\u00ea w\u00ea watey\u00ea ku h\u00fbn \u00e7ekan didin 50 kesan \u00fb wan di\u015f\u00eenin \u00e7iyayan, dib\u00eajin ku mirin qehreman\u00ee ye. L\u00ea pa\u015f\u00ea h\u00fbn dib\u00eajin ku ew \u015fer pirr xelet b\u00fb. Ev xiyanetek li hember \u015feh\u00eedan e, heta b\u00eaexlaq\u00eeye ango diz\u00eena jiyana mirovan e.<\/span><\/h3>\n<h3 style=\"text-align: justify\"><span style=\"font-family: arial, helvetica, sans-serif\">Di peyama xwe ya ji bo Kongreya ANKA-DER \u00ea de, Ocalan carek\u00ea j\u00ee behsa Kurdistan\u00ea nake, l\u00ea dib\u00eaje, &#8220;T\u00eako\u015f\u00eena ji bo azadiy\u00ea ne hunera z\u00eadekirina mirin\u00ea ye, hunera r\u00eaxistinkirina jiyan\u00ea ye.&#8221; W\u00ea dem\u00ea ma mirov j\u00ea napirsin, &#8220;\u00c7ima te di sal\u00ean 90 \u00ee de mirov \u015fandin \u015ferek\u00ee b\u00eawate \u00fb b\u00eadaw\u00ee? \u00c7ima te r\u00ea li ber mirovan negirt ku xwe ji bo te ne\u015fewit\u00eenin?&#8221; Helwesta Ocalan&#8221;xiyanet e, di ser\u00ee de li dij\u00ee Kurdan, l\u00ea bi taybet\u00ee j\u00ee li dij\u00ee kes\u00ean ku jiyana xwe ji dest dane.&#8221; Ev rast\u00ee ye. Ocalan kujer\u00ea ciwan\u00ean Kurd e.<\/span><\/h3>\n<h3 style=\"text-align: justify\"><span style=\"font-family: arial, helvetica, sans-serif\">Ocalan ewqas b\u00ear\u00eaz\u00ee li hember miriyan dike ku ew \u00ea heta li ser ciwan\u00ean Kurd \u00ean ku wek \u015feh\u00eed bib\u00eaje, &#8220;Ev kiryara wan a daw\u00ee ya li hember me b\u00fb,&#8221; an j\u00ee &#8220;Ew ji bo cixareyek\u00ea mirin.&#8221; W\u00ee qet dilsoziyek n\u00ee\u015fan\u00ee \u015feh\u00eedan an malbat\u00ean wan nedaye. Ger h\u00fbn bin\u00eare, ji dema ku PKK\u00ea xwe fesih kir\u00ee \u00fb wir ve heroj, nav\u00ean bi dehan ciwan\u00ean ku jiyana xwe ji dest tene e\u015fkere kirin. Gelo \u00e7ima wan heya nuke vedi\u015f\u00eara? PKKe dib\u00eaje, &#8220;Ez \u00ea wan dema ku ji min re hewcebe rageh\u00eenim&#8221;<\/span><\/h3>\n<h3 style=\"text-align: justify\"><span style=\"font-family: arial, helvetica, sans-serif\">Kes\u00ean ku jiyana xwe di \u015fer\u00ea ji bo PKK\u00ea de ji dest dane, piraniya wan zarok\u00ean malbat\u00ean xizan b\u00fbn. Gelek ji wan malbat\u00ean ji ber tevl\u00eeb\u00fbna zarok\u00ean xwe hejar \u00fb peri\u015fan b\u00fbn, ne\u00e7ar man ku ko\u00e7ber bibin. Hin malbatan s\u00ea zarok\u00ean xwe di \u015fer\u00ea ji bo PKK\u00ea de ji dest dane, l\u00ea xwi\u015fk\u00ean wan ketine nav j\u00eeyaneke neba\u015f \u00fb mecb\u00fbr maye ku parsek\u00ee bike. PKKe<\/span><\/h3>\n<h3 style=\"text-align: justify\"><span style=\"font-family: 'arial black', sans-serif;font-size: 18pt;color: #8c0808\">r\u00eaxistinek pir dewlemend e, l\u00ea d\u00eesa j\u00ee qet quru\u015fek nedaye van malbat\u00ean \u015feh\u00eedan. Bi salan e, PKK\u00ea \u015faredariy\u00ean li Bakur kontrol dikir, bi m\u00eelyonan dolar distand, l\u00ea ten\u00ea ji malbat\u00ean kes\u00ean ku di \u015fer\u00ea ji bo wan de ji dest dane re &#8211; ku ew j\u00ea re dib\u00eajin &#8220;malbat\u00ean bi q\u00eemet&#8221; &#8211; kar\u00ean berhevkirina gil\u00ea\u015f-zibil layiq\u00ee wan d\u00eet\u00eeye. Ji wan malbat\u00ean ku bedel\u00ean mezin dane, tu kes di meqam\u00ean serokatiy\u00ea an erk\u00ean payebilind de cih negirt\u00eeye. \u00a0<\/span><\/h3>\n<h3 style=\"text-align: justify\"><span style=\"font-family: arial, helvetica, sans-serif\">Ji ber v\u00ea yek\u00ea \u00e7ima PKK\u00ea ji ni\u015fk\u00ea ve malbat\u00ean \u015feh\u00eedan bi b\u00eer hat? Ji bo v\u00ea yek\u00ea gelek sedem hene. &#8220;PKK\u00ea xwe ji hev belav kiriye, b\u00eaaramiyek di layengir\u00ean w\u00ea de heye, mirov dib\u00eajin &#8216;Ma em ten\u00ea mirin \u00fb bes e, me \u00e7i bi dest xist?&#8217; \u00db ev bertek dikare di p\u00ea\u015feroj\u00ea de bibe sedema pirsgir\u00eak\u00ean mezin. Niha PKKe d\u00eesa hewl dide ku ji malbat\u00ean kes\u00ean ku jiyana xwe ji dest dane bingehek mil\u00eetan biafir\u00eene bi navkirina wan &#8216;malbat\u00ean bi nirx&#8217;. Wek\u00ee din, ji bo parastina nav\u00fbdeng\u00ea xwe y\u00ea xerab\u00fby\u00ee, d\u00eesa xwe disp\u00eare &#8216;\u015feh\u00eed\u2019 an. Ji ber v\u00ea yek\u00ea armanc d\u00eesa xurtkirina r\u00eaxistina xwe ya Kurdayet\u00ee d\u00fbr.<\/span><\/h3>\n<h3 style=\"text-align: justify\"><span style=\"font-family: arial, helvetica, sans-serif\">Ocalan Dehaqek\u00ee rast\u00een e. W\u00ee sere bi hezaran ciwan\u00ean Kurd xwar da ku xwe p\u00ea bilind bike. Peyama ku Ocalan ji Kongreya ANKA-DER re \u015fandiye m\u00eenakek b\u00ea\u015fermiy\u00ea \u00fb b\u00eawijdaniy\u00ea ye. Ev hewldanek e ku xiyaneta xwe ya d\u00eerok\u00ee ve\u015f\u00eare\u2026&#8221;<\/span><\/h3>\n","protected":false},"excerpt":{"rendered":"<p>Evdila Ocalan, 52 sal in, kes\u00ean ku di nav PKK\u00ea de jiyana xwe ji dest dane bi b\u00eer t\u00eene, l\u00ea w\u00ee carek\u00ea j\u00ee behsa Kurdistan\u00ea nekiriye\u2026 Evdila Ocalan peyamek ji bo konferansa ku ji bo b\u00eeran\u00eena windahiy\u00ean ku PKK\u00ea di maw\u00ea 52 salan de dane het\u00ee lidarxistin \u015fand. Ocalan carek\u00ea j\u00ee peyva Kurdistan\u00ea bi kar [&hellip;]<\/p>\n","protected":false},"author":2,"featured_media":1051102,"comment_status":"closed","ping_status":"closed","sticky":false,"template":"","format":"standard","meta":{"footnotes":""},"categories":[68],"tags":[37],"class_list":["post-1051101","post","type-post","status-publish","format-standard","has-post-thumbnail","hentry","category-analiz","tag-sereke"],"blocksy_meta":[],"seo_head":"<!-- This site is optimized with the Yoast SEO plugin v27.5 - https:\/\/yoast.com\/product\/yoast-seo-wordpress\/ -->\n<title>Peyama Ocalan ji bo Kongreya ANKA-DER \u00ea \u015fand\u00ee \u00fb n\u00eaz\u00eekatiya PKK\u00ea ji bo meseleya &quot;\u015eeh\u00eedan&quot;\u2026 - Darka Maz\u00ee<\/title>\n<meta name=\"robots\" content=\"index, follow, max-snippet:-1, max-image-preview:large, max-video-preview:-1\" \/>\n<link rel=\"canonical\" href=\"https:\/\/darkamazi.info\/archives\/1051101\" \/>\n<meta property=\"og:locale\" content=\"en_US\" \/>\n<meta property=\"og:type\" content=\"article\" \/>\n<meta property=\"og:title\" content=\"Peyama Ocalan ji bo Kongreya ANKA-DER \u00ea \u015fand\u00ee \u00fb n\u00eaz\u00eekatiya PKK\u00ea ji bo meseleya &quot;\u015eeh\u00eedan&quot;\u2026 - Darka Maz\u00ee\" \/>\n<meta property=\"og:description\" content=\"Evdila Ocalan, 52 sal in, kes\u00ean ku di nav PKK\u00ea de jiyana xwe ji dest dane bi b\u00eer t\u00eene, l\u00ea w\u00ee carek\u00ea j\u00ee behsa Kurdistan\u00ea nekiriye\u2026 Evdila Ocalan peyamek ji bo konferansa ku ji bo b\u00eeran\u00eena windahiy\u00ean ku PKK\u00ea di maw\u00ea 52 salan de dane het\u00ee lidarxistin \u015fand. Ocalan carek\u00ea j\u00ee peyva Kurdistan\u00ea bi kar [&hellip;]\" \/>\n<meta property=\"og:url\" content=\"https:\/\/darkamazi.info\/archives\/1051101\" \/>\n<meta property=\"og:site_name\" content=\"Darka Maz\u00ee\" \/>\n<meta property=\"article:publisher\" content=\"https:\/\/www.facebook.com\/DarMaziKurmanci\" \/>\n<meta property=\"article:published_time\" content=\"2025-12-23T09:09:56+00:00\" \/>\n<meta property=\"og:image\" content=\"https:\/\/darkamazi.info\/file\/2025\/12\/Ocalan-u-kujeri-info.jpg\" \/>\n\t<meta property=\"og:image:width\" content=\"900\" \/>\n\t<meta property=\"og:image:height\" content=\"475\" \/>\n\t<meta property=\"og:image:type\" content=\"image\/jpeg\" \/>\n<meta name=\"author\" content=\"darka mazi\" \/>\n<meta name=\"twitter:card\" content=\"summary_large_image\" \/>\n<meta name=\"twitter:creator\" content=\"@DarkaMaziLatini\" \/>\n<meta name=\"twitter:site\" content=\"@DarkaMaziLatini\" \/>\n<meta name=\"twitter:label1\" content=\"Written by\" \/>\n\t<meta name=\"twitter:data1\" content=\"darka mazi\" \/>\n\t<meta name=\"twitter:label2\" content=\"Est. reading time\" \/>\n\t<meta name=\"twitter:data2\" content=\"6 minutes\" \/>\n<script type=\"application\/ld+json\" class=\"seo-schema-graph\">{\"@context\":\"https:\\\/\\\/schema.org\",\"@graph\":[{\"@type\":\"Article\",\"@id\":\"https:\\\/\\\/darkamazi.info\\\/archives\\\/1051101#article\",\"isPartOf\":{\"@id\":\"https:\\\/\\\/darkamazi.info\\\/archives\\\/1051101\"},\"author\":{\"name\":\"darka mazi\",\"@id\":\"https:\\\/\\\/darkamazi.info\\\/#\\\/schema\\\/person\\\/5ad3e24553a0567993fa8ed4bd0a776c\"},\"headline\":\"Peyama Ocalan ji bo Kongreya ANKA-DER \u00ea \u015fand\u00ee \u00fb n\u00eaz\u00eekatiya PKK\u00ea ji bo meseleya &#8220;\u015eeh\u00eedan&#8221;\u2026\",\"datePublished\":\"2025-12-23T09:09:56+00:00\",\"mainEntityOfPage\":{\"@id\":\"https:\\\/\\\/darkamazi.info\\\/archives\\\/1051101\"},\"wordCount\":1357,\"publisher\":{\"@id\":\"https:\\\/\\\/darkamazi.info\\\/#organization\"},\"image\":{\"@id\":\"https:\\\/\\\/darkamazi.info\\\/archives\\\/1051101#primaryimage\"},\"thumbnailUrl\":\"https:\\\/\\\/darkamazi.info\\\/darka-content\\\/uploads\\\/2025\\\/12\\\/Ocalan-u-kujeri-info.jpg\",\"keywords\":[\"sereke\"],\"articleSection\":[\"Anal\u00eez\"],\"inLanguage\":\"en-US\"},{\"@type\":\"WebPage\",\"@id\":\"https:\\\/\\\/darkamazi.info\\\/archives\\\/1051101\",\"url\":\"https:\\\/\\\/darkamazi.info\\\/archives\\\/1051101\",\"name\":\"Peyama Ocalan ji bo Kongreya ANKA-DER \u00ea \u015fand\u00ee \u00fb n\u00eaz\u00eekatiya PKK\u00ea ji bo meseleya \\\"\u015eeh\u00eedan\\\"\u2026 - Darka Maz\u00ee\",\"isPartOf\":{\"@id\":\"https:\\\/\\\/darkamazi.info\\\/#website\"},\"primaryImageOfPage\":{\"@id\":\"https:\\\/\\\/darkamazi.info\\\/archives\\\/1051101#primaryimage\"},\"image\":{\"@id\":\"https:\\\/\\\/darkamazi.info\\\/archives\\\/1051101#primaryimage\"},\"thumbnailUrl\":\"https:\\\/\\\/darkamazi.info\\\/darka-content\\\/uploads\\\/2025\\\/12\\\/Ocalan-u-kujeri-info.jpg\",\"datePublished\":\"2025-12-23T09:09:56+00:00\",\"breadcrumb\":{\"@id\":\"https:\\\/\\\/darkamazi.info\\\/archives\\\/1051101#breadcrumb\"},\"inLanguage\":\"en-US\",\"potentialAction\":[{\"@type\":\"ReadAction\",\"target\":[\"https:\\\/\\\/darkamazi.info\\\/archives\\\/1051101\"]}]},{\"@type\":\"ImageObject\",\"inLanguage\":\"en-US\",\"@id\":\"https:\\\/\\\/darkamazi.info\\\/archives\\\/1051101#primaryimage\",\"url\":\"https:\\\/\\\/darkamazi.info\\\/darka-content\\\/uploads\\\/2025\\\/12\\\/Ocalan-u-kujeri-info.jpg\",\"contentUrl\":\"https:\\\/\\\/darkamazi.info\\\/darka-content\\\/uploads\\\/2025\\\/12\\\/Ocalan-u-kujeri-info.jpg\",\"width\":900,\"height\":475,\"caption\":\"Ocalan \u00fb k\u00fbjer\u00ee-info\"},{\"@type\":\"BreadcrumbList\",\"@id\":\"https:\\\/\\\/darkamazi.info\\\/archives\\\/1051101#breadcrumb\",\"itemListElement\":[{\"@type\":\"ListItem\",\"position\":1,\"name\":\"Home\",\"item\":\"https:\\\/\\\/darkamazi.info\\\/\"},{\"@type\":\"ListItem\",\"position\":2,\"name\":\"Peyama Ocalan ji bo Kongreya ANKA-DER \u00ea \u015fand\u00ee \u00fb n\u00eaz\u00eekatiya PKK\u00ea ji bo meseleya &#8220;\u015eeh\u00eedan&#8221;\u2026\"}]},{\"@type\":\"WebSite\",\"@id\":\"https:\\\/\\\/darkamazi.info\\\/#website\",\"url\":\"https:\\\/\\\/darkamazi.info\\\/\",\"name\":\"Darka Maz\u00ee\",\"description\":\"P\u00eageha Zanyariy\u00ean Nebih\u00eest\u00ee\",\"publisher\":{\"@id\":\"https:\\\/\\\/darkamazi.info\\\/#organization\"},\"potentialAction\":[{\"@type\":\"SearchAction\",\"target\":{\"@type\":\"EntryPoint\",\"urlTemplate\":\"https:\\\/\\\/darkamazi.info\\\/?s={search_term_string}\"},\"query-input\":{\"@type\":\"PropertyValueSpecification\",\"valueRequired\":true,\"valueName\":\"search_term_string\"}}],\"inLanguage\":\"en-US\"},{\"@type\":\"Organization\",\"@id\":\"https:\\\/\\\/darkamazi.info\\\/#organization\",\"name\":\"Darka Maz\u00ee\",\"url\":\"https:\\\/\\\/darkamazi.info\\\/\",\"logo\":{\"@type\":\"ImageObject\",\"inLanguage\":\"en-US\",\"@id\":\"https:\\\/\\\/darkamazi.info\\\/#\\\/schema\\\/logo\\\/image\\\/\",\"url\":\"https:\\\/\\\/darkamazi.info\\\/darka-content\\\/uploads\\\/2017\\\/12\\\/darka-mazi-logo.png\",\"contentUrl\":\"https:\\\/\\\/darkamazi.info\\\/darka-content\\\/uploads\\\/2017\\\/12\\\/darka-mazi-logo.png\",\"width\":151,\"height\":75,\"caption\":\"Darka Maz\u00ee\"},\"image\":{\"@id\":\"https:\\\/\\\/darkamazi.info\\\/#\\\/schema\\\/logo\\\/image\\\/\"},\"sameAs\":[\"https:\\\/\\\/www.facebook.com\\\/DarMaziKurmanci\",\"https:\\\/\\\/x.com\\\/DarkaMaziLatini\",\"https:\\\/\\\/www.instagram.com\\\/darkamazi.kurmanci\\\/\",\"https:\\\/\\\/www.youtube.com\\\/channel\\\/UCa5HkTdmI8U1qCUFuTw8B2g\"]},{\"@type\":\"Person\",\"@id\":\"https:\\\/\\\/darkamazi.info\\\/#\\\/schema\\\/person\\\/5ad3e24553a0567993fa8ed4bd0a776c\",\"name\":\"darka mazi\",\"sameAs\":[\"https:\\\/\\\/darkamazi.info\\\/\"],\"url\":\"https:\\\/\\\/darkamazi.info\\\/archives\\\/author\\\/kurdi\"}]}<\/script>\n<!-- \/ Yoast SEO plugin. -->","seo_head_json":{"title":"Peyama Ocalan ji bo Kongreya ANKA-DER \u00ea \u015fand\u00ee \u00fb n\u00eaz\u00eekatiya PKK\u00ea ji bo meseleya \"\u015eeh\u00eedan\"\u2026 - Darka Maz\u00ee","robots":{"index":"index","follow":"follow","max-snippet":"max-snippet:-1","max-image-preview":"max-image-preview:large","max-video-preview":"max-video-preview:-1"},"canonical":"https:\/\/darkamazi.info\/archives\/1051101","og_locale":"en_US","og_type":"article","og_title":"Peyama Ocalan ji bo Kongreya ANKA-DER \u00ea \u015fand\u00ee \u00fb n\u00eaz\u00eekatiya PKK\u00ea ji bo meseleya \"\u015eeh\u00eedan\"\u2026 - Darka Maz\u00ee","og_description":"Evdila Ocalan, 52 sal in, kes\u00ean ku di nav PKK\u00ea de jiyana xwe ji dest dane bi b\u00eer t\u00eene, l\u00ea w\u00ee carek\u00ea j\u00ee behsa Kurdistan\u00ea nekiriye\u2026 Evdila Ocalan peyamek ji bo konferansa ku ji bo b\u00eeran\u00eena windahiy\u00ean ku PKK\u00ea di maw\u00ea 52 salan de dane het\u00ee lidarxistin \u015fand. Ocalan carek\u00ea j\u00ee peyva Kurdistan\u00ea bi kar [&hellip;]","og_url":"https:\/\/darkamazi.info\/archives\/1051101","og_site_name":"Darka Maz\u00ee","article_publisher":"https:\/\/www.facebook.com\/DarMaziKurmanci","article_published_time":"2025-12-23T09:09:56+00:00","og_image":[{"width":900,"height":475,"url":"https:\/\/darkamazi.info\/file\/2025\/12\/Ocalan-u-kujeri-info.jpg","type":"image\/jpeg"}],"author":"darka mazi","twitter_card":"summary_large_image","twitter_creator":"@DarkaMaziLatini","twitter_site":"@DarkaMaziLatini","twitter_misc":{"Written by":"darka mazi","Est. reading time":"6 minutes"},"schema":{"@context":"https:\/\/schema.org","@graph":[{"@type":"Article","@id":"https:\/\/darkamazi.info\/archives\/1051101#article","isPartOf":{"@id":"https:\/\/darkamazi.info\/archives\/1051101"},"author":{"name":"darka mazi","@id":"https:\/\/darkamazi.info\/#\/schema\/person\/5ad3e24553a0567993fa8ed4bd0a776c"},"headline":"Peyama Ocalan ji bo Kongreya ANKA-DER \u00ea \u015fand\u00ee \u00fb n\u00eaz\u00eekatiya PKK\u00ea ji bo meseleya &#8220;\u015eeh\u00eedan&#8221;\u2026","datePublished":"2025-12-23T09:09:56+00:00","mainEntityOfPage":{"@id":"https:\/\/darkamazi.info\/archives\/1051101"},"wordCount":1357,"publisher":{"@id":"https:\/\/darkamazi.info\/#organization"},"image":{"@id":"https:\/\/darkamazi.info\/archives\/1051101#primaryimage"},"thumbnailUrl":"https:\/\/darkamazi.info\/file\/2025\/12\/Ocalan-u-kujeri-info.jpg","keywords":["sereke"],"articleSection":["Anal\u00eez"],"inLanguage":"en-US"},{"@type":"WebPage","@id":"https:\/\/darkamazi.info\/archives\/1051101","url":"https:\/\/darkamazi.info\/archives\/1051101","name":"Peyama Ocalan ji bo Kongreya ANKA-DER \u00ea \u015fand\u00ee \u00fb n\u00eaz\u00eekatiya PKK\u00ea ji bo meseleya \"\u015eeh\u00eedan\"\u2026 - Darka Maz\u00ee","isPartOf":{"@id":"https:\/\/darkamazi.info\/#website"},"primaryImageOfPage":{"@id":"https:\/\/darkamazi.info\/archives\/1051101#primaryimage"},"image":{"@id":"https:\/\/darkamazi.info\/archives\/1051101#primaryimage"},"thumbnailUrl":"https:\/\/darkamazi.info\/file\/2025\/12\/Ocalan-u-kujeri-info.jpg","datePublished":"2025-12-23T09:09:56+00:00","breadcrumb":{"@id":"https:\/\/darkamazi.info\/archives\/1051101#breadcrumb"},"inLanguage":"en-US","potentialAction":[{"@type":"ReadAction","target":["https:\/\/darkamazi.info\/archives\/1051101"]}]},{"@type":"ImageObject","inLanguage":"en-US","@id":"https:\/\/darkamazi.info\/archives\/1051101#primaryimage","url":"https:\/\/darkamazi.info\/file\/2025\/12\/Ocalan-u-kujeri-info.jpg","contentUrl":"https:\/\/darkamazi.info\/file\/2025\/12\/Ocalan-u-kujeri-info.jpg","width":900,"height":475,"caption":"Ocalan \u00fb k\u00fbjer\u00ee-info"},{"@type":"BreadcrumbList","@id":"https:\/\/darkamazi.info\/archives\/1051101#breadcrumb","itemListElement":[{"@type":"ListItem","position":1,"name":"Home","item":"https:\/\/darkamazi.info\/"},{"@type":"ListItem","position":2,"name":"Peyama Ocalan ji bo Kongreya ANKA-DER \u00ea \u015fand\u00ee \u00fb n\u00eaz\u00eekatiya PKK\u00ea ji bo meseleya &#8220;\u015eeh\u00eedan&#8221;\u2026"}]},{"@type":"WebSite","@id":"https:\/\/darkamazi.info\/#website","url":"https:\/\/darkamazi.info\/","name":"Darka Maz\u00ee","description":"P\u00eageha Zanyariy\u00ean Nebih\u00eest\u00ee","publisher":{"@id":"https:\/\/darkamazi.info\/#organization"},"potentialAction":[{"@type":"SearchAction","target":{"@type":"EntryPoint","urlTemplate":"https:\/\/darkamazi.info\/?s={search_term_string}"},"query-input":{"@type":"PropertyValueSpecification","valueRequired":true,"valueName":"search_term_string"}}],"inLanguage":"en-US"},{"@type":"Organization","@id":"https:\/\/darkamazi.info\/#organization","name":"Darka Maz\u00ee","url":"https:\/\/darkamazi.info\/","logo":{"@type":"ImageObject","inLanguage":"en-US","@id":"https:\/\/darkamazi.info\/#\/schema\/logo\/image\/","url":"https:\/\/darkamazi.info\/file\/2017\/12\/darka-mazi-logo.png","contentUrl":"https:\/\/darkamazi.info\/file\/2017\/12\/darka-mazi-logo.png","width":151,"height":75,"caption":"Darka Maz\u00ee"},"image":{"@id":"https:\/\/darkamazi.info\/#\/schema\/logo\/image\/"},"sameAs":["https:\/\/www.facebook.com\/DarMaziKurmanci","https:\/\/x.com\/DarkaMaziLatini","https:\/\/www.instagram.com\/darkamazi.kurmanci\/","https:\/\/www.youtube.com\/channel\/UCa5HkTdmI8U1qCUFuTw8B2g"]},{"@type":"Person","@id":"https:\/\/darkamazi.info\/#\/schema\/person\/5ad3e24553a0567993fa8ed4bd0a776c","name":"darka mazi","sameAs":["https:\/\/darkamazi.info\/"],"url":"https:\/\/darkamazi.info\/archives\/author\/kurdi"}]}},"_links":{"self":[{"href":"https:\/\/darkamazi.info\/funavuv\/wp\/v2\/posts\/1051101","targetHints":{"allow":["GET"]}}],"collection":[{"href":"https:\/\/darkamazi.info\/funavuv\/wp\/v2\/posts"}],"about":[{"href":"https:\/\/darkamazi.info\/funavuv\/wp\/v2\/types\/post"}],"author":[{"embeddable":true,"href":"https:\/\/darkamazi.info\/funavuv\/wp\/v2\/users\/2"}],"replies":[{"embeddable":true,"href":"https:\/\/darkamazi.info\/funavuv\/wp\/v2\/comments?post=1051101"}],"version-history":[{"count":0,"href":"https:\/\/darkamazi.info\/funavuv\/wp\/v2\/posts\/1051101\/revisions"}],"wp:featuredmedia":[{"embeddable":true,"href":"https:\/\/darkamazi.info\/funavuv\/wp\/v2\/media\/1051102"}],"wp:attachment":[{"href":"https:\/\/darkamazi.info\/funavuv\/wp\/v2\/media?parent=1051101"}],"wp:term":[{"taxonomy":"category","embeddable":true,"href":"https:\/\/darkamazi.info\/funavuv\/wp\/v2\/categories?post=1051101"},{"taxonomy":"post_tag","embeddable":true,"href":"https:\/\/darkamazi.info\/funavuv\/wp\/v2\/tags?post=1051101"}],"curies":[{"name":"wp","href":"https:\/\/api.w.org\/{rel}","templated":true}]}}