{"id":1051107,"date":"2025-12-23T19:17:00","date_gmt":"2025-12-23T16:17:00","guid":{"rendered":"https:\/\/darkamazi.info\/?p=1051107"},"modified":"2025-12-23T19:17:00","modified_gmt":"2025-12-23T16:17:00","slug":"sanda-dem-partiye-ya-imraliye-bi-numan-kurtulmus-re-civiya","status":"publish","type":"post","link":"https:\/\/darkamazi.info\/archives\/1051107","title":{"rendered":"\u015eanda Dem Partiy\u00ea ya \u00cemraliy\u00ea bi Numan Kurtulmu\u015f re civiya"},"content":{"rendered":"<h3 style=\"text-align: justify\"><span style=\"font-family: 'arial black', sans-serif\">\u00a0Endam\u00ean \u015fanda Dem Partiy\u00ea ya \u00cemraliy\u00ea li gel Serok\u00ea Parlementoya Tirkiyey\u00ea civiyan. Endamek\u00ea w\u00ea \u015fand\u00ea pi\u015ft\u00ee w\u00ea hevd\u00eetin\u00ea ragihand ku, wan hevd\u00eetineka gir\u00eeng \u00fb berhemdar kiriye \u00fb ji bo p\u00eavajoya a\u015fitiy\u00ea damezrandina kom\u00eesyona parlementoy\u00ea ten\u00ea, xwed\u00ee wateyeke d\u00eerok\u00ee ye.\u00a0<\/span><\/h3>\n<h3 style=\"text-align: justify\">Endam\u00ean \u015eanda Partiya Wekhev\u00ee \u00fb Demokrasiya Gelan (Dem Part\u00ee) ya \u00cemraliy\u00ea \u00eero (S\u00ea\u015fem, 23.12.2025) bi Parlementoya Tirkiyey\u00ea Numan Kurtulmu\u015f re civiya.<\/h3>\n<h3 style=\"text-align: justify\">Endam\u00ea \u015eanda Partiya Wekhev\u00ee \u00fb Demokrasiya Gelan (Dem Part\u00ee) ya \u00cemraliy\u00ea M\u00eethet Sancar ragihand: \u201cDi war\u00ea rewab\u00fbna demokras\u00ee, tevl\u00eeb\u00fbna hem\u00ee aliyan, \u015fefafiyet \u00fb garantiy\u00ea de rola parlemantoy\u00ea gelek giring e. Niha qonaxa niv\u00eesandina raporta hevpar e. Hatiye plankririn ku raport meha yek\u00ea temam bibe.\u201d<\/h3>\n<h3 style=\"text-align: justify\">M\u00eethet Sancar herwesa got: \u201cEz dikarim wek encam\u00ea her du hevd\u00eetinan bib\u00eajem: p\u00eadiv\u00eetiyta v\u00ea p\u00eavajoy\u00ea bi garantiy\u00ean qan\u00fbn\u00ee heye. Pi\u015ftevaniya civak\u00ee giring e. S\u00eestemeke dadperwer \u00fb wekhev ya qan\u00fbn\u00ee ji bo a\u015ftiya civak\u00ee gelek giring e. Demokras\u00ee ji bo hem\u00ee welat e \u00fb A\u015ft\u00ee ji bo pirsa Kurdan \u00fb hem\u00ee dever\u00ea watedar e.\u201d\u00a0<\/h3>\n<h3 style=\"text-align: justify\">Endama \u015eanda \u00cemraliy\u00ea Pervin Buldan j\u00ee ragihand: \u201cHevd\u00eetineka ba\u015f b\u00fb. Di v\u00ea prosey\u00ea de ti\u015ft\u00ea giring ev e: lihevhatineka hevpar a \u00eeradeya siyas\u00ee heye. Aliy\u00ea din em xwed\u00eel\u00eaderketina parlemantoy\u00ea j\u00ee ji bo v\u00ea p\u00eavajoy\u00ea gelek gir\u00eeng dib\u00eenin.\u201d<\/h3>\n<h3 style=\"text-align: justify\">Pervin Buldan herwesa got: \u201cR\u00eazdar Kurtulmu\u015f wek serok\u00ea kom\u00eesyon\u00ea xwed\u00ee li v\u00ea \u00eeradey\u00ea derdikeve. Ji bo v\u00ea j\u00ee, em spasiya w\u00ee dikin. Em li bend\u00ea ne ku kar\u00ea kom\u00eesyon\u00ea naverasta meha \u00e7iley\u00ea bidaw\u00ee bibe.\u201d<\/h3>\n","protected":false},"excerpt":{"rendered":"<p>\u00a0Endam\u00ean \u015fanda Dem Partiy\u00ea ya \u00cemraliy\u00ea li gel Serok\u00ea Parlementoya Tirkiyey\u00ea civiyan. Endamek\u00ea w\u00ea \u015fand\u00ea pi\u015ft\u00ee w\u00ea hevd\u00eetin\u00ea ragihand ku, wan hevd\u00eetineka gir\u00eeng \u00fb berhemdar kiriye \u00fb ji bo p\u00eavajoya a\u015fitiy\u00ea damezrandina kom\u00eesyona parlementoy\u00ea ten\u00ea, xwed\u00ee wateyeke d\u00eerok\u00ee ye.\u00a0 Endam\u00ean \u015eanda Partiya Wekhev\u00ee \u00fb Demokrasiya Gelan (Dem Part\u00ee) ya \u00cemraliy\u00ea \u00eero (S\u00ea\u015fem, 23.12.2025) bi Parlementoya [&hellip;]<\/p>\n","protected":false},"author":2,"featured_media":1051108,"comment_status":"closed","ping_status":"closed","sticky":false,"template":"","format":"standard","meta":{"footnotes":""},"categories":[31],"tags":[37],"class_list":["post-1051107","post","type-post","status-publish","format-standard","has-post-thumbnail","hentry","category-rojhelata-navin","tag-sereke"],"blocksy_meta":[],"seo_head":"<!-- This site is optimized with the Yoast SEO plugin v27.5 - https:\/\/yoast.com\/product\/yoast-seo-wordpress\/ -->\n<title>\u015eanda Dem Partiy\u00ea ya \u00cemraliy\u00ea bi Numan Kurtulmu\u015f re civiya - Darka Maz\u00ee<\/title>\n<meta name=\"robots\" content=\"index, follow, max-snippet:-1, max-image-preview:large, max-video-preview:-1\" \/>\n<link rel=\"canonical\" href=\"https:\/\/darkamazi.info\/archives\/1051107\" \/>\n<meta property=\"og:locale\" content=\"en_US\" \/>\n<meta property=\"og:type\" content=\"article\" \/>\n<meta property=\"og:title\" content=\"\u015eanda Dem Partiy\u00ea ya \u00cemraliy\u00ea bi Numan Kurtulmu\u015f re civiya - Darka Maz\u00ee\" \/>\n<meta property=\"og:description\" content=\"\u00a0Endam\u00ean \u015fanda Dem Partiy\u00ea ya \u00cemraliy\u00ea li gel Serok\u00ea Parlementoya Tirkiyey\u00ea civiyan. Endamek\u00ea w\u00ea \u015fand\u00ea pi\u015ft\u00ee w\u00ea hevd\u00eetin\u00ea ragihand ku, wan hevd\u00eetineka gir\u00eeng \u00fb berhemdar kiriye \u00fb ji bo p\u00eavajoya a\u015fitiy\u00ea damezrandina kom\u00eesyona parlementoy\u00ea ten\u00ea, xwed\u00ee wateyeke d\u00eerok\u00ee ye.\u00a0 Endam\u00ean \u015eanda Partiya Wekhev\u00ee \u00fb Demokrasiya Gelan (Dem Part\u00ee) ya \u00cemraliy\u00ea \u00eero (S\u00ea\u015fem, 23.12.2025) bi Parlementoya [&hellip;]\" \/>\n<meta property=\"og:url\" content=\"https:\/\/darkamazi.info\/archives\/1051107\" \/>\n<meta property=\"og:site_name\" content=\"Darka Maz\u00ee\" \/>\n<meta property=\"article:publisher\" content=\"https:\/\/www.facebook.com\/DarMaziKurmanci\" \/>\n<meta property=\"article:published_time\" content=\"2025-12-23T16:17:00+00:00\" \/>\n<meta property=\"og:image\" content=\"https:\/\/darkamazi.info\/file\/2025\/12\/numan-kurtulmus-dem-parti.jpg\" \/>\n\t<meta property=\"og:image:width\" content=\"900\" \/>\n\t<meta property=\"og:image:height\" content=\"497\" \/>\n\t<meta property=\"og:image:type\" content=\"image\/jpeg\" \/>\n<meta name=\"author\" content=\"darka mazi\" \/>\n<meta name=\"twitter:card\" content=\"summary_large_image\" \/>\n<meta name=\"twitter:creator\" content=\"@DarkaMaziLatini\" \/>\n<meta name=\"twitter:site\" content=\"@DarkaMaziLatini\" \/>\n<meta name=\"twitter:label1\" content=\"Written by\" \/>\n\t<meta name=\"twitter:data1\" content=\"darka mazi\" \/>\n\t<meta name=\"twitter:label2\" content=\"Est. reading time\" \/>\n\t<meta name=\"twitter:data2\" content=\"2 minutes\" \/>\n<script type=\"application\/ld+json\" class=\"seo-schema-graph\">{\"@context\":\"https:\\\/\\\/schema.org\",\"@graph\":[{\"@type\":\"Article\",\"@id\":\"https:\\\/\\\/darkamazi.info\\\/archives\\\/1051107#article\",\"isPartOf\":{\"@id\":\"https:\\\/\\\/darkamazi.info\\\/archives\\\/1051107\"},\"author\":{\"name\":\"darka mazi\",\"@id\":\"https:\\\/\\\/darkamazi.info\\\/#\\\/schema\\\/person\\\/5ad3e24553a0567993fa8ed4bd0a776c\"},\"headline\":\"\u015eanda Dem Partiy\u00ea ya \u00cemraliy\u00ea bi Numan Kurtulmu\u015f re civiya\",\"datePublished\":\"2025-12-23T16:17:00+00:00\",\"mainEntityOfPage\":{\"@id\":\"https:\\\/\\\/darkamazi.info\\\/archives\\\/1051107\"},\"wordCount\":268,\"publisher\":{\"@id\":\"https:\\\/\\\/darkamazi.info\\\/#organization\"},\"image\":{\"@id\":\"https:\\\/\\\/darkamazi.info\\\/archives\\\/1051107#primaryimage\"},\"thumbnailUrl\":\"https:\\\/\\\/darkamazi.info\\\/darka-content\\\/uploads\\\/2025\\\/12\\\/numan-kurtulmus-dem-parti.jpg\",\"keywords\":[\"sereke\"],\"articleSection\":[\"Rojhelata nav\u00een\"],\"inLanguage\":\"en-US\"},{\"@type\":\"WebPage\",\"@id\":\"https:\\\/\\\/darkamazi.info\\\/archives\\\/1051107\",\"url\":\"https:\\\/\\\/darkamazi.info\\\/archives\\\/1051107\",\"name\":\"\u015eanda Dem Partiy\u00ea ya \u00cemraliy\u00ea bi Numan Kurtulmu\u015f re civiya - Darka Maz\u00ee\",\"isPartOf\":{\"@id\":\"https:\\\/\\\/darkamazi.info\\\/#website\"},\"primaryImageOfPage\":{\"@id\":\"https:\\\/\\\/darkamazi.info\\\/archives\\\/1051107#primaryimage\"},\"image\":{\"@id\":\"https:\\\/\\\/darkamazi.info\\\/archives\\\/1051107#primaryimage\"},\"thumbnailUrl\":\"https:\\\/\\\/darkamazi.info\\\/darka-content\\\/uploads\\\/2025\\\/12\\\/numan-kurtulmus-dem-parti.jpg\",\"datePublished\":\"2025-12-23T16:17:00+00:00\",\"breadcrumb\":{\"@id\":\"https:\\\/\\\/darkamazi.info\\\/archives\\\/1051107#breadcrumb\"},\"inLanguage\":\"en-US\",\"potentialAction\":[{\"@type\":\"ReadAction\",\"target\":[\"https:\\\/\\\/darkamazi.info\\\/archives\\\/1051107\"]}]},{\"@type\":\"ImageObject\",\"inLanguage\":\"en-US\",\"@id\":\"https:\\\/\\\/darkamazi.info\\\/archives\\\/1051107#primaryimage\",\"url\":\"https:\\\/\\\/darkamazi.info\\\/darka-content\\\/uploads\\\/2025\\\/12\\\/numan-kurtulmus-dem-parti.jpg\",\"contentUrl\":\"https:\\\/\\\/darkamazi.info\\\/darka-content\\\/uploads\\\/2025\\\/12\\\/numan-kurtulmus-dem-parti.jpg\",\"width\":900,\"height\":497,\"caption\":\"\u015eanda Dem Partiy\u00ea ya \u00cemraliy\u00ea bi Numan Kurtulmu\u015f re civiya\"},{\"@type\":\"BreadcrumbList\",\"@id\":\"https:\\\/\\\/darkamazi.info\\\/archives\\\/1051107#breadcrumb\",\"itemListElement\":[{\"@type\":\"ListItem\",\"position\":1,\"name\":\"Home\",\"item\":\"https:\\\/\\\/darkamazi.info\\\/\"},{\"@type\":\"ListItem\",\"position\":2,\"name\":\"\u015eanda Dem Partiy\u00ea ya \u00cemraliy\u00ea bi Numan Kurtulmu\u015f re civiya\"}]},{\"@type\":\"WebSite\",\"@id\":\"https:\\\/\\\/darkamazi.info\\\/#website\",\"url\":\"https:\\\/\\\/darkamazi.info\\\/\",\"name\":\"Darka Maz\u00ee\",\"description\":\"P\u00eageha Zanyariy\u00ean Nebih\u00eest\u00ee\",\"publisher\":{\"@id\":\"https:\\\/\\\/darkamazi.info\\\/#organization\"},\"potentialAction\":[{\"@type\":\"SearchAction\",\"target\":{\"@type\":\"EntryPoint\",\"urlTemplate\":\"https:\\\/\\\/darkamazi.info\\\/?s={search_term_string}\"},\"query-input\":{\"@type\":\"PropertyValueSpecification\",\"valueRequired\":true,\"valueName\":\"search_term_string\"}}],\"inLanguage\":\"en-US\"},{\"@type\":\"Organization\",\"@id\":\"https:\\\/\\\/darkamazi.info\\\/#organization\",\"name\":\"Darka Maz\u00ee\",\"url\":\"https:\\\/\\\/darkamazi.info\\\/\",\"logo\":{\"@type\":\"ImageObject\",\"inLanguage\":\"en-US\",\"@id\":\"https:\\\/\\\/darkamazi.info\\\/#\\\/schema\\\/logo\\\/image\\\/\",\"url\":\"https:\\\/\\\/darkamazi.info\\\/darka-content\\\/uploads\\\/2017\\\/12\\\/darka-mazi-logo.png\",\"contentUrl\":\"https:\\\/\\\/darkamazi.info\\\/darka-content\\\/uploads\\\/2017\\\/12\\\/darka-mazi-logo.png\",\"width\":151,\"height\":75,\"caption\":\"Darka Maz\u00ee\"},\"image\":{\"@id\":\"https:\\\/\\\/darkamazi.info\\\/#\\\/schema\\\/logo\\\/image\\\/\"},\"sameAs\":[\"https:\\\/\\\/www.facebook.com\\\/DarMaziKurmanci\",\"https:\\\/\\\/x.com\\\/DarkaMaziLatini\",\"https:\\\/\\\/www.instagram.com\\\/darkamazi.kurmanci\\\/\",\"https:\\\/\\\/www.youtube.com\\\/channel\\\/UCa5HkTdmI8U1qCUFuTw8B2g\"]},{\"@type\":\"Person\",\"@id\":\"https:\\\/\\\/darkamazi.info\\\/#\\\/schema\\\/person\\\/5ad3e24553a0567993fa8ed4bd0a776c\",\"name\":\"darka mazi\",\"sameAs\":[\"https:\\\/\\\/darkamazi.info\\\/\"],\"url\":\"https:\\\/\\\/darkamazi.info\\\/archives\\\/author\\\/kurdi\"}]}<\/script>\n<!-- \/ Yoast SEO plugin. -->","seo_head_json":{"title":"\u015eanda Dem Partiy\u00ea ya \u00cemraliy\u00ea bi Numan Kurtulmu\u015f re civiya - Darka Maz\u00ee","robots":{"index":"index","follow":"follow","max-snippet":"max-snippet:-1","max-image-preview":"max-image-preview:large","max-video-preview":"max-video-preview:-1"},"canonical":"https:\/\/darkamazi.info\/archives\/1051107","og_locale":"en_US","og_type":"article","og_title":"\u015eanda Dem Partiy\u00ea ya \u00cemraliy\u00ea bi Numan Kurtulmu\u015f re civiya - Darka Maz\u00ee","og_description":"\u00a0Endam\u00ean \u015fanda Dem Partiy\u00ea ya \u00cemraliy\u00ea li gel Serok\u00ea Parlementoya Tirkiyey\u00ea civiyan. Endamek\u00ea w\u00ea \u015fand\u00ea pi\u015ft\u00ee w\u00ea hevd\u00eetin\u00ea ragihand ku, wan hevd\u00eetineka gir\u00eeng \u00fb berhemdar kiriye \u00fb ji bo p\u00eavajoya a\u015fitiy\u00ea damezrandina kom\u00eesyona parlementoy\u00ea ten\u00ea, xwed\u00ee wateyeke d\u00eerok\u00ee ye.\u00a0 Endam\u00ean \u015eanda Partiya Wekhev\u00ee \u00fb Demokrasiya Gelan (Dem Part\u00ee) ya \u00cemraliy\u00ea \u00eero (S\u00ea\u015fem, 23.12.2025) bi Parlementoya [&hellip;]","og_url":"https:\/\/darkamazi.info\/archives\/1051107","og_site_name":"Darka Maz\u00ee","article_publisher":"https:\/\/www.facebook.com\/DarMaziKurmanci","article_published_time":"2025-12-23T16:17:00+00:00","og_image":[{"width":900,"height":497,"url":"https:\/\/darkamazi.info\/file\/2025\/12\/numan-kurtulmus-dem-parti.jpg","type":"image\/jpeg"}],"author":"darka mazi","twitter_card":"summary_large_image","twitter_creator":"@DarkaMaziLatini","twitter_site":"@DarkaMaziLatini","twitter_misc":{"Written by":"darka mazi","Est. reading time":"2 minutes"},"schema":{"@context":"https:\/\/schema.org","@graph":[{"@type":"Article","@id":"https:\/\/darkamazi.info\/archives\/1051107#article","isPartOf":{"@id":"https:\/\/darkamazi.info\/archives\/1051107"},"author":{"name":"darka mazi","@id":"https:\/\/darkamazi.info\/#\/schema\/person\/5ad3e24553a0567993fa8ed4bd0a776c"},"headline":"\u015eanda Dem Partiy\u00ea ya \u00cemraliy\u00ea bi Numan Kurtulmu\u015f re civiya","datePublished":"2025-12-23T16:17:00+00:00","mainEntityOfPage":{"@id":"https:\/\/darkamazi.info\/archives\/1051107"},"wordCount":268,"publisher":{"@id":"https:\/\/darkamazi.info\/#organization"},"image":{"@id":"https:\/\/darkamazi.info\/archives\/1051107#primaryimage"},"thumbnailUrl":"https:\/\/darkamazi.info\/file\/2025\/12\/numan-kurtulmus-dem-parti.jpg","keywords":["sereke"],"articleSection":["Rojhelata nav\u00een"],"inLanguage":"en-US"},{"@type":"WebPage","@id":"https:\/\/darkamazi.info\/archives\/1051107","url":"https:\/\/darkamazi.info\/archives\/1051107","name":"\u015eanda Dem Partiy\u00ea ya \u00cemraliy\u00ea bi Numan Kurtulmu\u015f re civiya - Darka Maz\u00ee","isPartOf":{"@id":"https:\/\/darkamazi.info\/#website"},"primaryImageOfPage":{"@id":"https:\/\/darkamazi.info\/archives\/1051107#primaryimage"},"image":{"@id":"https:\/\/darkamazi.info\/archives\/1051107#primaryimage"},"thumbnailUrl":"https:\/\/darkamazi.info\/file\/2025\/12\/numan-kurtulmus-dem-parti.jpg","datePublished":"2025-12-23T16:17:00+00:00","breadcrumb":{"@id":"https:\/\/darkamazi.info\/archives\/1051107#breadcrumb"},"inLanguage":"en-US","potentialAction":[{"@type":"ReadAction","target":["https:\/\/darkamazi.info\/archives\/1051107"]}]},{"@type":"ImageObject","inLanguage":"en-US","@id":"https:\/\/darkamazi.info\/archives\/1051107#primaryimage","url":"https:\/\/darkamazi.info\/file\/2025\/12\/numan-kurtulmus-dem-parti.jpg","contentUrl":"https:\/\/darkamazi.info\/file\/2025\/12\/numan-kurtulmus-dem-parti.jpg","width":900,"height":497,"caption":"\u015eanda Dem Partiy\u00ea ya \u00cemraliy\u00ea bi Numan Kurtulmu\u015f re civiya"},{"@type":"BreadcrumbList","@id":"https:\/\/darkamazi.info\/archives\/1051107#breadcrumb","itemListElement":[{"@type":"ListItem","position":1,"name":"Home","item":"https:\/\/darkamazi.info\/"},{"@type":"ListItem","position":2,"name":"\u015eanda Dem Partiy\u00ea ya \u00cemraliy\u00ea bi Numan Kurtulmu\u015f re civiya"}]},{"@type":"WebSite","@id":"https:\/\/darkamazi.info\/#website","url":"https:\/\/darkamazi.info\/","name":"Darka Maz\u00ee","description":"P\u00eageha Zanyariy\u00ean Nebih\u00eest\u00ee","publisher":{"@id":"https:\/\/darkamazi.info\/#organization"},"potentialAction":[{"@type":"SearchAction","target":{"@type":"EntryPoint","urlTemplate":"https:\/\/darkamazi.info\/?s={search_term_string}"},"query-input":{"@type":"PropertyValueSpecification","valueRequired":true,"valueName":"search_term_string"}}],"inLanguage":"en-US"},{"@type":"Organization","@id":"https:\/\/darkamazi.info\/#organization","name":"Darka Maz\u00ee","url":"https:\/\/darkamazi.info\/","logo":{"@type":"ImageObject","inLanguage":"en-US","@id":"https:\/\/darkamazi.info\/#\/schema\/logo\/image\/","url":"https:\/\/darkamazi.info\/file\/2017\/12\/darka-mazi-logo.png","contentUrl":"https:\/\/darkamazi.info\/file\/2017\/12\/darka-mazi-logo.png","width":151,"height":75,"caption":"Darka Maz\u00ee"},"image":{"@id":"https:\/\/darkamazi.info\/#\/schema\/logo\/image\/"},"sameAs":["https:\/\/www.facebook.com\/DarMaziKurmanci","https:\/\/x.com\/DarkaMaziLatini","https:\/\/www.instagram.com\/darkamazi.kurmanci\/","https:\/\/www.youtube.com\/channel\/UCa5HkTdmI8U1qCUFuTw8B2g"]},{"@type":"Person","@id":"https:\/\/darkamazi.info\/#\/schema\/person\/5ad3e24553a0567993fa8ed4bd0a776c","name":"darka mazi","sameAs":["https:\/\/darkamazi.info\/"],"url":"https:\/\/darkamazi.info\/archives\/author\/kurdi"}]}},"_links":{"self":[{"href":"https:\/\/darkamazi.info\/funavuv\/wp\/v2\/posts\/1051107","targetHints":{"allow":["GET"]}}],"collection":[{"href":"https:\/\/darkamazi.info\/funavuv\/wp\/v2\/posts"}],"about":[{"href":"https:\/\/darkamazi.info\/funavuv\/wp\/v2\/types\/post"}],"author":[{"embeddable":true,"href":"https:\/\/darkamazi.info\/funavuv\/wp\/v2\/users\/2"}],"replies":[{"embeddable":true,"href":"https:\/\/darkamazi.info\/funavuv\/wp\/v2\/comments?post=1051107"}],"version-history":[{"count":0,"href":"https:\/\/darkamazi.info\/funavuv\/wp\/v2\/posts\/1051107\/revisions"}],"wp:featuredmedia":[{"embeddable":true,"href":"https:\/\/darkamazi.info\/funavuv\/wp\/v2\/media\/1051108"}],"wp:attachment":[{"href":"https:\/\/darkamazi.info\/funavuv\/wp\/v2\/media?parent=1051107"}],"wp:term":[{"taxonomy":"category","embeddable":true,"href":"https:\/\/darkamazi.info\/funavuv\/wp\/v2\/categories?post=1051107"},{"taxonomy":"post_tag","embeddable":true,"href":"https:\/\/darkamazi.info\/funavuv\/wp\/v2\/tags?post=1051107"}],"curies":[{"name":"wp","href":"https:\/\/api.w.org\/{rel}","templated":true}]}}