{"id":1051110,"date":"2025-12-23T19:33:11","date_gmt":"2025-12-23T16:33:11","guid":{"rendered":"https:\/\/darkamazi.info\/?p=1051110"},"modified":"2025-12-23T19:33:11","modified_gmt":"2025-12-23T16:33:11","slug":"bingeha-lalise-gotara-serok-barzani-li-ser-ciyaye-singale-bo-ezidiyan-vegera-heviyan-bu","status":"publish","type":"post","link":"https:\/\/darkamazi.info\/archives\/1051110","title":{"rendered":"Bingeha Lali\u015f\u00ea: Gotara Serok Barzan\u00ee li ser \u00c7iyay\u00ea \u015eingal\u00ea bo \u00cazidiyan vegera h\u00eaviyan b\u00fb"},"content":{"rendered":"<h3 style=\"text-align: justify\"><span style=\"font-family: 'arial black', sans-serif\">Bingeha Lali\u015f\u00ea ya Rew\u015fenb\u00eer\u00ee di ragihandinek\u00ea de dastana d\u00eerok\u00ee ya 23.12.2014\u00ea bi b\u00eer an\u00ee, dema ku Serok Mes\u00fbd Barzan\u00ee li ser\u00ea \u00c7iyay\u00ea \u015eingal\u00ea gotara serkeftin\u00ea p\u00ea\u015fk\u00ea\u015f kir \u00fb rizgarkirina w\u00ee \u00e7iyay\u00ee ji dest\u00ea teror\u00eest\u00ean DAI\u015e\u00ea bi rengek\u00ea ferm\u00ee ji c\u00eehan\u00ea re ragihand.<\/span><\/h3>\n<h3 style=\"text-align: justify\">Bingeha Lali\u015f\u00ea ya Rew\u015fenb\u00eer\u00ee amaje da w\u00ea yek\u00ea ku, di w\u00ea roj\u00ea de h\u00eaz\u00ean P\u00ea\u015fmergey\u00ean Kurdistan\u00ea kar\u00ee dastaneka b\u00eahempa tomar bikin \u00fb dorp\u00ea\u00e7a r\u00eaxistina teror\u00eest a DAI\u015e\u00ea ya li ser \u00c7iyay\u00ea \u015eingal\u00ea ya \u00e7end mehan bi\u015fk\u00eenin. V\u00ea serkeftina mezin \u00ea\u015f \u00fb jan\u00ean x\u00fb\u015fk \u00fb biray\u00ean \u00caz\u00eed\u00ee, ku di \u015fert \u00fb merc\u00ean mirov\u00ee y\u00ean pir xirab de li w\u00ee \u00e7iyay\u00ee as\u00ea mab\u00fbn, bi daw\u00ee kirin.<\/h3>\n<h3 style=\"text-align: justify\">Di pareka din a w\u00ea ragihandin\u00ea de hatiye gotin ku, gotara d\u00eerok\u00ee ya Serok Barzan\u00ee di w\u00ea dema hestyar de ne ten\u00ea ragihandina serkeftineka le\u015fker\u00ee b\u00fb, belk\u00ee ji bo vegerandina h\u00eaviyan ji bo der\u00fbn\u00ea \u00caz\u00eediyan wek\u00ee kil\u00eeleka z\u00ear\u00een b\u00fb.<\/h3>\n<h3 style=\"text-align: justify\">Di w\u00ea dem\u00ea de, ku xelk\u00ea dever\u00ea ji ber tawan\u00ean DAI\u015e\u00ea di rew\u015feka aloz de b\u00fb \u00fb h\u00eaviya vegera ber bi war\u00ea xwe winda kirib\u00fb, peyama Serok Barzan\u00ee bawer\u00ee ji wan re vegerand \u00fb asoyeka n\u00fb ji bo pa\u015feroja \u015eingal\u00ea \u00fb xelk\u00ea w\u00ea \u00e7\u00ea kir.<\/h3>\n<h3 style=\"text-align: justify\">Pi\u015ft\u00ee ku P\u00ea\u015fmergeyan \u00e7iyay\u00ea \u015eingal\u00ea kontorl kir, Serok Mes\u00fbd Barzan\u00ee li roja 23.12.2014\u00ea li ser\u00ea \u00c7iyay\u00ea \u015eingal\u00ea gotara serkeftin\u00ea p\u00ea\u015fk\u00ea\u015f kir \u00fb rizgarkirina w\u00ee \u00e7iyay\u00ee ji dest\u00ea teror\u00eest\u00ean DAI\u015e\u00ea bi rengek\u00ea ferm\u00ee ji tevahiya c\u00eehan\u00ea re ragihand.<\/h3>\n","protected":false},"excerpt":{"rendered":"<p>Bingeha Lali\u015f\u00ea ya Rew\u015fenb\u00eer\u00ee di ragihandinek\u00ea de dastana d\u00eerok\u00ee ya 23.12.2014\u00ea bi b\u00eer an\u00ee, dema ku Serok Mes\u00fbd Barzan\u00ee li ser\u00ea \u00c7iyay\u00ea \u015eingal\u00ea gotara serkeftin\u00ea p\u00ea\u015fk\u00ea\u015f kir \u00fb rizgarkirina w\u00ee \u00e7iyay\u00ee ji dest\u00ea teror\u00eest\u00ean DAI\u015e\u00ea bi rengek\u00ea ferm\u00ee ji c\u00eehan\u00ea re ragihand. Bingeha Lali\u015f\u00ea ya Rew\u015fenb\u00eer\u00ee amaje da w\u00ea yek\u00ea ku, di w\u00ea roj\u00ea de [&hellip;]<\/p>\n","protected":false},"author":2,"featured_media":1051111,"comment_status":"closed","ping_status":"closed","sticky":false,"template":"","format":"standard","meta":{"footnotes":""},"categories":[29],"tags":[37],"class_list":["post-1051110","post","type-post","status-publish","format-standard","has-post-thumbnail","hentry","category-kurdistan","tag-sereke"],"blocksy_meta":[],"seo_head":"<!-- This site is optimized with the Yoast SEO plugin v27.5 - https:\/\/yoast.com\/product\/yoast-seo-wordpress\/ -->\n<title>Bingeha Lali\u015f\u00ea: Gotara Serok Barzan\u00ee li ser \u00c7iyay\u00ea \u015eingal\u00ea bo \u00cazidiyan vegera h\u00eaviyan b\u00fb - Darka Maz\u00ee<\/title>\n<meta name=\"robots\" content=\"index, follow, max-snippet:-1, max-image-preview:large, max-video-preview:-1\" \/>\n<link rel=\"canonical\" href=\"https:\/\/darkamazi.info\/archives\/1051110\" \/>\n<meta property=\"og:locale\" content=\"en_US\" \/>\n<meta property=\"og:type\" content=\"article\" \/>\n<meta property=\"og:title\" content=\"Bingeha Lali\u015f\u00ea: Gotara Serok Barzan\u00ee li ser \u00c7iyay\u00ea \u015eingal\u00ea bo \u00cazidiyan vegera h\u00eaviyan b\u00fb - Darka Maz\u00ee\" \/>\n<meta property=\"og:description\" content=\"Bingeha Lali\u015f\u00ea ya Rew\u015fenb\u00eer\u00ee di ragihandinek\u00ea de dastana d\u00eerok\u00ee ya 23.12.2014\u00ea bi b\u00eer an\u00ee, dema ku Serok Mes\u00fbd Barzan\u00ee li ser\u00ea \u00c7iyay\u00ea \u015eingal\u00ea gotara serkeftin\u00ea p\u00ea\u015fk\u00ea\u015f kir \u00fb rizgarkirina w\u00ee \u00e7iyay\u00ee ji dest\u00ea teror\u00eest\u00ean DAI\u015e\u00ea bi rengek\u00ea ferm\u00ee ji c\u00eehan\u00ea re ragihand. Bingeha Lali\u015f\u00ea ya Rew\u015fenb\u00eer\u00ee amaje da w\u00ea yek\u00ea ku, di w\u00ea roj\u00ea de [&hellip;]\" \/>\n<meta property=\"og:url\" content=\"https:\/\/darkamazi.info\/archives\/1051110\" \/>\n<meta property=\"og:site_name\" content=\"Darka Maz\u00ee\" \/>\n<meta property=\"article:publisher\" content=\"https:\/\/www.facebook.com\/DarMaziKurmanci\" \/>\n<meta property=\"article:published_time\" content=\"2025-12-23T16:33:11+00:00\" \/>\n<meta property=\"og:image\" content=\"https:\/\/darkamazi.info\/file\/2025\/12\/serok-barzani-singal-2014.jpg\" \/>\n\t<meta property=\"og:image:width\" content=\"900\" \/>\n\t<meta property=\"og:image:height\" content=\"497\" \/>\n\t<meta property=\"og:image:type\" content=\"image\/jpeg\" \/>\n<meta name=\"author\" content=\"darka mazi\" \/>\n<meta name=\"twitter:card\" content=\"summary_large_image\" \/>\n<meta name=\"twitter:creator\" content=\"@DarkaMaziLatini\" \/>\n<meta name=\"twitter:site\" content=\"@DarkaMaziLatini\" \/>\n<meta name=\"twitter:label1\" content=\"Written by\" \/>\n\t<meta name=\"twitter:data1\" content=\"darka mazi\" \/>\n\t<meta name=\"twitter:label2\" content=\"Est. reading time\" \/>\n\t<meta name=\"twitter:data2\" content=\"2 minutes\" \/>\n<script type=\"application\/ld+json\" class=\"seo-schema-graph\">{\"@context\":\"https:\\\/\\\/schema.org\",\"@graph\":[{\"@type\":\"Article\",\"@id\":\"https:\\\/\\\/darkamazi.info\\\/archives\\\/1051110#article\",\"isPartOf\":{\"@id\":\"https:\\\/\\\/darkamazi.info\\\/archives\\\/1051110\"},\"author\":{\"name\":\"darka mazi\",\"@id\":\"https:\\\/\\\/darkamazi.info\\\/#\\\/schema\\\/person\\\/5ad3e24553a0567993fa8ed4bd0a776c\"},\"headline\":\"Bingeha Lali\u015f\u00ea: Gotara Serok Barzan\u00ee li ser \u00c7iyay\u00ea \u015eingal\u00ea bo \u00cazidiyan vegera h\u00eaviyan b\u00fb\",\"datePublished\":\"2025-12-23T16:33:11+00:00\",\"mainEntityOfPage\":{\"@id\":\"https:\\\/\\\/darkamazi.info\\\/archives\\\/1051110\"},\"wordCount\":276,\"publisher\":{\"@id\":\"https:\\\/\\\/darkamazi.info\\\/#organization\"},\"image\":{\"@id\":\"https:\\\/\\\/darkamazi.info\\\/archives\\\/1051110#primaryimage\"},\"thumbnailUrl\":\"https:\\\/\\\/darkamazi.info\\\/darka-content\\\/uploads\\\/2025\\\/12\\\/serok-barzani-singal-2014.jpg\",\"keywords\":[\"sereke\"],\"articleSection\":[\"Kurdistan\"],\"inLanguage\":\"en-US\"},{\"@type\":\"WebPage\",\"@id\":\"https:\\\/\\\/darkamazi.info\\\/archives\\\/1051110\",\"url\":\"https:\\\/\\\/darkamazi.info\\\/archives\\\/1051110\",\"name\":\"Bingeha Lali\u015f\u00ea: Gotara Serok Barzan\u00ee li ser \u00c7iyay\u00ea \u015eingal\u00ea bo \u00cazidiyan vegera h\u00eaviyan b\u00fb - Darka Maz\u00ee\",\"isPartOf\":{\"@id\":\"https:\\\/\\\/darkamazi.info\\\/#website\"},\"primaryImageOfPage\":{\"@id\":\"https:\\\/\\\/darkamazi.info\\\/archives\\\/1051110#primaryimage\"},\"image\":{\"@id\":\"https:\\\/\\\/darkamazi.info\\\/archives\\\/1051110#primaryimage\"},\"thumbnailUrl\":\"https:\\\/\\\/darkamazi.info\\\/darka-content\\\/uploads\\\/2025\\\/12\\\/serok-barzani-singal-2014.jpg\",\"datePublished\":\"2025-12-23T16:33:11+00:00\",\"breadcrumb\":{\"@id\":\"https:\\\/\\\/darkamazi.info\\\/archives\\\/1051110#breadcrumb\"},\"inLanguage\":\"en-US\",\"potentialAction\":[{\"@type\":\"ReadAction\",\"target\":[\"https:\\\/\\\/darkamazi.info\\\/archives\\\/1051110\"]}]},{\"@type\":\"ImageObject\",\"inLanguage\":\"en-US\",\"@id\":\"https:\\\/\\\/darkamazi.info\\\/archives\\\/1051110#primaryimage\",\"url\":\"https:\\\/\\\/darkamazi.info\\\/darka-content\\\/uploads\\\/2025\\\/12\\\/serok-barzani-singal-2014.jpg\",\"contentUrl\":\"https:\\\/\\\/darkamazi.info\\\/darka-content\\\/uploads\\\/2025\\\/12\\\/serok-barzani-singal-2014.jpg\",\"width\":900,\"height\":497,\"caption\":\"Bingeha Lali\u015f\u00ea: Gotara Serok Barzan\u00ee li ser \u00c7iyay\u00ea \u015eingal\u00ea bo \u00cazidiyan vegera h\u00eaviyan b\u00fb\"},{\"@type\":\"BreadcrumbList\",\"@id\":\"https:\\\/\\\/darkamazi.info\\\/archives\\\/1051110#breadcrumb\",\"itemListElement\":[{\"@type\":\"ListItem\",\"position\":1,\"name\":\"Home\",\"item\":\"https:\\\/\\\/darkamazi.info\\\/\"},{\"@type\":\"ListItem\",\"position\":2,\"name\":\"Bingeha Lali\u015f\u00ea: Gotara Serok Barzan\u00ee li ser \u00c7iyay\u00ea \u015eingal\u00ea bo \u00cazidiyan vegera h\u00eaviyan b\u00fb\"}]},{\"@type\":\"WebSite\",\"@id\":\"https:\\\/\\\/darkamazi.info\\\/#website\",\"url\":\"https:\\\/\\\/darkamazi.info\\\/\",\"name\":\"Darka Maz\u00ee\",\"description\":\"P\u00eageha Zanyariy\u00ean Nebih\u00eest\u00ee\",\"publisher\":{\"@id\":\"https:\\\/\\\/darkamazi.info\\\/#organization\"},\"potentialAction\":[{\"@type\":\"SearchAction\",\"target\":{\"@type\":\"EntryPoint\",\"urlTemplate\":\"https:\\\/\\\/darkamazi.info\\\/?s={search_term_string}\"},\"query-input\":{\"@type\":\"PropertyValueSpecification\",\"valueRequired\":true,\"valueName\":\"search_term_string\"}}],\"inLanguage\":\"en-US\"},{\"@type\":\"Organization\",\"@id\":\"https:\\\/\\\/darkamazi.info\\\/#organization\",\"name\":\"Darka Maz\u00ee\",\"url\":\"https:\\\/\\\/darkamazi.info\\\/\",\"logo\":{\"@type\":\"ImageObject\",\"inLanguage\":\"en-US\",\"@id\":\"https:\\\/\\\/darkamazi.info\\\/#\\\/schema\\\/logo\\\/image\\\/\",\"url\":\"https:\\\/\\\/darkamazi.info\\\/darka-content\\\/uploads\\\/2017\\\/12\\\/darka-mazi-logo.png\",\"contentUrl\":\"https:\\\/\\\/darkamazi.info\\\/darka-content\\\/uploads\\\/2017\\\/12\\\/darka-mazi-logo.png\",\"width\":151,\"height\":75,\"caption\":\"Darka Maz\u00ee\"},\"image\":{\"@id\":\"https:\\\/\\\/darkamazi.info\\\/#\\\/schema\\\/logo\\\/image\\\/\"},\"sameAs\":[\"https:\\\/\\\/www.facebook.com\\\/DarMaziKurmanci\",\"https:\\\/\\\/x.com\\\/DarkaMaziLatini\",\"https:\\\/\\\/www.instagram.com\\\/darkamazi.kurmanci\\\/\",\"https:\\\/\\\/www.youtube.com\\\/channel\\\/UCa5HkTdmI8U1qCUFuTw8B2g\"]},{\"@type\":\"Person\",\"@id\":\"https:\\\/\\\/darkamazi.info\\\/#\\\/schema\\\/person\\\/5ad3e24553a0567993fa8ed4bd0a776c\",\"name\":\"darka mazi\",\"sameAs\":[\"https:\\\/\\\/darkamazi.info\\\/\"],\"url\":\"https:\\\/\\\/darkamazi.info\\\/archives\\\/author\\\/kurdi\"}]}<\/script>\n<!-- \/ Yoast SEO plugin. -->","seo_head_json":{"title":"Bingeha Lali\u015f\u00ea: Gotara Serok Barzan\u00ee li ser \u00c7iyay\u00ea \u015eingal\u00ea bo \u00cazidiyan vegera h\u00eaviyan b\u00fb - Darka Maz\u00ee","robots":{"index":"index","follow":"follow","max-snippet":"max-snippet:-1","max-image-preview":"max-image-preview:large","max-video-preview":"max-video-preview:-1"},"canonical":"https:\/\/darkamazi.info\/archives\/1051110","og_locale":"en_US","og_type":"article","og_title":"Bingeha Lali\u015f\u00ea: Gotara Serok Barzan\u00ee li ser \u00c7iyay\u00ea \u015eingal\u00ea bo \u00cazidiyan vegera h\u00eaviyan b\u00fb - Darka Maz\u00ee","og_description":"Bingeha Lali\u015f\u00ea ya Rew\u015fenb\u00eer\u00ee di ragihandinek\u00ea de dastana d\u00eerok\u00ee ya 23.12.2014\u00ea bi b\u00eer an\u00ee, dema ku Serok Mes\u00fbd Barzan\u00ee li ser\u00ea \u00c7iyay\u00ea \u015eingal\u00ea gotara serkeftin\u00ea p\u00ea\u015fk\u00ea\u015f kir \u00fb rizgarkirina w\u00ee \u00e7iyay\u00ee ji dest\u00ea teror\u00eest\u00ean DAI\u015e\u00ea bi rengek\u00ea ferm\u00ee ji c\u00eehan\u00ea re ragihand. Bingeha Lali\u015f\u00ea ya Rew\u015fenb\u00eer\u00ee amaje da w\u00ea yek\u00ea ku, di w\u00ea roj\u00ea de [&hellip;]","og_url":"https:\/\/darkamazi.info\/archives\/1051110","og_site_name":"Darka Maz\u00ee","article_publisher":"https:\/\/www.facebook.com\/DarMaziKurmanci","article_published_time":"2025-12-23T16:33:11+00:00","og_image":[{"width":900,"height":497,"url":"https:\/\/darkamazi.info\/file\/2025\/12\/serok-barzani-singal-2014.jpg","type":"image\/jpeg"}],"author":"darka mazi","twitter_card":"summary_large_image","twitter_creator":"@DarkaMaziLatini","twitter_site":"@DarkaMaziLatini","twitter_misc":{"Written by":"darka mazi","Est. reading time":"2 minutes"},"schema":{"@context":"https:\/\/schema.org","@graph":[{"@type":"Article","@id":"https:\/\/darkamazi.info\/archives\/1051110#article","isPartOf":{"@id":"https:\/\/darkamazi.info\/archives\/1051110"},"author":{"name":"darka mazi","@id":"https:\/\/darkamazi.info\/#\/schema\/person\/5ad3e24553a0567993fa8ed4bd0a776c"},"headline":"Bingeha Lali\u015f\u00ea: Gotara Serok Barzan\u00ee li ser \u00c7iyay\u00ea \u015eingal\u00ea bo \u00cazidiyan vegera h\u00eaviyan b\u00fb","datePublished":"2025-12-23T16:33:11+00:00","mainEntityOfPage":{"@id":"https:\/\/darkamazi.info\/archives\/1051110"},"wordCount":276,"publisher":{"@id":"https:\/\/darkamazi.info\/#organization"},"image":{"@id":"https:\/\/darkamazi.info\/archives\/1051110#primaryimage"},"thumbnailUrl":"https:\/\/darkamazi.info\/file\/2025\/12\/serok-barzani-singal-2014.jpg","keywords":["sereke"],"articleSection":["Kurdistan"],"inLanguage":"en-US"},{"@type":"WebPage","@id":"https:\/\/darkamazi.info\/archives\/1051110","url":"https:\/\/darkamazi.info\/archives\/1051110","name":"Bingeha Lali\u015f\u00ea: Gotara Serok Barzan\u00ee li ser \u00c7iyay\u00ea \u015eingal\u00ea bo \u00cazidiyan vegera h\u00eaviyan b\u00fb - Darka Maz\u00ee","isPartOf":{"@id":"https:\/\/darkamazi.info\/#website"},"primaryImageOfPage":{"@id":"https:\/\/darkamazi.info\/archives\/1051110#primaryimage"},"image":{"@id":"https:\/\/darkamazi.info\/archives\/1051110#primaryimage"},"thumbnailUrl":"https:\/\/darkamazi.info\/file\/2025\/12\/serok-barzani-singal-2014.jpg","datePublished":"2025-12-23T16:33:11+00:00","breadcrumb":{"@id":"https:\/\/darkamazi.info\/archives\/1051110#breadcrumb"},"inLanguage":"en-US","potentialAction":[{"@type":"ReadAction","target":["https:\/\/darkamazi.info\/archives\/1051110"]}]},{"@type":"ImageObject","inLanguage":"en-US","@id":"https:\/\/darkamazi.info\/archives\/1051110#primaryimage","url":"https:\/\/darkamazi.info\/file\/2025\/12\/serok-barzani-singal-2014.jpg","contentUrl":"https:\/\/darkamazi.info\/file\/2025\/12\/serok-barzani-singal-2014.jpg","width":900,"height":497,"caption":"Bingeha Lali\u015f\u00ea: Gotara Serok Barzan\u00ee li ser \u00c7iyay\u00ea \u015eingal\u00ea bo \u00cazidiyan vegera h\u00eaviyan b\u00fb"},{"@type":"BreadcrumbList","@id":"https:\/\/darkamazi.info\/archives\/1051110#breadcrumb","itemListElement":[{"@type":"ListItem","position":1,"name":"Home","item":"https:\/\/darkamazi.info\/"},{"@type":"ListItem","position":2,"name":"Bingeha Lali\u015f\u00ea: Gotara Serok Barzan\u00ee li ser \u00c7iyay\u00ea \u015eingal\u00ea bo \u00cazidiyan vegera h\u00eaviyan b\u00fb"}]},{"@type":"WebSite","@id":"https:\/\/darkamazi.info\/#website","url":"https:\/\/darkamazi.info\/","name":"Darka Maz\u00ee","description":"P\u00eageha Zanyariy\u00ean Nebih\u00eest\u00ee","publisher":{"@id":"https:\/\/darkamazi.info\/#organization"},"potentialAction":[{"@type":"SearchAction","target":{"@type":"EntryPoint","urlTemplate":"https:\/\/darkamazi.info\/?s={search_term_string}"},"query-input":{"@type":"PropertyValueSpecification","valueRequired":true,"valueName":"search_term_string"}}],"inLanguage":"en-US"},{"@type":"Organization","@id":"https:\/\/darkamazi.info\/#organization","name":"Darka Maz\u00ee","url":"https:\/\/darkamazi.info\/","logo":{"@type":"ImageObject","inLanguage":"en-US","@id":"https:\/\/darkamazi.info\/#\/schema\/logo\/image\/","url":"https:\/\/darkamazi.info\/file\/2017\/12\/darka-mazi-logo.png","contentUrl":"https:\/\/darkamazi.info\/file\/2017\/12\/darka-mazi-logo.png","width":151,"height":75,"caption":"Darka Maz\u00ee"},"image":{"@id":"https:\/\/darkamazi.info\/#\/schema\/logo\/image\/"},"sameAs":["https:\/\/www.facebook.com\/DarMaziKurmanci","https:\/\/x.com\/DarkaMaziLatini","https:\/\/www.instagram.com\/darkamazi.kurmanci\/","https:\/\/www.youtube.com\/channel\/UCa5HkTdmI8U1qCUFuTw8B2g"]},{"@type":"Person","@id":"https:\/\/darkamazi.info\/#\/schema\/person\/5ad3e24553a0567993fa8ed4bd0a776c","name":"darka mazi","sameAs":["https:\/\/darkamazi.info\/"],"url":"https:\/\/darkamazi.info\/archives\/author\/kurdi"}]}},"_links":{"self":[{"href":"https:\/\/darkamazi.info\/funavuv\/wp\/v2\/posts\/1051110","targetHints":{"allow":["GET"]}}],"collection":[{"href":"https:\/\/darkamazi.info\/funavuv\/wp\/v2\/posts"}],"about":[{"href":"https:\/\/darkamazi.info\/funavuv\/wp\/v2\/types\/post"}],"author":[{"embeddable":true,"href":"https:\/\/darkamazi.info\/funavuv\/wp\/v2\/users\/2"}],"replies":[{"embeddable":true,"href":"https:\/\/darkamazi.info\/funavuv\/wp\/v2\/comments?post=1051110"}],"version-history":[{"count":0,"href":"https:\/\/darkamazi.info\/funavuv\/wp\/v2\/posts\/1051110\/revisions"}],"wp:featuredmedia":[{"embeddable":true,"href":"https:\/\/darkamazi.info\/funavuv\/wp\/v2\/media\/1051111"}],"wp:attachment":[{"href":"https:\/\/darkamazi.info\/funavuv\/wp\/v2\/media?parent=1051110"}],"wp:term":[{"taxonomy":"category","embeddable":true,"href":"https:\/\/darkamazi.info\/funavuv\/wp\/v2\/categories?post=1051110"},{"taxonomy":"post_tag","embeddable":true,"href":"https:\/\/darkamazi.info\/funavuv\/wp\/v2\/tags?post=1051110"}],"curies":[{"name":"wp","href":"https:\/\/api.w.org\/{rel}","templated":true}]}}