{"id":1051113,"date":"2025-12-23T21:32:26","date_gmt":"2025-12-23T18:32:26","guid":{"rendered":"https:\/\/darkamazi.info\/?p=1051113"},"modified":"2025-12-23T21:32:26","modified_gmt":"2025-12-23T18:32:26","slug":"ne-leyla-zana-sexseke-u-ne-ji-berezi-sexsi-bun-sivakati-li-netewa-kurd-hat-kirin","status":"publish","type":"post","link":"https:\/\/darkamazi.info\/archives\/1051113","title":{"rendered":"Ne Leyla Zana \u015fexseke \u00fb ne j\u00ee b\u00ear\u00eaz\u00ee \u015fexs\u00ee b\u00fbn: sivakat\u00ee li netewa Kurd hat kirin"},"content":{"rendered":"<div class=\"wpb-content-wrapper\"><p>[darkamazi_row][darkamazi_column][darkamazi_video link=&#8221;https:\/\/www.youtube.com\/watch?v=CvoZ9Vg90qo&#8221; align=&#8221;center&#8221;][darkamazi_column_text]<\/p>\n<h3 style=\"text-align: justify;\">Ne h\u00earseke demk\u00ee b\u00fb\u2026\u00db qet ne herik\u00eena h\u00earsa komek\u00ea b\u00fb\u2026<\/h3>\n<h3 style=\"text-align: justify;\">Di dema ma\u00e7a Bursaspor-Somaspor\u00ea de, li ser tr\u00eeb\u00fbna heqaret \u00fb gotin\u00ean neba\u015f li Leyla Zana hatin kirin. Pi\u015ft\u00ee v\u00ea b\u00ear\u00eaz\u00eey\u00ea, her kes ji parlamenter\u00ean Kurd \u00ean di nav AKP \u00ea de bigire heya parlamenter\u00ean MHP \u00ea b\u00fbyer \u015fermezar kir. Heta Meral Ak\u015fener, ku ji kesayet\u00ean neteweperest \u00ean di siyaseta Tirkiy\u00ea de ye j\u00ee, li Leyla Zana ger\u00eeya \u00fb got ku ew &#8220;pi\u015ftgiriya w\u00ea dike&#8221;&#8230;<\/h3>\n<h3 style=\"text-align: justify;\">L\u00eabel\u00ea, ev ziman ne n\u00fb b\u00fb\u2026<\/h3>\n<h3 style=\"text-align: justify;\">Ev z\u00eehniyet j\u00ee ne n\u00fb b\u00fb\u2026<\/h3>\n<h3 style=\"text-align: justify;\">\u00db ev b\u00ear\u00eaz\u00ee ne ten\u00ea li ser Leyla Zana b\u00fb\u2026<\/h3>\n<h3 style=\"text-align: justify;\">Ew sivikay\u00ee \u00fb dij\u00fbn li nasnameya Kurdan hate kirin.<\/h3>\n<h3 style=\"text-align: justify;\">Nav\u00ea Leyla Zana li vir sembolek e. Ew Leyla Zana ye ku sonda xwe bi Kurd\u00ee li parlementoya Tirkiyey\u00ea xwar\u00ee, ew bibo sembola axaftina bi Kurd\u00ee \u00fb bi nasnameya Kurd\u00ee siyaset kirine. Ji ber v\u00ea rast\u00eeya Zana, bi sivikat\u00ee kirina bi w\u00ea peyamek ji Kurdan re hat \u015fandin\u2026<\/h3>\n<h3 style=\"text-align: justify;\">Ev z\u00eehniyet ne z\u00eehniyeta komek al\u00eegir\u00ean yanek\u00ee futbol\u00ea an j\u00ee komeke siyas\u00ee di nav partiyek\u00ea de ye ku li dij\u00ee p\u00eavajoya a\u015ftiy\u00ea ne; Ev ew z\u00eehniyete ku 100 sale Komara Tirkiy\u00ea li dij\u00ee Kurdan dide me\u015fandin.<\/h3>\n<h3 style=\"text-align: justify;\">Niha, siyasetmedar\u00ean Tirk \u00ean ku b\u00ear\u00eaz\u00eeya li Leyla Zana hat\u00ee kirin \u015fermezar dikin, ger p\u00eavajoya qa\u015fo &#8220;\u00e7areseriy\u00ea&#8221; neb\u00fbya wan deng\u00ea xwe nedikir. Ji ber ku ew layen qet li dij\u00ee mirina Kurdan derneketine.<\/h3>\n<h3 style=\"text-align: justify;\">Ew ne al\u00eegir, ew berpirsyar\u00ean w\u00ea z\u00eehniyeta ku Kurdan \u00eenkar dike ne.<\/h3>\n<h3 style=\"text-align: justify;\">Mixabin, hin layen\u00ean Kurd, hewl didin ku ji bo p\u00eavajoya a\u015ftiy\u00ea pirsgir\u00eak\u00ea nerm bikin, m\u00eena siyasetmedar\u00ean Tirk rastiya meseley\u00ea e\u015fkere nakin.<\/h3>\n<h3 style=\"text-align: justify;\">M\u00eenak, Partiya DEM, ku \u00eed\u00eea dike ku n\u00fbnertiya Kurd\u00ean li Bakur\u00ea Kurdistan\u00ea dike, daxuyaniyek da l\u00ea nekar\u00ee bib\u00eaje, &#8220;Ev \u00ear\u00ee\u015feke ku li hem\u00ee Kurdan hat\u00eeye kirin&#8221; Wan peyva &#8220;Kurd&#8221; j\u00ee bi kar nean\u00ee.<\/h3>\n<h3 style=\"text-align: justify;\">Bi heman away\u00ee, tevgera jinan a PKK \u00ea, KJB, daxuyaniyek da \u00fb ev b\u00ear\u00eaz\u00ee wek\u00ee li dij\u00ee jinan hat\u00eeye kirin bi nav kir. Tevger\u00ean jinan \u00ean din \u00ean gir\u00eaday\u00ee wan j\u00ee daxuyaniy\u00ean bi heman \u015f\u00eawey\u00ee dan. Wan hewl da ku meseley\u00ea wek\u00ee ke\u015fek\u00ee fem\u00een\u00eezm\u00ea bi nav bikin.<\/h3>\n<h3 style=\"text-align: justify;\">Na, ev ne k\u00ea\u015feya jinan e \u00fb ne j\u00ee k\u00ea\u015feya werz\u00ee\u015f\u00ea ye: ew \u00eari\u015feke li ser nirx\u00ean millet\u00ea Kurd.<\/h3>\n<h3 style=\"text-align: justify;\">Di 23 \u00ea Cotmeh\u00ea de, al\u00eegir\u00ean Fenerbax\u00e7ey\u00ea j\u00ee b\u00ear\u00eaz\u00ee li l\u00eeztikvan\u00ea Kurd Deniz Undav kirin. Ten\u00ea ji ber ku ew Kurd b\u00fb. Partiya DEM w\u00ea dem\u00ea j\u00ee b\u00eadeng ma. Eger deng\u00ea xwe bilind bikirana \u00fb bigotana ev sivikat\u00ee li Kurdan t\u00ea kirin, dewleta Tirk d\u00ea bitirsiya. \u00db tu sivikat\u00ee li Leyla Zana j\u00ee nedihat kirin.<\/h3>\n<h3 style=\"text-align: justify;\">Ger Partiya DEM van b\u00ear\u00eaz\u00eey\u00ean r\u00eaxistinkir\u00ee y\u00ean ku li Leyla zana hat\u00ee kirin weke li hem\u00ee Kurdan hat\u00ee kirin bi zelal\u00ee bi nav neke \u00fb dij\u00ee nesekine sibe-dusibe nikare p\u00ea\u015f\u00eeya hin \u00eari\u015f\u00ean din y\u00ean ku werin kirin bigire. Ji bo ku p\u00eavajo ney\u00ea t\u00eakbirin, div\u00ea \u00e7av\u00ean xwe li van \u00eari\u015fan negirin. Ji bo v\u00ea yek\u00ea, div\u00ea ev dijminah\u00eeya li dij\u00ee Kurdan were e\u015fkerekirin. \u00db b\u00ea guman, div\u00ea r\u00eay\u00ean qan\u00fbn\u00ee j\u00ee werin me\u015fandin.<\/h3>\n<h3 style=\"text-align: justify;\">Div\u00ea Kurd serl\u00eadan li FIFA y\u00ea bikin da ku ji bo van daxuyaniy\u00ean &#8220;nijadperest \u00fb dij\u00ee-kurd&#8221; cezay\u00ea bixwazin. Div\u00ea berhem\u00ean Uluda\u011f, ku sponsor\u00ea Bursaspor\u00ea ye, werin boykotkirin.<\/h3>\n<p>[\/darkamazi_column_text][\/darkamazi_column][\/darkamazi_row]<\/p>\n<\/div>","protected":false},"excerpt":{"rendered":"<p>[darkamazi_row][darkamazi_column][darkamazi_video link=&#8221;https:\/\/www.youtube.com\/watch?v=CvoZ9Vg90qo&#8221; align=&#8221;center&#8221;][darkamazi_column_text] Ne h\u00earseke demk\u00ee b\u00fb\u2026\u00db qet ne herik\u00eena h\u00earsa komek\u00ea b\u00fb\u2026 Di dema ma\u00e7a Bursaspor-Somaspor\u00ea de, li ser tr\u00eeb\u00fbna heqaret \u00fb gotin\u00ean neba\u015f li Leyla Zana hatin kirin. Pi\u015ft\u00ee v\u00ea b\u00ear\u00eaz\u00eey\u00ea, her kes ji parlamenter\u00ean Kurd \u00ean di nav AKP \u00ea de bigire heya parlamenter\u00ean MHP \u00ea b\u00fbyer \u015fermezar kir. Heta Meral Ak\u015fener, [&hellip;]<\/p>\n","protected":false},"author":2,"featured_media":1051116,"comment_status":"closed","ping_status":"closed","sticky":false,"template":"epic_custom_post_template-1006382","format":"standard","meta":{"footnotes":""},"categories":[68,65],"tags":[37],"class_list":["post-1051113","post","type-post","status-publish","format-standard","has-post-thumbnail","hentry","category-analiz","category-vidiyo","tag-sereke"],"blocksy_meta":[],"seo_head":"<!-- This site is optimized with the Yoast SEO plugin v27.5 - https:\/\/yoast.com\/product\/yoast-seo-wordpress\/ -->\n<title>Ne Leyla Zana \u015fexseke \u00fb ne j\u00ee b\u00ear\u00eaz\u00ee \u015fexs\u00ee b\u00fbn: sivakat\u00ee li netewa Kurd hat kirin - Darka Maz\u00ee<\/title>\n<meta name=\"robots\" content=\"index, follow, max-snippet:-1, max-image-preview:large, max-video-preview:-1\" \/>\n<link rel=\"canonical\" href=\"https:\/\/darkamazi.info\/archives\/1051113\" \/>\n<meta property=\"og:locale\" content=\"en_US\" \/>\n<meta property=\"og:type\" content=\"article\" \/>\n<meta property=\"og:title\" content=\"Ne Leyla Zana \u015fexseke \u00fb ne j\u00ee b\u00ear\u00eaz\u00ee \u015fexs\u00ee b\u00fbn: sivakat\u00ee li netewa Kurd hat kirin - Darka Maz\u00ee\" \/>\n<meta property=\"og:description\" content=\"[darkamazi_row][darkamazi_column][darkamazi_video link=&#8221;https:\/\/www.youtube.com\/watch?v=CvoZ9Vg90qo&#8221; align=&#8221;center&#8221;][darkamazi_column_text] Ne h\u00earseke demk\u00ee b\u00fb\u2026\u00db qet ne herik\u00eena h\u00earsa komek\u00ea b\u00fb\u2026 Di dema ma\u00e7a Bursaspor-Somaspor\u00ea de, li ser tr\u00eeb\u00fbna heqaret \u00fb gotin\u00ean neba\u015f li Leyla Zana hatin kirin. Pi\u015ft\u00ee v\u00ea b\u00ear\u00eaz\u00eey\u00ea, her kes ji parlamenter\u00ean Kurd \u00ean di nav AKP \u00ea de bigire heya parlamenter\u00ean MHP \u00ea b\u00fbyer \u015fermezar kir. Heta Meral Ak\u015fener, [&hellip;]\" \/>\n<meta property=\"og:url\" content=\"https:\/\/darkamazi.info\/archives\/1051113\" \/>\n<meta property=\"og:site_name\" content=\"Darka Maz\u00ee\" \/>\n<meta property=\"article:publisher\" content=\"https:\/\/www.facebook.com\/DarMaziKurmanci\" \/>\n<meta property=\"article:published_time\" content=\"2025-12-23T18:32:26+00:00\" \/>\n<meta property=\"og:image\" content=\"https:\/\/darkamazi.info\/file\/2025\/12\/layla_zana.jpg\" \/>\n\t<meta property=\"og:image:width\" content=\"900\" \/>\n\t<meta property=\"og:image:height\" content=\"475\" \/>\n\t<meta property=\"og:image:type\" content=\"image\/jpeg\" \/>\n<meta name=\"author\" content=\"darka mazi\" \/>\n<meta name=\"twitter:card\" content=\"summary_large_image\" \/>\n<meta name=\"twitter:creator\" content=\"@DarkaMaziLatini\" \/>\n<meta name=\"twitter:site\" content=\"@DarkaMaziLatini\" \/>\n<meta name=\"twitter:label1\" content=\"Written by\" \/>\n\t<meta name=\"twitter:data1\" content=\"darka mazi\" \/>\n\t<meta name=\"twitter:label2\" content=\"Est. reading time\" \/>\n\t<meta name=\"twitter:data2\" content=\"3 minutes\" \/>\n<script type=\"application\/ld+json\" class=\"seo-schema-graph\">{\"@context\":\"https:\\\/\\\/schema.org\",\"@graph\":[{\"@type\":\"Article\",\"@id\":\"https:\\\/\\\/darkamazi.info\\\/archives\\\/1051113#article\",\"isPartOf\":{\"@id\":\"https:\\\/\\\/darkamazi.info\\\/archives\\\/1051113\"},\"author\":{\"name\":\"darka mazi\",\"@id\":\"https:\\\/\\\/darkamazi.info\\\/#\\\/schema\\\/person\\\/5ad3e24553a0567993fa8ed4bd0a776c\"},\"headline\":\"Ne Leyla Zana \u015fexseke \u00fb ne j\u00ee b\u00ear\u00eaz\u00ee \u015fexs\u00ee b\u00fbn: sivakat\u00ee li netewa Kurd hat kirin\",\"datePublished\":\"2025-12-23T18:32:26+00:00\",\"mainEntityOfPage\":{\"@id\":\"https:\\\/\\\/darkamazi.info\\\/archives\\\/1051113\"},\"wordCount\":635,\"publisher\":{\"@id\":\"https:\\\/\\\/darkamazi.info\\\/#organization\"},\"image\":{\"@id\":\"https:\\\/\\\/darkamazi.info\\\/archives\\\/1051113#primaryimage\"},\"thumbnailUrl\":\"https:\\\/\\\/darkamazi.info\\\/darka-content\\\/uploads\\\/2025\\\/12\\\/layla_zana.jpg\",\"keywords\":[\"sereke\"],\"articleSection\":[\"Anal\u00eez\",\"V\u00eed\u00eeyo\"],\"inLanguage\":\"en-US\"},{\"@type\":\"WebPage\",\"@id\":\"https:\\\/\\\/darkamazi.info\\\/archives\\\/1051113\",\"url\":\"https:\\\/\\\/darkamazi.info\\\/archives\\\/1051113\",\"name\":\"Ne Leyla Zana \u015fexseke \u00fb ne j\u00ee b\u00ear\u00eaz\u00ee \u015fexs\u00ee b\u00fbn: sivakat\u00ee li netewa Kurd hat kirin - Darka Maz\u00ee\",\"isPartOf\":{\"@id\":\"https:\\\/\\\/darkamazi.info\\\/#website\"},\"primaryImageOfPage\":{\"@id\":\"https:\\\/\\\/darkamazi.info\\\/archives\\\/1051113#primaryimage\"},\"image\":{\"@id\":\"https:\\\/\\\/darkamazi.info\\\/archives\\\/1051113#primaryimage\"},\"thumbnailUrl\":\"https:\\\/\\\/darkamazi.info\\\/darka-content\\\/uploads\\\/2025\\\/12\\\/layla_zana.jpg\",\"datePublished\":\"2025-12-23T18:32:26+00:00\",\"breadcrumb\":{\"@id\":\"https:\\\/\\\/darkamazi.info\\\/archives\\\/1051113#breadcrumb\"},\"inLanguage\":\"en-US\",\"potentialAction\":[{\"@type\":\"ReadAction\",\"target\":[\"https:\\\/\\\/darkamazi.info\\\/archives\\\/1051113\"]}]},{\"@type\":\"ImageObject\",\"inLanguage\":\"en-US\",\"@id\":\"https:\\\/\\\/darkamazi.info\\\/archives\\\/1051113#primaryimage\",\"url\":\"https:\\\/\\\/darkamazi.info\\\/darka-content\\\/uploads\\\/2025\\\/12\\\/layla_zana.jpg\",\"contentUrl\":\"https:\\\/\\\/darkamazi.info\\\/darka-content\\\/uploads\\\/2025\\\/12\\\/layla_zana.jpg\",\"width\":900,\"height\":475,\"caption\":\"Ne Leyla Zana \u015fexseke \u00fb ne j\u00ee b\u00ear\u00eaz\u00ee \u015fexs\u00ee b\u00fbn: sivakat\u00ee li netewa Kurd hat kirin\"},{\"@type\":\"BreadcrumbList\",\"@id\":\"https:\\\/\\\/darkamazi.info\\\/archives\\\/1051113#breadcrumb\",\"itemListElement\":[{\"@type\":\"ListItem\",\"position\":1,\"name\":\"Home\",\"item\":\"https:\\\/\\\/darkamazi.info\\\/\"},{\"@type\":\"ListItem\",\"position\":2,\"name\":\"Ne Leyla Zana \u015fexseke \u00fb ne j\u00ee b\u00ear\u00eaz\u00ee \u015fexs\u00ee b\u00fbn: sivakat\u00ee li netewa Kurd hat kirin\"}]},{\"@type\":\"WebSite\",\"@id\":\"https:\\\/\\\/darkamazi.info\\\/#website\",\"url\":\"https:\\\/\\\/darkamazi.info\\\/\",\"name\":\"Darka Maz\u00ee\",\"description\":\"P\u00eageha Zanyariy\u00ean Nebih\u00eest\u00ee\",\"publisher\":{\"@id\":\"https:\\\/\\\/darkamazi.info\\\/#organization\"},\"potentialAction\":[{\"@type\":\"SearchAction\",\"target\":{\"@type\":\"EntryPoint\",\"urlTemplate\":\"https:\\\/\\\/darkamazi.info\\\/?s={search_term_string}\"},\"query-input\":{\"@type\":\"PropertyValueSpecification\",\"valueRequired\":true,\"valueName\":\"search_term_string\"}}],\"inLanguage\":\"en-US\"},{\"@type\":\"Organization\",\"@id\":\"https:\\\/\\\/darkamazi.info\\\/#organization\",\"name\":\"Darka Maz\u00ee\",\"url\":\"https:\\\/\\\/darkamazi.info\\\/\",\"logo\":{\"@type\":\"ImageObject\",\"inLanguage\":\"en-US\",\"@id\":\"https:\\\/\\\/darkamazi.info\\\/#\\\/schema\\\/logo\\\/image\\\/\",\"url\":\"https:\\\/\\\/darkamazi.info\\\/darka-content\\\/uploads\\\/2017\\\/12\\\/darka-mazi-logo.png\",\"contentUrl\":\"https:\\\/\\\/darkamazi.info\\\/darka-content\\\/uploads\\\/2017\\\/12\\\/darka-mazi-logo.png\",\"width\":151,\"height\":75,\"caption\":\"Darka Maz\u00ee\"},\"image\":{\"@id\":\"https:\\\/\\\/darkamazi.info\\\/#\\\/schema\\\/logo\\\/image\\\/\"},\"sameAs\":[\"https:\\\/\\\/www.facebook.com\\\/DarMaziKurmanci\",\"https:\\\/\\\/x.com\\\/DarkaMaziLatini\",\"https:\\\/\\\/www.instagram.com\\\/darkamazi.kurmanci\\\/\",\"https:\\\/\\\/www.youtube.com\\\/channel\\\/UCa5HkTdmI8U1qCUFuTw8B2g\"]},{\"@type\":\"Person\",\"@id\":\"https:\\\/\\\/darkamazi.info\\\/#\\\/schema\\\/person\\\/5ad3e24553a0567993fa8ed4bd0a776c\",\"name\":\"darka mazi\",\"sameAs\":[\"https:\\\/\\\/darkamazi.info\\\/\"],\"url\":\"https:\\\/\\\/darkamazi.info\\\/archives\\\/author\\\/kurdi\"}]}<\/script>\n<!-- \/ Yoast SEO plugin. -->","seo_head_json":{"title":"Ne Leyla Zana \u015fexseke \u00fb ne j\u00ee b\u00ear\u00eaz\u00ee \u015fexs\u00ee b\u00fbn: sivakat\u00ee li netewa Kurd hat kirin - Darka Maz\u00ee","robots":{"index":"index","follow":"follow","max-snippet":"max-snippet:-1","max-image-preview":"max-image-preview:large","max-video-preview":"max-video-preview:-1"},"canonical":"https:\/\/darkamazi.info\/archives\/1051113","og_locale":"en_US","og_type":"article","og_title":"Ne Leyla Zana \u015fexseke \u00fb ne j\u00ee b\u00ear\u00eaz\u00ee \u015fexs\u00ee b\u00fbn: sivakat\u00ee li netewa Kurd hat kirin - Darka Maz\u00ee","og_description":"[darkamazi_row][darkamazi_column][darkamazi_video link=&#8221;https:\/\/www.youtube.com\/watch?v=CvoZ9Vg90qo&#8221; align=&#8221;center&#8221;][darkamazi_column_text] Ne h\u00earseke demk\u00ee b\u00fb\u2026\u00db qet ne herik\u00eena h\u00earsa komek\u00ea b\u00fb\u2026 Di dema ma\u00e7a Bursaspor-Somaspor\u00ea de, li ser tr\u00eeb\u00fbna heqaret \u00fb gotin\u00ean neba\u015f li Leyla Zana hatin kirin. Pi\u015ft\u00ee v\u00ea b\u00ear\u00eaz\u00eey\u00ea, her kes ji parlamenter\u00ean Kurd \u00ean di nav AKP \u00ea de bigire heya parlamenter\u00ean MHP \u00ea b\u00fbyer \u015fermezar kir. Heta Meral Ak\u015fener, [&hellip;]","og_url":"https:\/\/darkamazi.info\/archives\/1051113","og_site_name":"Darka Maz\u00ee","article_publisher":"https:\/\/www.facebook.com\/DarMaziKurmanci","article_published_time":"2025-12-23T18:32:26+00:00","og_image":[{"width":900,"height":475,"url":"https:\/\/darkamazi.info\/file\/2025\/12\/layla_zana.jpg","type":"image\/jpeg"}],"author":"darka mazi","twitter_card":"summary_large_image","twitter_creator":"@DarkaMaziLatini","twitter_site":"@DarkaMaziLatini","twitter_misc":{"Written by":"darka mazi","Est. reading time":"3 minutes"},"schema":{"@context":"https:\/\/schema.org","@graph":[{"@type":"Article","@id":"https:\/\/darkamazi.info\/archives\/1051113#article","isPartOf":{"@id":"https:\/\/darkamazi.info\/archives\/1051113"},"author":{"name":"darka mazi","@id":"https:\/\/darkamazi.info\/#\/schema\/person\/5ad3e24553a0567993fa8ed4bd0a776c"},"headline":"Ne Leyla Zana \u015fexseke \u00fb ne j\u00ee b\u00ear\u00eaz\u00ee \u015fexs\u00ee b\u00fbn: sivakat\u00ee li netewa Kurd hat kirin","datePublished":"2025-12-23T18:32:26+00:00","mainEntityOfPage":{"@id":"https:\/\/darkamazi.info\/archives\/1051113"},"wordCount":635,"publisher":{"@id":"https:\/\/darkamazi.info\/#organization"},"image":{"@id":"https:\/\/darkamazi.info\/archives\/1051113#primaryimage"},"thumbnailUrl":"https:\/\/darkamazi.info\/file\/2025\/12\/layla_zana.jpg","keywords":["sereke"],"articleSection":["Anal\u00eez","V\u00eed\u00eeyo"],"inLanguage":"en-US"},{"@type":"WebPage","@id":"https:\/\/darkamazi.info\/archives\/1051113","url":"https:\/\/darkamazi.info\/archives\/1051113","name":"Ne Leyla Zana \u015fexseke \u00fb ne j\u00ee b\u00ear\u00eaz\u00ee \u015fexs\u00ee b\u00fbn: sivakat\u00ee li netewa Kurd hat kirin - Darka Maz\u00ee","isPartOf":{"@id":"https:\/\/darkamazi.info\/#website"},"primaryImageOfPage":{"@id":"https:\/\/darkamazi.info\/archives\/1051113#primaryimage"},"image":{"@id":"https:\/\/darkamazi.info\/archives\/1051113#primaryimage"},"thumbnailUrl":"https:\/\/darkamazi.info\/file\/2025\/12\/layla_zana.jpg","datePublished":"2025-12-23T18:32:26+00:00","breadcrumb":{"@id":"https:\/\/darkamazi.info\/archives\/1051113#breadcrumb"},"inLanguage":"en-US","potentialAction":[{"@type":"ReadAction","target":["https:\/\/darkamazi.info\/archives\/1051113"]}]},{"@type":"ImageObject","inLanguage":"en-US","@id":"https:\/\/darkamazi.info\/archives\/1051113#primaryimage","url":"https:\/\/darkamazi.info\/file\/2025\/12\/layla_zana.jpg","contentUrl":"https:\/\/darkamazi.info\/file\/2025\/12\/layla_zana.jpg","width":900,"height":475,"caption":"Ne Leyla Zana \u015fexseke \u00fb ne j\u00ee b\u00ear\u00eaz\u00ee \u015fexs\u00ee b\u00fbn: sivakat\u00ee li netewa Kurd hat kirin"},{"@type":"BreadcrumbList","@id":"https:\/\/darkamazi.info\/archives\/1051113#breadcrumb","itemListElement":[{"@type":"ListItem","position":1,"name":"Home","item":"https:\/\/darkamazi.info\/"},{"@type":"ListItem","position":2,"name":"Ne Leyla Zana \u015fexseke \u00fb ne j\u00ee b\u00ear\u00eaz\u00ee \u015fexs\u00ee b\u00fbn: sivakat\u00ee li netewa Kurd hat kirin"}]},{"@type":"WebSite","@id":"https:\/\/darkamazi.info\/#website","url":"https:\/\/darkamazi.info\/","name":"Darka Maz\u00ee","description":"P\u00eageha Zanyariy\u00ean Nebih\u00eest\u00ee","publisher":{"@id":"https:\/\/darkamazi.info\/#organization"},"potentialAction":[{"@type":"SearchAction","target":{"@type":"EntryPoint","urlTemplate":"https:\/\/darkamazi.info\/?s={search_term_string}"},"query-input":{"@type":"PropertyValueSpecification","valueRequired":true,"valueName":"search_term_string"}}],"inLanguage":"en-US"},{"@type":"Organization","@id":"https:\/\/darkamazi.info\/#organization","name":"Darka Maz\u00ee","url":"https:\/\/darkamazi.info\/","logo":{"@type":"ImageObject","inLanguage":"en-US","@id":"https:\/\/darkamazi.info\/#\/schema\/logo\/image\/","url":"https:\/\/darkamazi.info\/file\/2017\/12\/darka-mazi-logo.png","contentUrl":"https:\/\/darkamazi.info\/file\/2017\/12\/darka-mazi-logo.png","width":151,"height":75,"caption":"Darka Maz\u00ee"},"image":{"@id":"https:\/\/darkamazi.info\/#\/schema\/logo\/image\/"},"sameAs":["https:\/\/www.facebook.com\/DarMaziKurmanci","https:\/\/x.com\/DarkaMaziLatini","https:\/\/www.instagram.com\/darkamazi.kurmanci\/","https:\/\/www.youtube.com\/channel\/UCa5HkTdmI8U1qCUFuTw8B2g"]},{"@type":"Person","@id":"https:\/\/darkamazi.info\/#\/schema\/person\/5ad3e24553a0567993fa8ed4bd0a776c","name":"darka mazi","sameAs":["https:\/\/darkamazi.info\/"],"url":"https:\/\/darkamazi.info\/archives\/author\/kurdi"}]}},"_links":{"self":[{"href":"https:\/\/darkamazi.info\/funavuv\/wp\/v2\/posts\/1051113","targetHints":{"allow":["GET"]}}],"collection":[{"href":"https:\/\/darkamazi.info\/funavuv\/wp\/v2\/posts"}],"about":[{"href":"https:\/\/darkamazi.info\/funavuv\/wp\/v2\/types\/post"}],"author":[{"embeddable":true,"href":"https:\/\/darkamazi.info\/funavuv\/wp\/v2\/users\/2"}],"replies":[{"embeddable":true,"href":"https:\/\/darkamazi.info\/funavuv\/wp\/v2\/comments?post=1051113"}],"version-history":[{"count":0,"href":"https:\/\/darkamazi.info\/funavuv\/wp\/v2\/posts\/1051113\/revisions"}],"wp:featuredmedia":[{"embeddable":true,"href":"https:\/\/darkamazi.info\/funavuv\/wp\/v2\/media\/1051116"}],"wp:attachment":[{"href":"https:\/\/darkamazi.info\/funavuv\/wp\/v2\/media?parent=1051113"}],"wp:term":[{"taxonomy":"category","embeddable":true,"href":"https:\/\/darkamazi.info\/funavuv\/wp\/v2\/categories?post=1051113"},{"taxonomy":"post_tag","embeddable":true,"href":"https:\/\/darkamazi.info\/funavuv\/wp\/v2\/tags?post=1051113"}],"curies":[{"name":"wp","href":"https:\/\/api.w.org\/{rel}","templated":true}]}}