{"id":1051122,"date":"2025-12-25T11:52:25","date_gmt":"2025-12-25T08:52:25","guid":{"rendered":"https:\/\/darkamazi.info\/?p=1051122"},"modified":"2025-12-25T11:52:25","modified_gmt":"2025-12-25T08:52:25","slug":"xebata-komisyona-astiye-du-mehen-din-hat-direjkirin","status":"publish","type":"post","link":"https:\/\/darkamazi.info\/archives\/1051122","title":{"rendered":"Xebata Kom\u00eesyona A\u015ftiy\u00ea du meh\u00ean din hat dir\u00eajkirin"},"content":{"rendered":"<h3 style=\"text-align: justify\"><span style=\"font-family: 'arial black', sans-serif\">Kom\u00eesyona Demokras\u00ee, Birat\u00ee \u00fb Yekr\u00eaziya Netewey\u00ee ya Parlamentoya Tirkiyey\u00ea bi piraniya deng\u00ean endam\u00ean xwe biryar da ku, kar\u00ea xwe du meh\u00ean din dir\u00eaj bike.<\/span><\/h3>\n<h3 style=\"text-align: justify\"><span style=\"font-family: arial, helvetica, sans-serif\">Xebata Kom\u00eesyona Demokras\u00ee, Birat\u00ee \u00fb Yek\u00eetiya Netewey\u00ee ya Parlamentoya Tirkiyey\u00ea d\u00ea di dawiya v\u00ea sal\u00ea de biqede, l\u00ea aliy\u00ean di w\u00ea kom\u00eesyon\u00ea de raporta xwe li ser guhertin\u00ean qan\u00fbn\u00ee y\u00ean t\u00eakildar\u00ee p\u00eavajoya a\u015ftiy\u00ea p\u00ea\u015fk\u00ea\u015f\u00ee Serok\u00ea Parlamentoy\u00ea kir.<\/span><\/h3>\n<h3 style=\"text-align: justify\"><span style=\"font-family: arial, helvetica, sans-serif\">Medyaya Tirkiyey\u00ea ragihand ku, w\u00ea kom\u00eesyon\u00ea di civ\u00eena duh (\u00c7ar\u015fem, 24.12.2025) de bi piraniya deng\u00ean endam\u00ean xwe biryar da ku xebata xwe du meh\u00ean din dir\u00eaj bike.<\/span><\/h3>\n<h3 style=\"text-align: justify\"><span style=\"font-family: arial, helvetica, sans-serif\">Serok\u00ea Parlamentoya Tirkiyey\u00ea Numan Kurtulmu\u015f j\u00ee ji aliy\u00ea xwe ve di gotarek\u00ea de amaje da ku, div\u00ea p\u00eangav\u00ean a\u015ftiy\u00ea bi lez b\u00ean av\u00eatin ji ber ku derfeteka d\u00eerok\u00ee li p\u00ea\u015fiya Tirkiyey\u00ea heye \u00fb div\u00ea ney\u00ea windakirin.<\/span><\/h3>\n<h3 style=\"text-align: justify\"><span style=\"font-family: arial, helvetica, sans-serif\">Ew kom\u00eesyon ji bo amadekirina bingeha qan\u00fbn\u00ee ji bo p\u00eavajoya b\u00ea\u00e7ekkirina PKK\u00ea \u00fb \u00e7areserkirina pirsgir\u00eakan hat damezrandin. Ev kom\u00eesyon heta niha 20 caran civiyaye.<\/span><\/h3>\n<h3 style=\"text-align: justify\"><span style=\"font-family: arial, helvetica, sans-serif\">N\u00eeqa\u015f \u00fb n\u00ear\u00een\u00ean aliyan di civ\u00eena \u00eero de:<\/span><\/h3>\n<h3 style=\"text-align: justify\"><span style=\"font-family: arial, helvetica, sans-serif\">CHP daxwaz dike ku it\u00eeraf bi heb\u00fbna pirsa Kurdan b\u00ea dan, qan\u00fbna teror\u00ea b\u00ea guhertin \u00fb azad\u00ee b\u00ean garant\u00eekirin.<\/span><\/h3>\n<h3 style=\"text-align: justify\"><span style=\"font-family: arial, helvetica, sans-serif\">Dem Part\u00ee rexney\u00ea li CHP\u00ea dike ku p\u00ea\u015fniyar\u00ean kiryark\u00ee \u00fb ber\u00e7av di raport\u00ean wan de n\u00eenin \u00fb daxwaza raporteka berfirehtir dike.<\/span><\/h3>\n<h3 style=\"text-align: justify\"><span style=\"font-family: arial, helvetica, sans-serif\">AKP \u00fb MHP tekez dikin ku nabe dest\u00fbr \u00fb yekpar\u00e7eyiya ax\u00ea b\u00ean guhertin \u00fb w\u00ea p\u00eavajoy\u00ea ten\u00ea di \u00e7ar\u00e7oveya &#8220;Tirkiyeya b\u00ea teror&#8221; de dib\u00eenin.<\/span><\/h3>\n","protected":false},"excerpt":{"rendered":"<p>Kom\u00eesyona Demokras\u00ee, Birat\u00ee \u00fb Yekr\u00eaziya Netewey\u00ee ya Parlamentoya Tirkiyey\u00ea bi piraniya deng\u00ean endam\u00ean xwe biryar da ku, kar\u00ea xwe du meh\u00ean din dir\u00eaj bike. Xebata Kom\u00eesyona Demokras\u00ee, Birat\u00ee \u00fb Yek\u00eetiya Netewey\u00ee ya Parlamentoya Tirkiyey\u00ea d\u00ea di dawiya v\u00ea sal\u00ea de biqede, l\u00ea aliy\u00ean di w\u00ea kom\u00eesyon\u00ea de raporta xwe li ser guhertin\u00ean qan\u00fbn\u00ee y\u00ean t\u00eakildar\u00ee [&hellip;]<\/p>\n","protected":false},"author":2,"featured_media":1051123,"comment_status":"closed","ping_status":"closed","sticky":false,"template":"","format":"standard","meta":{"footnotes":""},"categories":[29],"tags":[37],"class_list":["post-1051122","post","type-post","status-publish","format-standard","has-post-thumbnail","hentry","category-kurdistan","tag-sereke"],"blocksy_meta":[],"seo_head":"<!-- This site is optimized with the Yoast SEO plugin v27.5 - https:\/\/yoast.com\/product\/yoast-seo-wordpress\/ -->\n<title>Xebata Kom\u00eesyona A\u015ftiy\u00ea du meh\u00ean din hat dir\u00eajkirin - Darka Maz\u00ee<\/title>\n<meta name=\"robots\" content=\"index, follow, max-snippet:-1, max-image-preview:large, max-video-preview:-1\" \/>\n<link rel=\"canonical\" href=\"https:\/\/darkamazi.info\/archives\/1051122\" \/>\n<meta property=\"og:locale\" content=\"en_US\" \/>\n<meta property=\"og:type\" content=\"article\" \/>\n<meta property=\"og:title\" content=\"Xebata Kom\u00eesyona A\u015ftiy\u00ea du meh\u00ean din hat dir\u00eajkirin - Darka Maz\u00ee\" \/>\n<meta property=\"og:description\" content=\"Kom\u00eesyona Demokras\u00ee, Birat\u00ee \u00fb Yekr\u00eaziya Netewey\u00ee ya Parlamentoya Tirkiyey\u00ea bi piraniya deng\u00ean endam\u00ean xwe biryar da ku, kar\u00ea xwe du meh\u00ean din dir\u00eaj bike. Xebata Kom\u00eesyona Demokras\u00ee, Birat\u00ee \u00fb Yek\u00eetiya Netewey\u00ee ya Parlamentoya Tirkiyey\u00ea d\u00ea di dawiya v\u00ea sal\u00ea de biqede, l\u00ea aliy\u00ean di w\u00ea kom\u00eesyon\u00ea de raporta xwe li ser guhertin\u00ean qan\u00fbn\u00ee y\u00ean t\u00eakildar\u00ee [&hellip;]\" \/>\n<meta property=\"og:url\" content=\"https:\/\/darkamazi.info\/archives\/1051122\" \/>\n<meta property=\"og:site_name\" content=\"Darka Maz\u00ee\" \/>\n<meta property=\"article:publisher\" content=\"https:\/\/www.facebook.com\/DarMaziKurmanci\" \/>\n<meta property=\"article:published_time\" content=\"2025-12-25T08:52:25+00:00\" \/>\n<meta property=\"og:image\" content=\"https:\/\/darkamazi.info\/file\/2025\/12\/Komisyona-ashtiye-turkey-PKK-info.jpg\" \/>\n\t<meta property=\"og:image:width\" content=\"900\" \/>\n\t<meta property=\"og:image:height\" content=\"500\" \/>\n\t<meta property=\"og:image:type\" content=\"image\/jpeg\" \/>\n<meta name=\"author\" content=\"darka mazi\" \/>\n<meta name=\"twitter:card\" content=\"summary_large_image\" \/>\n<meta name=\"twitter:creator\" content=\"@DarkaMaziLatini\" \/>\n<meta name=\"twitter:site\" content=\"@DarkaMaziLatini\" \/>\n<meta name=\"twitter:label1\" content=\"Written by\" \/>\n\t<meta name=\"twitter:data1\" content=\"darka mazi\" \/>\n\t<meta name=\"twitter:label2\" content=\"Est. reading time\" \/>\n\t<meta name=\"twitter:data2\" content=\"2 minutes\" \/>\n<script type=\"application\/ld+json\" class=\"seo-schema-graph\">{\"@context\":\"https:\\\/\\\/schema.org\",\"@graph\":[{\"@type\":\"Article\",\"@id\":\"https:\\\/\\\/darkamazi.info\\\/archives\\\/1051122#article\",\"isPartOf\":{\"@id\":\"https:\\\/\\\/darkamazi.info\\\/archives\\\/1051122\"},\"author\":{\"name\":\"darka mazi\",\"@id\":\"https:\\\/\\\/darkamazi.info\\\/#\\\/schema\\\/person\\\/5ad3e24553a0567993fa8ed4bd0a776c\"},\"headline\":\"Xebata Kom\u00eesyona A\u015ftiy\u00ea du meh\u00ean din hat dir\u00eajkirin\",\"datePublished\":\"2025-12-25T08:52:25+00:00\",\"mainEntityOfPage\":{\"@id\":\"https:\\\/\\\/darkamazi.info\\\/archives\\\/1051122\"},\"wordCount\":277,\"publisher\":{\"@id\":\"https:\\\/\\\/darkamazi.info\\\/#organization\"},\"image\":{\"@id\":\"https:\\\/\\\/darkamazi.info\\\/archives\\\/1051122#primaryimage\"},\"thumbnailUrl\":\"https:\\\/\\\/darkamazi.info\\\/darka-content\\\/uploads\\\/2025\\\/12\\\/Komisyona-ashtiye-turkey-PKK-info.jpg\",\"keywords\":[\"sereke\"],\"articleSection\":[\"Kurdistan\"],\"inLanguage\":\"en-US\"},{\"@type\":\"WebPage\",\"@id\":\"https:\\\/\\\/darkamazi.info\\\/archives\\\/1051122\",\"url\":\"https:\\\/\\\/darkamazi.info\\\/archives\\\/1051122\",\"name\":\"Xebata Kom\u00eesyona A\u015ftiy\u00ea du meh\u00ean din hat dir\u00eajkirin - Darka Maz\u00ee\",\"isPartOf\":{\"@id\":\"https:\\\/\\\/darkamazi.info\\\/#website\"},\"primaryImageOfPage\":{\"@id\":\"https:\\\/\\\/darkamazi.info\\\/archives\\\/1051122#primaryimage\"},\"image\":{\"@id\":\"https:\\\/\\\/darkamazi.info\\\/archives\\\/1051122#primaryimage\"},\"thumbnailUrl\":\"https:\\\/\\\/darkamazi.info\\\/darka-content\\\/uploads\\\/2025\\\/12\\\/Komisyona-ashtiye-turkey-PKK-info.jpg\",\"datePublished\":\"2025-12-25T08:52:25+00:00\",\"breadcrumb\":{\"@id\":\"https:\\\/\\\/darkamazi.info\\\/archives\\\/1051122#breadcrumb\"},\"inLanguage\":\"en-US\",\"potentialAction\":[{\"@type\":\"ReadAction\",\"target\":[\"https:\\\/\\\/darkamazi.info\\\/archives\\\/1051122\"]}]},{\"@type\":\"ImageObject\",\"inLanguage\":\"en-US\",\"@id\":\"https:\\\/\\\/darkamazi.info\\\/archives\\\/1051122#primaryimage\",\"url\":\"https:\\\/\\\/darkamazi.info\\\/darka-content\\\/uploads\\\/2025\\\/12\\\/Komisyona-ashtiye-turkey-PKK-info.jpg\",\"contentUrl\":\"https:\\\/\\\/darkamazi.info\\\/darka-content\\\/uploads\\\/2025\\\/12\\\/Komisyona-ashtiye-turkey-PKK-info.jpg\",\"width\":900,\"height\":500,\"caption\":\"Komisyona-ashtiye-turkey-PKK-info\"},{\"@type\":\"BreadcrumbList\",\"@id\":\"https:\\\/\\\/darkamazi.info\\\/archives\\\/1051122#breadcrumb\",\"itemListElement\":[{\"@type\":\"ListItem\",\"position\":1,\"name\":\"Home\",\"item\":\"https:\\\/\\\/darkamazi.info\\\/\"},{\"@type\":\"ListItem\",\"position\":2,\"name\":\"Xebata Kom\u00eesyona A\u015ftiy\u00ea du meh\u00ean din hat dir\u00eajkirin\"}]},{\"@type\":\"WebSite\",\"@id\":\"https:\\\/\\\/darkamazi.info\\\/#website\",\"url\":\"https:\\\/\\\/darkamazi.info\\\/\",\"name\":\"Darka Maz\u00ee\",\"description\":\"P\u00eageha Zanyariy\u00ean Nebih\u00eest\u00ee\",\"publisher\":{\"@id\":\"https:\\\/\\\/darkamazi.info\\\/#organization\"},\"potentialAction\":[{\"@type\":\"SearchAction\",\"target\":{\"@type\":\"EntryPoint\",\"urlTemplate\":\"https:\\\/\\\/darkamazi.info\\\/?s={search_term_string}\"},\"query-input\":{\"@type\":\"PropertyValueSpecification\",\"valueRequired\":true,\"valueName\":\"search_term_string\"}}],\"inLanguage\":\"en-US\"},{\"@type\":\"Organization\",\"@id\":\"https:\\\/\\\/darkamazi.info\\\/#organization\",\"name\":\"Darka Maz\u00ee\",\"url\":\"https:\\\/\\\/darkamazi.info\\\/\",\"logo\":{\"@type\":\"ImageObject\",\"inLanguage\":\"en-US\",\"@id\":\"https:\\\/\\\/darkamazi.info\\\/#\\\/schema\\\/logo\\\/image\\\/\",\"url\":\"https:\\\/\\\/darkamazi.info\\\/darka-content\\\/uploads\\\/2017\\\/12\\\/darka-mazi-logo.png\",\"contentUrl\":\"https:\\\/\\\/darkamazi.info\\\/darka-content\\\/uploads\\\/2017\\\/12\\\/darka-mazi-logo.png\",\"width\":151,\"height\":75,\"caption\":\"Darka Maz\u00ee\"},\"image\":{\"@id\":\"https:\\\/\\\/darkamazi.info\\\/#\\\/schema\\\/logo\\\/image\\\/\"},\"sameAs\":[\"https:\\\/\\\/www.facebook.com\\\/DarMaziKurmanci\",\"https:\\\/\\\/x.com\\\/DarkaMaziLatini\",\"https:\\\/\\\/www.instagram.com\\\/darkamazi.kurmanci\\\/\",\"https:\\\/\\\/www.youtube.com\\\/channel\\\/UCa5HkTdmI8U1qCUFuTw8B2g\"]},{\"@type\":\"Person\",\"@id\":\"https:\\\/\\\/darkamazi.info\\\/#\\\/schema\\\/person\\\/5ad3e24553a0567993fa8ed4bd0a776c\",\"name\":\"darka mazi\",\"sameAs\":[\"https:\\\/\\\/darkamazi.info\\\/\"],\"url\":\"https:\\\/\\\/darkamazi.info\\\/archives\\\/author\\\/kurdi\"}]}<\/script>\n<!-- \/ Yoast SEO plugin. -->","seo_head_json":{"title":"Xebata Kom\u00eesyona A\u015ftiy\u00ea du meh\u00ean din hat dir\u00eajkirin - Darka Maz\u00ee","robots":{"index":"index","follow":"follow","max-snippet":"max-snippet:-1","max-image-preview":"max-image-preview:large","max-video-preview":"max-video-preview:-1"},"canonical":"https:\/\/darkamazi.info\/archives\/1051122","og_locale":"en_US","og_type":"article","og_title":"Xebata Kom\u00eesyona A\u015ftiy\u00ea du meh\u00ean din hat dir\u00eajkirin - Darka Maz\u00ee","og_description":"Kom\u00eesyona Demokras\u00ee, Birat\u00ee \u00fb Yekr\u00eaziya Netewey\u00ee ya Parlamentoya Tirkiyey\u00ea bi piraniya deng\u00ean endam\u00ean xwe biryar da ku, kar\u00ea xwe du meh\u00ean din dir\u00eaj bike. Xebata Kom\u00eesyona Demokras\u00ee, Birat\u00ee \u00fb Yek\u00eetiya Netewey\u00ee ya Parlamentoya Tirkiyey\u00ea d\u00ea di dawiya v\u00ea sal\u00ea de biqede, l\u00ea aliy\u00ean di w\u00ea kom\u00eesyon\u00ea de raporta xwe li ser guhertin\u00ean qan\u00fbn\u00ee y\u00ean t\u00eakildar\u00ee [&hellip;]","og_url":"https:\/\/darkamazi.info\/archives\/1051122","og_site_name":"Darka Maz\u00ee","article_publisher":"https:\/\/www.facebook.com\/DarMaziKurmanci","article_published_time":"2025-12-25T08:52:25+00:00","og_image":[{"width":900,"height":500,"url":"https:\/\/darkamazi.info\/file\/2025\/12\/Komisyona-ashtiye-turkey-PKK-info.jpg","type":"image\/jpeg"}],"author":"darka mazi","twitter_card":"summary_large_image","twitter_creator":"@DarkaMaziLatini","twitter_site":"@DarkaMaziLatini","twitter_misc":{"Written by":"darka mazi","Est. reading time":"2 minutes"},"schema":{"@context":"https:\/\/schema.org","@graph":[{"@type":"Article","@id":"https:\/\/darkamazi.info\/archives\/1051122#article","isPartOf":{"@id":"https:\/\/darkamazi.info\/archives\/1051122"},"author":{"name":"darka mazi","@id":"https:\/\/darkamazi.info\/#\/schema\/person\/5ad3e24553a0567993fa8ed4bd0a776c"},"headline":"Xebata Kom\u00eesyona A\u015ftiy\u00ea du meh\u00ean din hat dir\u00eajkirin","datePublished":"2025-12-25T08:52:25+00:00","mainEntityOfPage":{"@id":"https:\/\/darkamazi.info\/archives\/1051122"},"wordCount":277,"publisher":{"@id":"https:\/\/darkamazi.info\/#organization"},"image":{"@id":"https:\/\/darkamazi.info\/archives\/1051122#primaryimage"},"thumbnailUrl":"https:\/\/darkamazi.info\/file\/2025\/12\/Komisyona-ashtiye-turkey-PKK-info.jpg","keywords":["sereke"],"articleSection":["Kurdistan"],"inLanguage":"en-US"},{"@type":"WebPage","@id":"https:\/\/darkamazi.info\/archives\/1051122","url":"https:\/\/darkamazi.info\/archives\/1051122","name":"Xebata Kom\u00eesyona A\u015ftiy\u00ea du meh\u00ean din hat dir\u00eajkirin - Darka Maz\u00ee","isPartOf":{"@id":"https:\/\/darkamazi.info\/#website"},"primaryImageOfPage":{"@id":"https:\/\/darkamazi.info\/archives\/1051122#primaryimage"},"image":{"@id":"https:\/\/darkamazi.info\/archives\/1051122#primaryimage"},"thumbnailUrl":"https:\/\/darkamazi.info\/file\/2025\/12\/Komisyona-ashtiye-turkey-PKK-info.jpg","datePublished":"2025-12-25T08:52:25+00:00","breadcrumb":{"@id":"https:\/\/darkamazi.info\/archives\/1051122#breadcrumb"},"inLanguage":"en-US","potentialAction":[{"@type":"ReadAction","target":["https:\/\/darkamazi.info\/archives\/1051122"]}]},{"@type":"ImageObject","inLanguage":"en-US","@id":"https:\/\/darkamazi.info\/archives\/1051122#primaryimage","url":"https:\/\/darkamazi.info\/file\/2025\/12\/Komisyona-ashtiye-turkey-PKK-info.jpg","contentUrl":"https:\/\/darkamazi.info\/file\/2025\/12\/Komisyona-ashtiye-turkey-PKK-info.jpg","width":900,"height":500,"caption":"Komisyona-ashtiye-turkey-PKK-info"},{"@type":"BreadcrumbList","@id":"https:\/\/darkamazi.info\/archives\/1051122#breadcrumb","itemListElement":[{"@type":"ListItem","position":1,"name":"Home","item":"https:\/\/darkamazi.info\/"},{"@type":"ListItem","position":2,"name":"Xebata Kom\u00eesyona A\u015ftiy\u00ea du meh\u00ean din hat dir\u00eajkirin"}]},{"@type":"WebSite","@id":"https:\/\/darkamazi.info\/#website","url":"https:\/\/darkamazi.info\/","name":"Darka Maz\u00ee","description":"P\u00eageha Zanyariy\u00ean Nebih\u00eest\u00ee","publisher":{"@id":"https:\/\/darkamazi.info\/#organization"},"potentialAction":[{"@type":"SearchAction","target":{"@type":"EntryPoint","urlTemplate":"https:\/\/darkamazi.info\/?s={search_term_string}"},"query-input":{"@type":"PropertyValueSpecification","valueRequired":true,"valueName":"search_term_string"}}],"inLanguage":"en-US"},{"@type":"Organization","@id":"https:\/\/darkamazi.info\/#organization","name":"Darka Maz\u00ee","url":"https:\/\/darkamazi.info\/","logo":{"@type":"ImageObject","inLanguage":"en-US","@id":"https:\/\/darkamazi.info\/#\/schema\/logo\/image\/","url":"https:\/\/darkamazi.info\/file\/2017\/12\/darka-mazi-logo.png","contentUrl":"https:\/\/darkamazi.info\/file\/2017\/12\/darka-mazi-logo.png","width":151,"height":75,"caption":"Darka Maz\u00ee"},"image":{"@id":"https:\/\/darkamazi.info\/#\/schema\/logo\/image\/"},"sameAs":["https:\/\/www.facebook.com\/DarMaziKurmanci","https:\/\/x.com\/DarkaMaziLatini","https:\/\/www.instagram.com\/darkamazi.kurmanci\/","https:\/\/www.youtube.com\/channel\/UCa5HkTdmI8U1qCUFuTw8B2g"]},{"@type":"Person","@id":"https:\/\/darkamazi.info\/#\/schema\/person\/5ad3e24553a0567993fa8ed4bd0a776c","name":"darka mazi","sameAs":["https:\/\/darkamazi.info\/"],"url":"https:\/\/darkamazi.info\/archives\/author\/kurdi"}]}},"_links":{"self":[{"href":"https:\/\/darkamazi.info\/funavuv\/wp\/v2\/posts\/1051122","targetHints":{"allow":["GET"]}}],"collection":[{"href":"https:\/\/darkamazi.info\/funavuv\/wp\/v2\/posts"}],"about":[{"href":"https:\/\/darkamazi.info\/funavuv\/wp\/v2\/types\/post"}],"author":[{"embeddable":true,"href":"https:\/\/darkamazi.info\/funavuv\/wp\/v2\/users\/2"}],"replies":[{"embeddable":true,"href":"https:\/\/darkamazi.info\/funavuv\/wp\/v2\/comments?post=1051122"}],"version-history":[{"count":0,"href":"https:\/\/darkamazi.info\/funavuv\/wp\/v2\/posts\/1051122\/revisions"}],"wp:featuredmedia":[{"embeddable":true,"href":"https:\/\/darkamazi.info\/funavuv\/wp\/v2\/media\/1051123"}],"wp:attachment":[{"href":"https:\/\/darkamazi.info\/funavuv\/wp\/v2\/media?parent=1051122"}],"wp:term":[{"taxonomy":"category","embeddable":true,"href":"https:\/\/darkamazi.info\/funavuv\/wp\/v2\/categories?post=1051122"},{"taxonomy":"post_tag","embeddable":true,"href":"https:\/\/darkamazi.info\/funavuv\/wp\/v2\/tags?post=1051122"}],"curies":[{"name":"wp","href":"https:\/\/api.w.org\/{rel}","templated":true}]}}