{"id":1051125,"date":"2025-12-25T18:01:12","date_gmt":"2025-12-25T15:01:12","guid":{"rendered":"https:\/\/darkamazi.info\/?p=1051125"},"modified":"2025-12-25T18:01:12","modified_gmt":"2025-12-25T15:01:12","slug":"pirsa-ku-dive-be-pirsin-gelo-evdila-ocalan-sixur-e","status":"publish","type":"post","link":"https:\/\/darkamazi.info\/archives\/1051125","title":{"rendered":"Pirsa Ku Div\u00ea B\u00ea Pirs\u00een: Gelo Evdila Ocalan S\u00eexur e?"},"content":{"rendered":"<h3 style=\"text-align: justify\"><span style=\"font-family: 'arial black', sans-serif\">Bi hilwe\u015fandina PKK \u00ea di 7 \u00ea Gulan\u00ea de, p\u00eadiv\u00ee bi ji n\u00fb ve \u015f\u00eerovekirina d\u00eeroka Kurd a daw\u00ee heye. Bi taybet\u00ee li Bakur\u00ea Kurdistan\u00ea, d\u00eeroka Kurd a daw\u00ee ji ber \u00ea\u015f, mirin \u00fb zilm\u00ea, di nav mij\u00ea de maye loma nay\u00ea d\u00eetin. D\u00eeroka daw\u00ee ya Bakur\u00ea Kurdistan\u00ea ji ber propaganday\u00ea \u00fb hemaset\u00ea rast nah\u00ea zan\u00een.<\/span><\/h3>\n<h3 style=\"text-align: justify\"><span style=\"font-family: arial, helvetica, sans-serif\">Li Bakur\u00ea Kurdistan\u00ea, cewek\u00ee wilo hatiye afirandin ku pirs\u00eena hin pirsan, n\u00eeqa\u015fkirin \u00fb gotina ti\u015ft\u00ean n\u00fb wek\u00ee &#8220;xiyanet&#8221; t\u00ea hesibandin. Pirsa gelo Evdila Ocalan s\u00eexur e yek ji van dever\u00ean qedexe hatiye perjankirin. Ji sal\u00ean 1980 an vir ve, Ocalan h\u00ead\u00ee h\u00ead\u00ee b\u00fbye r\u00eaberek destneday\u00ee, b\u00ea heval \u00fb b\u00ea \u015fir\u00eek, ku her ti\u015ft\u00ee dizane, hate p\u00eerozkirin. L\u00eabel\u00ea, rastiya siyas\u00ee p\u00eeroziy\u00ea nas nake. Ger prat\u00eek, encam \u00fb rola d\u00eerok\u00ee ya r\u00eaberek bi berdewam\u00ee li dij\u00ee berjewendiy\u00ean gel be, ev pirs ne ten\u00ea rewa ye l\u00ea p\u00eadiv\u00ee gr\u00eenge j\u00ee. \u00a0Kes\u00ean ku di nav PKK \u00ea de rexne li Ocalan dikirin wek\u00ee xay\u00een \u00fb tasf\u00eeyec\u00ee dihatin binavkirin, kes\u00ean li derve ku rexne li Ocalan dikirin wek\u00ee s\u00eexur an kes\u00ean bi dewlet\u00ea ve gir\u00eaday\u00ee dihatin binavkirin. L\u00eabel\u00ea, \u00eero, di raya gi\u015ft\u00ee ya Kurd de b\u00eatir mirov \u015fik\u00ea j\u00ear\u00een t\u00eenin ziman: Berdewamiyek heye ku ravekirina w\u00ea zehmet e, parastinek ec\u00eab heye, \u00fb zinc\u00eereyek encam\u00ean ku di her qonaxek kr\u00eet\u00eek de li dij\u00ee Kurdan dixebite heye. Di navenda v\u00ea zinc\u00eer\u00ea de Evdila Ocalan heye. Ma ev normal e? Ocalan ji destp\u00eak\u00ea ve &#8220;kesek\u00ee ku ji h\u00eala dewlet\u00ea ve t\u00ea terc\u00eeh kir\u00ee&#8221; b\u00fb?<\/span><\/h3>\n<h3 style=\"text-align: justify\"><span style=\"font-family: arial, helvetica, sans-serif\">Pi\u015ft\u00ee daxuyaniya Ocalan di 27 \u00ea Sibata 2025 an de, \u00fb pi\u015ft\u00ee hilwe\u015fandina PKK \u00ea, div\u00ea m\u00eesyon \u00fb rola Ocalan di p\u00eavajoyan de pir b\u00eatir were pirs\u00een.<\/span><\/h3>\n<h3 style=\"text-align: justify\"><span style=\"font-family: 'arial black', sans-serif;font-size: 18pt;color: #8c0707\">Gelo Ocalan bi rast\u00ee s\u00eexur b\u00fb?<\/span><\/h3>\n<h3 style=\"text-align: justify\"><span style=\"font-family: 'arial black', sans-serif;font-size: 18pt;color: #808080\">Ger em d\u00eeroka b\u00fbyer, rastiyan \u00fb p\u00eavajoy\u00ean ku bingeha v\u00ea pirs\u00ea p\u00eak t\u00eenin di 3 serdem\u00ean sereke de bi kurtas\u00ee behs bikin:<\/span><\/h3>\n<h3 style=\"text-align: justify\"><span style=\"font-family: 'arial black', sans-serif;font-size: 18pt;color: #8c0707\">Sal\u00ean 1970 an: Zay\u00eena Kesayetiyek destneday\u00ee<\/span><\/h3>\n<h3 style=\"text-align: justify\"><span style=\"font-family: arial, helvetica, sans-serif\">Sal\u00ean 1970 an Tirkiye ji bo tevger\u00ean Kurd \u00fb \u00e7epgir mezbeha b\u00fb. Kadir dihatin qetilkirin, r\u00eaxistin dihatin pel\u00e7iqandin, r\u00eaber\u00ean wan yan dihatin ku\u015ftin yan j\u00ee bi salan dihatin z\u00eendan\u00eekirin. L\u00eabel\u00ea, bilindb\u00fbna Ocalan di v\u00ea serdema aloz de bi rehetiyeke berbi\u00e7av a &#8220;b\u00ea pirsgir\u00eak&#8221; p\u00eak hat. W\u00ee di ciwaniya xwe de bi saziy\u00ean neteweperest \u00ean Tirk re xebit\u00ee. Ji ber tevl\u00eeb\u00fbna xwe di me\u015fek\u00ee tevger\u00ean \u00e7epgir de hate girtin l\u00ea bi fermana dewlet\u00ea hate berdan. W\u00ee bi ke\u00e7a rayedarek\u00ee MIT (R\u00eaxistina \u00cest\u00eexbarata Netewey\u00ee ya Tirkiyey\u00ea) re zewic\u00ee, \u200b\u200b\u00fb bi p\u00eelot (necat\u00ee Kaya) kesek\u00ee ku ji bo MIT \u00ea dixebite re heval b\u00fb. \u00db di k\u00ealiya her\u00ee xeternak de, b\u00eay\u00ee ku ji heval\u00ean xwe re b\u00eaje, ew bi tena ser\u00ea xwe derbas\u00ee S\u00fbr\u00eey\u00ea b\u00fb \u00fb xwe xilas kir\u2026 Di nava van aloz\u00eeyan de ev qas b\u00ea pirsgir\u00eak bihorandin pir balk\u00ea\u015f b\u00fb\u2026<\/span><\/h3>\n<h3 style=\"text-align: justify\"><span style=\"font-family: arial, helvetica, sans-serif\">Di nava v\u00ea kurtey\u00ea de, pirsa j\u00ear\u00een rewa ye: \u00c7ima dewlet\u00ea, li \u015f\u00fbna ku ji destp\u00eak\u00ea ve serok\u00ea tevgereke \u00e7ekdar\u00ee ya Kurd bipel\u00e7iq\u00eene, dest\u00fbr da ku ew mezin bibe? Rastiyek t\u00ea zan\u00eene ku dewlet her gav vebijarka her\u00ee bik\u00ear terc\u00eeh dikin, ne ya &#8220;her\u00ee xeternak&#8221;. Ocalan hewlek taybet\u00ee da ku xwe wek\u00ee r\u00eaberek j\u00eer n\u00ee\u015fan bide ku &#8221; w\u00ee dewlet ji bo avakirina tevgereke \u015fore\u015fger\u00ee&#8221; bikar aniye. L\u00eabel\u00ea, bi dem\u00ea re, hin aliy\u00ean c\u00fbda t\u00eakiliya di navbera Ocalan \u00fb dewleta Tirkiy\u00ea de derketine hol\u00ea.<\/span><\/h3>\n<h3 style=\"text-align: justify\"><span style=\"font-family: 'arial black', sans-serif;font-size: 18pt;color: #8c0707\">Sal\u00ean 1980 an: Destek ve\u015fart\u00ee Ocalan di Dipar\u00eaze<\/span><\/h3>\n<h3 style=\"text-align: justify\"><span style=\"font-family: arial, helvetica, sans-serif\">Di sal\u00ean 1980 an de, dewleta Tirkiy\u00ea dest bi ji n\u00fb ve avakirina hem\u00fb tevger\u00ean siyas\u00ee y\u00ean Tirk\u00eey\u00ea kir. Kesayet\u00ean ne bin kontrola dewlet\u00ea de ne ten\u00ea ji r\u00eaxistin\u00ean \u00e7epgir, di heman dem\u00ea de ji y\u00ean rastgir j\u00ee paqij kirin. Ten\u00ea &#8220;h\u00eaman\u00ean kontrolkir\u00ee \u00fb b\u00ea zirar&#8221; dewlet\u00ea sax h\u00ealan. Hem\u00fb <\/span><span style=\"font-family: arial, helvetica, sans-serif\">kadroy\u00ean p\u00ea\u015feng \u00ean r\u00eaxistina Ermena ASALA di operasyon\u00ean dervey\u00ee wel\u00eat de ku\u015ftin. L\u00eabel\u00ea, Ocalan di sal\u00ean 80 \u00ee de ji van operasyon\u00ean ji n\u00fb ve dzaynkirin\u00ea bandor neb\u00fb. Di heman dem\u00ea de, ew\u00ee bi rehet\u00ee b\u00ea parastin dikarib\u00fb bi ten\u00ea yek an du kesan re, di navbera Lubnan \u00fb \u015eam\u00ea de bigere. Bi rast\u00ee, pi\u015ft\u00ee sala 1987 an, ew di heman avah\u00eey\u00ea de bi ata\u015fey\u00ea le\u015fker\u00ee y\u00ea dewleta Tirkiyey\u00ea re dijiya.<\/span><\/h3>\n<h3 style=\"text-align: justify\"><span style=\"font-family: arial, helvetica, sans-serif\">\u00db serde j\u00ee, kes\u00ean ku dikarin astengiya poz\u00eesyona r\u00eaber\u00ea yekane \u00fb b\u00ea \u015fir\u00eek a Ocalan di nav PKK \u00ea de bikin, di v\u00ea p\u00eavajoy\u00ea de bi awayek\u00ee s\u00eestemat\u00eek yek bi yek ji hol\u00ea hatin rakirin. Her \u00e7end hin ji h\u00eala Ocalan bi xwe ve hatin ku\u015ftin j\u00ee, dewleta Tirkiy\u00ea kesayet\u00ean bih\u00eaz \u00ean wek\u00ee Mazlum Doxan, Xeyr\u00ee Durm\u00fb\u015f \u00fb Kemal P\u00eer j\u00ee ji hol\u00ea rakirin. Wan kesayetan Ocalan re wek\u00ee &#8220;heval\u00ea El\u00ee&#8221; did\u00eet \u00fb ew wek\u00ee &#8220;endam\u00ea r\u00eaxistin\u00ea&#8221; wek\u00ee her kes\u00ee qeb\u00fbl dikirin.<\/span><\/h3>\n<h3 style=\"text-align: justify\"><span style=\"font-family: arial, helvetica, sans-serif\">Bi rast\u00ee, sal\u00ean 1980 an ew serdema ku serokb\u00fbna Ocalan k\u00fbrk b\u00fbn\u00ea b\u00fb \u00fb ew h\u00ead\u00ee h\u00ead\u00ee mezin dib\u00fb.<\/span><\/h3>\n<h3 style=\"text-align: justify\"><span style=\"font-family: 'arial black', sans-serif;font-size: 18pt;color: #8c0707\">Sal\u00ean 1990 an: Serok\u00ea ku neh\u00ea tasf\u00eeyekirin<\/span><\/h3>\n<h3 style=\"text-align: justify\"><span style=\"font-family: arial, helvetica, sans-serif\">Sal\u00ean 1990 an ew serdema ku dewleta Tirk r\u00eabaz\u00ean xwe y\u00ean her\u00ee dijwar li dij\u00ee tevgera \u00fb gel\u00ea Kurd bi kar an\u00ee b\u00fb. Gund hatin \u015fewitandin, siyasetmedar hatin \u00eedamkirin, rojnamevan b\u00easer\u00fb\u015f\u00fbn di b\u00fbn. Tev\u00ee v\u00ea yek\u00ea, Ocalan bi salan dikarib\u00fb bi azad\u00ee li Rojhilata Nav\u00een bigere. Bi salan, ew b\u00eay\u00ee ku qet \u00e7ek hilgire, di navbera Beyr\u00fbt, \u015eam, Heleb \u00fb Lazi\u00eey\u00ea de, ten\u00ea bi \u015fufor\u00ea xwe re bigere.<\/span><\/h3>\n<h3 style=\"text-align: justify\"><span style=\"font-family: arial, helvetica, sans-serif\">Ev tablo t\u00eakiliya Ocalan bi dewleta Tirkiy\u00ea re h\u00een gumanbartir dike. \u00db bal\u00ea diki\u015f\u00eene ser t\u00eakiliya tevlihev a di navbera wan de: r\u00eaberiyek ku di <\/span><span style=\"font-family: arial, helvetica, sans-serif\">nav s\u00eenor\u00ean diyarkir\u00ee de m\u00eefadar t\u00ea d\u00eetin, t\u00ea kontrolkirin \u00fb bi r\u00eavebirin.<\/span><\/h3>\n<h3 style=\"text-align: justify\"><span style=\"font-family: arial, helvetica, sans-serif\">Heta van salan, Kurdan z\u00eade ti\u015ftek li ser Ocalan nizanib\u00fbn. Li \u015f\u00fbna Apo, nav\u00ean wek\u00ee Mehmet \u015eener, Sakine Cansiz, Mazl\u00fbm Doxan, ku li zindana D\u00eeyarbekir\u00ea li ber xwe day\u00ee, dihatin zan\u00een. Dewlet\u00ea ev rew\u015f di sal\u00ean 1990 an de guherand. Medyaya Tirkiy\u00ea her roj w\u00eaney\u00ean Ocalan parve dikir. Ew her tim ew wek\u00ee kesek\u00ee ku dixwestin bikujin n\u00ee\u015fan didan, her tim digotin &#8220;em \u00ea w\u00ee bikujin.&#8221;<\/span><\/h3>\n<h3 style=\"text-align: justify\"><span style=\"font-family: arial, helvetica, sans-serif\">Li vir, div\u00ea em rawestin \u00fb bifikirin: Ger Ocalan &#8220;dijminek\u00ee mutleq&#8221; \u00ea dewlet\u00ea b\u00fb, \u00e7ima ew nek\u00fb\u015ftin? \u00c7ima dewlet\u00ea bi dehan siyasetmedar\u00ean Kurd b\u00eadudil\u00ee ew ku\u015ftin? \u00c7ima, kes\u00ean payebilind \u00ean tevger\u00ea hertim zind\u00ee h\u00ealan. \u00c7ima Ocalan ji aliy\u00ea layenek dewlet\u00ea ve di sala 1996 an de li ser hewldanek ku\u015ftin\u00ea ya plankir\u00ee hat hi\u015fyarkirin. Di v\u00ea heyam\u00ea de, dewlet\u00ea, bi taybet\u00ee \u00e7epgir\u00ean Tirk, roleke pir bi bandor l\u00eestin. Ji aliyek\u00ee ve, wan Ocalan weke \u201cserok\u201d bi r\u00eaya \u00e7apemeniya xwe p\u00ea\u015fk\u00ea\u015f\u00ee civak\u00ea kirin. Ji aliy\u00ea din ve, wan berdewamiya b\u00eanavber a t\u00eakiliya w\u00ee bi dewlet\u00ea re misoger kirin, v\u00ea t\u00eakiliy\u00ea wek\u00ee &#8220;dan\u00fbstandinek rew\u015fenb\u00eer\u00ee&#8221; ya normal n\u00ee\u015fan dan.<\/span><\/h3>\n<h3 style=\"text-align: justify\"><span style=\"font-family: arial, helvetica, sans-serif\">Di sal\u00ean 1990 \u00ee de, Ocalan h\u00ead\u00ee h\u00ead\u00ee armanc\u00ean Kurdan y\u00ean Netewey\u00ee ber bi nerb\u00fbnek\u00ea ve bir \u00fb an\u00ee s\u00eenor\u00ea xet\u00ean sor \u00ean dewlet\u00ea x\u00eaz kir, li \u015f\u00fbna ku dijberiy\u00ea bike. Kes\u00ean ku ji bo avakirina dewletek Kurd\u00ee di\u00e7\u00fbn, Ocalan ew bi awayek\u00ee, bi t\u00eageh\u00ean wek\u00ee ev\u00een, jin, jiyana civak\u00ee, t\u00eakiliy\u00ean azad \u00fb jina m\u00eena xwedawend\u00ea \u00fb hwd di kezaxtin.<\/span><\/h3>\n<h3 style=\"text-align: justify\"><span style=\"font-family: 'arial black', sans-serif;font-size: 18pt;color: #8c0707\">Serdema \u00cemraliy\u00ea: Serokatiyek B\u00ea Daxwaz\u00ee<\/span><\/h3>\n<h3 style=\"text-align: justify\"><span style=\"font-family: arial, helvetica, sans-serif\">Veguhestina Ocalan bo \u00cemraliy\u00ea \u00fb ti\u015ft\u00ean ku pi\u015ftre \u00e7\u00eab\u00fbn pir balk\u00ea\u015f in. \u015eer\u00ea li Bakur\u00ea Kurdistan\u00ea di rastiy\u00ea de di sala 1999 an de winda kir. Dewlet\u00ea bixwasta dikarib\u00fb PKK \u00ea ji hol\u00ea rake. L\u00ea ne Ocalan \u00fb ne j\u00ee PKK xilas nekir. Berevaj\u00ee v\u00ea, Ocalan ji h\u00eala dewlet\u00ea ve ji n\u00fb ve hate afirandin. Dewlet\u00ea Ocalan ji n\u00fb ve xuliqand, Ocalan j\u00ee PKK ji n\u00fb ve ava kir, \u00fb PKK \u00ea j\u00ee r\u00eajeka berz y\u00ean Kurd\u00ean Bak\u00fbr li gor\u00ee v\u00ea b\u00eaarmanc\u00ee y\u00ea ji n\u00fbve ava kir.<\/span><\/h3>\n<h3 style=\"text-align: justify\"><span style=\"font-family: arial, helvetica, sans-serif\">Di v\u00ea rew\u015fa ji n\u00fb ve avakirina berdewam de, \u00ead\u00ee &#8221; ne serxweb\u00fbn, ne statuyek berbi\u00e7av \u00fb ne j\u00ee destkeftiyek siyas\u00ee ma&#8221; Her ti\u015ft bi plan hat pa\u015fxistin, alozkirin \u00fb di dawiy\u00ea de j\u00ee hat rizandin \u00fb p\u00fb\u00e7kirin. \u015eer dikarin werin windakirin, veki\u015f\u00een dikarin \u00e7\u00eabibin, l\u00ea rew\u015fa PKK \u00ea ne li ser windakirina \u015fer e. Ew li ser valakirina t\u00eako\u015f\u00een\u00ea ji naveroka w\u00ea ye. &#8220;Daxwaz\u00ean netewey\u00ee y\u00ean Kurdan&#8221; \u00ean mezin li Bakur b\u00fbne kavil. Ya gir\u00eengtir, em \u00e7awa dikarin rave bikin ku Kurd di nav v\u00ea ziviroka Ocalan de, ku ti\u015ftek\u00ee naxwaze, azad\u00eeya xwe li gel ya w\u00ee hevpar dib\u00eene ?<\/span><\/h3>\n<h3 style=\"text-align: justify\"><span style=\"font-family: 'arial black', sans-serif;font-size: 18pt;color: #8c0707\">Em vegerin \u00a0ser niv\u00ees\u00ea \u00fb heman pirs\u00ea bipirsin: &#8220;Ma Ocalan s\u00eexur e?&#8221;<\/span><\/h3>\n<h3 style=\"text-align: justify\"><span style=\"font-family: arial, helvetica, sans-serif\">Ew kes\u00ean ku serdem \u00fb qonax\u00ean v\u00ea d\u00eerok\u00ea fam dikin, \u00ead\u00ee v\u00ea pirs\u00ea j\u00ee napirsin, l\u00ea v\u00ea \u015f\u00eerovey\u00ea p\u00ea\u015fk\u00ea\u015f dikin: &#8220;Ocalan ji s\u00eexurek\u00ea b\u00eatir z\u00eeyan daye Kurdan\u201d Ji ber v\u00ea yek\u00ea, di rastiy\u00ea de, n\u00eeqa\u015fa ka Ocalan S\u00eexur e an na ti\u015ftek tal\u00ee ye ji ber ku pirsa Ocalan ne pirsa kesek\u00ee ye, pirsa serdemek\u00ea, pirsa r\u00eabazek\u00ea, pirsa r\u00eagezek domdar a \u015f\u00eaweyek mutlaq tesl\u00eemb\u00fbn\u00ea ye.<\/span><\/h3>\n","protected":false},"excerpt":{"rendered":"<p>Bi hilwe\u015fandina PKK \u00ea di 7 \u00ea Gulan\u00ea de, p\u00eadiv\u00ee bi ji n\u00fb ve \u015f\u00eerovekirina d\u00eeroka Kurd a daw\u00ee heye. Bi taybet\u00ee li Bakur\u00ea Kurdistan\u00ea, d\u00eeroka Kurd a daw\u00ee ji ber \u00ea\u015f, mirin \u00fb zilm\u00ea, di nav mij\u00ea de maye loma nay\u00ea d\u00eetin. D\u00eeroka daw\u00ee ya Bakur\u00ea Kurdistan\u00ea ji ber propaganday\u00ea \u00fb hemaset\u00ea rast nah\u00ea [&hellip;]<\/p>\n","protected":false},"author":2,"featured_media":1051126,"comment_status":"closed","ping_status":"closed","sticky":false,"template":"","format":"standard","meta":{"footnotes":""},"categories":[68],"tags":[44,37],"class_list":["post-1051125","post","type-post","status-publish","format-standard","has-post-thumbnail","hentry","category-analiz","tag-ocelan","tag-sereke"],"blocksy_meta":[],"seo_head":"<!-- This site is optimized with the Yoast SEO plugin v27.5 - https:\/\/yoast.com\/product\/yoast-seo-wordpress\/ -->\n<title>Pirsa Ku Div\u00ea B\u00ea Pirs\u00een: Gelo Evdila Ocalan S\u00eexur e? - Darka Maz\u00ee<\/title>\n<meta name=\"robots\" content=\"index, follow, max-snippet:-1, max-image-preview:large, max-video-preview:-1\" \/>\n<link rel=\"canonical\" href=\"https:\/\/darkamazi.info\/archives\/1051125\" \/>\n<meta property=\"og:locale\" content=\"en_US\" \/>\n<meta property=\"og:type\" content=\"article\" \/>\n<meta property=\"og:title\" content=\"Pirsa Ku Div\u00ea B\u00ea Pirs\u00een: Gelo Evdila Ocalan S\u00eexur e? - Darka Maz\u00ee\" \/>\n<meta property=\"og:description\" content=\"Bi hilwe\u015fandina PKK \u00ea di 7 \u00ea Gulan\u00ea de, p\u00eadiv\u00ee bi ji n\u00fb ve \u015f\u00eerovekirina d\u00eeroka Kurd a daw\u00ee heye. Bi taybet\u00ee li Bakur\u00ea Kurdistan\u00ea, d\u00eeroka Kurd a daw\u00ee ji ber \u00ea\u015f, mirin \u00fb zilm\u00ea, di nav mij\u00ea de maye loma nay\u00ea d\u00eetin. D\u00eeroka daw\u00ee ya Bakur\u00ea Kurdistan\u00ea ji ber propaganday\u00ea \u00fb hemaset\u00ea rast nah\u00ea [&hellip;]\" \/>\n<meta property=\"og:url\" content=\"https:\/\/darkamazi.info\/archives\/1051125\" \/>\n<meta property=\"og:site_name\" content=\"Darka Maz\u00ee\" \/>\n<meta property=\"article:publisher\" content=\"https:\/\/www.facebook.com\/DarMaziKurmanci\" \/>\n<meta property=\"article:published_time\" content=\"2025-12-25T15:01:12+00:00\" \/>\n<meta property=\"og:image\" content=\"https:\/\/darkamazi.info\/file\/2025\/12\/Ciroka-apo-info.jpg\" \/>\n\t<meta property=\"og:image:width\" content=\"900\" \/>\n\t<meta property=\"og:image:height\" content=\"475\" \/>\n\t<meta property=\"og:image:type\" content=\"image\/jpeg\" \/>\n<meta name=\"author\" content=\"darka mazi\" \/>\n<meta name=\"twitter:card\" content=\"summary_large_image\" \/>\n<meta name=\"twitter:creator\" content=\"@DarkaMaziLatini\" \/>\n<meta name=\"twitter:site\" content=\"@DarkaMaziLatini\" \/>\n<meta name=\"twitter:label1\" content=\"Written by\" \/>\n\t<meta name=\"twitter:data1\" content=\"darka mazi\" \/>\n\t<meta name=\"twitter:label2\" content=\"Est. reading time\" \/>\n\t<meta name=\"twitter:data2\" content=\"7 minutes\" \/>\n<script type=\"application\/ld+json\" class=\"seo-schema-graph\">{\"@context\":\"https:\\\/\\\/schema.org\",\"@graph\":[{\"@type\":\"Article\",\"@id\":\"https:\\\/\\\/darkamazi.info\\\/archives\\\/1051125#article\",\"isPartOf\":{\"@id\":\"https:\\\/\\\/darkamazi.info\\\/archives\\\/1051125\"},\"author\":{\"name\":\"darka mazi\",\"@id\":\"https:\\\/\\\/darkamazi.info\\\/#\\\/schema\\\/person\\\/5ad3e24553a0567993fa8ed4bd0a776c\"},\"headline\":\"Pirsa Ku Div\u00ea B\u00ea Pirs\u00een: Gelo Evdila Ocalan S\u00eexur e?\",\"datePublished\":\"2025-12-25T15:01:12+00:00\",\"mainEntityOfPage\":{\"@id\":\"https:\\\/\\\/darkamazi.info\\\/archives\\\/1051125\"},\"wordCount\":1588,\"publisher\":{\"@id\":\"https:\\\/\\\/darkamazi.info\\\/#organization\"},\"image\":{\"@id\":\"https:\\\/\\\/darkamazi.info\\\/archives\\\/1051125#primaryimage\"},\"thumbnailUrl\":\"https:\\\/\\\/darkamazi.info\\\/darka-content\\\/uploads\\\/2025\\\/12\\\/Ciroka-apo-info.jpg\",\"keywords\":[\"Ocelan\",\"sereke\"],\"articleSection\":[\"Anal\u00eez\"],\"inLanguage\":\"en-US\"},{\"@type\":\"WebPage\",\"@id\":\"https:\\\/\\\/darkamazi.info\\\/archives\\\/1051125\",\"url\":\"https:\\\/\\\/darkamazi.info\\\/archives\\\/1051125\",\"name\":\"Pirsa Ku Div\u00ea B\u00ea Pirs\u00een: Gelo Evdila Ocalan S\u00eexur e? - Darka Maz\u00ee\",\"isPartOf\":{\"@id\":\"https:\\\/\\\/darkamazi.info\\\/#website\"},\"primaryImageOfPage\":{\"@id\":\"https:\\\/\\\/darkamazi.info\\\/archives\\\/1051125#primaryimage\"},\"image\":{\"@id\":\"https:\\\/\\\/darkamazi.info\\\/archives\\\/1051125#primaryimage\"},\"thumbnailUrl\":\"https:\\\/\\\/darkamazi.info\\\/darka-content\\\/uploads\\\/2025\\\/12\\\/Ciroka-apo-info.jpg\",\"datePublished\":\"2025-12-25T15:01:12+00:00\",\"breadcrumb\":{\"@id\":\"https:\\\/\\\/darkamazi.info\\\/archives\\\/1051125#breadcrumb\"},\"inLanguage\":\"en-US\",\"potentialAction\":[{\"@type\":\"ReadAction\",\"target\":[\"https:\\\/\\\/darkamazi.info\\\/archives\\\/1051125\"]}]},{\"@type\":\"ImageObject\",\"inLanguage\":\"en-US\",\"@id\":\"https:\\\/\\\/darkamazi.info\\\/archives\\\/1051125#primaryimage\",\"url\":\"https:\\\/\\\/darkamazi.info\\\/darka-content\\\/uploads\\\/2025\\\/12\\\/Ciroka-apo-info.jpg\",\"contentUrl\":\"https:\\\/\\\/darkamazi.info\\\/darka-content\\\/uploads\\\/2025\\\/12\\\/Ciroka-apo-info.jpg\",\"width\":900,\"height\":475,\"caption\":\"\u00c7\u00eeroka apo-net\"},{\"@type\":\"BreadcrumbList\",\"@id\":\"https:\\\/\\\/darkamazi.info\\\/archives\\\/1051125#breadcrumb\",\"itemListElement\":[{\"@type\":\"ListItem\",\"position\":1,\"name\":\"Home\",\"item\":\"https:\\\/\\\/darkamazi.info\\\/\"},{\"@type\":\"ListItem\",\"position\":2,\"name\":\"Pirsa Ku Div\u00ea B\u00ea Pirs\u00een: Gelo Evdila Ocalan S\u00eexur e?\"}]},{\"@type\":\"WebSite\",\"@id\":\"https:\\\/\\\/darkamazi.info\\\/#website\",\"url\":\"https:\\\/\\\/darkamazi.info\\\/\",\"name\":\"Darka Maz\u00ee\",\"description\":\"P\u00eageha Zanyariy\u00ean Nebih\u00eest\u00ee\",\"publisher\":{\"@id\":\"https:\\\/\\\/darkamazi.info\\\/#organization\"},\"potentialAction\":[{\"@type\":\"SearchAction\",\"target\":{\"@type\":\"EntryPoint\",\"urlTemplate\":\"https:\\\/\\\/darkamazi.info\\\/?s={search_term_string}\"},\"query-input\":{\"@type\":\"PropertyValueSpecification\",\"valueRequired\":true,\"valueName\":\"search_term_string\"}}],\"inLanguage\":\"en-US\"},{\"@type\":\"Organization\",\"@id\":\"https:\\\/\\\/darkamazi.info\\\/#organization\",\"name\":\"Darka Maz\u00ee\",\"url\":\"https:\\\/\\\/darkamazi.info\\\/\",\"logo\":{\"@type\":\"ImageObject\",\"inLanguage\":\"en-US\",\"@id\":\"https:\\\/\\\/darkamazi.info\\\/#\\\/schema\\\/logo\\\/image\\\/\",\"url\":\"https:\\\/\\\/darkamazi.info\\\/darka-content\\\/uploads\\\/2017\\\/12\\\/darka-mazi-logo.png\",\"contentUrl\":\"https:\\\/\\\/darkamazi.info\\\/darka-content\\\/uploads\\\/2017\\\/12\\\/darka-mazi-logo.png\",\"width\":151,\"height\":75,\"caption\":\"Darka Maz\u00ee\"},\"image\":{\"@id\":\"https:\\\/\\\/darkamazi.info\\\/#\\\/schema\\\/logo\\\/image\\\/\"},\"sameAs\":[\"https:\\\/\\\/www.facebook.com\\\/DarMaziKurmanci\",\"https:\\\/\\\/x.com\\\/DarkaMaziLatini\",\"https:\\\/\\\/www.instagram.com\\\/darkamazi.kurmanci\\\/\",\"https:\\\/\\\/www.youtube.com\\\/channel\\\/UCa5HkTdmI8U1qCUFuTw8B2g\"]},{\"@type\":\"Person\",\"@id\":\"https:\\\/\\\/darkamazi.info\\\/#\\\/schema\\\/person\\\/5ad3e24553a0567993fa8ed4bd0a776c\",\"name\":\"darka mazi\",\"sameAs\":[\"https:\\\/\\\/darkamazi.info\\\/\"],\"url\":\"https:\\\/\\\/darkamazi.info\\\/archives\\\/author\\\/kurdi\"}]}<\/script>\n<!-- \/ Yoast SEO plugin. -->","seo_head_json":{"title":"Pirsa Ku Div\u00ea B\u00ea Pirs\u00een: Gelo Evdila Ocalan S\u00eexur e? - Darka Maz\u00ee","robots":{"index":"index","follow":"follow","max-snippet":"max-snippet:-1","max-image-preview":"max-image-preview:large","max-video-preview":"max-video-preview:-1"},"canonical":"https:\/\/darkamazi.info\/archives\/1051125","og_locale":"en_US","og_type":"article","og_title":"Pirsa Ku Div\u00ea B\u00ea Pirs\u00een: Gelo Evdila Ocalan S\u00eexur e? - Darka Maz\u00ee","og_description":"Bi hilwe\u015fandina PKK \u00ea di 7 \u00ea Gulan\u00ea de, p\u00eadiv\u00ee bi ji n\u00fb ve \u015f\u00eerovekirina d\u00eeroka Kurd a daw\u00ee heye. Bi taybet\u00ee li Bakur\u00ea Kurdistan\u00ea, d\u00eeroka Kurd a daw\u00ee ji ber \u00ea\u015f, mirin \u00fb zilm\u00ea, di nav mij\u00ea de maye loma nay\u00ea d\u00eetin. D\u00eeroka daw\u00ee ya Bakur\u00ea Kurdistan\u00ea ji ber propaganday\u00ea \u00fb hemaset\u00ea rast nah\u00ea [&hellip;]","og_url":"https:\/\/darkamazi.info\/archives\/1051125","og_site_name":"Darka Maz\u00ee","article_publisher":"https:\/\/www.facebook.com\/DarMaziKurmanci","article_published_time":"2025-12-25T15:01:12+00:00","og_image":[{"width":900,"height":475,"url":"https:\/\/darkamazi.info\/file\/2025\/12\/Ciroka-apo-info.jpg","type":"image\/jpeg"}],"author":"darka mazi","twitter_card":"summary_large_image","twitter_creator":"@DarkaMaziLatini","twitter_site":"@DarkaMaziLatini","twitter_misc":{"Written by":"darka mazi","Est. reading time":"7 minutes"},"schema":{"@context":"https:\/\/schema.org","@graph":[{"@type":"Article","@id":"https:\/\/darkamazi.info\/archives\/1051125#article","isPartOf":{"@id":"https:\/\/darkamazi.info\/archives\/1051125"},"author":{"name":"darka mazi","@id":"https:\/\/darkamazi.info\/#\/schema\/person\/5ad3e24553a0567993fa8ed4bd0a776c"},"headline":"Pirsa Ku Div\u00ea B\u00ea Pirs\u00een: Gelo Evdila Ocalan S\u00eexur e?","datePublished":"2025-12-25T15:01:12+00:00","mainEntityOfPage":{"@id":"https:\/\/darkamazi.info\/archives\/1051125"},"wordCount":1588,"publisher":{"@id":"https:\/\/darkamazi.info\/#organization"},"image":{"@id":"https:\/\/darkamazi.info\/archives\/1051125#primaryimage"},"thumbnailUrl":"https:\/\/darkamazi.info\/file\/2025\/12\/Ciroka-apo-info.jpg","keywords":["Ocelan","sereke"],"articleSection":["Anal\u00eez"],"inLanguage":"en-US"},{"@type":"WebPage","@id":"https:\/\/darkamazi.info\/archives\/1051125","url":"https:\/\/darkamazi.info\/archives\/1051125","name":"Pirsa Ku Div\u00ea B\u00ea Pirs\u00een: Gelo Evdila Ocalan S\u00eexur e? - Darka Maz\u00ee","isPartOf":{"@id":"https:\/\/darkamazi.info\/#website"},"primaryImageOfPage":{"@id":"https:\/\/darkamazi.info\/archives\/1051125#primaryimage"},"image":{"@id":"https:\/\/darkamazi.info\/archives\/1051125#primaryimage"},"thumbnailUrl":"https:\/\/darkamazi.info\/file\/2025\/12\/Ciroka-apo-info.jpg","datePublished":"2025-12-25T15:01:12+00:00","breadcrumb":{"@id":"https:\/\/darkamazi.info\/archives\/1051125#breadcrumb"},"inLanguage":"en-US","potentialAction":[{"@type":"ReadAction","target":["https:\/\/darkamazi.info\/archives\/1051125"]}]},{"@type":"ImageObject","inLanguage":"en-US","@id":"https:\/\/darkamazi.info\/archives\/1051125#primaryimage","url":"https:\/\/darkamazi.info\/file\/2025\/12\/Ciroka-apo-info.jpg","contentUrl":"https:\/\/darkamazi.info\/file\/2025\/12\/Ciroka-apo-info.jpg","width":900,"height":475,"caption":"\u00c7\u00eeroka apo-net"},{"@type":"BreadcrumbList","@id":"https:\/\/darkamazi.info\/archives\/1051125#breadcrumb","itemListElement":[{"@type":"ListItem","position":1,"name":"Home","item":"https:\/\/darkamazi.info\/"},{"@type":"ListItem","position":2,"name":"Pirsa Ku Div\u00ea B\u00ea Pirs\u00een: Gelo Evdila Ocalan S\u00eexur e?"}]},{"@type":"WebSite","@id":"https:\/\/darkamazi.info\/#website","url":"https:\/\/darkamazi.info\/","name":"Darka Maz\u00ee","description":"P\u00eageha Zanyariy\u00ean Nebih\u00eest\u00ee","publisher":{"@id":"https:\/\/darkamazi.info\/#organization"},"potentialAction":[{"@type":"SearchAction","target":{"@type":"EntryPoint","urlTemplate":"https:\/\/darkamazi.info\/?s={search_term_string}"},"query-input":{"@type":"PropertyValueSpecification","valueRequired":true,"valueName":"search_term_string"}}],"inLanguage":"en-US"},{"@type":"Organization","@id":"https:\/\/darkamazi.info\/#organization","name":"Darka Maz\u00ee","url":"https:\/\/darkamazi.info\/","logo":{"@type":"ImageObject","inLanguage":"en-US","@id":"https:\/\/darkamazi.info\/#\/schema\/logo\/image\/","url":"https:\/\/darkamazi.info\/file\/2017\/12\/darka-mazi-logo.png","contentUrl":"https:\/\/darkamazi.info\/file\/2017\/12\/darka-mazi-logo.png","width":151,"height":75,"caption":"Darka Maz\u00ee"},"image":{"@id":"https:\/\/darkamazi.info\/#\/schema\/logo\/image\/"},"sameAs":["https:\/\/www.facebook.com\/DarMaziKurmanci","https:\/\/x.com\/DarkaMaziLatini","https:\/\/www.instagram.com\/darkamazi.kurmanci\/","https:\/\/www.youtube.com\/channel\/UCa5HkTdmI8U1qCUFuTw8B2g"]},{"@type":"Person","@id":"https:\/\/darkamazi.info\/#\/schema\/person\/5ad3e24553a0567993fa8ed4bd0a776c","name":"darka mazi","sameAs":["https:\/\/darkamazi.info\/"],"url":"https:\/\/darkamazi.info\/archives\/author\/kurdi"}]}},"_links":{"self":[{"href":"https:\/\/darkamazi.info\/funavuv\/wp\/v2\/posts\/1051125","targetHints":{"allow":["GET"]}}],"collection":[{"href":"https:\/\/darkamazi.info\/funavuv\/wp\/v2\/posts"}],"about":[{"href":"https:\/\/darkamazi.info\/funavuv\/wp\/v2\/types\/post"}],"author":[{"embeddable":true,"href":"https:\/\/darkamazi.info\/funavuv\/wp\/v2\/users\/2"}],"replies":[{"embeddable":true,"href":"https:\/\/darkamazi.info\/funavuv\/wp\/v2\/comments?post=1051125"}],"version-history":[{"count":0,"href":"https:\/\/darkamazi.info\/funavuv\/wp\/v2\/posts\/1051125\/revisions"}],"wp:featuredmedia":[{"embeddable":true,"href":"https:\/\/darkamazi.info\/funavuv\/wp\/v2\/media\/1051126"}],"wp:attachment":[{"href":"https:\/\/darkamazi.info\/funavuv\/wp\/v2\/media?parent=1051125"}],"wp:term":[{"taxonomy":"category","embeddable":true,"href":"https:\/\/darkamazi.info\/funavuv\/wp\/v2\/categories?post=1051125"},{"taxonomy":"post_tag","embeddable":true,"href":"https:\/\/darkamazi.info\/funavuv\/wp\/v2\/tags?post=1051125"}],"curies":[{"name":"wp","href":"https:\/\/api.w.org\/{rel}","templated":true}]}}