{"id":1051129,"date":"2025-12-27T12:20:51","date_gmt":"2025-12-27T09:20:51","guid":{"rendered":"https:\/\/darkamazi.info\/?p=1051129"},"modified":"2025-12-27T12:20:51","modified_gmt":"2025-12-27T09:20:51","slug":"balyoze-irane-li-iraqe-grupen-cekdar-en-iraqe-serbixwe-ne-u-ne-di-bin-fermanen-me-de-ne","status":"publish","type":"post","link":"https:\/\/darkamazi.info\/archives\/1051129","title":{"rendered":"Balyoz\u00ea \u00ceran\u00ea li Iraq\u00ea: Gr\u00fbp\u00ean \u00e7ekdar \u00ean Iraq\u00ea serbixwe ne \u00fb ne di bin ferman\u00ean me de ne"},"content":{"rendered":"<h3 style=\"text-align: justify\"><span style=\"font-family: 'arial black', sans-serif\">Balyoz\u00ea \u00ceran\u00ea y\u00ea li Bexday\u00ea Mihemed Kazim Al-Sadiq ragihand, aliy\u00ean siyas\u00ee \u00fb gr\u00fbp\u00ean \u00e7ekdar \u00ean li Iraq\u00ea bi ser\u00ea xwe biryar\u00ean xwe didin \u00fb kar di bin ferman\u00ean \u00ceran\u00ea de nakin.<\/span><\/h3>\n<h3 style=\"text-align: justify\">Mihemed Kazim Al-Sadiq di daxuyaniyek\u00ea de diyar kir, h\u00eaz\u00ean Iraq\u00ee gih\u00ee\u015ftine asteke weha ya &#8220;p\u00eagehi\u015ftina siyas\u00ee&#8221; ku dikarin serbixwe biryar bidin \u00fb li gor\u00ee ge\u015fedanan gavan bihav\u00eajin. L\u00ea bel\u00ea, Al-Sadiq bal ki\u015fand ser mijareke hestiyar \u00fb got: &#8220;Gr\u00fbp\u00ean li Iraq\u00ea ji ber bertek \u00fb encam\u00ean egera destp\u00eakirina proseya b\u00ea\u00e7ekkirin\u00ea n\u00eegeran in.&#8221;<\/h3>\n<h3 style=\"text-align: justify\">Fi\u015fara Amer\u00eekay\u00ea \u00fb Daxwaza Marco Rubio<\/h3>\n<h3 style=\"text-align: justify\">Ev daxuyaniya Balyoz\u00ea \u00ceran\u00ea di demek\u00ea de t\u00ea, Amer\u00eekay\u00ea gu\u015far\u00ean xwe y\u00ean li ser hik\u00fbmeta Bexday\u00ea ji bo kontrolkirina gr\u00fbp\u00ean \u00e7ekdar z\u00eade kirine. Di 21\u00ea meha bor\u00ee de, Al\u00eekar\u00ea Berdevk\u00ea Wezareta Derve ya Amer\u00eekay\u00ea Tommy Pigott e\u015fkere kirib\u00fb ku Wez\u00eer\u00ea Derve Marco Rubio bi telefon\u00ea ligel Serokwez\u00eer\u00ea Iraq\u00ea Mihemed \u015e\u00eea S\u00fbdan\u00ee peyiv\u00ee ye.<\/h3>\n<h3 style=\"text-align: justify\">Di w\u00ea peywendiy\u00ea de, Rubio tekez\u00ee li ser b\u00ea\u00e7ekkirina gr\u00fbp\u00ean \u00e7ekdar kirib\u00fb \u00fb ji S\u00fbdan\u00ee re ragihandib\u00fb: &#8220;Ev gr\u00fbp serweriya Iraq\u00ea lawaz dikin \u00fb li jiyana welatiyan \u00fb bazirgan\u00ean Amer\u00eek\u00ee \u00fb Iraq\u00ee metris\u00ee ne. Ji ber w\u00ea, div\u00ea daw\u00ee li rola van gr\u00fbpan b\u00ea an\u00een \u00fb bi tu away\u00ee nebin be\u015fek ji hik\u00fbmeta n\u00fb ya Iraq\u00ea.&#8221;<\/h3>\n","protected":false},"excerpt":{"rendered":"<p>Balyoz\u00ea \u00ceran\u00ea y\u00ea li Bexday\u00ea Mihemed Kazim Al-Sadiq ragihand, aliy\u00ean siyas\u00ee \u00fb gr\u00fbp\u00ean \u00e7ekdar \u00ean li Iraq\u00ea bi ser\u00ea xwe biryar\u00ean xwe didin \u00fb kar di bin ferman\u00ean \u00ceran\u00ea de nakin. Mihemed Kazim Al-Sadiq di daxuyaniyek\u00ea de diyar kir, h\u00eaz\u00ean Iraq\u00ee gih\u00ee\u015ftine asteke weha ya &#8220;p\u00eagehi\u015ftina siyas\u00ee&#8221; ku dikarin serbixwe biryar bidin \u00fb li gor\u00ee [&hellip;]<\/p>\n","protected":false},"author":2,"featured_media":1051130,"comment_status":"closed","ping_status":"closed","sticky":false,"template":"","format":"standard","meta":{"footnotes":""},"categories":[31],"tags":[37],"class_list":["post-1051129","post","type-post","status-publish","format-standard","has-post-thumbnail","hentry","category-rojhelata-navin","tag-sereke"],"blocksy_meta":[],"seo_head":"<!-- This site is optimized with the Yoast SEO plugin v27.5 - https:\/\/yoast.com\/product\/yoast-seo-wordpress\/ -->\n<title>Balyoz\u00ea \u00ceran\u00ea li Iraq\u00ea: Gr\u00fbp\u00ean \u00e7ekdar \u00ean Iraq\u00ea serbixwe ne \u00fb ne di bin ferman\u00ean me de ne - Darka Maz\u00ee<\/title>\n<meta name=\"robots\" content=\"index, follow, max-snippet:-1, max-image-preview:large, max-video-preview:-1\" \/>\n<link rel=\"canonical\" href=\"https:\/\/darkamazi.info\/archives\/1051129\" \/>\n<meta property=\"og:locale\" content=\"en_US\" \/>\n<meta property=\"og:type\" content=\"article\" \/>\n<meta property=\"og:title\" content=\"Balyoz\u00ea \u00ceran\u00ea li Iraq\u00ea: Gr\u00fbp\u00ean \u00e7ekdar \u00ean Iraq\u00ea serbixwe ne \u00fb ne di bin ferman\u00ean me de ne - Darka Maz\u00ee\" \/>\n<meta property=\"og:description\" content=\"Balyoz\u00ea \u00ceran\u00ea y\u00ea li Bexday\u00ea Mihemed Kazim Al-Sadiq ragihand, aliy\u00ean siyas\u00ee \u00fb gr\u00fbp\u00ean \u00e7ekdar \u00ean li Iraq\u00ea bi ser\u00ea xwe biryar\u00ean xwe didin \u00fb kar di bin ferman\u00ean \u00ceran\u00ea de nakin. Mihemed Kazim Al-Sadiq di daxuyaniyek\u00ea de diyar kir, h\u00eaz\u00ean Iraq\u00ee gih\u00ee\u015ftine asteke weha ya &#8220;p\u00eagehi\u015ftina siyas\u00ee&#8221; ku dikarin serbixwe biryar bidin \u00fb li gor\u00ee [&hellip;]\" \/>\n<meta property=\"og:url\" content=\"https:\/\/darkamazi.info\/archives\/1051129\" \/>\n<meta property=\"og:site_name\" content=\"Darka Maz\u00ee\" \/>\n<meta property=\"article:publisher\" content=\"https:\/\/www.facebook.com\/DarMaziKurmanci\" \/>\n<meta property=\"article:published_time\" content=\"2025-12-27T09:20:51+00:00\" \/>\n<meta property=\"og:image\" content=\"https:\/\/darkamazi.info\/file\/2025\/12\/iran-iraq.jpg\" \/>\n\t<meta property=\"og:image:width\" content=\"900\" \/>\n\t<meta property=\"og:image:height\" content=\"497\" \/>\n\t<meta property=\"og:image:type\" content=\"image\/jpeg\" \/>\n<meta name=\"author\" content=\"darka mazi\" \/>\n<meta name=\"twitter:card\" content=\"summary_large_image\" \/>\n<meta name=\"twitter:creator\" content=\"@DarkaMaziLatini\" \/>\n<meta name=\"twitter:site\" content=\"@DarkaMaziLatini\" \/>\n<meta name=\"twitter:label1\" content=\"Written by\" \/>\n\t<meta name=\"twitter:data1\" content=\"darka mazi\" \/>\n\t<meta name=\"twitter:label2\" content=\"Est. reading time\" \/>\n\t<meta name=\"twitter:data2\" content=\"2 minutes\" \/>\n<script type=\"application\/ld+json\" class=\"seo-schema-graph\">{\"@context\":\"https:\\\/\\\/schema.org\",\"@graph\":[{\"@type\":\"Article\",\"@id\":\"https:\\\/\\\/darkamazi.info\\\/archives\\\/1051129#article\",\"isPartOf\":{\"@id\":\"https:\\\/\\\/darkamazi.info\\\/archives\\\/1051129\"},\"author\":{\"name\":\"darka mazi\",\"@id\":\"https:\\\/\\\/darkamazi.info\\\/#\\\/schema\\\/person\\\/5ad3e24553a0567993fa8ed4bd0a776c\"},\"headline\":\"Balyoz\u00ea \u00ceran\u00ea li Iraq\u00ea: Gr\u00fbp\u00ean \u00e7ekdar \u00ean Iraq\u00ea serbixwe ne \u00fb ne di bin ferman\u00ean me de ne\",\"datePublished\":\"2025-12-27T09:20:51+00:00\",\"mainEntityOfPage\":{\"@id\":\"https:\\\/\\\/darkamazi.info\\\/archives\\\/1051129\"},\"wordCount\":251,\"publisher\":{\"@id\":\"https:\\\/\\\/darkamazi.info\\\/#organization\"},\"image\":{\"@id\":\"https:\\\/\\\/darkamazi.info\\\/archives\\\/1051129#primaryimage\"},\"thumbnailUrl\":\"https:\\\/\\\/darkamazi.info\\\/darka-content\\\/uploads\\\/2025\\\/12\\\/iran-iraq.jpg\",\"keywords\":[\"sereke\"],\"articleSection\":[\"Rojhelata nav\u00een\"],\"inLanguage\":\"en-US\"},{\"@type\":\"WebPage\",\"@id\":\"https:\\\/\\\/darkamazi.info\\\/archives\\\/1051129\",\"url\":\"https:\\\/\\\/darkamazi.info\\\/archives\\\/1051129\",\"name\":\"Balyoz\u00ea \u00ceran\u00ea li Iraq\u00ea: Gr\u00fbp\u00ean \u00e7ekdar \u00ean Iraq\u00ea serbixwe ne \u00fb ne di bin ferman\u00ean me de ne - Darka Maz\u00ee\",\"isPartOf\":{\"@id\":\"https:\\\/\\\/darkamazi.info\\\/#website\"},\"primaryImageOfPage\":{\"@id\":\"https:\\\/\\\/darkamazi.info\\\/archives\\\/1051129#primaryimage\"},\"image\":{\"@id\":\"https:\\\/\\\/darkamazi.info\\\/archives\\\/1051129#primaryimage\"},\"thumbnailUrl\":\"https:\\\/\\\/darkamazi.info\\\/darka-content\\\/uploads\\\/2025\\\/12\\\/iran-iraq.jpg\",\"datePublished\":\"2025-12-27T09:20:51+00:00\",\"breadcrumb\":{\"@id\":\"https:\\\/\\\/darkamazi.info\\\/archives\\\/1051129#breadcrumb\"},\"inLanguage\":\"en-US\",\"potentialAction\":[{\"@type\":\"ReadAction\",\"target\":[\"https:\\\/\\\/darkamazi.info\\\/archives\\\/1051129\"]}]},{\"@type\":\"ImageObject\",\"inLanguage\":\"en-US\",\"@id\":\"https:\\\/\\\/darkamazi.info\\\/archives\\\/1051129#primaryimage\",\"url\":\"https:\\\/\\\/darkamazi.info\\\/darka-content\\\/uploads\\\/2025\\\/12\\\/iran-iraq.jpg\",\"contentUrl\":\"https:\\\/\\\/darkamazi.info\\\/darka-content\\\/uploads\\\/2025\\\/12\\\/iran-iraq.jpg\",\"width\":900,\"height\":497,\"caption\":\"Balyoz\u00ea \u00ceran\u00ea li Iraq\u00ea: Gr\u00fbp\u00ean \u00e7ekdar \u00ean Iraq\u00ea serbixwe ne \u00fb ne di bin ferman\u00ean me de ne\"},{\"@type\":\"BreadcrumbList\",\"@id\":\"https:\\\/\\\/darkamazi.info\\\/archives\\\/1051129#breadcrumb\",\"itemListElement\":[{\"@type\":\"ListItem\",\"position\":1,\"name\":\"Home\",\"item\":\"https:\\\/\\\/darkamazi.info\\\/\"},{\"@type\":\"ListItem\",\"position\":2,\"name\":\"Balyoz\u00ea \u00ceran\u00ea li Iraq\u00ea: Gr\u00fbp\u00ean \u00e7ekdar \u00ean Iraq\u00ea serbixwe ne \u00fb ne di bin ferman\u00ean me de ne\"}]},{\"@type\":\"WebSite\",\"@id\":\"https:\\\/\\\/darkamazi.info\\\/#website\",\"url\":\"https:\\\/\\\/darkamazi.info\\\/\",\"name\":\"Darka Maz\u00ee\",\"description\":\"P\u00eageha Zanyariy\u00ean Nebih\u00eest\u00ee\",\"publisher\":{\"@id\":\"https:\\\/\\\/darkamazi.info\\\/#organization\"},\"potentialAction\":[{\"@type\":\"SearchAction\",\"target\":{\"@type\":\"EntryPoint\",\"urlTemplate\":\"https:\\\/\\\/darkamazi.info\\\/?s={search_term_string}\"},\"query-input\":{\"@type\":\"PropertyValueSpecification\",\"valueRequired\":true,\"valueName\":\"search_term_string\"}}],\"inLanguage\":\"en-US\"},{\"@type\":\"Organization\",\"@id\":\"https:\\\/\\\/darkamazi.info\\\/#organization\",\"name\":\"Darka Maz\u00ee\",\"url\":\"https:\\\/\\\/darkamazi.info\\\/\",\"logo\":{\"@type\":\"ImageObject\",\"inLanguage\":\"en-US\",\"@id\":\"https:\\\/\\\/darkamazi.info\\\/#\\\/schema\\\/logo\\\/image\\\/\",\"url\":\"https:\\\/\\\/darkamazi.info\\\/darka-content\\\/uploads\\\/2017\\\/12\\\/darka-mazi-logo.png\",\"contentUrl\":\"https:\\\/\\\/darkamazi.info\\\/darka-content\\\/uploads\\\/2017\\\/12\\\/darka-mazi-logo.png\",\"width\":151,\"height\":75,\"caption\":\"Darka Maz\u00ee\"},\"image\":{\"@id\":\"https:\\\/\\\/darkamazi.info\\\/#\\\/schema\\\/logo\\\/image\\\/\"},\"sameAs\":[\"https:\\\/\\\/www.facebook.com\\\/DarMaziKurmanci\",\"https:\\\/\\\/x.com\\\/DarkaMaziLatini\",\"https:\\\/\\\/www.instagram.com\\\/darkamazi.kurmanci\\\/\",\"https:\\\/\\\/www.youtube.com\\\/channel\\\/UCa5HkTdmI8U1qCUFuTw8B2g\"]},{\"@type\":\"Person\",\"@id\":\"https:\\\/\\\/darkamazi.info\\\/#\\\/schema\\\/person\\\/5ad3e24553a0567993fa8ed4bd0a776c\",\"name\":\"darka mazi\",\"sameAs\":[\"https:\\\/\\\/darkamazi.info\\\/\"],\"url\":\"https:\\\/\\\/darkamazi.info\\\/archives\\\/author\\\/kurdi\"}]}<\/script>\n<!-- \/ Yoast SEO plugin. -->","seo_head_json":{"title":"Balyoz\u00ea \u00ceran\u00ea li Iraq\u00ea: Gr\u00fbp\u00ean \u00e7ekdar \u00ean Iraq\u00ea serbixwe ne \u00fb ne di bin ferman\u00ean me de ne - Darka Maz\u00ee","robots":{"index":"index","follow":"follow","max-snippet":"max-snippet:-1","max-image-preview":"max-image-preview:large","max-video-preview":"max-video-preview:-1"},"canonical":"https:\/\/darkamazi.info\/archives\/1051129","og_locale":"en_US","og_type":"article","og_title":"Balyoz\u00ea \u00ceran\u00ea li Iraq\u00ea: Gr\u00fbp\u00ean \u00e7ekdar \u00ean Iraq\u00ea serbixwe ne \u00fb ne di bin ferman\u00ean me de ne - Darka Maz\u00ee","og_description":"Balyoz\u00ea \u00ceran\u00ea y\u00ea li Bexday\u00ea Mihemed Kazim Al-Sadiq ragihand, aliy\u00ean siyas\u00ee \u00fb gr\u00fbp\u00ean \u00e7ekdar \u00ean li Iraq\u00ea bi ser\u00ea xwe biryar\u00ean xwe didin \u00fb kar di bin ferman\u00ean \u00ceran\u00ea de nakin. Mihemed Kazim Al-Sadiq di daxuyaniyek\u00ea de diyar kir, h\u00eaz\u00ean Iraq\u00ee gih\u00ee\u015ftine asteke weha ya &#8220;p\u00eagehi\u015ftina siyas\u00ee&#8221; ku dikarin serbixwe biryar bidin \u00fb li gor\u00ee [&hellip;]","og_url":"https:\/\/darkamazi.info\/archives\/1051129","og_site_name":"Darka Maz\u00ee","article_publisher":"https:\/\/www.facebook.com\/DarMaziKurmanci","article_published_time":"2025-12-27T09:20:51+00:00","og_image":[{"width":900,"height":497,"url":"https:\/\/darkamazi.info\/file\/2025\/12\/iran-iraq.jpg","type":"image\/jpeg"}],"author":"darka mazi","twitter_card":"summary_large_image","twitter_creator":"@DarkaMaziLatini","twitter_site":"@DarkaMaziLatini","twitter_misc":{"Written by":"darka mazi","Est. reading time":"2 minutes"},"schema":{"@context":"https:\/\/schema.org","@graph":[{"@type":"Article","@id":"https:\/\/darkamazi.info\/archives\/1051129#article","isPartOf":{"@id":"https:\/\/darkamazi.info\/archives\/1051129"},"author":{"name":"darka mazi","@id":"https:\/\/darkamazi.info\/#\/schema\/person\/5ad3e24553a0567993fa8ed4bd0a776c"},"headline":"Balyoz\u00ea \u00ceran\u00ea li Iraq\u00ea: Gr\u00fbp\u00ean \u00e7ekdar \u00ean Iraq\u00ea serbixwe ne \u00fb ne di bin ferman\u00ean me de ne","datePublished":"2025-12-27T09:20:51+00:00","mainEntityOfPage":{"@id":"https:\/\/darkamazi.info\/archives\/1051129"},"wordCount":251,"publisher":{"@id":"https:\/\/darkamazi.info\/#organization"},"image":{"@id":"https:\/\/darkamazi.info\/archives\/1051129#primaryimage"},"thumbnailUrl":"https:\/\/darkamazi.info\/file\/2025\/12\/iran-iraq.jpg","keywords":["sereke"],"articleSection":["Rojhelata nav\u00een"],"inLanguage":"en-US"},{"@type":"WebPage","@id":"https:\/\/darkamazi.info\/archives\/1051129","url":"https:\/\/darkamazi.info\/archives\/1051129","name":"Balyoz\u00ea \u00ceran\u00ea li Iraq\u00ea: Gr\u00fbp\u00ean \u00e7ekdar \u00ean Iraq\u00ea serbixwe ne \u00fb ne di bin ferman\u00ean me de ne - Darka Maz\u00ee","isPartOf":{"@id":"https:\/\/darkamazi.info\/#website"},"primaryImageOfPage":{"@id":"https:\/\/darkamazi.info\/archives\/1051129#primaryimage"},"image":{"@id":"https:\/\/darkamazi.info\/archives\/1051129#primaryimage"},"thumbnailUrl":"https:\/\/darkamazi.info\/file\/2025\/12\/iran-iraq.jpg","datePublished":"2025-12-27T09:20:51+00:00","breadcrumb":{"@id":"https:\/\/darkamazi.info\/archives\/1051129#breadcrumb"},"inLanguage":"en-US","potentialAction":[{"@type":"ReadAction","target":["https:\/\/darkamazi.info\/archives\/1051129"]}]},{"@type":"ImageObject","inLanguage":"en-US","@id":"https:\/\/darkamazi.info\/archives\/1051129#primaryimage","url":"https:\/\/darkamazi.info\/file\/2025\/12\/iran-iraq.jpg","contentUrl":"https:\/\/darkamazi.info\/file\/2025\/12\/iran-iraq.jpg","width":900,"height":497,"caption":"Balyoz\u00ea \u00ceran\u00ea li Iraq\u00ea: Gr\u00fbp\u00ean \u00e7ekdar \u00ean Iraq\u00ea serbixwe ne \u00fb ne di bin ferman\u00ean me de ne"},{"@type":"BreadcrumbList","@id":"https:\/\/darkamazi.info\/archives\/1051129#breadcrumb","itemListElement":[{"@type":"ListItem","position":1,"name":"Home","item":"https:\/\/darkamazi.info\/"},{"@type":"ListItem","position":2,"name":"Balyoz\u00ea \u00ceran\u00ea li Iraq\u00ea: Gr\u00fbp\u00ean \u00e7ekdar \u00ean Iraq\u00ea serbixwe ne \u00fb ne di bin ferman\u00ean me de ne"}]},{"@type":"WebSite","@id":"https:\/\/darkamazi.info\/#website","url":"https:\/\/darkamazi.info\/","name":"Darka Maz\u00ee","description":"P\u00eageha Zanyariy\u00ean Nebih\u00eest\u00ee","publisher":{"@id":"https:\/\/darkamazi.info\/#organization"},"potentialAction":[{"@type":"SearchAction","target":{"@type":"EntryPoint","urlTemplate":"https:\/\/darkamazi.info\/?s={search_term_string}"},"query-input":{"@type":"PropertyValueSpecification","valueRequired":true,"valueName":"search_term_string"}}],"inLanguage":"en-US"},{"@type":"Organization","@id":"https:\/\/darkamazi.info\/#organization","name":"Darka Maz\u00ee","url":"https:\/\/darkamazi.info\/","logo":{"@type":"ImageObject","inLanguage":"en-US","@id":"https:\/\/darkamazi.info\/#\/schema\/logo\/image\/","url":"https:\/\/darkamazi.info\/file\/2017\/12\/darka-mazi-logo.png","contentUrl":"https:\/\/darkamazi.info\/file\/2017\/12\/darka-mazi-logo.png","width":151,"height":75,"caption":"Darka Maz\u00ee"},"image":{"@id":"https:\/\/darkamazi.info\/#\/schema\/logo\/image\/"},"sameAs":["https:\/\/www.facebook.com\/DarMaziKurmanci","https:\/\/x.com\/DarkaMaziLatini","https:\/\/www.instagram.com\/darkamazi.kurmanci\/","https:\/\/www.youtube.com\/channel\/UCa5HkTdmI8U1qCUFuTw8B2g"]},{"@type":"Person","@id":"https:\/\/darkamazi.info\/#\/schema\/person\/5ad3e24553a0567993fa8ed4bd0a776c","name":"darka mazi","sameAs":["https:\/\/darkamazi.info\/"],"url":"https:\/\/darkamazi.info\/archives\/author\/kurdi"}]}},"_links":{"self":[{"href":"https:\/\/darkamazi.info\/funavuv\/wp\/v2\/posts\/1051129","targetHints":{"allow":["GET"]}}],"collection":[{"href":"https:\/\/darkamazi.info\/funavuv\/wp\/v2\/posts"}],"about":[{"href":"https:\/\/darkamazi.info\/funavuv\/wp\/v2\/types\/post"}],"author":[{"embeddable":true,"href":"https:\/\/darkamazi.info\/funavuv\/wp\/v2\/users\/2"}],"replies":[{"embeddable":true,"href":"https:\/\/darkamazi.info\/funavuv\/wp\/v2\/comments?post=1051129"}],"version-history":[{"count":0,"href":"https:\/\/darkamazi.info\/funavuv\/wp\/v2\/posts\/1051129\/revisions"}],"wp:featuredmedia":[{"embeddable":true,"href":"https:\/\/darkamazi.info\/funavuv\/wp\/v2\/media\/1051130"}],"wp:attachment":[{"href":"https:\/\/darkamazi.info\/funavuv\/wp\/v2\/media?parent=1051129"}],"wp:term":[{"taxonomy":"category","embeddable":true,"href":"https:\/\/darkamazi.info\/funavuv\/wp\/v2\/categories?post=1051129"},{"taxonomy":"post_tag","embeddable":true,"href":"https:\/\/darkamazi.info\/funavuv\/wp\/v2\/tags?post=1051129"}],"curies":[{"name":"wp","href":"https:\/\/api.w.org\/{rel}","templated":true}]}}