{"id":1051132,"date":"2025-12-27T13:06:22","date_gmt":"2025-12-27T10:06:22","guid":{"rendered":"https:\/\/darkamazi.info\/?p=1051132"},"modified":"2025-12-27T13:06:22","modified_gmt":"2025-12-27T10:06:22","slug":"ocalan-plan-dike-ku-rexistina-partiya-deme-ya-heyi-hilwesine","status":"publish","type":"post","link":"https:\/\/darkamazi.info\/archives\/1051132","title":{"rendered":"\u201cOcalan plan dike ku r\u00eaxistina Partiya DEM\u00ea ya hey\u00ee hilwe\u015f\u00eene\u201d"},"content":{"rendered":"<h3 style=\"text-align: justify\"><span style=\"font-family: 'arial black', sans-serif\">Li ser rew\u015fa Abdullah Ocalan \u00fb helwesta Ocalan di p\u00eavajoya bi nav\u00ea \u201d Tirkiyeya B\u00ea Teror\u201d de r\u00fbdidin gelek got\u00fbb\u00eaj\u00ean cuda t\u00eane kirin. Yek ji van got\u00fbb\u00eajan ya her\u00ee balk\u00ea\u015f helwest \u00fb kesayeta Ocalan bi xwe ye.<\/span><\/h3>\n<h3 style=\"text-align: justify\">Li gora n\u00fb\u00e7eyek, di bloka Sesl\u00ee Heber de parlementerek ber\u00ea y\u00ea HDP\u00ea di dax\u00fbyaniyeka xwe de behsa helwesta Ocalan dike \u00fb dib\u00eaje, \u201cOcalan ji bo destp\u00ea\u015fxeriyeke siyas\u00ee ya n\u00fb amadekariyan dike\u201d<\/h3>\n<h3 style=\"text-align: justify\">Parlamenterek\u00ee ber\u00ea y\u00ea HDP\u00ea, ku nexwest nav\u00ea w\u00ee e\u015fkere bibe, bi r\u00eaya peyamek\u00ea bi me re t\u00eakil\u00ee dan\u00ee \u00fb diyar kir ku Abdullah \u00d6calan di demek n\u00eaz\u00eek de ji bo destp\u00ea\u015fxeriyeke siyas\u00ee ya n\u00fb amadekariyan dike.<\/h3>\n<h3 style=\"text-align: justify\">Li gor\u00ee parlamenter\u00ea ber\u00ea, Abdullah \u00d6calan plan dike ku r\u00eaxistina Partiya DEM\u00ea ya hey\u00ee hilwe\u015f\u00eene \u00fb li \u015f\u00fbna w\u00ea r\u00eaxistinek siyas\u00ee ya n\u00fb ava bike. Gelek kesayet\u00ean ku heta niha w\u00ee parastine d\u00ea di v\u00ea avahiya n\u00fb de cih negirin; bi taybet\u00ee par\u00eazvan\u00ean fem\u00een\u00eest \u00fb LGBT d\u00ea werin derxistin. T\u00ea gotin ku p\u00eakhatey\u00ean hey\u00ee y\u00ean Partiya DEM\u00ea d\u00ea ne be\u015fek ji partiya n\u00fb bin.<\/h3>\n<h3 style=\"text-align: justify\">Li gor\u00ee \u00e7avkaniy\u00ea, r\u00eaxistina n\u00fb d\u00ea \u201cpartiyek ku ji h\u00eala bingeha Kurdan ve bi h\u00easan\u00ee b\u00ea qeb\u00fblkirin, bi kadroyek pi\u00e7\u00fbktir, h\u00easantir t\u00ea kontrolkirin \u00fb ji h\u00eala \u00eedeoloj\u00eek ve ji n\u00fb ve t\u00ea p\u00eanasekirin\u201d be.<\/h3>\n<h3 style=\"text-align: justify\">Parlamenter\u00ea ber\u00ea dib\u00eaje: \u201cOcalan ne\u00e7ar e v\u00ea yek\u00ea bike. Ji ber ku \u00eest\u00eexbarata ku dixwaze w\u00ee b\u00eene xalaku dixwaze v\u00ea yek\u00ea ji w\u00ee dixwaze. Ger gav\u00ean cid\u00ee neav\u00eaje \u00fb negih\u00eeje xala ku ji h\u00eala v\u00ea \u00eest\u00eexbarata k\u00fbr ve t\u00ea destn\u00ee\u015fankirin, ew \u00ea nikaribe maf\u00ea xwe y\u00ea h\u00eaviy\u00ea bi dest bixe.\u201d<\/h3>\n<h3 style=\"text-align: justify\">Li gor\u00ee \u00e7avkaniy\u00ea, armanca sereke ya v\u00ea gav\u00ea ew e ku bi afirandina qutb\u00fbnek ji r\u00eaxistina siyas\u00ee ya hey\u00ee, hem di raya gi\u015ft\u00ee ya Kurd de \u00fb hem j\u00ee di \u00e7av\u00ean dewlet\u00ea de, zem\u00eeneke siyas\u00ee ya n\u00fb biafir\u00eene.<\/h3>\n","protected":false},"excerpt":{"rendered":"<p>Li ser rew\u015fa Abdullah Ocalan \u00fb helwesta Ocalan di p\u00eavajoya bi nav\u00ea \u201d Tirkiyeya B\u00ea Teror\u201d de r\u00fbdidin gelek got\u00fbb\u00eaj\u00ean cuda t\u00eane kirin. Yek ji van got\u00fbb\u00eajan ya her\u00ee balk\u00ea\u015f helwest \u00fb kesayeta Ocalan bi xwe ye. Li gora n\u00fb\u00e7eyek, di bloka Sesl\u00ee Heber de parlementerek ber\u00ea y\u00ea HDP\u00ea di dax\u00fbyaniyeka xwe de behsa helwesta [&hellip;]<\/p>\n","protected":false},"author":2,"featured_media":1051133,"comment_status":"closed","ping_status":"closed","sticky":false,"template":"","format":"standard","meta":{"footnotes":""},"categories":[29],"tags":[37],"class_list":["post-1051132","post","type-post","status-publish","format-standard","has-post-thumbnail","hentry","category-kurdistan","tag-sereke"],"blocksy_meta":[],"seo_head":"<!-- This site is optimized with the Yoast SEO plugin v27.5 - https:\/\/yoast.com\/product\/yoast-seo-wordpress\/ -->\n<title>\u201cOcalan plan dike ku r\u00eaxistina Partiya DEM\u00ea ya hey\u00ee hilwe\u015f\u00eene\u201d - Darka Maz\u00ee<\/title>\n<meta name=\"robots\" content=\"index, follow, max-snippet:-1, max-image-preview:large, max-video-preview:-1\" \/>\n<link rel=\"canonical\" href=\"https:\/\/darkamazi.info\/archives\/1051132\" \/>\n<meta property=\"og:locale\" content=\"en_US\" \/>\n<meta property=\"og:type\" content=\"article\" \/>\n<meta property=\"og:title\" content=\"\u201cOcalan plan dike ku r\u00eaxistina Partiya DEM\u00ea ya hey\u00ee hilwe\u015f\u00eene\u201d - Darka Maz\u00ee\" \/>\n<meta property=\"og:description\" content=\"Li ser rew\u015fa Abdullah Ocalan \u00fb helwesta Ocalan di p\u00eavajoya bi nav\u00ea \u201d Tirkiyeya B\u00ea Teror\u201d de r\u00fbdidin gelek got\u00fbb\u00eaj\u00ean cuda t\u00eane kirin. Yek ji van got\u00fbb\u00eajan ya her\u00ee balk\u00ea\u015f helwest \u00fb kesayeta Ocalan bi xwe ye. Li gora n\u00fb\u00e7eyek, di bloka Sesl\u00ee Heber de parlementerek ber\u00ea y\u00ea HDP\u00ea di dax\u00fbyaniyeka xwe de behsa helwesta [&hellip;]\" \/>\n<meta property=\"og:url\" content=\"https:\/\/darkamazi.info\/archives\/1051132\" \/>\n<meta property=\"og:site_name\" content=\"Darka Maz\u00ee\" \/>\n<meta property=\"article:publisher\" content=\"https:\/\/www.facebook.com\/DarMaziKurmanci\" \/>\n<meta property=\"article:published_time\" content=\"2025-12-27T10:06:22+00:00\" \/>\n<meta property=\"og:image\" content=\"https:\/\/darkamazi.info\/file\/2025\/12\/Abdullah-Ocalan-10-wezir-net.jpg\" \/>\n\t<meta property=\"og:image:width\" content=\"900\" \/>\n\t<meta property=\"og:image:height\" content=\"500\" \/>\n\t<meta property=\"og:image:type\" content=\"image\/jpeg\" \/>\n<meta name=\"author\" content=\"darka mazi\" \/>\n<meta name=\"twitter:card\" content=\"summary_large_image\" \/>\n<meta name=\"twitter:creator\" content=\"@DarkaMaziLatini\" \/>\n<meta name=\"twitter:site\" content=\"@DarkaMaziLatini\" \/>\n<meta name=\"twitter:label1\" content=\"Written by\" \/>\n\t<meta name=\"twitter:data1\" content=\"darka mazi\" \/>\n\t<meta name=\"twitter:label2\" content=\"Est. reading time\" \/>\n\t<meta name=\"twitter:data2\" content=\"2 minutes\" \/>\n<script type=\"application\/ld+json\" class=\"seo-schema-graph\">{\"@context\":\"https:\\\/\\\/schema.org\",\"@graph\":[{\"@type\":\"Article\",\"@id\":\"https:\\\/\\\/darkamazi.info\\\/archives\\\/1051132#article\",\"isPartOf\":{\"@id\":\"https:\\\/\\\/darkamazi.info\\\/archives\\\/1051132\"},\"author\":{\"name\":\"darka mazi\",\"@id\":\"https:\\\/\\\/darkamazi.info\\\/#\\\/schema\\\/person\\\/5ad3e24553a0567993fa8ed4bd0a776c\"},\"headline\":\"\u201cOcalan plan dike ku r\u00eaxistina Partiya DEM\u00ea ya hey\u00ee hilwe\u015f\u00eene\u201d\",\"datePublished\":\"2025-12-27T10:06:22+00:00\",\"mainEntityOfPage\":{\"@id\":\"https:\\\/\\\/darkamazi.info\\\/archives\\\/1051132\"},\"wordCount\":349,\"publisher\":{\"@id\":\"https:\\\/\\\/darkamazi.info\\\/#organization\"},\"image\":{\"@id\":\"https:\\\/\\\/darkamazi.info\\\/archives\\\/1051132#primaryimage\"},\"thumbnailUrl\":\"https:\\\/\\\/darkamazi.info\\\/darka-content\\\/uploads\\\/2025\\\/12\\\/Abdullah-Ocalan-10-wezir-net.jpg\",\"keywords\":[\"sereke\"],\"articleSection\":[\"Kurdistan\"],\"inLanguage\":\"en-US\"},{\"@type\":\"WebPage\",\"@id\":\"https:\\\/\\\/darkamazi.info\\\/archives\\\/1051132\",\"url\":\"https:\\\/\\\/darkamazi.info\\\/archives\\\/1051132\",\"name\":\"\u201cOcalan plan dike ku r\u00eaxistina Partiya DEM\u00ea ya hey\u00ee hilwe\u015f\u00eene\u201d - Darka Maz\u00ee\",\"isPartOf\":{\"@id\":\"https:\\\/\\\/darkamazi.info\\\/#website\"},\"primaryImageOfPage\":{\"@id\":\"https:\\\/\\\/darkamazi.info\\\/archives\\\/1051132#primaryimage\"},\"image\":{\"@id\":\"https:\\\/\\\/darkamazi.info\\\/archives\\\/1051132#primaryimage\"},\"thumbnailUrl\":\"https:\\\/\\\/darkamazi.info\\\/darka-content\\\/uploads\\\/2025\\\/12\\\/Abdullah-Ocalan-10-wezir-net.jpg\",\"datePublished\":\"2025-12-27T10:06:22+00:00\",\"breadcrumb\":{\"@id\":\"https:\\\/\\\/darkamazi.info\\\/archives\\\/1051132#breadcrumb\"},\"inLanguage\":\"en-US\",\"potentialAction\":[{\"@type\":\"ReadAction\",\"target\":[\"https:\\\/\\\/darkamazi.info\\\/archives\\\/1051132\"]}]},{\"@type\":\"ImageObject\",\"inLanguage\":\"en-US\",\"@id\":\"https:\\\/\\\/darkamazi.info\\\/archives\\\/1051132#primaryimage\",\"url\":\"https:\\\/\\\/darkamazi.info\\\/darka-content\\\/uploads\\\/2025\\\/12\\\/Abdullah-Ocalan-10-wezir-net.jpg\",\"contentUrl\":\"https:\\\/\\\/darkamazi.info\\\/darka-content\\\/uploads\\\/2025\\\/12\\\/Abdullah-Ocalan-10-wezir-net.jpg\",\"width\":900,\"height\":500,\"caption\":\"\u201cOcalan plan dike ku r\u00eaxistina Partiya DEM\u00ea ya hey\u00ee hilwe\u015f\u00eene\u201d\"},{\"@type\":\"BreadcrumbList\",\"@id\":\"https:\\\/\\\/darkamazi.info\\\/archives\\\/1051132#breadcrumb\",\"itemListElement\":[{\"@type\":\"ListItem\",\"position\":1,\"name\":\"Home\",\"item\":\"https:\\\/\\\/darkamazi.info\\\/\"},{\"@type\":\"ListItem\",\"position\":2,\"name\":\"\u201cOcalan plan dike ku r\u00eaxistina Partiya DEM\u00ea ya hey\u00ee hilwe\u015f\u00eene\u201d\"}]},{\"@type\":\"WebSite\",\"@id\":\"https:\\\/\\\/darkamazi.info\\\/#website\",\"url\":\"https:\\\/\\\/darkamazi.info\\\/\",\"name\":\"Darka Maz\u00ee\",\"description\":\"P\u00eageha Zanyariy\u00ean Nebih\u00eest\u00ee\",\"publisher\":{\"@id\":\"https:\\\/\\\/darkamazi.info\\\/#organization\"},\"potentialAction\":[{\"@type\":\"SearchAction\",\"target\":{\"@type\":\"EntryPoint\",\"urlTemplate\":\"https:\\\/\\\/darkamazi.info\\\/?s={search_term_string}\"},\"query-input\":{\"@type\":\"PropertyValueSpecification\",\"valueRequired\":true,\"valueName\":\"search_term_string\"}}],\"inLanguage\":\"en-US\"},{\"@type\":\"Organization\",\"@id\":\"https:\\\/\\\/darkamazi.info\\\/#organization\",\"name\":\"Darka Maz\u00ee\",\"url\":\"https:\\\/\\\/darkamazi.info\\\/\",\"logo\":{\"@type\":\"ImageObject\",\"inLanguage\":\"en-US\",\"@id\":\"https:\\\/\\\/darkamazi.info\\\/#\\\/schema\\\/logo\\\/image\\\/\",\"url\":\"https:\\\/\\\/darkamazi.info\\\/darka-content\\\/uploads\\\/2017\\\/12\\\/darka-mazi-logo.png\",\"contentUrl\":\"https:\\\/\\\/darkamazi.info\\\/darka-content\\\/uploads\\\/2017\\\/12\\\/darka-mazi-logo.png\",\"width\":151,\"height\":75,\"caption\":\"Darka Maz\u00ee\"},\"image\":{\"@id\":\"https:\\\/\\\/darkamazi.info\\\/#\\\/schema\\\/logo\\\/image\\\/\"},\"sameAs\":[\"https:\\\/\\\/www.facebook.com\\\/DarMaziKurmanci\",\"https:\\\/\\\/x.com\\\/DarkaMaziLatini\",\"https:\\\/\\\/www.instagram.com\\\/darkamazi.kurmanci\\\/\",\"https:\\\/\\\/www.youtube.com\\\/channel\\\/UCa5HkTdmI8U1qCUFuTw8B2g\"]},{\"@type\":\"Person\",\"@id\":\"https:\\\/\\\/darkamazi.info\\\/#\\\/schema\\\/person\\\/5ad3e24553a0567993fa8ed4bd0a776c\",\"name\":\"darka mazi\",\"sameAs\":[\"https:\\\/\\\/darkamazi.info\\\/\"],\"url\":\"https:\\\/\\\/darkamazi.info\\\/archives\\\/author\\\/kurdi\"}]}<\/script>\n<!-- \/ Yoast SEO plugin. -->","seo_head_json":{"title":"\u201cOcalan plan dike ku r\u00eaxistina Partiya DEM\u00ea ya hey\u00ee hilwe\u015f\u00eene\u201d - Darka Maz\u00ee","robots":{"index":"index","follow":"follow","max-snippet":"max-snippet:-1","max-image-preview":"max-image-preview:large","max-video-preview":"max-video-preview:-1"},"canonical":"https:\/\/darkamazi.info\/archives\/1051132","og_locale":"en_US","og_type":"article","og_title":"\u201cOcalan plan dike ku r\u00eaxistina Partiya DEM\u00ea ya hey\u00ee hilwe\u015f\u00eene\u201d - Darka Maz\u00ee","og_description":"Li ser rew\u015fa Abdullah Ocalan \u00fb helwesta Ocalan di p\u00eavajoya bi nav\u00ea \u201d Tirkiyeya B\u00ea Teror\u201d de r\u00fbdidin gelek got\u00fbb\u00eaj\u00ean cuda t\u00eane kirin. Yek ji van got\u00fbb\u00eajan ya her\u00ee balk\u00ea\u015f helwest \u00fb kesayeta Ocalan bi xwe ye. Li gora n\u00fb\u00e7eyek, di bloka Sesl\u00ee Heber de parlementerek ber\u00ea y\u00ea HDP\u00ea di dax\u00fbyaniyeka xwe de behsa helwesta [&hellip;]","og_url":"https:\/\/darkamazi.info\/archives\/1051132","og_site_name":"Darka Maz\u00ee","article_publisher":"https:\/\/www.facebook.com\/DarMaziKurmanci","article_published_time":"2025-12-27T10:06:22+00:00","og_image":[{"width":900,"height":500,"url":"https:\/\/darkamazi.info\/file\/2025\/12\/Abdullah-Ocalan-10-wezir-net.jpg","type":"image\/jpeg"}],"author":"darka mazi","twitter_card":"summary_large_image","twitter_creator":"@DarkaMaziLatini","twitter_site":"@DarkaMaziLatini","twitter_misc":{"Written by":"darka mazi","Est. reading time":"2 minutes"},"schema":{"@context":"https:\/\/schema.org","@graph":[{"@type":"Article","@id":"https:\/\/darkamazi.info\/archives\/1051132#article","isPartOf":{"@id":"https:\/\/darkamazi.info\/archives\/1051132"},"author":{"name":"darka mazi","@id":"https:\/\/darkamazi.info\/#\/schema\/person\/5ad3e24553a0567993fa8ed4bd0a776c"},"headline":"\u201cOcalan plan dike ku r\u00eaxistina Partiya DEM\u00ea ya hey\u00ee hilwe\u015f\u00eene\u201d","datePublished":"2025-12-27T10:06:22+00:00","mainEntityOfPage":{"@id":"https:\/\/darkamazi.info\/archives\/1051132"},"wordCount":349,"publisher":{"@id":"https:\/\/darkamazi.info\/#organization"},"image":{"@id":"https:\/\/darkamazi.info\/archives\/1051132#primaryimage"},"thumbnailUrl":"https:\/\/darkamazi.info\/file\/2025\/12\/Abdullah-Ocalan-10-wezir-net.jpg","keywords":["sereke"],"articleSection":["Kurdistan"],"inLanguage":"en-US"},{"@type":"WebPage","@id":"https:\/\/darkamazi.info\/archives\/1051132","url":"https:\/\/darkamazi.info\/archives\/1051132","name":"\u201cOcalan plan dike ku r\u00eaxistina Partiya DEM\u00ea ya hey\u00ee hilwe\u015f\u00eene\u201d - Darka Maz\u00ee","isPartOf":{"@id":"https:\/\/darkamazi.info\/#website"},"primaryImageOfPage":{"@id":"https:\/\/darkamazi.info\/archives\/1051132#primaryimage"},"image":{"@id":"https:\/\/darkamazi.info\/archives\/1051132#primaryimage"},"thumbnailUrl":"https:\/\/darkamazi.info\/file\/2025\/12\/Abdullah-Ocalan-10-wezir-net.jpg","datePublished":"2025-12-27T10:06:22+00:00","breadcrumb":{"@id":"https:\/\/darkamazi.info\/archives\/1051132#breadcrumb"},"inLanguage":"en-US","potentialAction":[{"@type":"ReadAction","target":["https:\/\/darkamazi.info\/archives\/1051132"]}]},{"@type":"ImageObject","inLanguage":"en-US","@id":"https:\/\/darkamazi.info\/archives\/1051132#primaryimage","url":"https:\/\/darkamazi.info\/file\/2025\/12\/Abdullah-Ocalan-10-wezir-net.jpg","contentUrl":"https:\/\/darkamazi.info\/file\/2025\/12\/Abdullah-Ocalan-10-wezir-net.jpg","width":900,"height":500,"caption":"\u201cOcalan plan dike ku r\u00eaxistina Partiya DEM\u00ea ya hey\u00ee hilwe\u015f\u00eene\u201d"},{"@type":"BreadcrumbList","@id":"https:\/\/darkamazi.info\/archives\/1051132#breadcrumb","itemListElement":[{"@type":"ListItem","position":1,"name":"Home","item":"https:\/\/darkamazi.info\/"},{"@type":"ListItem","position":2,"name":"\u201cOcalan plan dike ku r\u00eaxistina Partiya DEM\u00ea ya hey\u00ee hilwe\u015f\u00eene\u201d"}]},{"@type":"WebSite","@id":"https:\/\/darkamazi.info\/#website","url":"https:\/\/darkamazi.info\/","name":"Darka Maz\u00ee","description":"P\u00eageha Zanyariy\u00ean Nebih\u00eest\u00ee","publisher":{"@id":"https:\/\/darkamazi.info\/#organization"},"potentialAction":[{"@type":"SearchAction","target":{"@type":"EntryPoint","urlTemplate":"https:\/\/darkamazi.info\/?s={search_term_string}"},"query-input":{"@type":"PropertyValueSpecification","valueRequired":true,"valueName":"search_term_string"}}],"inLanguage":"en-US"},{"@type":"Organization","@id":"https:\/\/darkamazi.info\/#organization","name":"Darka Maz\u00ee","url":"https:\/\/darkamazi.info\/","logo":{"@type":"ImageObject","inLanguage":"en-US","@id":"https:\/\/darkamazi.info\/#\/schema\/logo\/image\/","url":"https:\/\/darkamazi.info\/file\/2017\/12\/darka-mazi-logo.png","contentUrl":"https:\/\/darkamazi.info\/file\/2017\/12\/darka-mazi-logo.png","width":151,"height":75,"caption":"Darka Maz\u00ee"},"image":{"@id":"https:\/\/darkamazi.info\/#\/schema\/logo\/image\/"},"sameAs":["https:\/\/www.facebook.com\/DarMaziKurmanci","https:\/\/x.com\/DarkaMaziLatini","https:\/\/www.instagram.com\/darkamazi.kurmanci\/","https:\/\/www.youtube.com\/channel\/UCa5HkTdmI8U1qCUFuTw8B2g"]},{"@type":"Person","@id":"https:\/\/darkamazi.info\/#\/schema\/person\/5ad3e24553a0567993fa8ed4bd0a776c","name":"darka mazi","sameAs":["https:\/\/darkamazi.info\/"],"url":"https:\/\/darkamazi.info\/archives\/author\/kurdi"}]}},"_links":{"self":[{"href":"https:\/\/darkamazi.info\/funavuv\/wp\/v2\/posts\/1051132","targetHints":{"allow":["GET"]}}],"collection":[{"href":"https:\/\/darkamazi.info\/funavuv\/wp\/v2\/posts"}],"about":[{"href":"https:\/\/darkamazi.info\/funavuv\/wp\/v2\/types\/post"}],"author":[{"embeddable":true,"href":"https:\/\/darkamazi.info\/funavuv\/wp\/v2\/users\/2"}],"replies":[{"embeddable":true,"href":"https:\/\/darkamazi.info\/funavuv\/wp\/v2\/comments?post=1051132"}],"version-history":[{"count":0,"href":"https:\/\/darkamazi.info\/funavuv\/wp\/v2\/posts\/1051132\/revisions"}],"wp:featuredmedia":[{"embeddable":true,"href":"https:\/\/darkamazi.info\/funavuv\/wp\/v2\/media\/1051133"}],"wp:attachment":[{"href":"https:\/\/darkamazi.info\/funavuv\/wp\/v2\/media?parent=1051132"}],"wp:term":[{"taxonomy":"category","embeddable":true,"href":"https:\/\/darkamazi.info\/funavuv\/wp\/v2\/categories?post=1051132"},{"taxonomy":"post_tag","embeddable":true,"href":"https:\/\/darkamazi.info\/funavuv\/wp\/v2\/tags?post=1051132"}],"curies":[{"name":"wp","href":"https:\/\/api.w.org\/{rel}","templated":true}]}}