{"id":1051135,"date":"2025-12-27T14:05:44","date_gmt":"2025-12-27T11:05:44","guid":{"rendered":"https:\/\/darkamazi.info\/?p=1051135"},"modified":"2025-12-27T14:05:44","modified_gmt":"2025-12-27T11:05:44","slug":"li-ser-gotina-ku-kurd-li-suriy-kemneteweyen-kocber-in","status":"publish","type":"post","link":"https:\/\/darkamazi.info\/archives\/1051135","title":{"rendered":"Li ser Gotina ku Kurd li S\u00fbriy k\u00eamnetewey\u00ean ko\u00e7ber in"},"content":{"rendered":"<h3 style=\"text-align: justify\"><span style=\"font-family: 'arial black', sans-serif;color: #0000ff\">Mahir Hesen<\/span><\/h3>\n<h3 style=\"text-align: justify\"><span style=\"font-family: 'arial black', sans-serif\">Gotina ku \u201cKurd li S\u00fbriy\u00ea k\u00eamnetewey\u00ean ko\u00e7ber in\u201d ne ten\u00ea \u015fa\u015f e, l\u00ea bi armanca tunekirin\u00ea hatiye \u00e7\u00eakirin. Ev gotin dixwaze rastiya d\u00eerok\u00ee biguher\u00eene, l\u00ea nikarin.<\/span><\/h3>\n<h3 style=\"text-align: justify\">Ax bi xwe \u015fahid e. D\u00eerok \u015fahid e. Belge \u015fahid in.<\/h3>\n<h3 style=\"text-align: justify\">Kurd ne ten\u00ea be\u015fek ji v\u00ea welat\u00ee ne; ew xwediy\u00ean be\u015fek ji v\u00ea ax\u00ea ne. Kurdistana S\u00fbr\u00ee ne bi \u015fert\u00ean xwe ji Kurdistan\u00ea hate derxistin, l\u00ea bi h\u00eaz \u00fb siyaseta dewletan hate veqetandin. Ev rast\u00ee nay\u00ea guhertin, her \u00e7end nav\u00ean dewletan biguherin.<\/h3>\n<h3 style=\"text-align: justify\">Kurd li Kurdistan\u00ea ne &#8211; \u00fb s\u00eenor\u00ean n\u00fb nikarin d\u00eerok\u00ea \u00fb rastiy\u00ea biguherin.lewma ez dib\u00eajim ; Ev ax ne \u201cS\u00fbriya\u201d ya \u00fb rojavay\u00ea kurdistan j\u00ee ji D\u00earik\u00ea heya Efr\u00een\u00ea, ne \u201cCez\u00eera S\u00fbriy\u00ea\u201d ya. Bi wateya d\u00eerok\u00ee; ev Kurdistana kevnar e ku bi h\u00eaz\u00ean kolon\u00ee \u00fb siyas\u00ee pi\u015ft\u00ee \u015eer\u00ea C\u00eehan\u00ea y\u00ea Yekem hate bi s\u00eenor\u00ean n\u00fb veqetandin \u00fb bi nav\u00ea \u201cS\u00fbriya n\u00fbjen\u201d hate binavkirin.<\/h3>\n<h3 style=\"text-align: justify\">Kurd li vir ne m\u00eavan in, ne ko\u00e7ber\u00ean dereng in. Ew xwediy\u00ea ax\u00ea ne. S\u00eenor\u00ean S\u00fbriy\u00ea, wek ku \u00eero t\u00ea zan\u00een, encama \u015fert\u00ean siyas\u00ee y\u00ean n\u00fb ne (Sykes\u2013Picot, Lozan), ne encama d\u00eeroka gelan. Ax\u00ea Kurdistan\u00ea ber\u00ee v\u00ea s\u00eenor\u00ean n\u00fb bi sedsalan xwed\u00ee nasname \u00fb jiyana xwe b\u00fb.<\/h3>\n<h3 style=\"text-align: justify\">Bi dij\u00ee wan gotaran ku dixwazin heb\u00fbna Kurdan li v\u00ea her\u00eam\u00ea bi \u201cko\u00e7\u00ean siyas\u00ee\u201d y\u00ean sedsala b\u00eest\u00ee re bi ten\u00ea ve gir\u00ea bidin, rastiya d\u00eerok\u00ee gelek zelal e. Er\u00ea, pi\u015ft\u00ee sala 1925\u2019an hin Kurd ji Bakur\u00ea Kurdistan\u00ea (li Tirkiy\u00ea) ko\u00e7 kirin, l\u00ea ew li axa xwe hatin, ne li axeke biyan\u00ee. Ew bi xwe bi Kurdan re tevgeriyan ku bi sedsalan li vir dijiyan. Ko\u00e7 nikare nasnameyek n\u00fb biafir\u00eene, l\u00ea dikare nasnameyek ber\u00ea bipar\u00eaze.<\/h3>\n<h3 style=\"text-align: justify\">Heb\u00fbna Kurdan li Kurdistana S\u00fbriye bi gelek \u00e7avkaniy\u00ean d\u00eerok\u00ee t\u00ea pi\u015ftrast kirin:<\/h3>\n<ul style=\"text-align: justify\">\n<li>\n<h3>Evliya \u00c7eleb\u00ee (1655) bi e\u015fkerey\u00ee behsa a\u015f\u00eeret\u00ean Kurdan li v\u00ea her\u00eam\u00ea dike<\/h3>\n<\/li>\n<li>\n<h3>Karsten Niebuhr (1764) nav\u00ean a\u015f\u00eeret\u00ean Kurdan qeyd dike<\/h3>\n<\/li>\n<li>\n<h3>Austen Henry Layard (1849) niv\u00eesiye ku a\u015f\u00eereta Mill\u00ee bi sedsalan li Cez\u00eer\u00ea h\u00eaza siyas\u00ee \u00fb civak\u00ee b\u00fb<\/h3>\n<\/li>\n<li>\n<h3>Di defter\u00ean bac\u00ean Osman\u00ee de (1552) nav\u00ean a\u015f\u00eeret\u00ean Kurdan wek K\u00eek\u00ee \u00fb Mill\u00ee hatine tomarkirin.<\/h3>\n<\/li>\n<\/ul>\n<h3 style=\"text-align: justify\">Her weha, di \u00e7avkaniy\u00ean ereb\u00ee \u00fb \u00eeslam\u00ee de, wek niv\u00ees\u00ean \u0130bn El-Es\u00eer, Belazur\u00ee \u00fb El-Umr\u00ee, behsa Kurdan \u00fb cih\u00ean wan li Cez\u00eer\u00ea \u00fb Diyar\u00ea Rabi\u2018a t\u00ea kirin. Ev hem\u00fb \u00e7avkaniy\u00ean hev re diyar dikin ku Kurd li bakur\u00ea S\u00fbriy\u00ea bi d\u00eerok \u00fb co\u011frafya xwe re gir\u00eaday\u00ee ne.<\/h3>\n<h3 style=\"text-align: justify\">Nex\u015fey\u00ean Ewrop\u00ee y\u00ean sedsala 19an \u00fb destp\u00eaka sedsala 20an j\u00ee, gelek caran be\u015f\u00ean Cez\u00eer\u00ea, Koban\u00ea, Efr\u00een \u00fb Ser\u00ea Kaniy\u00ea di nav her\u00eam\u00ean ku wek Kurd\u00ee t\u00eane nas\u00een, n\u00ee\u015fan didin. Ev nex\u015fe \u00fb belge hem\u00fb diyar dikin ku erdn\u00eegariya Kurdistan\u00ea bi \u015fert\u00ean siyas\u00ee y\u00ean n\u00fb hat par\u00e7ekerin, \u00fb be\u015fek ji w\u00ea di nav s\u00eenor\u00ean S\u00fbriy\u00ea de maye<\/h3>\n<h3 style=\"text-align: justify\">Ev hem\u00fb n\u00ee\u015fan didin ku Kurd bi r\u00ee\u015fey\u00ean xwe li v\u00ea ax\u00ea ne, ne encama \u015fert\u00ean n\u00fbjen.<\/h3>\n<h3 style=\"text-align: justify\">Her \u00e7end di dewleta S\u00fbriy\u00ea ya n\u00fbjen de siyas\u00eat\u00ean as\u00eem\u00eelasyon\u00ea (ereb\u00eekirina bi zor\u00ea), nebinavkirina nasnamey\u00ea (b\u00eawelatkirin), \u00fb tunekirina ziman \u00fb \u00e7and\u00ea li dij\u00ee Kurdan hatine me\u015fandin, l\u00ea Kurd kar\u00eeb\u00fbn nasnameya xwe bipar\u00eazin. Ziman\u00ea kurd\u00ee, her \u00e7end qedexe b\u00fb, di nav mal \u00fb civakan de sax maye \u00fb ji nif\u015f\u00ea bo nif\u015f\u00ea hatiye veguhestin.<\/h3>\n<p><img loading=\"lazy\" decoding=\"async\" width=\"1170\" height=\"1325\" class=\"aligncenter darka-image-1051137 size-full\" src=\"https:\/\/darkamazi.info\/file\/2025\/12\/image0.jpeg\" alt=\"\" srcset=\"https:\/\/darkamazi.info\/file\/2025\/12\/image0.jpeg 1170w, https:\/\/darkamazi.info\/file\/2025\/12\/image0-265x300.jpeg 265w, https:\/\/darkamazi.info\/file\/2025\/12\/image0-904x1024.jpeg 904w, https:\/\/darkamazi.info\/file\/2025\/12\/image0-768x870.jpeg 768w\" sizes=\"auto, (max-width: 1170px) 100vw, 1170px\" \/><img loading=\"lazy\" decoding=\"async\" width=\"1170\" height=\"984\" class=\"aligncenter darka-image-1051138 size-full\" src=\"https:\/\/darkamazi.info\/file\/2025\/12\/image1.jpeg\" alt=\"\" srcset=\"https:\/\/darkamazi.info\/file\/2025\/12\/image1.jpeg 1170w, https:\/\/darkamazi.info\/file\/2025\/12\/image1-300x252.jpeg 300w, https:\/\/darkamazi.info\/file\/2025\/12\/image1-1024x861.jpeg 1024w, https:\/\/darkamazi.info\/file\/2025\/12\/image1-768x646.jpeg 768w\" sizes=\"auto, (max-width: 1170px) 100vw, 1170px\" \/><img loading=\"lazy\" decoding=\"async\" width=\"1170\" height=\"1004\" class=\"aligncenter darka-image-1051139 size-full\" src=\"https:\/\/darkamazi.info\/file\/2025\/12\/image2.jpeg\" alt=\"\" srcset=\"https:\/\/darkamazi.info\/file\/2025\/12\/image2.jpeg 1170w, https:\/\/darkamazi.info\/file\/2025\/12\/image2-300x257.jpeg 300w, https:\/\/darkamazi.info\/file\/2025\/12\/image2-1024x879.jpeg 1024w, https:\/\/darkamazi.info\/file\/2025\/12\/image2-768x659.jpeg 768w\" sizes=\"auto, (max-width: 1170px) 100vw, 1170px\" \/><img loading=\"lazy\" decoding=\"async\" width=\"1170\" height=\"974\" class=\"aligncenter darka-image-1051140 size-full\" src=\"https:\/\/darkamazi.info\/file\/2025\/12\/image3.jpeg\" alt=\"\" srcset=\"https:\/\/darkamazi.info\/file\/2025\/12\/image3.jpeg 1170w, https:\/\/darkamazi.info\/file\/2025\/12\/image3-300x250.jpeg 300w, https:\/\/darkamazi.info\/file\/2025\/12\/image3-1024x852.jpeg 1024w, https:\/\/darkamazi.info\/file\/2025\/12\/image3-768x639.jpeg 768w\" sizes=\"auto, (max-width: 1170px) 100vw, 1170px\" \/><img loading=\"lazy\" decoding=\"async\" width=\"1170\" height=\"1028\" class=\"aligncenter darka-image-1051141 size-full\" src=\"https:\/\/darkamazi.info\/file\/2025\/12\/image4.jpeg\" alt=\"\" srcset=\"https:\/\/darkamazi.info\/file\/2025\/12\/image4.jpeg 1170w, https:\/\/darkamazi.info\/file\/2025\/12\/image4-300x264.jpeg 300w, https:\/\/darkamazi.info\/file\/2025\/12\/image4-1024x900.jpeg 1024w, https:\/\/darkamazi.info\/file\/2025\/12\/image4-768x675.jpeg 768w\" sizes=\"auto, (max-width: 1170px) 100vw, 1170px\" \/><img loading=\"lazy\" decoding=\"async\" width=\"1170\" height=\"1119\" class=\"aligncenter darka-image-1051142 size-full\" src=\"https:\/\/darkamazi.info\/file\/2025\/12\/image5.jpeg\" alt=\"\" srcset=\"https:\/\/darkamazi.info\/file\/2025\/12\/image5.jpeg 1170w, https:\/\/darkamazi.info\/file\/2025\/12\/image5-300x287.jpeg 300w, https:\/\/darkamazi.info\/file\/2025\/12\/image5-1024x979.jpeg 1024w, https:\/\/darkamazi.info\/file\/2025\/12\/image5-768x735.jpeg 768w\" sizes=\"auto, (max-width: 1170px) 100vw, 1170px\" \/><img loading=\"lazy\" decoding=\"async\" width=\"1170\" height=\"1161\" class=\"aligncenter darka-image-1051143 size-full\" src=\"https:\/\/darkamazi.info\/file\/2025\/12\/image6.jpeg\" alt=\"\" srcset=\"https:\/\/darkamazi.info\/file\/2025\/12\/image6.jpeg 1170w, https:\/\/darkamazi.info\/file\/2025\/12\/image6-300x298.jpeg 300w, https:\/\/darkamazi.info\/file\/2025\/12\/image6-1024x1016.jpeg 1024w, https:\/\/darkamazi.info\/file\/2025\/12\/image6-150x150.jpeg 150w, https:\/\/darkamazi.info\/file\/2025\/12\/image6-768x762.jpeg 768w, https:\/\/darkamazi.info\/file\/2025\/12\/image6-75x75.jpeg 75w\" sizes=\"auto, (max-width: 1170px) 100vw, 1170px\" \/><img loading=\"lazy\" decoding=\"async\" width=\"1170\" height=\"1724\" class=\"aligncenter darka-image-1051144 size-full\" src=\"https:\/\/darkamazi.info\/file\/2025\/12\/image7.jpeg\" alt=\"\" srcset=\"https:\/\/darkamazi.info\/file\/2025\/12\/image7.jpeg 1170w, https:\/\/darkamazi.info\/file\/2025\/12\/image7-204x300.jpeg 204w, https:\/\/darkamazi.info\/file\/2025\/12\/image7-695x1024.jpeg 695w, https:\/\/darkamazi.info\/file\/2025\/12\/image7-768x1132.jpeg 768w, https:\/\/darkamazi.info\/file\/2025\/12\/image7-1042x1536.jpeg 1042w\" sizes=\"auto, (max-width: 1170px) 100vw, 1170px\" \/><img loading=\"lazy\" decoding=\"async\" width=\"1170\" height=\"1702\" class=\"aligncenter darka-image-1051145 size-full\" src=\"https:\/\/darkamazi.info\/file\/2025\/12\/image8.jpeg\" alt=\"\" srcset=\"https:\/\/darkamazi.info\/file\/2025\/12\/image8.jpeg 1170w, https:\/\/darkamazi.info\/file\/2025\/12\/image8-206x300.jpeg 206w, https:\/\/darkamazi.info\/file\/2025\/12\/image8-704x1024.jpeg 704w, https:\/\/darkamazi.info\/file\/2025\/12\/image8-768x1117.jpeg 768w, https:\/\/darkamazi.info\/file\/2025\/12\/image8-1056x1536.jpeg 1056w\" sizes=\"auto, (max-width: 1170px) 100vw, 1170px\" \/><\/p>\n","protected":false},"excerpt":{"rendered":"<p>Mahir Hesen Gotina ku \u201cKurd li S\u00fbriy\u00ea k\u00eamnetewey\u00ean ko\u00e7ber in\u201d ne ten\u00ea \u015fa\u015f e, l\u00ea bi armanca tunekirin\u00ea hatiye \u00e7\u00eakirin. Ev gotin dixwaze rastiya d\u00eerok\u00ee biguher\u00eene, l\u00ea nikarin. Ax bi xwe \u015fahid e. D\u00eerok \u015fahid e. Belge \u015fahid in. Kurd ne ten\u00ea be\u015fek ji v\u00ea welat\u00ee ne; ew xwediy\u00ean be\u015fek ji v\u00ea ax\u00ea ne. Kurdistana [&hellip;]<\/p>\n","protected":false},"author":2,"featured_media":1051136,"comment_status":"closed","ping_status":"closed","sticky":false,"template":"","format":"standard","meta":{"footnotes":""},"categories":[28],"tags":[37],"class_list":["post-1051135","post","type-post","status-publish","format-standard","has-post-thumbnail","hentry","category-nerin","tag-sereke"],"blocksy_meta":[],"seo_head":"<!-- This site is optimized with the Yoast SEO plugin v27.5 - https:\/\/yoast.com\/product\/yoast-seo-wordpress\/ -->\n<title>Li ser Gotina ku Kurd li S\u00fbriy k\u00eamnetewey\u00ean ko\u00e7ber in - Darka Maz\u00ee<\/title>\n<meta name=\"robots\" content=\"index, follow, max-snippet:-1, max-image-preview:large, max-video-preview:-1\" \/>\n<link rel=\"canonical\" href=\"https:\/\/darkamazi.info\/archives\/1051135\" \/>\n<meta property=\"og:locale\" content=\"en_US\" \/>\n<meta property=\"og:type\" content=\"article\" \/>\n<meta property=\"og:title\" content=\"Li ser Gotina ku Kurd li S\u00fbriy k\u00eamnetewey\u00ean ko\u00e7ber in - Darka Maz\u00ee\" \/>\n<meta property=\"og:description\" content=\"Mahir Hesen Gotina ku \u201cKurd li S\u00fbriy\u00ea k\u00eamnetewey\u00ean ko\u00e7ber in\u201d ne ten\u00ea \u015fa\u015f e, l\u00ea bi armanca tunekirin\u00ea hatiye \u00e7\u00eakirin. Ev gotin dixwaze rastiya d\u00eerok\u00ee biguher\u00eene, l\u00ea nikarin. Ax bi xwe \u015fahid e. D\u00eerok \u015fahid e. Belge \u015fahid in. Kurd ne ten\u00ea be\u015fek ji v\u00ea welat\u00ee ne; ew xwediy\u00ean be\u015fek ji v\u00ea ax\u00ea ne. Kurdistana [&hellip;]\" \/>\n<meta property=\"og:url\" content=\"https:\/\/darkamazi.info\/archives\/1051135\" \/>\n<meta property=\"og:site_name\" content=\"Darka Maz\u00ee\" \/>\n<meta property=\"article:publisher\" content=\"https:\/\/www.facebook.com\/DarMaziKurmanci\" \/>\n<meta property=\"article:published_time\" content=\"2025-12-27T11:05:44+00:00\" \/>\n<meta property=\"og:image\" content=\"https:\/\/darkamazi.info\/file\/2025\/12\/kurdistan.jpg\" \/>\n\t<meta property=\"og:image:width\" content=\"900\" \/>\n\t<meta property=\"og:image:height\" content=\"497\" \/>\n\t<meta property=\"og:image:type\" content=\"image\/jpeg\" \/>\n<meta name=\"author\" content=\"darka mazi\" \/>\n<meta name=\"twitter:card\" content=\"summary_large_image\" \/>\n<meta name=\"twitter:creator\" content=\"@DarkaMaziLatini\" \/>\n<meta name=\"twitter:site\" content=\"@DarkaMaziLatini\" \/>\n<meta name=\"twitter:label1\" content=\"Written by\" \/>\n\t<meta name=\"twitter:data1\" content=\"darka mazi\" \/>\n\t<meta name=\"twitter:label2\" content=\"Est. reading time\" \/>\n\t<meta name=\"twitter:data2\" content=\"5 minutes\" \/>\n<script type=\"application\/ld+json\" class=\"seo-schema-graph\">{\"@context\":\"https:\\\/\\\/schema.org\",\"@graph\":[{\"@type\":\"Article\",\"@id\":\"https:\\\/\\\/darkamazi.info\\\/archives\\\/1051135#article\",\"isPartOf\":{\"@id\":\"https:\\\/\\\/darkamazi.info\\\/archives\\\/1051135\"},\"author\":{\"name\":\"darka mazi\",\"@id\":\"https:\\\/\\\/darkamazi.info\\\/#\\\/schema\\\/person\\\/5ad3e24553a0567993fa8ed4bd0a776c\"},\"headline\":\"Li ser Gotina ku Kurd li S\u00fbriy k\u00eamnetewey\u00ean ko\u00e7ber in\",\"datePublished\":\"2025-12-27T11:05:44+00:00\",\"mainEntityOfPage\":{\"@id\":\"https:\\\/\\\/darkamazi.info\\\/archives\\\/1051135\"},\"wordCount\":616,\"publisher\":{\"@id\":\"https:\\\/\\\/darkamazi.info\\\/#organization\"},\"image\":{\"@id\":\"https:\\\/\\\/darkamazi.info\\\/archives\\\/1051135#primaryimage\"},\"thumbnailUrl\":\"https:\\\/\\\/darkamazi.info\\\/darka-content\\\/uploads\\\/2025\\\/12\\\/kurdistan.jpg\",\"keywords\":[\"sereke\"],\"articleSection\":[\"Ner\u00een\"],\"inLanguage\":\"en-US\"},{\"@type\":\"WebPage\",\"@id\":\"https:\\\/\\\/darkamazi.info\\\/archives\\\/1051135\",\"url\":\"https:\\\/\\\/darkamazi.info\\\/archives\\\/1051135\",\"name\":\"Li ser Gotina ku Kurd li S\u00fbriy k\u00eamnetewey\u00ean ko\u00e7ber in - Darka Maz\u00ee\",\"isPartOf\":{\"@id\":\"https:\\\/\\\/darkamazi.info\\\/#website\"},\"primaryImageOfPage\":{\"@id\":\"https:\\\/\\\/darkamazi.info\\\/archives\\\/1051135#primaryimage\"},\"image\":{\"@id\":\"https:\\\/\\\/darkamazi.info\\\/archives\\\/1051135#primaryimage\"},\"thumbnailUrl\":\"https:\\\/\\\/darkamazi.info\\\/darka-content\\\/uploads\\\/2025\\\/12\\\/kurdistan.jpg\",\"datePublished\":\"2025-12-27T11:05:44+00:00\",\"breadcrumb\":{\"@id\":\"https:\\\/\\\/darkamazi.info\\\/archives\\\/1051135#breadcrumb\"},\"inLanguage\":\"en-US\",\"potentialAction\":[{\"@type\":\"ReadAction\",\"target\":[\"https:\\\/\\\/darkamazi.info\\\/archives\\\/1051135\"]}]},{\"@type\":\"ImageObject\",\"inLanguage\":\"en-US\",\"@id\":\"https:\\\/\\\/darkamazi.info\\\/archives\\\/1051135#primaryimage\",\"url\":\"https:\\\/\\\/darkamazi.info\\\/darka-content\\\/uploads\\\/2025\\\/12\\\/kurdistan.jpg\",\"contentUrl\":\"https:\\\/\\\/darkamazi.info\\\/darka-content\\\/uploads\\\/2025\\\/12\\\/kurdistan.jpg\",\"width\":900,\"height\":497,\"caption\":\"Li ser Gotina ku Kurd li S\u00fbriy k\u00eamnetewey\u00ean ko\u00e7ber in\"},{\"@type\":\"BreadcrumbList\",\"@id\":\"https:\\\/\\\/darkamazi.info\\\/archives\\\/1051135#breadcrumb\",\"itemListElement\":[{\"@type\":\"ListItem\",\"position\":1,\"name\":\"Home\",\"item\":\"https:\\\/\\\/darkamazi.info\\\/\"},{\"@type\":\"ListItem\",\"position\":2,\"name\":\"Li ser Gotina ku Kurd li S\u00fbriy k\u00eamnetewey\u00ean ko\u00e7ber in\"}]},{\"@type\":\"WebSite\",\"@id\":\"https:\\\/\\\/darkamazi.info\\\/#website\",\"url\":\"https:\\\/\\\/darkamazi.info\\\/\",\"name\":\"Darka Maz\u00ee\",\"description\":\"P\u00eageha Zanyariy\u00ean Nebih\u00eest\u00ee\",\"publisher\":{\"@id\":\"https:\\\/\\\/darkamazi.info\\\/#organization\"},\"potentialAction\":[{\"@type\":\"SearchAction\",\"target\":{\"@type\":\"EntryPoint\",\"urlTemplate\":\"https:\\\/\\\/darkamazi.info\\\/?s={search_term_string}\"},\"query-input\":{\"@type\":\"PropertyValueSpecification\",\"valueRequired\":true,\"valueName\":\"search_term_string\"}}],\"inLanguage\":\"en-US\"},{\"@type\":\"Organization\",\"@id\":\"https:\\\/\\\/darkamazi.info\\\/#organization\",\"name\":\"Darka Maz\u00ee\",\"url\":\"https:\\\/\\\/darkamazi.info\\\/\",\"logo\":{\"@type\":\"ImageObject\",\"inLanguage\":\"en-US\",\"@id\":\"https:\\\/\\\/darkamazi.info\\\/#\\\/schema\\\/logo\\\/image\\\/\",\"url\":\"https:\\\/\\\/darkamazi.info\\\/darka-content\\\/uploads\\\/2017\\\/12\\\/darka-mazi-logo.png\",\"contentUrl\":\"https:\\\/\\\/darkamazi.info\\\/darka-content\\\/uploads\\\/2017\\\/12\\\/darka-mazi-logo.png\",\"width\":151,\"height\":75,\"caption\":\"Darka Maz\u00ee\"},\"image\":{\"@id\":\"https:\\\/\\\/darkamazi.info\\\/#\\\/schema\\\/logo\\\/image\\\/\"},\"sameAs\":[\"https:\\\/\\\/www.facebook.com\\\/DarMaziKurmanci\",\"https:\\\/\\\/x.com\\\/DarkaMaziLatini\",\"https:\\\/\\\/www.instagram.com\\\/darkamazi.kurmanci\\\/\",\"https:\\\/\\\/www.youtube.com\\\/channel\\\/UCa5HkTdmI8U1qCUFuTw8B2g\"]},{\"@type\":\"Person\",\"@id\":\"https:\\\/\\\/darkamazi.info\\\/#\\\/schema\\\/person\\\/5ad3e24553a0567993fa8ed4bd0a776c\",\"name\":\"darka mazi\",\"sameAs\":[\"https:\\\/\\\/darkamazi.info\\\/\"],\"url\":\"https:\\\/\\\/darkamazi.info\\\/archives\\\/author\\\/kurdi\"}]}<\/script>\n<!-- \/ Yoast SEO plugin. -->","seo_head_json":{"title":"Li ser Gotina ku Kurd li S\u00fbriy k\u00eamnetewey\u00ean ko\u00e7ber in - Darka Maz\u00ee","robots":{"index":"index","follow":"follow","max-snippet":"max-snippet:-1","max-image-preview":"max-image-preview:large","max-video-preview":"max-video-preview:-1"},"canonical":"https:\/\/darkamazi.info\/archives\/1051135","og_locale":"en_US","og_type":"article","og_title":"Li ser Gotina ku Kurd li S\u00fbriy k\u00eamnetewey\u00ean ko\u00e7ber in - Darka Maz\u00ee","og_description":"Mahir Hesen Gotina ku \u201cKurd li S\u00fbriy\u00ea k\u00eamnetewey\u00ean ko\u00e7ber in\u201d ne ten\u00ea \u015fa\u015f e, l\u00ea bi armanca tunekirin\u00ea hatiye \u00e7\u00eakirin. Ev gotin dixwaze rastiya d\u00eerok\u00ee biguher\u00eene, l\u00ea nikarin. Ax bi xwe \u015fahid e. D\u00eerok \u015fahid e. Belge \u015fahid in. Kurd ne ten\u00ea be\u015fek ji v\u00ea welat\u00ee ne; ew xwediy\u00ean be\u015fek ji v\u00ea ax\u00ea ne. Kurdistana [&hellip;]","og_url":"https:\/\/darkamazi.info\/archives\/1051135","og_site_name":"Darka Maz\u00ee","article_publisher":"https:\/\/www.facebook.com\/DarMaziKurmanci","article_published_time":"2025-12-27T11:05:44+00:00","og_image":[{"width":900,"height":497,"url":"https:\/\/darkamazi.info\/file\/2025\/12\/kurdistan.jpg","type":"image\/jpeg"}],"author":"darka mazi","twitter_card":"summary_large_image","twitter_creator":"@DarkaMaziLatini","twitter_site":"@DarkaMaziLatini","twitter_misc":{"Written by":"darka mazi","Est. reading time":"5 minutes"},"schema":{"@context":"https:\/\/schema.org","@graph":[{"@type":"Article","@id":"https:\/\/darkamazi.info\/archives\/1051135#article","isPartOf":{"@id":"https:\/\/darkamazi.info\/archives\/1051135"},"author":{"name":"darka mazi","@id":"https:\/\/darkamazi.info\/#\/schema\/person\/5ad3e24553a0567993fa8ed4bd0a776c"},"headline":"Li ser Gotina ku Kurd li S\u00fbriy k\u00eamnetewey\u00ean ko\u00e7ber in","datePublished":"2025-12-27T11:05:44+00:00","mainEntityOfPage":{"@id":"https:\/\/darkamazi.info\/archives\/1051135"},"wordCount":616,"publisher":{"@id":"https:\/\/darkamazi.info\/#organization"},"image":{"@id":"https:\/\/darkamazi.info\/archives\/1051135#primaryimage"},"thumbnailUrl":"https:\/\/darkamazi.info\/file\/2025\/12\/kurdistan.jpg","keywords":["sereke"],"articleSection":["Ner\u00een"],"inLanguage":"en-US"},{"@type":"WebPage","@id":"https:\/\/darkamazi.info\/archives\/1051135","url":"https:\/\/darkamazi.info\/archives\/1051135","name":"Li ser Gotina ku Kurd li S\u00fbriy k\u00eamnetewey\u00ean ko\u00e7ber in - Darka Maz\u00ee","isPartOf":{"@id":"https:\/\/darkamazi.info\/#website"},"primaryImageOfPage":{"@id":"https:\/\/darkamazi.info\/archives\/1051135#primaryimage"},"image":{"@id":"https:\/\/darkamazi.info\/archives\/1051135#primaryimage"},"thumbnailUrl":"https:\/\/darkamazi.info\/file\/2025\/12\/kurdistan.jpg","datePublished":"2025-12-27T11:05:44+00:00","breadcrumb":{"@id":"https:\/\/darkamazi.info\/archives\/1051135#breadcrumb"},"inLanguage":"en-US","potentialAction":[{"@type":"ReadAction","target":["https:\/\/darkamazi.info\/archives\/1051135"]}]},{"@type":"ImageObject","inLanguage":"en-US","@id":"https:\/\/darkamazi.info\/archives\/1051135#primaryimage","url":"https:\/\/darkamazi.info\/file\/2025\/12\/kurdistan.jpg","contentUrl":"https:\/\/darkamazi.info\/file\/2025\/12\/kurdistan.jpg","width":900,"height":497,"caption":"Li ser Gotina ku Kurd li S\u00fbriy k\u00eamnetewey\u00ean ko\u00e7ber in"},{"@type":"BreadcrumbList","@id":"https:\/\/darkamazi.info\/archives\/1051135#breadcrumb","itemListElement":[{"@type":"ListItem","position":1,"name":"Home","item":"https:\/\/darkamazi.info\/"},{"@type":"ListItem","position":2,"name":"Li ser Gotina ku Kurd li S\u00fbriy k\u00eamnetewey\u00ean ko\u00e7ber in"}]},{"@type":"WebSite","@id":"https:\/\/darkamazi.info\/#website","url":"https:\/\/darkamazi.info\/","name":"Darka Maz\u00ee","description":"P\u00eageha Zanyariy\u00ean Nebih\u00eest\u00ee","publisher":{"@id":"https:\/\/darkamazi.info\/#organization"},"potentialAction":[{"@type":"SearchAction","target":{"@type":"EntryPoint","urlTemplate":"https:\/\/darkamazi.info\/?s={search_term_string}"},"query-input":{"@type":"PropertyValueSpecification","valueRequired":true,"valueName":"search_term_string"}}],"inLanguage":"en-US"},{"@type":"Organization","@id":"https:\/\/darkamazi.info\/#organization","name":"Darka Maz\u00ee","url":"https:\/\/darkamazi.info\/","logo":{"@type":"ImageObject","inLanguage":"en-US","@id":"https:\/\/darkamazi.info\/#\/schema\/logo\/image\/","url":"https:\/\/darkamazi.info\/file\/2017\/12\/darka-mazi-logo.png","contentUrl":"https:\/\/darkamazi.info\/file\/2017\/12\/darka-mazi-logo.png","width":151,"height":75,"caption":"Darka Maz\u00ee"},"image":{"@id":"https:\/\/darkamazi.info\/#\/schema\/logo\/image\/"},"sameAs":["https:\/\/www.facebook.com\/DarMaziKurmanci","https:\/\/x.com\/DarkaMaziLatini","https:\/\/www.instagram.com\/darkamazi.kurmanci\/","https:\/\/www.youtube.com\/channel\/UCa5HkTdmI8U1qCUFuTw8B2g"]},{"@type":"Person","@id":"https:\/\/darkamazi.info\/#\/schema\/person\/5ad3e24553a0567993fa8ed4bd0a776c","name":"darka mazi","sameAs":["https:\/\/darkamazi.info\/"],"url":"https:\/\/darkamazi.info\/archives\/author\/kurdi"}]}},"_links":{"self":[{"href":"https:\/\/darkamazi.info\/funavuv\/wp\/v2\/posts\/1051135","targetHints":{"allow":["GET"]}}],"collection":[{"href":"https:\/\/darkamazi.info\/funavuv\/wp\/v2\/posts"}],"about":[{"href":"https:\/\/darkamazi.info\/funavuv\/wp\/v2\/types\/post"}],"author":[{"embeddable":true,"href":"https:\/\/darkamazi.info\/funavuv\/wp\/v2\/users\/2"}],"replies":[{"embeddable":true,"href":"https:\/\/darkamazi.info\/funavuv\/wp\/v2\/comments?post=1051135"}],"version-history":[{"count":0,"href":"https:\/\/darkamazi.info\/funavuv\/wp\/v2\/posts\/1051135\/revisions"}],"wp:featuredmedia":[{"embeddable":true,"href":"https:\/\/darkamazi.info\/funavuv\/wp\/v2\/media\/1051136"}],"wp:attachment":[{"href":"https:\/\/darkamazi.info\/funavuv\/wp\/v2\/media?parent=1051135"}],"wp:term":[{"taxonomy":"category","embeddable":true,"href":"https:\/\/darkamazi.info\/funavuv\/wp\/v2\/categories?post=1051135"},{"taxonomy":"post_tag","embeddable":true,"href":"https:\/\/darkamazi.info\/funavuv\/wp\/v2\/tags?post=1051135"}],"curies":[{"name":"wp","href":"https:\/\/api.w.org\/{rel}","templated":true}]}}