{"id":1051147,"date":"2025-12-27T17:22:07","date_gmt":"2025-12-27T14:22:07","guid":{"rendered":"https:\/\/darkamazi.info\/?p=1051147"},"modified":"2025-12-27T17:22:07","modified_gmt":"2025-12-27T14:22:07","slug":"li-silemaniye-welatiyeki-ji-bakure-kurdistane-bi-keran-hate-kustin","status":"publish","type":"post","link":"https:\/\/darkamazi.info\/archives\/1051147","title":{"rendered":"Li Sil\u00eamaniy\u00ea welatiyek\u00ee ji Bakur\u00ea Kurdistan\u00ea bi k\u00earan hate ku\u015ftin"},"content":{"rendered":"<h3 style=\"text-align: justify\"><span style=\"font-family: 'arial black', sans-serif\">Li gor agahiyan \u00eero roja \u015femiy\u00ea li otela Tac\u00ee Pa\u015fa di nav bazara bajar\u00ea Sil\u00eamaniy\u00ea, term\u00ea kesek\u00ee hatiye d\u00eetin ku \u015fop\u00ean k\u00ear\u00ea di la\u015f\u00ea w\u00ee de hene.<\/span><\/h3>\n<h3 style=\"text-align: justify\">Her li gor agahiyan, kes\u00ea hatiye ku\u015ftin ji Bak\u00fbr\u00ea Kurdistan\u00ea ye \u00fb h\u00een sedema ku\u015ftina w\u00ee nehatiye zan\u00een.<\/h3>\n<h3 style=\"text-align: justify\">Heta niha pol\u00ees\u00ea Sil\u00eamaniy\u00ea di derbar\u00ea ku\u015ftina w\u00ee hemwelat\u00ee ve ti agah\u00ee belav nekiriye.<\/h3>\n","protected":false},"excerpt":{"rendered":"<p>Li gor agahiyan \u00eero roja \u015femiy\u00ea li otela Tac\u00ee Pa\u015fa di nav bazara bajar\u00ea Sil\u00eamaniy\u00ea, term\u00ea kesek\u00ee hatiye d\u00eetin ku \u015fop\u00ean k\u00ear\u00ea di la\u015f\u00ea w\u00ee de hene. Her li gor agahiyan, kes\u00ea hatiye ku\u015ftin ji Bak\u00fbr\u00ea Kurdistan\u00ea ye \u00fb h\u00een sedema ku\u015ftina w\u00ee nehatiye zan\u00een. Heta niha pol\u00ees\u00ea Sil\u00eamaniy\u00ea di derbar\u00ea ku\u015ftina w\u00ee hemwelat\u00ee ve [&hellip;]<\/p>\n","protected":false},"author":2,"featured_media":1051148,"comment_status":"closed","ping_status":"closed","sticky":false,"template":"","format":"standard","meta":{"footnotes":""},"categories":[29],"tags":[37],"class_list":["post-1051147","post","type-post","status-publish","format-standard","has-post-thumbnail","hentry","category-kurdistan","tag-sereke"],"blocksy_meta":[],"seo_head":"<!-- This site is optimized with the Yoast SEO plugin v27.5 - https:\/\/yoast.com\/product\/yoast-seo-wordpress\/ -->\n<title>Li Sil\u00eamaniy\u00ea welatiyek\u00ee ji Bakur\u00ea Kurdistan\u00ea bi k\u00earan hate ku\u015ftin - Darka Maz\u00ee<\/title>\n<meta name=\"robots\" content=\"index, follow, max-snippet:-1, max-image-preview:large, max-video-preview:-1\" \/>\n<link rel=\"canonical\" href=\"https:\/\/darkamazi.info\/archives\/1051147\" \/>\n<meta property=\"og:locale\" content=\"en_US\" \/>\n<meta property=\"og:type\" content=\"article\" \/>\n<meta property=\"og:title\" content=\"Li Sil\u00eamaniy\u00ea welatiyek\u00ee ji Bakur\u00ea Kurdistan\u00ea bi k\u00earan hate ku\u015ftin - Darka Maz\u00ee\" \/>\n<meta property=\"og:description\" content=\"Li gor agahiyan \u00eero roja \u015femiy\u00ea li otela Tac\u00ee Pa\u015fa di nav bazara bajar\u00ea Sil\u00eamaniy\u00ea, term\u00ea kesek\u00ee hatiye d\u00eetin ku \u015fop\u00ean k\u00ear\u00ea di la\u015f\u00ea w\u00ee de hene. Her li gor agahiyan, kes\u00ea hatiye ku\u015ftin ji Bak\u00fbr\u00ea Kurdistan\u00ea ye \u00fb h\u00een sedema ku\u015ftina w\u00ee nehatiye zan\u00een. Heta niha pol\u00ees\u00ea Sil\u00eamaniy\u00ea di derbar\u00ea ku\u015ftina w\u00ee hemwelat\u00ee ve [&hellip;]\" \/>\n<meta property=\"og:url\" content=\"https:\/\/darkamazi.info\/archives\/1051147\" \/>\n<meta property=\"og:site_name\" content=\"Darka Maz\u00ee\" \/>\n<meta property=\"article:publisher\" content=\"https:\/\/www.facebook.com\/DarMaziKurmanci\" \/>\n<meta property=\"article:published_time\" content=\"2025-12-27T14:22:07+00:00\" \/>\n<meta property=\"og:image\" content=\"https:\/\/darkamazi.info\/file\/2025\/12\/Sulaymani-azmar-drone.jpg\" \/>\n\t<meta property=\"og:image:width\" content=\"900\" \/>\n\t<meta property=\"og:image:height\" content=\"500\" \/>\n\t<meta property=\"og:image:type\" content=\"image\/jpeg\" \/>\n<meta name=\"author\" content=\"darka mazi\" \/>\n<meta name=\"twitter:card\" content=\"summary_large_image\" \/>\n<meta name=\"twitter:creator\" content=\"@DarkaMaziLatini\" \/>\n<meta name=\"twitter:site\" content=\"@DarkaMaziLatini\" \/>\n<meta name=\"twitter:label1\" content=\"Written by\" \/>\n\t<meta name=\"twitter:data1\" content=\"darka mazi\" \/>\n\t<meta name=\"twitter:label2\" content=\"Est. reading time\" \/>\n\t<meta name=\"twitter:data2\" content=\"1 minute\" \/>\n<script type=\"application\/ld+json\" class=\"seo-schema-graph\">{\"@context\":\"https:\\\/\\\/schema.org\",\"@graph\":[{\"@type\":\"Article\",\"@id\":\"https:\\\/\\\/darkamazi.info\\\/archives\\\/1051147#article\",\"isPartOf\":{\"@id\":\"https:\\\/\\\/darkamazi.info\\\/archives\\\/1051147\"},\"author\":{\"name\":\"darka mazi\",\"@id\":\"https:\\\/\\\/darkamazi.info\\\/#\\\/schema\\\/person\\\/5ad3e24553a0567993fa8ed4bd0a776c\"},\"headline\":\"Li Sil\u00eamaniy\u00ea welatiyek\u00ee ji Bakur\u00ea Kurdistan\u00ea bi k\u00earan hate ku\u015ftin\",\"datePublished\":\"2025-12-27T14:22:07+00:00\",\"mainEntityOfPage\":{\"@id\":\"https:\\\/\\\/darkamazi.info\\\/archives\\\/1051147\"},\"wordCount\":84,\"publisher\":{\"@id\":\"https:\\\/\\\/darkamazi.info\\\/#organization\"},\"image\":{\"@id\":\"https:\\\/\\\/darkamazi.info\\\/archives\\\/1051147#primaryimage\"},\"thumbnailUrl\":\"https:\\\/\\\/darkamazi.info\\\/darka-content\\\/uploads\\\/2025\\\/12\\\/Sulaymani-azmar-drone.jpg\",\"keywords\":[\"sereke\"],\"articleSection\":[\"Kurdistan\"],\"inLanguage\":\"en-US\"},{\"@type\":\"WebPage\",\"@id\":\"https:\\\/\\\/darkamazi.info\\\/archives\\\/1051147\",\"url\":\"https:\\\/\\\/darkamazi.info\\\/archives\\\/1051147\",\"name\":\"Li Sil\u00eamaniy\u00ea welatiyek\u00ee ji Bakur\u00ea Kurdistan\u00ea bi k\u00earan hate ku\u015ftin - Darka Maz\u00ee\",\"isPartOf\":{\"@id\":\"https:\\\/\\\/darkamazi.info\\\/#website\"},\"primaryImageOfPage\":{\"@id\":\"https:\\\/\\\/darkamazi.info\\\/archives\\\/1051147#primaryimage\"},\"image\":{\"@id\":\"https:\\\/\\\/darkamazi.info\\\/archives\\\/1051147#primaryimage\"},\"thumbnailUrl\":\"https:\\\/\\\/darkamazi.info\\\/darka-content\\\/uploads\\\/2025\\\/12\\\/Sulaymani-azmar-drone.jpg\",\"datePublished\":\"2025-12-27T14:22:07+00:00\",\"breadcrumb\":{\"@id\":\"https:\\\/\\\/darkamazi.info\\\/archives\\\/1051147#breadcrumb\"},\"inLanguage\":\"en-US\",\"potentialAction\":[{\"@type\":\"ReadAction\",\"target\":[\"https:\\\/\\\/darkamazi.info\\\/archives\\\/1051147\"]}]},{\"@type\":\"ImageObject\",\"inLanguage\":\"en-US\",\"@id\":\"https:\\\/\\\/darkamazi.info\\\/archives\\\/1051147#primaryimage\",\"url\":\"https:\\\/\\\/darkamazi.info\\\/darka-content\\\/uploads\\\/2025\\\/12\\\/Sulaymani-azmar-drone.jpg\",\"contentUrl\":\"https:\\\/\\\/darkamazi.info\\\/darka-content\\\/uploads\\\/2025\\\/12\\\/Sulaymani-azmar-drone.jpg\",\"width\":900,\"height\":500,\"caption\":\"Li Sil\u00eamaniy\u00ea welatiyek\u00ee ji Bakur\u00ea Kurdistan\u00ea bi k\u00earan hate ku\u015ftin\"},{\"@type\":\"BreadcrumbList\",\"@id\":\"https:\\\/\\\/darkamazi.info\\\/archives\\\/1051147#breadcrumb\",\"itemListElement\":[{\"@type\":\"ListItem\",\"position\":1,\"name\":\"Home\",\"item\":\"https:\\\/\\\/darkamazi.info\\\/\"},{\"@type\":\"ListItem\",\"position\":2,\"name\":\"Li Sil\u00eamaniy\u00ea welatiyek\u00ee ji Bakur\u00ea Kurdistan\u00ea bi k\u00earan hate ku\u015ftin\"}]},{\"@type\":\"WebSite\",\"@id\":\"https:\\\/\\\/darkamazi.info\\\/#website\",\"url\":\"https:\\\/\\\/darkamazi.info\\\/\",\"name\":\"Darka Maz\u00ee\",\"description\":\"P\u00eageha Zanyariy\u00ean Nebih\u00eest\u00ee\",\"publisher\":{\"@id\":\"https:\\\/\\\/darkamazi.info\\\/#organization\"},\"potentialAction\":[{\"@type\":\"SearchAction\",\"target\":{\"@type\":\"EntryPoint\",\"urlTemplate\":\"https:\\\/\\\/darkamazi.info\\\/?s={search_term_string}\"},\"query-input\":{\"@type\":\"PropertyValueSpecification\",\"valueRequired\":true,\"valueName\":\"search_term_string\"}}],\"inLanguage\":\"en-US\"},{\"@type\":\"Organization\",\"@id\":\"https:\\\/\\\/darkamazi.info\\\/#organization\",\"name\":\"Darka Maz\u00ee\",\"url\":\"https:\\\/\\\/darkamazi.info\\\/\",\"logo\":{\"@type\":\"ImageObject\",\"inLanguage\":\"en-US\",\"@id\":\"https:\\\/\\\/darkamazi.info\\\/#\\\/schema\\\/logo\\\/image\\\/\",\"url\":\"https:\\\/\\\/darkamazi.info\\\/darka-content\\\/uploads\\\/2017\\\/12\\\/darka-mazi-logo.png\",\"contentUrl\":\"https:\\\/\\\/darkamazi.info\\\/darka-content\\\/uploads\\\/2017\\\/12\\\/darka-mazi-logo.png\",\"width\":151,\"height\":75,\"caption\":\"Darka Maz\u00ee\"},\"image\":{\"@id\":\"https:\\\/\\\/darkamazi.info\\\/#\\\/schema\\\/logo\\\/image\\\/\"},\"sameAs\":[\"https:\\\/\\\/www.facebook.com\\\/DarMaziKurmanci\",\"https:\\\/\\\/x.com\\\/DarkaMaziLatini\",\"https:\\\/\\\/www.instagram.com\\\/darkamazi.kurmanci\\\/\",\"https:\\\/\\\/www.youtube.com\\\/channel\\\/UCa5HkTdmI8U1qCUFuTw8B2g\"]},{\"@type\":\"Person\",\"@id\":\"https:\\\/\\\/darkamazi.info\\\/#\\\/schema\\\/person\\\/5ad3e24553a0567993fa8ed4bd0a776c\",\"name\":\"darka mazi\",\"sameAs\":[\"https:\\\/\\\/darkamazi.info\\\/\"],\"url\":\"https:\\\/\\\/darkamazi.info\\\/archives\\\/author\\\/kurdi\"}]}<\/script>\n<!-- \/ Yoast SEO plugin. -->","seo_head_json":{"title":"Li Sil\u00eamaniy\u00ea welatiyek\u00ee ji Bakur\u00ea Kurdistan\u00ea bi k\u00earan hate ku\u015ftin - Darka Maz\u00ee","robots":{"index":"index","follow":"follow","max-snippet":"max-snippet:-1","max-image-preview":"max-image-preview:large","max-video-preview":"max-video-preview:-1"},"canonical":"https:\/\/darkamazi.info\/archives\/1051147","og_locale":"en_US","og_type":"article","og_title":"Li Sil\u00eamaniy\u00ea welatiyek\u00ee ji Bakur\u00ea Kurdistan\u00ea bi k\u00earan hate ku\u015ftin - Darka Maz\u00ee","og_description":"Li gor agahiyan \u00eero roja \u015femiy\u00ea li otela Tac\u00ee Pa\u015fa di nav bazara bajar\u00ea Sil\u00eamaniy\u00ea, term\u00ea kesek\u00ee hatiye d\u00eetin ku \u015fop\u00ean k\u00ear\u00ea di la\u015f\u00ea w\u00ee de hene. Her li gor agahiyan, kes\u00ea hatiye ku\u015ftin ji Bak\u00fbr\u00ea Kurdistan\u00ea ye \u00fb h\u00een sedema ku\u015ftina w\u00ee nehatiye zan\u00een. Heta niha pol\u00ees\u00ea Sil\u00eamaniy\u00ea di derbar\u00ea ku\u015ftina w\u00ee hemwelat\u00ee ve [&hellip;]","og_url":"https:\/\/darkamazi.info\/archives\/1051147","og_site_name":"Darka Maz\u00ee","article_publisher":"https:\/\/www.facebook.com\/DarMaziKurmanci","article_published_time":"2025-12-27T14:22:07+00:00","og_image":[{"width":900,"height":500,"url":"https:\/\/darkamazi.info\/file\/2025\/12\/Sulaymani-azmar-drone.jpg","type":"image\/jpeg"}],"author":"darka mazi","twitter_card":"summary_large_image","twitter_creator":"@DarkaMaziLatini","twitter_site":"@DarkaMaziLatini","twitter_misc":{"Written by":"darka mazi","Est. reading time":"1 minute"},"schema":{"@context":"https:\/\/schema.org","@graph":[{"@type":"Article","@id":"https:\/\/darkamazi.info\/archives\/1051147#article","isPartOf":{"@id":"https:\/\/darkamazi.info\/archives\/1051147"},"author":{"name":"darka mazi","@id":"https:\/\/darkamazi.info\/#\/schema\/person\/5ad3e24553a0567993fa8ed4bd0a776c"},"headline":"Li Sil\u00eamaniy\u00ea welatiyek\u00ee ji Bakur\u00ea Kurdistan\u00ea bi k\u00earan hate ku\u015ftin","datePublished":"2025-12-27T14:22:07+00:00","mainEntityOfPage":{"@id":"https:\/\/darkamazi.info\/archives\/1051147"},"wordCount":84,"publisher":{"@id":"https:\/\/darkamazi.info\/#organization"},"image":{"@id":"https:\/\/darkamazi.info\/archives\/1051147#primaryimage"},"thumbnailUrl":"https:\/\/darkamazi.info\/file\/2025\/12\/Sulaymani-azmar-drone.jpg","keywords":["sereke"],"articleSection":["Kurdistan"],"inLanguage":"en-US"},{"@type":"WebPage","@id":"https:\/\/darkamazi.info\/archives\/1051147","url":"https:\/\/darkamazi.info\/archives\/1051147","name":"Li Sil\u00eamaniy\u00ea welatiyek\u00ee ji Bakur\u00ea Kurdistan\u00ea bi k\u00earan hate ku\u015ftin - Darka Maz\u00ee","isPartOf":{"@id":"https:\/\/darkamazi.info\/#website"},"primaryImageOfPage":{"@id":"https:\/\/darkamazi.info\/archives\/1051147#primaryimage"},"image":{"@id":"https:\/\/darkamazi.info\/archives\/1051147#primaryimage"},"thumbnailUrl":"https:\/\/darkamazi.info\/file\/2025\/12\/Sulaymani-azmar-drone.jpg","datePublished":"2025-12-27T14:22:07+00:00","breadcrumb":{"@id":"https:\/\/darkamazi.info\/archives\/1051147#breadcrumb"},"inLanguage":"en-US","potentialAction":[{"@type":"ReadAction","target":["https:\/\/darkamazi.info\/archives\/1051147"]}]},{"@type":"ImageObject","inLanguage":"en-US","@id":"https:\/\/darkamazi.info\/archives\/1051147#primaryimage","url":"https:\/\/darkamazi.info\/file\/2025\/12\/Sulaymani-azmar-drone.jpg","contentUrl":"https:\/\/darkamazi.info\/file\/2025\/12\/Sulaymani-azmar-drone.jpg","width":900,"height":500,"caption":"Li Sil\u00eamaniy\u00ea welatiyek\u00ee ji Bakur\u00ea Kurdistan\u00ea bi k\u00earan hate ku\u015ftin"},{"@type":"BreadcrumbList","@id":"https:\/\/darkamazi.info\/archives\/1051147#breadcrumb","itemListElement":[{"@type":"ListItem","position":1,"name":"Home","item":"https:\/\/darkamazi.info\/"},{"@type":"ListItem","position":2,"name":"Li Sil\u00eamaniy\u00ea welatiyek\u00ee ji Bakur\u00ea Kurdistan\u00ea bi k\u00earan hate ku\u015ftin"}]},{"@type":"WebSite","@id":"https:\/\/darkamazi.info\/#website","url":"https:\/\/darkamazi.info\/","name":"Darka Maz\u00ee","description":"P\u00eageha Zanyariy\u00ean Nebih\u00eest\u00ee","publisher":{"@id":"https:\/\/darkamazi.info\/#organization"},"potentialAction":[{"@type":"SearchAction","target":{"@type":"EntryPoint","urlTemplate":"https:\/\/darkamazi.info\/?s={search_term_string}"},"query-input":{"@type":"PropertyValueSpecification","valueRequired":true,"valueName":"search_term_string"}}],"inLanguage":"en-US"},{"@type":"Organization","@id":"https:\/\/darkamazi.info\/#organization","name":"Darka Maz\u00ee","url":"https:\/\/darkamazi.info\/","logo":{"@type":"ImageObject","inLanguage":"en-US","@id":"https:\/\/darkamazi.info\/#\/schema\/logo\/image\/","url":"https:\/\/darkamazi.info\/file\/2017\/12\/darka-mazi-logo.png","contentUrl":"https:\/\/darkamazi.info\/file\/2017\/12\/darka-mazi-logo.png","width":151,"height":75,"caption":"Darka Maz\u00ee"},"image":{"@id":"https:\/\/darkamazi.info\/#\/schema\/logo\/image\/"},"sameAs":["https:\/\/www.facebook.com\/DarMaziKurmanci","https:\/\/x.com\/DarkaMaziLatini","https:\/\/www.instagram.com\/darkamazi.kurmanci\/","https:\/\/www.youtube.com\/channel\/UCa5HkTdmI8U1qCUFuTw8B2g"]},{"@type":"Person","@id":"https:\/\/darkamazi.info\/#\/schema\/person\/5ad3e24553a0567993fa8ed4bd0a776c","name":"darka mazi","sameAs":["https:\/\/darkamazi.info\/"],"url":"https:\/\/darkamazi.info\/archives\/author\/kurdi"}]}},"_links":{"self":[{"href":"https:\/\/darkamazi.info\/funavuv\/wp\/v2\/posts\/1051147","targetHints":{"allow":["GET"]}}],"collection":[{"href":"https:\/\/darkamazi.info\/funavuv\/wp\/v2\/posts"}],"about":[{"href":"https:\/\/darkamazi.info\/funavuv\/wp\/v2\/types\/post"}],"author":[{"embeddable":true,"href":"https:\/\/darkamazi.info\/funavuv\/wp\/v2\/users\/2"}],"replies":[{"embeddable":true,"href":"https:\/\/darkamazi.info\/funavuv\/wp\/v2\/comments?post=1051147"}],"version-history":[{"count":0,"href":"https:\/\/darkamazi.info\/funavuv\/wp\/v2\/posts\/1051147\/revisions"}],"wp:featuredmedia":[{"embeddable":true,"href":"https:\/\/darkamazi.info\/funavuv\/wp\/v2\/media\/1051148"}],"wp:attachment":[{"href":"https:\/\/darkamazi.info\/funavuv\/wp\/v2\/media?parent=1051147"}],"wp:term":[{"taxonomy":"category","embeddable":true,"href":"https:\/\/darkamazi.info\/funavuv\/wp\/v2\/categories?post=1051147"},{"taxonomy":"post_tag","embeddable":true,"href":"https:\/\/darkamazi.info\/funavuv\/wp\/v2\/tags?post=1051147"}],"curies":[{"name":"wp","href":"https:\/\/api.w.org\/{rel}","templated":true}]}}