{"id":1051151,"date":"2025-12-28T12:07:18","date_gmt":"2025-12-28T09:07:18","guid":{"rendered":"https:\/\/darkamazi.info\/?p=1051151"},"modified":"2025-12-28T12:07:18","modified_gmt":"2025-12-28T09:07:18","slug":"pwk-sehiden-robozke-ji-me-re-dibejin-bi-hismendiyeke-neteweyi-hevkariyen-xwe-pek-binin","status":"publish","type":"post","link":"https:\/\/darkamazi.info\/archives\/1051151","title":{"rendered":"PWK: \u015eeh\u00eed\u00ean Robozk\u00ea ji me re dib\u00eajin bi hi\u015fmend\u00eeyeke netewey\u00ee, hevkar\u00eey\u00ean xwe p\u00eak b\u00eenin"},"content":{"rendered":"<h3 style=\"text-align: justify\"><span style=\"font-family: 'arial black', sans-serif\">Buroya Ragehandin\u00ea ya Part\u00eeya Welatpar\u00eaz\u00ean Kurdistan\u00ea (PWK):<\/span><\/h3>\n<h3 style=\"text-align: justify\">\u015eeh\u00eed\u00ean Robozk\u00ea ji me re dib\u00eajin \u2018bi hi\u015fmend\u00eeyeke netewey\u00ee, hevkar\u00eey\u00ean xwe p\u00eak b\u00eenin\u2019<\/h3>\n<h3 style=\"text-align: justify\">Di 14em\u00een salvegera qetl\u00eeama Robozk\u00ea de, \u015feh\u00eed\u00ean Robozk\u00ea, li v\u00ea qetl\u00eeama ku Dewleta Tirk\u00eeyey\u00ea kir\u00eeye ya ku h\u00eena j\u00ee weke \u201dfa\u00eel\u00ee ma\u00e7h\u00fbl\u201d maye tema\u015fe dikin.<\/h3>\n<h3 style=\"text-align: justify\">Dewleta Tirk\u00eeyey\u00ea, hem kiryardar\u00ea v\u00ea qetl\u00eeam\u00ea ye, hem h\u00eena j\u00ee qurban\u00eey\u00ean qetl\u00eeam\u00ea s\u00fb\u00e7dar dike.<\/h3>\n<h3 style=\"text-align: justify\">\u015eeh\u00eed\u00ean Robozk\u00ea \u00fb w\u00eejdan\u00ea mirovah\u00eey\u00ea, bi awayek\u00ee ec\u00eab may\u00ee tema\u015fey\u00ee w\u00ea c\u00eehana ku li himber\u00ee v\u00ea qetl\u00eeam\u00ea h\u00eena j\u00ee weke kerr \u00fb koran tevdigerin dike.<\/h3>\n<h3 style=\"text-align: justify\">Bel\u00ea, \u015feh\u00eed\u00ean Robozk\u00ea li me, li y\u00ean dib\u00eajin \u201dEm Qetl\u00eeama Robozk\u00ea ji b\u00eer nakin\u201d tema\u015fe dikin.<\/h3>\n<h3 style=\"text-align: justify\">\u015eeh\u00eed\u00ean Robozk\u00ea, li gotin\u00ean me y\u00ean \u201dEm \u015e\u00eax Se\u00eed, Sey\u00eed Riza, Qaz\u00ee Mihemed, Melle Mustafa Barzan\u00ee, Heleb\u00e7e \u00fb Enfal\u00ea ji b\u00eer nakin\u201d guhdar dikin.<\/h3>\n<h3 style=\"text-align: justify\">\u015eeh\u00eed\u00ean Robozk\u00ea li me, li y\u00ean dib\u00eajin \u201dEm \u015feh\u00eed\u00ean xwe ji b\u00eer nakin\u201d, l\u00ea d\u00eesa j\u00ee her roj bi dehan kesan \u015feh\u00eed didin tema\u015fe dikin.<\/h3>\n<h3 style=\"text-align: justify\">\u015eeh\u00eed\u00ean Robozk\u00ea, li ew\u00ean ku bi ezezt\u00eeya xwe, bi per\u00e7eb\u00fbn \u00fb bi jihevketina xwe, dibin sebep ku r\u00eaya azad\u00eey\u00ea zehemettir \u00fb dir\u00eajtir bibe tema\u015fe dikin.<\/h3>\n<h3 style=\"text-align: justify\">\u015eeh\u00eed\u00ean Robozk\u00ea, li ew\u00ean ku bi ezezt\u00eeya xwe, bi per\u00e7eb\u00fbn \u00fb bi jihevketina xwe, berhem\u00ean hem\u00fb fedekar\u00ee, \u015fehadet \u00fb berxwedan\u00ean gel\u00ea me lawaz dikin tema\u015fe dikin.<\/h3>\n<h3 style=\"text-align: justify\">Ew\u00ean ku ji bo yekit\u00eeyeke netewey\u00ee, sekneke netewey\u00ee, hi\u015fmend\u00eeyeke netewey\u00ee \u00e7\u00eanebe \u00fb nekemile, \u00e7i ji dest\u00ean wan t\u00ea dikin; bel\u00ea, \u015feh\u00eed\u00ean Robozk\u00ea li wan tema\u015fe dikin.<\/h3>\n<h3 style=\"text-align: justify\">Ba\u015f\u00ea, \u00e7i ji me dixwazin, \u00e7i ji me dip\u00ean \u015feh\u00eed\u00ean Robozk\u00ea?<\/h3>\n<h3 style=\"text-align: justify\">\u015eeh\u00eed\u00ean Robozk\u00ea, ji me re dib\u00eajin: Y\u00ean di nav part\u00eeyek\u00ea de dikarin bibin yek, bila bibin yek; y\u00ean nikarin bibin yek, bila hevkar\u00ee \u00fb tifaqan bikin; y\u00ean nikarin hevkar\u00eeyan bikin bila di nav dan \u00fb stendin \u00fb d\u00eeyalogan de bin; y\u00ean nikarin d\u00eeyalogan j\u00ee bime\u015f\u00eenin, bila dijminat\u00eeya hev nekin.<\/h3>\n<h3 style=\"text-align: justify\">\u015eeh\u00eed\u00ean Robozk\u00ea, li Bakur\u00ea Kurdistan\u00ea li benda part\u00eeyeke xurt, girsey\u00ee, mil\u00ee, demokrat in; li benda tifaqeke stratej\u00eek ya netew\u00ee \u00fb demokrat\u00eek ya xurt in; li benda w\u00ea yek\u00ea ne ku li ser daxwaz\u00ean ac\u00eel y\u00ean milet\u00ea Kurd, hevkar\u00eeyeke berfireh p\u00eak were \u00fb bi v\u00ea hevkar\u00eey\u00ea hem\u00fb al\u00eey\u00ean kurdan bibin teref \u00fb mixatab\u00ean Dewleta Tirk\u00eeyey\u00ea.<\/h3>\n<h3 style=\"text-align: justify\">\u015eeh\u00eed\u00ean Robozk\u00ea, li Ba\u015f\u00fbr\u00ea Kurdistan\u00ea li benda w\u00ea yek\u00ea ne ku bi yekr\u00eaz\u00eeya gel\u00ea me, hik\u00fbmeteke xurt ya yekgirt\u00ee, mil\u00ee, ni\u015ftiman\u00ee b\u00ea ava kirin \u00fb ev hik\u00fbmet bikaribe yekit\u00eeya dezgeh\u00ean p\u00ea\u015fmerge, ewlekar\u00ee, abor\u00ee, d\u00eeplomas\u00ee, r\u00eavebir\u00ee y\u00ean Her\u00eama Kurdistan\u00ea p\u00eak b\u00eene, destkeft\u00eey\u00ean federal\u00ee bipar\u00eaze \u00fb p\u00ea\u015fde bibe \u00fb li gel Bexday\u00ea, li gel hem\u00fb dewletan wek yek al\u00eeyek\u00ee tevbigerin, bibin mixetab.<\/h3>\n<h3 style=\"text-align: justify\">\u015eeh\u00eed\u00ean Robozk\u00ea, li Rojavay\u00ea Kurdistan\u00ea li benda w\u00ea yek\u00ea ne ku birayar\u00ean Konferansa Qami\u015floy\u00ea ya ku di 26\u00ea N\u00eesana 2025\u00ea de li dar ketib\u00fb b\u00eane bic\u00eeh an\u00een \u00fb ew Heyeta Tems\u00eel\u00ea ya k udi konferans\u00ea de hatib\u00fb hilbijartin, wek n\u00fbner\u00ea gele me y\u00ea Rojavay\u00ea Kurdistan\u00ea bibe mixatab\u00ea R\u00eavebir\u00eeya \u015eam\u00ea \u00fb hem\u00fb dewlet\u00ean c\u00eehan\u00ea.<\/h3>\n<h3 style=\"text-align: justify\">\u015eeh\u00eed\u00ean Robozk\u00ea dib\u00eajin, mimkune ku di encama van p\u00ea\u015fhatey\u00ean li Rojhilata N\u00eaz\u00eek \u00fb Rojhilata Nav\u00een, hinek firsend\u00ean mezin b\u00eane ber der\u00eey\u00ea xu\u015fk \u00fb biray\u00ean me y\u00ean li Rojhilat\u00ea Kurdistan\u00ea. Ji bo ku bikaribin van firsendan ba\u015f bikar b\u00eenin \u00fb ji bo gel\u00ea me destkeftinan bidest bixin, div\u00ea h\u00eaz\u00ean netewey\u00ee y\u00ean li Rojhilat\u00ea Kurdistan\u00ea bi awayek\u00ee berfireh, hevkar\u00ee \u00fb tifaq\u00ean xwe y\u00ean netewey\u00ee, demokrat\u00eek p\u00eak b\u00eenin.<\/h3>\n<h3 style=\"text-align: justify\">Bel\u00ea, \u015eeh\u00eed\u00ean Robozk\u00ea \u00fb hem\u00fb \u015feh\u00eed\u00ean me dib\u00eajin, \u00eero ji her dem\u00ea z\u00eadetir p\u00eaw\u00eest\u00ee bi w\u00ea yek\u00ea heye ku li ser hi\u015fmend\u00eeya netewey\u00ee, demokrat\u00eek, li her per\u00e7eyek\u00ee Kurdistan\u00ea hevkar\u00ee \u00fb tifaq b\u00eane h\u00fbnadin; di nava h\u00eaz\u00ean her \u00e7ar per\u00e7ey\u00ean Kurdistan\u00ea \u00fb d\u00eeasporay\u00ea de j\u00ee, tor \u00fb mekan\u00eezmayeke ku bikaribe koord\u00eenasyon, hemaheng\u00ee, d\u00eeyalog, dan \u00fb stendin, lihevxwed\u00eederketin, pi\u015ftgir\u00ee, al\u00eekar\u00ee, \u015f\u00eawra navxwey\u00ee, bi hev re d\u00eeyar kirina fikir \u00fb helwest\u00ean hevbe\u015f bih\u00fbne heye.<\/h3>\n<h3 style=\"text-align: justify\">Em di w\u00ea bawer\u00ee \u00fb h\u00eav\u00eey\u00ea de ne ku Qetl\u00eeama Robozk\u00ea \u00fb qesas \u00fb berpirs\u00ean w\u00ea qetl\u00eeam\u00ea\u00a0 rojek\u00ea d\u00ea b\u00eane darizandin.<\/h3>\n<h3 style=\"text-align: justify\">Bel\u00ea, me qetl\u00eeama Robozk\u00ea ya ku di \u015feva 28.12.2011\u00ea de, ji al\u00eey\u00ea Dewleta Tirk\u00eeyey\u00ea ve hate li dar xistin ji b\u00eer nekir\u00eeye, em\u00ea ji b\u00eer nekin.<\/h3>\n<h3 style=\"text-align: justify\">Em v\u00ea qetl\u00eeam\u00ea \u015fermezar dikin.<\/h3>\n<h3 style=\"text-align: justify\">Ji bo qetl\u00eem\u00ean n\u00fb r\u00fbnedin, p\u00eaw\u00eest\u00eeya me bi hevgirtin, hevkar\u00ee, tifaq\u00ean netewey\u00ee heye, p\u00eaw\u00eest\u00eeya me bi welatek\u00ee azad \u00fb di welat\u00ea xwe y\u00ea azad de bi jiyaneke adil \u00fb azad heye.<\/h3>\n<h3 style=\"text-align: justify\">Em \u015feh\u00eed\u00ean Robozk\u00ea \u00fb hem\u00fb \u015feh\u00eed\u00ean xwe bi r\u00eazdar\u00ee bi b\u00eer t\u00eenin, ruh\u00ea wan \u015fad, c\u00eeh\u00ea wan bihu\u015ft be.<\/h3>\n<h3 style=\"text-align: justify\">Em bang\u00ee Netew\u00ean Yekb\u00fby\u00ee, Konseya Ewr\u00fbpay\u00ea, Mehkemeya Maf\u00ea Mirovan ya Ewropay\u00ea \u00fb dezgeh\u00ean peywend\u00eedar y\u00ean c\u00eehan\u00ea dikin ku ji bo qesas \u00fb berpirs\u00ean v\u00ea qetl\u00eeam\u00ea b\u00eane darizandin, gav\u00ean p\u00eaw\u00eest\u00ee p\u00ea hene bav\u00eajin.<\/h3>\n<h3 style=\"text-align: justify\">28.12.2025<\/h3>\n<h3 style=\"text-align: justify\">Buroya Ragehandin\u00ea ya Part\u00eeya Welatpar\u00eaz\u00ean Kurdistan\u00ea (PWK)<\/h3>\n","protected":false},"excerpt":{"rendered":"<p>Buroya Ragehandin\u00ea ya Part\u00eeya Welatpar\u00eaz\u00ean Kurdistan\u00ea (PWK): \u015eeh\u00eed\u00ean Robozk\u00ea ji me re dib\u00eajin \u2018bi hi\u015fmend\u00eeyeke netewey\u00ee, hevkar\u00eey\u00ean xwe p\u00eak b\u00eenin\u2019 Di 14em\u00een salvegera qetl\u00eeama Robozk\u00ea de, \u015feh\u00eed\u00ean Robozk\u00ea, li v\u00ea qetl\u00eeama ku Dewleta Tirk\u00eeyey\u00ea kir\u00eeye ya ku h\u00eena j\u00ee weke \u201dfa\u00eel\u00ee ma\u00e7h\u00fbl\u201d maye tema\u015fe dikin. Dewleta Tirk\u00eeyey\u00ea, hem kiryardar\u00ea v\u00ea qetl\u00eeam\u00ea ye, hem h\u00eena j\u00ee [&hellip;]<\/p>\n","protected":false},"author":2,"featured_media":1051152,"comment_status":"closed","ping_status":"closed","sticky":false,"template":"","format":"standard","meta":{"footnotes":""},"categories":[29],"tags":[37],"class_list":["post-1051151","post","type-post","status-publish","format-standard","has-post-thumbnail","hentry","category-kurdistan","tag-sereke"],"blocksy_meta":[],"seo_head":"<!-- This site is optimized with the Yoast SEO plugin v27.5 - https:\/\/yoast.com\/product\/yoast-seo-wordpress\/ -->\n<title>PWK: \u015eeh\u00eed\u00ean Robozk\u00ea ji me re dib\u00eajin bi hi\u015fmend\u00eeyeke netewey\u00ee, hevkar\u00eey\u00ean xwe p\u00eak b\u00eenin - Darka Maz\u00ee<\/title>\n<meta name=\"robots\" content=\"index, follow, max-snippet:-1, max-image-preview:large, max-video-preview:-1\" \/>\n<link rel=\"canonical\" href=\"https:\/\/darkamazi.info\/archives\/1051151\" \/>\n<meta property=\"og:locale\" content=\"en_US\" \/>\n<meta property=\"og:type\" content=\"article\" \/>\n<meta property=\"og:title\" content=\"PWK: \u015eeh\u00eed\u00ean Robozk\u00ea ji me re dib\u00eajin bi hi\u015fmend\u00eeyeke netewey\u00ee, hevkar\u00eey\u00ean xwe p\u00eak b\u00eenin - Darka Maz\u00ee\" \/>\n<meta property=\"og:description\" content=\"Buroya Ragehandin\u00ea ya Part\u00eeya Welatpar\u00eaz\u00ean Kurdistan\u00ea (PWK): \u015eeh\u00eed\u00ean Robozk\u00ea ji me re dib\u00eajin \u2018bi hi\u015fmend\u00eeyeke netewey\u00ee, hevkar\u00eey\u00ean xwe p\u00eak b\u00eenin\u2019 Di 14em\u00een salvegera qetl\u00eeama Robozk\u00ea de, \u015feh\u00eed\u00ean Robozk\u00ea, li v\u00ea qetl\u00eeama ku Dewleta Tirk\u00eeyey\u00ea kir\u00eeye ya ku h\u00eena j\u00ee weke \u201dfa\u00eel\u00ee ma\u00e7h\u00fbl\u201d maye tema\u015fe dikin. Dewleta Tirk\u00eeyey\u00ea, hem kiryardar\u00ea v\u00ea qetl\u00eeam\u00ea ye, hem h\u00eena j\u00ee [&hellip;]\" \/>\n<meta property=\"og:url\" content=\"https:\/\/darkamazi.info\/archives\/1051151\" \/>\n<meta property=\"og:site_name\" content=\"Darka Maz\u00ee\" \/>\n<meta property=\"article:publisher\" content=\"https:\/\/www.facebook.com\/DarMaziKurmanci\" \/>\n<meta property=\"article:published_time\" content=\"2025-12-28T09:07:18+00:00\" \/>\n<meta property=\"og:image\" content=\"https:\/\/darkamazi.info\/file\/2025\/12\/28.12.2011-roboske.jpg\" \/>\n\t<meta property=\"og:image:width\" content=\"900\" \/>\n\t<meta property=\"og:image:height\" content=\"497\" \/>\n\t<meta property=\"og:image:type\" content=\"image\/jpeg\" \/>\n<meta name=\"author\" content=\"darka mazi\" \/>\n<meta name=\"twitter:card\" content=\"summary_large_image\" \/>\n<meta name=\"twitter:creator\" content=\"@DarkaMaziLatini\" \/>\n<meta name=\"twitter:site\" content=\"@DarkaMaziLatini\" \/>\n<meta name=\"twitter:label1\" content=\"Written by\" \/>\n\t<meta name=\"twitter:data1\" content=\"darka mazi\" \/>\n\t<meta name=\"twitter:label2\" content=\"Est. reading time\" \/>\n\t<meta name=\"twitter:data2\" content=\"4 minutes\" \/>\n<script type=\"application\/ld+json\" class=\"seo-schema-graph\">{\"@context\":\"https:\\\/\\\/schema.org\",\"@graph\":[{\"@type\":\"Article\",\"@id\":\"https:\\\/\\\/darkamazi.info\\\/archives\\\/1051151#article\",\"isPartOf\":{\"@id\":\"https:\\\/\\\/darkamazi.info\\\/archives\\\/1051151\"},\"author\":{\"name\":\"darka mazi\",\"@id\":\"https:\\\/\\\/darkamazi.info\\\/#\\\/schema\\\/person\\\/5ad3e24553a0567993fa8ed4bd0a776c\"},\"headline\":\"PWK: \u015eeh\u00eed\u00ean Robozk\u00ea ji me re dib\u00eajin bi hi\u015fmend\u00eeyeke netewey\u00ee, hevkar\u00eey\u00ean xwe p\u00eak b\u00eenin\",\"datePublished\":\"2025-12-28T09:07:18+00:00\",\"mainEntityOfPage\":{\"@id\":\"https:\\\/\\\/darkamazi.info\\\/archives\\\/1051151\"},\"wordCount\":972,\"publisher\":{\"@id\":\"https:\\\/\\\/darkamazi.info\\\/#organization\"},\"image\":{\"@id\":\"https:\\\/\\\/darkamazi.info\\\/archives\\\/1051151#primaryimage\"},\"thumbnailUrl\":\"https:\\\/\\\/darkamazi.info\\\/darka-content\\\/uploads\\\/2025\\\/12\\\/28.12.2011-roboske.jpg\",\"keywords\":[\"sereke\"],\"articleSection\":[\"Kurdistan\"],\"inLanguage\":\"en-US\"},{\"@type\":\"WebPage\",\"@id\":\"https:\\\/\\\/darkamazi.info\\\/archives\\\/1051151\",\"url\":\"https:\\\/\\\/darkamazi.info\\\/archives\\\/1051151\",\"name\":\"PWK: \u015eeh\u00eed\u00ean Robozk\u00ea ji me re dib\u00eajin bi hi\u015fmend\u00eeyeke netewey\u00ee, hevkar\u00eey\u00ean xwe p\u00eak b\u00eenin - Darka Maz\u00ee\",\"isPartOf\":{\"@id\":\"https:\\\/\\\/darkamazi.info\\\/#website\"},\"primaryImageOfPage\":{\"@id\":\"https:\\\/\\\/darkamazi.info\\\/archives\\\/1051151#primaryimage\"},\"image\":{\"@id\":\"https:\\\/\\\/darkamazi.info\\\/archives\\\/1051151#primaryimage\"},\"thumbnailUrl\":\"https:\\\/\\\/darkamazi.info\\\/darka-content\\\/uploads\\\/2025\\\/12\\\/28.12.2011-roboske.jpg\",\"datePublished\":\"2025-12-28T09:07:18+00:00\",\"breadcrumb\":{\"@id\":\"https:\\\/\\\/darkamazi.info\\\/archives\\\/1051151#breadcrumb\"},\"inLanguage\":\"en-US\",\"potentialAction\":[{\"@type\":\"ReadAction\",\"target\":[\"https:\\\/\\\/darkamazi.info\\\/archives\\\/1051151\"]}]},{\"@type\":\"ImageObject\",\"inLanguage\":\"en-US\",\"@id\":\"https:\\\/\\\/darkamazi.info\\\/archives\\\/1051151#primaryimage\",\"url\":\"https:\\\/\\\/darkamazi.info\\\/darka-content\\\/uploads\\\/2025\\\/12\\\/28.12.2011-roboske.jpg\",\"contentUrl\":\"https:\\\/\\\/darkamazi.info\\\/darka-content\\\/uploads\\\/2025\\\/12\\\/28.12.2011-roboske.jpg\",\"width\":900,\"height\":497,\"caption\":\"PWK: \u015eeh\u00eed\u00ean Robozk\u00ea ji me re dib\u00eajin bi hi\u015fmend\u00eeyeke netewey\u00ee, hevkar\u00eey\u00ean xwe p\u00eak b\u00eenin\"},{\"@type\":\"BreadcrumbList\",\"@id\":\"https:\\\/\\\/darkamazi.info\\\/archives\\\/1051151#breadcrumb\",\"itemListElement\":[{\"@type\":\"ListItem\",\"position\":1,\"name\":\"Home\",\"item\":\"https:\\\/\\\/darkamazi.info\\\/\"},{\"@type\":\"ListItem\",\"position\":2,\"name\":\"PWK: \u015eeh\u00eed\u00ean Robozk\u00ea ji me re dib\u00eajin bi hi\u015fmend\u00eeyeke netewey\u00ee, hevkar\u00eey\u00ean xwe p\u00eak b\u00eenin\"}]},{\"@type\":\"WebSite\",\"@id\":\"https:\\\/\\\/darkamazi.info\\\/#website\",\"url\":\"https:\\\/\\\/darkamazi.info\\\/\",\"name\":\"Darka Maz\u00ee\",\"description\":\"P\u00eageha Zanyariy\u00ean Nebih\u00eest\u00ee\",\"publisher\":{\"@id\":\"https:\\\/\\\/darkamazi.info\\\/#organization\"},\"potentialAction\":[{\"@type\":\"SearchAction\",\"target\":{\"@type\":\"EntryPoint\",\"urlTemplate\":\"https:\\\/\\\/darkamazi.info\\\/?s={search_term_string}\"},\"query-input\":{\"@type\":\"PropertyValueSpecification\",\"valueRequired\":true,\"valueName\":\"search_term_string\"}}],\"inLanguage\":\"en-US\"},{\"@type\":\"Organization\",\"@id\":\"https:\\\/\\\/darkamazi.info\\\/#organization\",\"name\":\"Darka Maz\u00ee\",\"url\":\"https:\\\/\\\/darkamazi.info\\\/\",\"logo\":{\"@type\":\"ImageObject\",\"inLanguage\":\"en-US\",\"@id\":\"https:\\\/\\\/darkamazi.info\\\/#\\\/schema\\\/logo\\\/image\\\/\",\"url\":\"https:\\\/\\\/darkamazi.info\\\/darka-content\\\/uploads\\\/2017\\\/12\\\/darka-mazi-logo.png\",\"contentUrl\":\"https:\\\/\\\/darkamazi.info\\\/darka-content\\\/uploads\\\/2017\\\/12\\\/darka-mazi-logo.png\",\"width\":151,\"height\":75,\"caption\":\"Darka Maz\u00ee\"},\"image\":{\"@id\":\"https:\\\/\\\/darkamazi.info\\\/#\\\/schema\\\/logo\\\/image\\\/\"},\"sameAs\":[\"https:\\\/\\\/www.facebook.com\\\/DarMaziKurmanci\",\"https:\\\/\\\/x.com\\\/DarkaMaziLatini\",\"https:\\\/\\\/www.instagram.com\\\/darkamazi.kurmanci\\\/\",\"https:\\\/\\\/www.youtube.com\\\/channel\\\/UCa5HkTdmI8U1qCUFuTw8B2g\"]},{\"@type\":\"Person\",\"@id\":\"https:\\\/\\\/darkamazi.info\\\/#\\\/schema\\\/person\\\/5ad3e24553a0567993fa8ed4bd0a776c\",\"name\":\"darka mazi\",\"sameAs\":[\"https:\\\/\\\/darkamazi.info\\\/\"],\"url\":\"https:\\\/\\\/darkamazi.info\\\/archives\\\/author\\\/kurdi\"}]}<\/script>\n<!-- \/ Yoast SEO plugin. -->","seo_head_json":{"title":"PWK: \u015eeh\u00eed\u00ean Robozk\u00ea ji me re dib\u00eajin bi hi\u015fmend\u00eeyeke netewey\u00ee, hevkar\u00eey\u00ean xwe p\u00eak b\u00eenin - Darka Maz\u00ee","robots":{"index":"index","follow":"follow","max-snippet":"max-snippet:-1","max-image-preview":"max-image-preview:large","max-video-preview":"max-video-preview:-1"},"canonical":"https:\/\/darkamazi.info\/archives\/1051151","og_locale":"en_US","og_type":"article","og_title":"PWK: \u015eeh\u00eed\u00ean Robozk\u00ea ji me re dib\u00eajin bi hi\u015fmend\u00eeyeke netewey\u00ee, hevkar\u00eey\u00ean xwe p\u00eak b\u00eenin - Darka Maz\u00ee","og_description":"Buroya Ragehandin\u00ea ya Part\u00eeya Welatpar\u00eaz\u00ean Kurdistan\u00ea (PWK): \u015eeh\u00eed\u00ean Robozk\u00ea ji me re dib\u00eajin \u2018bi hi\u015fmend\u00eeyeke netewey\u00ee, hevkar\u00eey\u00ean xwe p\u00eak b\u00eenin\u2019 Di 14em\u00een salvegera qetl\u00eeama Robozk\u00ea de, \u015feh\u00eed\u00ean Robozk\u00ea, li v\u00ea qetl\u00eeama ku Dewleta Tirk\u00eeyey\u00ea kir\u00eeye ya ku h\u00eena j\u00ee weke \u201dfa\u00eel\u00ee ma\u00e7h\u00fbl\u201d maye tema\u015fe dikin. Dewleta Tirk\u00eeyey\u00ea, hem kiryardar\u00ea v\u00ea qetl\u00eeam\u00ea ye, hem h\u00eena j\u00ee [&hellip;]","og_url":"https:\/\/darkamazi.info\/archives\/1051151","og_site_name":"Darka Maz\u00ee","article_publisher":"https:\/\/www.facebook.com\/DarMaziKurmanci","article_published_time":"2025-12-28T09:07:18+00:00","og_image":[{"width":900,"height":497,"url":"https:\/\/darkamazi.info\/file\/2025\/12\/28.12.2011-roboske.jpg","type":"image\/jpeg"}],"author":"darka mazi","twitter_card":"summary_large_image","twitter_creator":"@DarkaMaziLatini","twitter_site":"@DarkaMaziLatini","twitter_misc":{"Written by":"darka mazi","Est. reading time":"4 minutes"},"schema":{"@context":"https:\/\/schema.org","@graph":[{"@type":"Article","@id":"https:\/\/darkamazi.info\/archives\/1051151#article","isPartOf":{"@id":"https:\/\/darkamazi.info\/archives\/1051151"},"author":{"name":"darka mazi","@id":"https:\/\/darkamazi.info\/#\/schema\/person\/5ad3e24553a0567993fa8ed4bd0a776c"},"headline":"PWK: \u015eeh\u00eed\u00ean Robozk\u00ea ji me re dib\u00eajin bi hi\u015fmend\u00eeyeke netewey\u00ee, hevkar\u00eey\u00ean xwe p\u00eak b\u00eenin","datePublished":"2025-12-28T09:07:18+00:00","mainEntityOfPage":{"@id":"https:\/\/darkamazi.info\/archives\/1051151"},"wordCount":972,"publisher":{"@id":"https:\/\/darkamazi.info\/#organization"},"image":{"@id":"https:\/\/darkamazi.info\/archives\/1051151#primaryimage"},"thumbnailUrl":"https:\/\/darkamazi.info\/file\/2025\/12\/28.12.2011-roboske.jpg","keywords":["sereke"],"articleSection":["Kurdistan"],"inLanguage":"en-US"},{"@type":"WebPage","@id":"https:\/\/darkamazi.info\/archives\/1051151","url":"https:\/\/darkamazi.info\/archives\/1051151","name":"PWK: \u015eeh\u00eed\u00ean Robozk\u00ea ji me re dib\u00eajin bi hi\u015fmend\u00eeyeke netewey\u00ee, hevkar\u00eey\u00ean xwe p\u00eak b\u00eenin - Darka Maz\u00ee","isPartOf":{"@id":"https:\/\/darkamazi.info\/#website"},"primaryImageOfPage":{"@id":"https:\/\/darkamazi.info\/archives\/1051151#primaryimage"},"image":{"@id":"https:\/\/darkamazi.info\/archives\/1051151#primaryimage"},"thumbnailUrl":"https:\/\/darkamazi.info\/file\/2025\/12\/28.12.2011-roboske.jpg","datePublished":"2025-12-28T09:07:18+00:00","breadcrumb":{"@id":"https:\/\/darkamazi.info\/archives\/1051151#breadcrumb"},"inLanguage":"en-US","potentialAction":[{"@type":"ReadAction","target":["https:\/\/darkamazi.info\/archives\/1051151"]}]},{"@type":"ImageObject","inLanguage":"en-US","@id":"https:\/\/darkamazi.info\/archives\/1051151#primaryimage","url":"https:\/\/darkamazi.info\/file\/2025\/12\/28.12.2011-roboske.jpg","contentUrl":"https:\/\/darkamazi.info\/file\/2025\/12\/28.12.2011-roboske.jpg","width":900,"height":497,"caption":"PWK: \u015eeh\u00eed\u00ean Robozk\u00ea ji me re dib\u00eajin bi hi\u015fmend\u00eeyeke netewey\u00ee, hevkar\u00eey\u00ean xwe p\u00eak b\u00eenin"},{"@type":"BreadcrumbList","@id":"https:\/\/darkamazi.info\/archives\/1051151#breadcrumb","itemListElement":[{"@type":"ListItem","position":1,"name":"Home","item":"https:\/\/darkamazi.info\/"},{"@type":"ListItem","position":2,"name":"PWK: \u015eeh\u00eed\u00ean Robozk\u00ea ji me re dib\u00eajin bi hi\u015fmend\u00eeyeke netewey\u00ee, hevkar\u00eey\u00ean xwe p\u00eak b\u00eenin"}]},{"@type":"WebSite","@id":"https:\/\/darkamazi.info\/#website","url":"https:\/\/darkamazi.info\/","name":"Darka Maz\u00ee","description":"P\u00eageha Zanyariy\u00ean Nebih\u00eest\u00ee","publisher":{"@id":"https:\/\/darkamazi.info\/#organization"},"potentialAction":[{"@type":"SearchAction","target":{"@type":"EntryPoint","urlTemplate":"https:\/\/darkamazi.info\/?s={search_term_string}"},"query-input":{"@type":"PropertyValueSpecification","valueRequired":true,"valueName":"search_term_string"}}],"inLanguage":"en-US"},{"@type":"Organization","@id":"https:\/\/darkamazi.info\/#organization","name":"Darka Maz\u00ee","url":"https:\/\/darkamazi.info\/","logo":{"@type":"ImageObject","inLanguage":"en-US","@id":"https:\/\/darkamazi.info\/#\/schema\/logo\/image\/","url":"https:\/\/darkamazi.info\/file\/2017\/12\/darka-mazi-logo.png","contentUrl":"https:\/\/darkamazi.info\/file\/2017\/12\/darka-mazi-logo.png","width":151,"height":75,"caption":"Darka Maz\u00ee"},"image":{"@id":"https:\/\/darkamazi.info\/#\/schema\/logo\/image\/"},"sameAs":["https:\/\/www.facebook.com\/DarMaziKurmanci","https:\/\/x.com\/DarkaMaziLatini","https:\/\/www.instagram.com\/darkamazi.kurmanci\/","https:\/\/www.youtube.com\/channel\/UCa5HkTdmI8U1qCUFuTw8B2g"]},{"@type":"Person","@id":"https:\/\/darkamazi.info\/#\/schema\/person\/5ad3e24553a0567993fa8ed4bd0a776c","name":"darka mazi","sameAs":["https:\/\/darkamazi.info\/"],"url":"https:\/\/darkamazi.info\/archives\/author\/kurdi"}]}},"_links":{"self":[{"href":"https:\/\/darkamazi.info\/funavuv\/wp\/v2\/posts\/1051151","targetHints":{"allow":["GET"]}}],"collection":[{"href":"https:\/\/darkamazi.info\/funavuv\/wp\/v2\/posts"}],"about":[{"href":"https:\/\/darkamazi.info\/funavuv\/wp\/v2\/types\/post"}],"author":[{"embeddable":true,"href":"https:\/\/darkamazi.info\/funavuv\/wp\/v2\/users\/2"}],"replies":[{"embeddable":true,"href":"https:\/\/darkamazi.info\/funavuv\/wp\/v2\/comments?post=1051151"}],"version-history":[{"count":0,"href":"https:\/\/darkamazi.info\/funavuv\/wp\/v2\/posts\/1051151\/revisions"}],"wp:featuredmedia":[{"embeddable":true,"href":"https:\/\/darkamazi.info\/funavuv\/wp\/v2\/media\/1051152"}],"wp:attachment":[{"href":"https:\/\/darkamazi.info\/funavuv\/wp\/v2\/media?parent=1051151"}],"wp:term":[{"taxonomy":"category","embeddable":true,"href":"https:\/\/darkamazi.info\/funavuv\/wp\/v2\/categories?post=1051151"},{"taxonomy":"post_tag","embeddable":true,"href":"https:\/\/darkamazi.info\/funavuv\/wp\/v2\/tags?post=1051151"}],"curies":[{"name":"wp","href":"https:\/\/api.w.org\/{rel}","templated":true}]}}