{"id":1051154,"date":"2025-12-28T14:28:41","date_gmt":"2025-12-28T11:28:41","guid":{"rendered":"https:\/\/darkamazi.info\/?p=1051154"},"modified":"2025-12-28T14:28:41","modified_gmt":"2025-12-28T11:28:41","slug":"xewna-min-u-rewsa-pkk","status":"publish","type":"post","link":"https:\/\/darkamazi.info\/archives\/1051154","title":{"rendered":"Xewna min \u00fb rew\u015fa pkk"},"content":{"rendered":"<h3 style=\"text-align: justify\"><span style=\"font-family: 'arial black', sans-serif;color: #0000ff\">B\u00fbb\u00ea Eser<\/span><\/h3>\n<h3 style=\"text-align: justify\"><span style=\"font-family: 'arial black', sans-serif\">Min xewnek d\u00eet ku Xoc\u00ea Xizir hate ba min \u00fb got: B\u00fbb\u00ea y\u00ea h\u00eaja! tu \u00fb gelek\u00ean weke te xwe di\u00ea\u015f\u00eenin, r\u00eesk digirin \u00fb li ser pkk b\u00ea westan diniv\u00ees\u00eenin. L\u00ea pkk tu caran ji bona Kurd \u00fb Kurdistan\u00ea xwe na\u00ea\u015f\u00eene, ji ber ku ew ji bona hem\u00ee h\u00eajayiy\u00ean kurdan \u00fb kurdistaniyan t\u00eak bibe hatiye damezrandin. Ji ber ku pkk r\u00eaxistineke dagir-keran e.\u00a0 Min xwest rastiya v\u00ea ji te re b\u00eajim ku tu j\u00ee di nava gelde belav bike.<\/span><\/h3>\n<h3 style=\"text-align: justify\">Min meraq kir \u00fb got: Fermo te guhdar\u00ee dikim. Gelo ez \u00ea ji xelk\u00ea re \u00e7i b\u00eajim?<\/h3>\n<h3 style=\"text-align: justify\">-Ber\u00ee her ti\u015ft\u00ee div\u00ea Kurd v\u00ea yek\u00ea ba\u015f f\u00ear \u00fb \u00eeqna bibin ku pkk tu caran nexwestiye \u00fb naxwaze ji bona kurdan kar \u00fb xebat\u00ea bike. Hem\u00ee kar \u00fb xebat\u00ean w\u00ea ji bona xurtkirina komara tirkiy\u00ea \u00fb parastina s\u00eenor\u00ean dagir-keran e.<\/h3>\n<h3 style=\"text-align: justify\">-Tu dikar\u00ee v\u00ea hinek\u00ee veke ku ev z\u00eadey\u00ea 30 salan \u015fer\u00ea \u00e7ekdar\u00ee ji bona \u00e7i kirin? Ma ne digotin em \u00ea her \u00e7ar per\u00e7\u00ean kurdistan\u00ea xilas bikin?<\/h3>\n<h3 style=\"text-align: justify\">-Bel\u00ea, l\u00ea xelaskirina ku wan bi nav dikir ne azadiya kurdan \u00fb Kurdistan\u00ea b\u00fb. Yan\u00ee xwestin b\u00eajin em \u00ea kurdan tune bikin. Xelas bikin. Ne ku azad bikin. L\u00ea kurdan ev f\u00eam nekirin. Lewra ew \u015fer\u00ea wan ji bona hilwe\u015fandin \u00fb xerabkirina Kurdistan\u00ea b\u00fb. Guherandina cografiya Kurdistan\u00ea b\u00fb. Heger ew \u015fer nehatiba kirin, w\u00ea ewqas\u00ee kurd\u00ean welatpar\u00eaz nehatibana ku\u015ftin. W\u00ea Kurdistan ewqas\u00ee nehatiba valakirin. Milet\u00ea kurd w\u00ea ewqas\u00ee bi ku\u00e7e \u00fb kolan\u00ean bajar\u00ean tirkan neketibana.<\/h3>\n<h3 style=\"text-align: justify\">&#8211; Himmm, Ba\u015f e. Xucey\u00ea xizir. L\u00ea dema mirov v\u00ea ji xelk\u00ea re dib\u00eaje bawer nakin \u00fb \u00ear\u00ee\u015f\u00ean kes\u00ean ku v\u00ea rew\u015f\u00ea dib\u00eajin \u00fb diniv\u00eesn\u00een dikin. Gelo h\u00fbn rew\u015fa v\u00ea p\u00eavajoya a\u015fitiya ku destp\u00eakiriye, dikarin \u00e7awa b\u00eajin ango \u00e7awa dib\u00eenin?<\/h3>\n<h3 style=\"text-align: justify\">&#8211; Milet\u00ea nezan aqil\u00ea w\u00ee di \u00e7av\u00ean w\u00ee de ye. Bi \u00e7av\u00ean xwe \u00e7i dib\u00eene ji w\u00ea bawer dike. Yan\u00ee aqil kar nake. P\u00eavajo ya ku (dikene) ji aliy\u00ea Bax\u00e7el\u00ee destp\u00eakiriye tuneb\u00fbna gel\u00ea Kurd e. Ji ber ku xw\u00eena Evdilay\u00ea serok\u00ea pkk \u00fb Bax\u00e7eliy\u00ea serok\u00ea MHP ji d\u00eerokek dir\u00eaj bi me dide zan\u00een ku ew ji yek xw\u00een\u00ea t\u00ean. Ya rast\u00ee kurd v\u00ea nizanin ku pkk ji teref Bax\u00e7el\u00ee, Evdila \u00fb bi pi\u015ftgiriya dewleta k\u00fbr hatib\u00fb damezrandin \u00fb t\u00ea bi r\u00eavebirin. \u00c7ek \u00fb aboriya pkk dewlet\u00ea dida. Ev \u00e7\u00eerok d\u00fbr \u00fb dir\u00eaj e.<\/h3>\n<h3 style=\"text-align: justify\">&#8211; Ba\u015f e gelo ev p\u00eavajoya ku dib\u00eajin, p\u00eavajoya a\u015fitiye ye. Tu w\u00ea \u00e7awa \u015firove dike? Yan\u00ee li gor te \u00e7i gir\u00eengiya v\u00ea heye?<\/h3>\n<h3 style=\"text-align: justify\">&#8211; Gir\u00eengiya w\u00ea ji bona xurtkirina tirkiyek bi h\u00eaz \u00fb\u00a0 mezin h\u00eaja ye. Div\u00ea b\u00ea zan\u00een ku y\u00ean dijmin\u00ea kurdan tu caran naxwazin kurd bibin xwed\u00ee maf. Loma div\u00ea kurd bizanibin ku ev proje di esl\u00ea xwe de tuneb\u00fbna Kurdan \u00fb xurtkirina tirkiy\u00ee ye. Weke min ber\u00ea j\u00ee gotib\u00fb ku Evdila \u00fb Bax\u00e7el\u00ea di war\u00ea xw\u00een\u00ea de digh\u00eajin hev. Ya din Perv\u00een Buldan bi esl\u00ea xwe erebe. Jina serokkomar\u00ea tirkiy\u00ea j\u00ee ereb e. Xw\u00eena van herduyan j\u00ee yek e. \u00db xw\u00eena wan ne ya kurdan e. Ji ber v\u00ea y\u00ean ne kurd in, li ser maf\u00ea kurdan biryar didin. Ma gelo w\u00ea ji kurdan re \u00e7i f\u00eade w\u00ea hebe? Yan\u00ee gotina min ya tal\u00ee ev e ku y\u00ean ne kurd in tu caran naxwazin k\u00ea\u015feya kurdan b\u00ea \u00e7areser kirin. H\u00eav\u00eedarim, hatibe f\u00eamkirin ku k\u00ee p\u00ea\u015fk\u00ea\u015fiya v\u00ea dike. Div\u00ea kurd li ser v\u00ea bifikirin ku ev p\u00eavajoya li ser nav\u00ea a\u015fitiy\u00ea destp\u00eakiriye, di esl\u00ea xwe de tuneb\u00fbna kurdan e.<\/h3>\n<h3 style=\"text-align: justify\">&#8211; Spas mala te ava b\u00ee Xocey\u00ea Xizir\u00ea h\u00eaja. Ba\u015f e, PKK \u00e7ek dan\u00ee. Gelo w\u00ea rew\u015fa r\u00eavebir \u00fb gerilay\u00ean w\u00ea \u00e7awa be? Xoce hilmeke k\u00fbr ki\u015fand nava dil\u00ea xwe \u00fb got:<\/h3>\n<h3 style=\"text-align: justify\">&#8211; Li gor qenat \u00fb baweriya min, d\u00ea piraniya gerila vegerin mala xwe ango tirkiy\u00ea. W\u00ea bibin par\u00eazger\u00ea komara tirkiy\u00ea. Weke pol\u00ees, le\u015fker \u00fbhwd. Ji avakirina pkk ya li ser dest\u00ea Evdila \u00fb Bax\u00e7el\u00ee ku mirov\u00ean hevdu y\u00ean xw\u00een\u00ea ne, ev b\u00fb. Dawiya v\u00ee film\u00ea dir\u00eaj d\u00ea weha biqede\u2026.<\/h3>\n<h3 style=\"text-align: justify\">&#8211; Ba\u015f e gelo w\u00ea serkirdayiy\u00ean pkk \u00e7i bikin? \u00c7areseriya wan d\u00ea \u00e7awa be?<\/h3>\n<h3 style=\"text-align: justify\">&#8211; Ji xwe hem\u00ee zilam\u00ea dewlet\u00eane. W\u00ea wan j\u00ee bibin \u00cemraliy\u00ea. Ji bona wan j\u00ee qesr \u00fb Qonax \u00e7\u00ea bikin. Dibe ku \u00e7\u00eakiribin j\u00ee. Li Wir w\u00ea jiyaneke xwe\u015f \u00fb b\u00ea tirs bij\u00een. Hem\u00ee d\u00ea li gel hev projey\u00ean tunekirina kurdan bi r\u00eay\u00ean \u201ddemokrat\u00eek\u201d amade bikin. W\u00ea DEM an partiyek din ya dewlet\u00ea ku w\u00ea Evdila damezr\u00eene, bide kirin ku kurdan di war\u00ea demokrat\u00eek de bikin tirk\u00ea ba\u015f.<\/h3>\n<h3 style=\"text-align: justify\">&#8211; Spas\u00ee cenab\u00ea te dikim ya Xocey\u00ea h\u00eaja. Heger kurd f\u00eam bikin te ti\u015ft\u00ean ba\u015f gotin. Gotina te ya tal\u00ee ji bona kurdan w\u00ea \u00e7i be?<\/h3>\n<h3 style=\"text-align: justify\">-Div\u00ea kurd yekitiya xwe ava\u00a0 bikin. Bi ku\u00e7e \u00fb kolan\u00ean wel\u00eat bikevin v\u00ea rew\u015f\u00ea bi zelal\u00ee b\u00eajin.\u00a0 Bi r\u00eaya demokrasiyeke hevbe\u015f bi h\u00eaz \u00fb qaweteke gelemper\u00ee \u00fb ne weke demokrasiya Evdo p\u00eak b\u00eenin \u00fb v\u00ea ji ewropiyan re veb\u00eajin. W\u00ea wext bigire l\u00ea d\u00ea roj b\u00ea ya rast bi serbikeve.<\/h3>\n","protected":false},"excerpt":{"rendered":"<p>B\u00fbb\u00ea Eser Min xewnek d\u00eet ku Xoc\u00ea Xizir hate ba min \u00fb got: B\u00fbb\u00ea y\u00ea h\u00eaja! tu \u00fb gelek\u00ean weke te xwe di\u00ea\u015f\u00eenin, r\u00eesk digirin \u00fb li ser pkk b\u00ea westan diniv\u00ees\u00eenin. L\u00ea pkk tu caran ji bona Kurd \u00fb Kurdistan\u00ea xwe na\u00ea\u015f\u00eene, ji ber ku ew ji bona hem\u00ee h\u00eajayiy\u00ean kurdan \u00fb kurdistaniyan t\u00eak [&hellip;]<\/p>\n","protected":false},"author":2,"featured_media":1050407,"comment_status":"closed","ping_status":"closed","sticky":false,"template":"","format":"standard","meta":{"footnotes":""},"categories":[28],"tags":[37],"class_list":["post-1051154","post","type-post","status-publish","format-standard","has-post-thumbnail","hentry","category-nerin","tag-sereke"],"blocksy_meta":[],"seo_head":"<!-- This site is optimized with the Yoast SEO plugin v27.5 - https:\/\/yoast.com\/product\/yoast-seo-wordpress\/ -->\n<title>Xewna min \u00fb rew\u015fa pkk - Darka Maz\u00ee<\/title>\n<meta name=\"robots\" content=\"index, follow, max-snippet:-1, max-image-preview:large, max-video-preview:-1\" \/>\n<link rel=\"canonical\" href=\"https:\/\/darkamazi.info\/archives\/1051154\" \/>\n<meta property=\"og:locale\" content=\"en_US\" \/>\n<meta property=\"og:type\" content=\"article\" \/>\n<meta property=\"og:title\" content=\"Xewna min \u00fb rew\u015fa pkk - Darka Maz\u00ee\" \/>\n<meta property=\"og:description\" content=\"B\u00fbb\u00ea Eser Min xewnek d\u00eet ku Xoc\u00ea Xizir hate ba min \u00fb got: B\u00fbb\u00ea y\u00ea h\u00eaja! tu \u00fb gelek\u00ean weke te xwe di\u00ea\u015f\u00eenin, r\u00eesk digirin \u00fb li ser pkk b\u00ea westan diniv\u00ees\u00eenin. L\u00ea pkk tu caran ji bona Kurd \u00fb Kurdistan\u00ea xwe na\u00ea\u015f\u00eene, ji ber ku ew ji bona hem\u00ee h\u00eajayiy\u00ean kurdan \u00fb kurdistaniyan t\u00eak [&hellip;]\" \/>\n<meta property=\"og:url\" content=\"https:\/\/darkamazi.info\/archives\/1051154\" \/>\n<meta property=\"og:site_name\" content=\"Darka Maz\u00ee\" \/>\n<meta property=\"article:publisher\" content=\"https:\/\/www.facebook.com\/DarMaziKurmanci\" \/>\n<meta property=\"article:published_time\" content=\"2025-12-28T11:28:41+00:00\" \/>\n<meta property=\"og:image\" content=\"https:\/\/darkamazi.info\/file\/2025\/10\/Bube-eser-1-1.jpg\" \/>\n\t<meta property=\"og:image:width\" content=\"900\" \/>\n\t<meta property=\"og:image:height\" content=\"497\" \/>\n\t<meta property=\"og:image:type\" content=\"image\/jpeg\" \/>\n<meta name=\"author\" content=\"darka mazi\" \/>\n<meta name=\"twitter:card\" content=\"summary_large_image\" \/>\n<meta name=\"twitter:creator\" content=\"@DarkaMaziLatini\" \/>\n<meta name=\"twitter:site\" content=\"@DarkaMaziLatini\" \/>\n<meta name=\"twitter:label1\" content=\"Written by\" \/>\n\t<meta name=\"twitter:data1\" content=\"darka mazi\" \/>\n\t<meta name=\"twitter:label2\" content=\"Est. reading time\" \/>\n\t<meta name=\"twitter:data2\" content=\"4 minutes\" \/>\n<script type=\"application\/ld+json\" class=\"seo-schema-graph\">{\"@context\":\"https:\\\/\\\/schema.org\",\"@graph\":[{\"@type\":\"Article\",\"@id\":\"https:\\\/\\\/darkamazi.info\\\/archives\\\/1051154#article\",\"isPartOf\":{\"@id\":\"https:\\\/\\\/darkamazi.info\\\/archives\\\/1051154\"},\"author\":{\"name\":\"darka mazi\",\"@id\":\"https:\\\/\\\/darkamazi.info\\\/#\\\/schema\\\/person\\\/5ad3e24553a0567993fa8ed4bd0a776c\"},\"headline\":\"Xewna min \u00fb rew\u015fa pkk\",\"datePublished\":\"2025-12-28T11:28:41+00:00\",\"mainEntityOfPage\":{\"@id\":\"https:\\\/\\\/darkamazi.info\\\/archives\\\/1051154\"},\"wordCount\":891,\"publisher\":{\"@id\":\"https:\\\/\\\/darkamazi.info\\\/#organization\"},\"image\":{\"@id\":\"https:\\\/\\\/darkamazi.info\\\/archives\\\/1051154#primaryimage\"},\"thumbnailUrl\":\"https:\\\/\\\/darkamazi.info\\\/darka-content\\\/uploads\\\/2025\\\/10\\\/Bube-eser-1-1.jpg\",\"keywords\":[\"sereke\"],\"articleSection\":[\"Ner\u00een\"],\"inLanguage\":\"en-US\"},{\"@type\":\"WebPage\",\"@id\":\"https:\\\/\\\/darkamazi.info\\\/archives\\\/1051154\",\"url\":\"https:\\\/\\\/darkamazi.info\\\/archives\\\/1051154\",\"name\":\"Xewna min \u00fb rew\u015fa pkk - Darka Maz\u00ee\",\"isPartOf\":{\"@id\":\"https:\\\/\\\/darkamazi.info\\\/#website\"},\"primaryImageOfPage\":{\"@id\":\"https:\\\/\\\/darkamazi.info\\\/archives\\\/1051154#primaryimage\"},\"image\":{\"@id\":\"https:\\\/\\\/darkamazi.info\\\/archives\\\/1051154#primaryimage\"},\"thumbnailUrl\":\"https:\\\/\\\/darkamazi.info\\\/darka-content\\\/uploads\\\/2025\\\/10\\\/Bube-eser-1-1.jpg\",\"datePublished\":\"2025-12-28T11:28:41+00:00\",\"breadcrumb\":{\"@id\":\"https:\\\/\\\/darkamazi.info\\\/archives\\\/1051154#breadcrumb\"},\"inLanguage\":\"en-US\",\"potentialAction\":[{\"@type\":\"ReadAction\",\"target\":[\"https:\\\/\\\/darkamazi.info\\\/archives\\\/1051154\"]}]},{\"@type\":\"ImageObject\",\"inLanguage\":\"en-US\",\"@id\":\"https:\\\/\\\/darkamazi.info\\\/archives\\\/1051154#primaryimage\",\"url\":\"https:\\\/\\\/darkamazi.info\\\/darka-content\\\/uploads\\\/2025\\\/10\\\/Bube-eser-1-1.jpg\",\"contentUrl\":\"https:\\\/\\\/darkamazi.info\\\/darka-content\\\/uploads\\\/2025\\\/10\\\/Bube-eser-1-1.jpg\",\"width\":900,\"height\":497,\"caption\":\"Ey milet\u00ea b\u00ea dewlet!!! Tu diqede xwe bib\u00eene\u2026\"},{\"@type\":\"BreadcrumbList\",\"@id\":\"https:\\\/\\\/darkamazi.info\\\/archives\\\/1051154#breadcrumb\",\"itemListElement\":[{\"@type\":\"ListItem\",\"position\":1,\"name\":\"Home\",\"item\":\"https:\\\/\\\/darkamazi.info\\\/\"},{\"@type\":\"ListItem\",\"position\":2,\"name\":\"Xewna min \u00fb rew\u015fa pkk\"}]},{\"@type\":\"WebSite\",\"@id\":\"https:\\\/\\\/darkamazi.info\\\/#website\",\"url\":\"https:\\\/\\\/darkamazi.info\\\/\",\"name\":\"Darka Maz\u00ee\",\"description\":\"P\u00eageha Zanyariy\u00ean Nebih\u00eest\u00ee\",\"publisher\":{\"@id\":\"https:\\\/\\\/darkamazi.info\\\/#organization\"},\"potentialAction\":[{\"@type\":\"SearchAction\",\"target\":{\"@type\":\"EntryPoint\",\"urlTemplate\":\"https:\\\/\\\/darkamazi.info\\\/?s={search_term_string}\"},\"query-input\":{\"@type\":\"PropertyValueSpecification\",\"valueRequired\":true,\"valueName\":\"search_term_string\"}}],\"inLanguage\":\"en-US\"},{\"@type\":\"Organization\",\"@id\":\"https:\\\/\\\/darkamazi.info\\\/#organization\",\"name\":\"Darka Maz\u00ee\",\"url\":\"https:\\\/\\\/darkamazi.info\\\/\",\"logo\":{\"@type\":\"ImageObject\",\"inLanguage\":\"en-US\",\"@id\":\"https:\\\/\\\/darkamazi.info\\\/#\\\/schema\\\/logo\\\/image\\\/\",\"url\":\"https:\\\/\\\/darkamazi.info\\\/darka-content\\\/uploads\\\/2017\\\/12\\\/darka-mazi-logo.png\",\"contentUrl\":\"https:\\\/\\\/darkamazi.info\\\/darka-content\\\/uploads\\\/2017\\\/12\\\/darka-mazi-logo.png\",\"width\":151,\"height\":75,\"caption\":\"Darka Maz\u00ee\"},\"image\":{\"@id\":\"https:\\\/\\\/darkamazi.info\\\/#\\\/schema\\\/logo\\\/image\\\/\"},\"sameAs\":[\"https:\\\/\\\/www.facebook.com\\\/DarMaziKurmanci\",\"https:\\\/\\\/x.com\\\/DarkaMaziLatini\",\"https:\\\/\\\/www.instagram.com\\\/darkamazi.kurmanci\\\/\",\"https:\\\/\\\/www.youtube.com\\\/channel\\\/UCa5HkTdmI8U1qCUFuTw8B2g\"]},{\"@type\":\"Person\",\"@id\":\"https:\\\/\\\/darkamazi.info\\\/#\\\/schema\\\/person\\\/5ad3e24553a0567993fa8ed4bd0a776c\",\"name\":\"darka mazi\",\"sameAs\":[\"https:\\\/\\\/darkamazi.info\\\/\"],\"url\":\"https:\\\/\\\/darkamazi.info\\\/archives\\\/author\\\/kurdi\"}]}<\/script>\n<!-- \/ Yoast SEO plugin. -->","seo_head_json":{"title":"Xewna min \u00fb rew\u015fa pkk - Darka Maz\u00ee","robots":{"index":"index","follow":"follow","max-snippet":"max-snippet:-1","max-image-preview":"max-image-preview:large","max-video-preview":"max-video-preview:-1"},"canonical":"https:\/\/darkamazi.info\/archives\/1051154","og_locale":"en_US","og_type":"article","og_title":"Xewna min \u00fb rew\u015fa pkk - Darka Maz\u00ee","og_description":"B\u00fbb\u00ea Eser Min xewnek d\u00eet ku Xoc\u00ea Xizir hate ba min \u00fb got: B\u00fbb\u00ea y\u00ea h\u00eaja! tu \u00fb gelek\u00ean weke te xwe di\u00ea\u015f\u00eenin, r\u00eesk digirin \u00fb li ser pkk b\u00ea westan diniv\u00ees\u00eenin. L\u00ea pkk tu caran ji bona Kurd \u00fb Kurdistan\u00ea xwe na\u00ea\u015f\u00eene, ji ber ku ew ji bona hem\u00ee h\u00eajayiy\u00ean kurdan \u00fb kurdistaniyan t\u00eak [&hellip;]","og_url":"https:\/\/darkamazi.info\/archives\/1051154","og_site_name":"Darka Maz\u00ee","article_publisher":"https:\/\/www.facebook.com\/DarMaziKurmanci","article_published_time":"2025-12-28T11:28:41+00:00","og_image":[{"width":900,"height":497,"url":"https:\/\/darkamazi.info\/file\/2025\/10\/Bube-eser-1-1.jpg","type":"image\/jpeg"}],"author":"darka mazi","twitter_card":"summary_large_image","twitter_creator":"@DarkaMaziLatini","twitter_site":"@DarkaMaziLatini","twitter_misc":{"Written by":"darka mazi","Est. reading time":"4 minutes"},"schema":{"@context":"https:\/\/schema.org","@graph":[{"@type":"Article","@id":"https:\/\/darkamazi.info\/archives\/1051154#article","isPartOf":{"@id":"https:\/\/darkamazi.info\/archives\/1051154"},"author":{"name":"darka mazi","@id":"https:\/\/darkamazi.info\/#\/schema\/person\/5ad3e24553a0567993fa8ed4bd0a776c"},"headline":"Xewna min \u00fb rew\u015fa pkk","datePublished":"2025-12-28T11:28:41+00:00","mainEntityOfPage":{"@id":"https:\/\/darkamazi.info\/archives\/1051154"},"wordCount":891,"publisher":{"@id":"https:\/\/darkamazi.info\/#organization"},"image":{"@id":"https:\/\/darkamazi.info\/archives\/1051154#primaryimage"},"thumbnailUrl":"https:\/\/darkamazi.info\/file\/2025\/10\/Bube-eser-1-1.jpg","keywords":["sereke"],"articleSection":["Ner\u00een"],"inLanguage":"en-US"},{"@type":"WebPage","@id":"https:\/\/darkamazi.info\/archives\/1051154","url":"https:\/\/darkamazi.info\/archives\/1051154","name":"Xewna min \u00fb rew\u015fa pkk - Darka Maz\u00ee","isPartOf":{"@id":"https:\/\/darkamazi.info\/#website"},"primaryImageOfPage":{"@id":"https:\/\/darkamazi.info\/archives\/1051154#primaryimage"},"image":{"@id":"https:\/\/darkamazi.info\/archives\/1051154#primaryimage"},"thumbnailUrl":"https:\/\/darkamazi.info\/file\/2025\/10\/Bube-eser-1-1.jpg","datePublished":"2025-12-28T11:28:41+00:00","breadcrumb":{"@id":"https:\/\/darkamazi.info\/archives\/1051154#breadcrumb"},"inLanguage":"en-US","potentialAction":[{"@type":"ReadAction","target":["https:\/\/darkamazi.info\/archives\/1051154"]}]},{"@type":"ImageObject","inLanguage":"en-US","@id":"https:\/\/darkamazi.info\/archives\/1051154#primaryimage","url":"https:\/\/darkamazi.info\/file\/2025\/10\/Bube-eser-1-1.jpg","contentUrl":"https:\/\/darkamazi.info\/file\/2025\/10\/Bube-eser-1-1.jpg","width":900,"height":497,"caption":"Ey milet\u00ea b\u00ea dewlet!!! Tu diqede xwe bib\u00eene\u2026"},{"@type":"BreadcrumbList","@id":"https:\/\/darkamazi.info\/archives\/1051154#breadcrumb","itemListElement":[{"@type":"ListItem","position":1,"name":"Home","item":"https:\/\/darkamazi.info\/"},{"@type":"ListItem","position":2,"name":"Xewna min \u00fb rew\u015fa pkk"}]},{"@type":"WebSite","@id":"https:\/\/darkamazi.info\/#website","url":"https:\/\/darkamazi.info\/","name":"Darka Maz\u00ee","description":"P\u00eageha Zanyariy\u00ean Nebih\u00eest\u00ee","publisher":{"@id":"https:\/\/darkamazi.info\/#organization"},"potentialAction":[{"@type":"SearchAction","target":{"@type":"EntryPoint","urlTemplate":"https:\/\/darkamazi.info\/?s={search_term_string}"},"query-input":{"@type":"PropertyValueSpecification","valueRequired":true,"valueName":"search_term_string"}}],"inLanguage":"en-US"},{"@type":"Organization","@id":"https:\/\/darkamazi.info\/#organization","name":"Darka Maz\u00ee","url":"https:\/\/darkamazi.info\/","logo":{"@type":"ImageObject","inLanguage":"en-US","@id":"https:\/\/darkamazi.info\/#\/schema\/logo\/image\/","url":"https:\/\/darkamazi.info\/file\/2017\/12\/darka-mazi-logo.png","contentUrl":"https:\/\/darkamazi.info\/file\/2017\/12\/darka-mazi-logo.png","width":151,"height":75,"caption":"Darka Maz\u00ee"},"image":{"@id":"https:\/\/darkamazi.info\/#\/schema\/logo\/image\/"},"sameAs":["https:\/\/www.facebook.com\/DarMaziKurmanci","https:\/\/x.com\/DarkaMaziLatini","https:\/\/www.instagram.com\/darkamazi.kurmanci\/","https:\/\/www.youtube.com\/channel\/UCa5HkTdmI8U1qCUFuTw8B2g"]},{"@type":"Person","@id":"https:\/\/darkamazi.info\/#\/schema\/person\/5ad3e24553a0567993fa8ed4bd0a776c","name":"darka mazi","sameAs":["https:\/\/darkamazi.info\/"],"url":"https:\/\/darkamazi.info\/archives\/author\/kurdi"}]}},"_links":{"self":[{"href":"https:\/\/darkamazi.info\/funavuv\/wp\/v2\/posts\/1051154","targetHints":{"allow":["GET"]}}],"collection":[{"href":"https:\/\/darkamazi.info\/funavuv\/wp\/v2\/posts"}],"about":[{"href":"https:\/\/darkamazi.info\/funavuv\/wp\/v2\/types\/post"}],"author":[{"embeddable":true,"href":"https:\/\/darkamazi.info\/funavuv\/wp\/v2\/users\/2"}],"replies":[{"embeddable":true,"href":"https:\/\/darkamazi.info\/funavuv\/wp\/v2\/comments?post=1051154"}],"version-history":[{"count":0,"href":"https:\/\/darkamazi.info\/funavuv\/wp\/v2\/posts\/1051154\/revisions"}],"wp:featuredmedia":[{"embeddable":true,"href":"https:\/\/darkamazi.info\/funavuv\/wp\/v2\/media\/1050407"}],"wp:attachment":[{"href":"https:\/\/darkamazi.info\/funavuv\/wp\/v2\/media?parent=1051154"}],"wp:term":[{"taxonomy":"category","embeddable":true,"href":"https:\/\/darkamazi.info\/funavuv\/wp\/v2\/categories?post=1051154"},{"taxonomy":"post_tag","embeddable":true,"href":"https:\/\/darkamazi.info\/funavuv\/wp\/v2\/tags?post=1051154"}],"curies":[{"name":"wp","href":"https:\/\/api.w.org\/{rel}","templated":true}]}}