{"id":1051156,"date":"2025-12-28T17:35:45","date_gmt":"2025-12-28T14:35:45","guid":{"rendered":"https:\/\/darkamazi.info\/?p=1051156"},"modified":"2025-12-28T17:35:45","modified_gmt":"2025-12-28T14:35:45","slug":"sala-2025-bi-saya-hewldanen-serok-barzani-denge-linge-bihara-kurdi-hat-bihistin","status":"publish","type":"post","link":"https:\/\/darkamazi.info\/archives\/1051156","title":{"rendered":"Sala 2025 bi saya hewldan\u00ean Serok Barzan\u00ee deng\u00ea ling\u00ea Bihara Kurd\u00ee hat bih\u00eestin"},"content":{"rendered":"<div class=\"wpb-content-wrapper\"><p>[darkamazi_row][darkamazi_column][darkamazi_video link=&#8221;https:\/\/www.youtube.com\/watch?v=dTi0pTJuSoQ&#8221; align=&#8221;center&#8221;][darkamazi_column_text]<\/p>\n<h3 style=\"text-align: justify;\"><span style=\"font-family: 'arial black', sans-serif;\">Bi Bihara Ereb\u00ee re s\u00eestema siyas\u00ee ya damezrand\u00ee li Rojhilata Nav\u00een kefte nav kaos\u00ea de. Kurdan ji bo derketina ji v\u00ea kaos\u00ea gelek ked \u00fb q\u00fbrban\u00ee dan. Xaka Kurdan hatin dagirkirin, bajar\u00ean me hatin bombebarankirin \u00fb bi hezaran mirov\u00ean me ji cih \u00fb war\u00ean xwe ko\u00e7ber b\u00fbn.<\/span><\/h3>\n<h3 style=\"text-align: justify;\"><span style=\"font-family: arial, helvetica, sans-serif;\">Di sala 2024 an de, hilwe\u015fandina rej\u00eema Esed hevsengiya h\u00eaz\u00ea li Rojhilata Nav\u00een guherand. \u015eert \u00fb merc afir\u00een ku Rojava j\u00ee m\u00eena Ba\u015f\u00fbr\u00ea Kurdistan\u00ea bo avakirina desthilatek\u00ee K\u00fbrdistan\u00ee mecal \u00e7\u00eab\u00fb. Van mercan r\u00ea dan ku Bihara Kurd\u00ee bi ezameta xwe ya mezin ve derkeve hol\u00ea. \u00db di navenda Bihara Kurd\u00ee de \u00eeradeyek bi biryar, t\u00eako\u015f\u00eenek demdir\u00eaj \u00fb r\u00eaberiya d\u00eerok\u00ee heye: yan\u00ee Serok Mes\u00fbd Barzani heye. Di seranser\u00ea sala 2025 an de, Serok Barzan\u00ee gelek hewldan\u00ean e\u015fkere \u00fb ve\u015fart\u00ee ji bo avakirina Bihara Kurd\u00ee p\u00eak an\u00ee, Rojava xist navenda van hem\u00ee hewldanan. Di 16 \u00ea \u00c7ile de, w\u00ee ev p\u00eavajo bi p\u00ea\u015fwaz\u00eekirina Mazlum Abd\u00ee \u00fb \u015fandeya Rojava ya p\u00ea re li Hewl\u00ear\u00ea dest p\u00ea kir. Ji w\u00ea dem\u00ea ve, serok Barzan\u00ee t\u00eako\u015f\u00eeneke piral\u00ee ji bo S\u00fbriyeke nenavend\u00ee b\u00eay\u00ee Esed, ji bo misogerkirina dest\u00fbr\u00ee ya maf\u00ean Kurdan \u00fb ji bo berdewamiya heb\u00fbna HSD \u00ea wek\u00ee hevgirt\u00ee da destp\u00eakirin.<\/span><\/h3>\n<h3 style=\"text-align: justify;\"><span style=\"font-family: 'arial black', sans-serif; font-size: 18pt; color: #8c0808;\">Serok hem\u00fb t\u00eakil\u00ee \u00fb destkeftiy\u00ean d\u00eeplomat\u00eek \u00ean e\u015fkere \u00fb ve\u015fart\u00ee y\u00ean tevgera Barzan\u00ee li Rojhilata Nav\u00een ji bo Rojava seferber kir.<\/span><\/h3>\n<h3 style=\"text-align: justify;\"><span style=\"font-family: arial, helvetica, sans-serif;\">Wek nim\u00fbne, daxuyaniya serok ya di bersiva gef\u00ean e\u015f\u00eer\u00ean Ereb \u00ean li dij\u00ee Rojava de &#8220;Ger ew \u00ear\u00ee\u015f\u00ee Rojava bikin, ez \u00fb P\u00ea\u015fmerge d\u00ea bi\u00e7in Qam\u00ee\u015floy\u00ea. Rojava d\u00ea tu car\u00ee bi ten\u00ea nem\u00eene&#8221; &#8211; yek ji van p\u00eagavan b\u00fb. her wiha deriy\u00ea gelek t\u00eakiliy\u00ean n\u00fb ji bo Rojava vekir. <\/span><span style=\"font-family: arial, helvetica, sans-serif;\">\u00db bi vexwendina Mazlum Ebd\u00ee bo foruma MEPS 2025 li Duhok\u00ea,<\/span><\/h3>\n<h3 style=\"text-align: justify;\"><span style=\"font-family: arial, helvetica, sans-serif;\">Bersivek b\u00fb layen\u00ean siyas\u00ee ku dixwestin Ehmet \u015eara populer bikin \u00fb Mazl\u00fbm pa\u015fguh bike, wan derfet da Mazl\u00fbm ku bangawaz\u00eeyek\u00ea bide C\u00eehan\u00ea. Ev p\u00eagav\u00ean b\u00fb raya gi\u015ft\u00ee vekir\u00ee b\u00fbn. Di rastiy\u00ea de, pi\u015ftgiriyek pir mezintir di k\u00fbrahiya dil\u00ea xwe de heb\u00fb. Ger Mazlum Ebdi \u00fb r\u00eaveberiya Rojava \u00eero li hember zext\u00ean Ocalan, dewleta Tirk \u00fb \u00e7avkaniy\u00ean din pa\u015fve gav nav\u00eajin, ji ber ew dizan\u00een ku Serok Barzani li pi\u015ft wan e.<\/span><\/h3>\n<h3 style=\"text-align: justify;\"><span style=\"font-family: arial, helvetica, sans-serif;\">Hik\u00fbmeta Her\u00eama Kurdistan\u00ea, bi destp\u00ea\u015fxeriya Serok Barzani, ne ten\u00ea ji bo Rojava l\u00ea di heman dem\u00ea de ji bo Kurd\u00ean li Bakur\u00ea Kurdistan\u00ea nefes bist\u00eenin di p\u00eavajoya \u00e7areser\u00eey\u00ea de, roleke mezin l\u00eest.<\/span><\/h3>\n<h3 style=\"text-align: justify;\"><span style=\"font-family: arial, helvetica, sans-serif;\">Her \u00e7end di bin zexteke mezin de b\u00fb j\u00ee, tevgera Barzani, h\u00eaza damezr\u00eener a Her\u00eama Kurdistan\u00ea, \u00fb serok\u00ea w\u00ea Serok Mes\u00fbd Barzan\u00ee, deriy\u00ea r\u00eayeke hevpar \u00ea serkeftin\u00ea ji bo Kurdan vekir.<\/span><\/h3>\n<h3 style=\"text-align: justify;\"><span style=\"font-family: 'arial black', sans-serif; font-size: 18pt; color: #8c0808;\">Rexm\u00ea \u00ear\u00ee\u015f \u00fb b\u00ear\u00eaz\u00eey\u00ean PKK \u00ea j\u00ee, hem rasterast \u00fb hem j\u00ee bi r\u00eaya Rojava, d\u00eesa j\u00ee w\u00ee hem\u00ee h\u00eaza xwe b\u00fb serkeftina Rojava terxankir.<\/span><\/h3>\n<h3 style=\"text-align: justify;\"><span style=\"font-family: arial, helvetica, sans-serif;\">Mesela yek\u00eetiya Kurdan, ku bi r\u00eaya gotin\u00ean pop\u00fbler, peyv\u00ean teor\u00eek \u00fb li ser niv\u00ees\u00ean gi\u015ft\u00ee hatiye n\u00eeqa\u015fkirin, ji aliy\u00ea Serok Barzan\u00ee ve bi gav\u00ean sade, rasterast \u00fb biryardar hatiye bic\u00eehan\u00een.<\/span><\/h3>\n<h3 style=\"text-align: justify;\"><span style=\"font-family: arial, helvetica, sans-serif;\">Sedema hem\u00fb \u00ear\u00ee\u015f\u00ean li dij\u00ee Serok pi\u015ft\u00ee serdana w\u00ee ya li Ciz\u00eera Botan ev e ku Serok Barzan\u00ee mifteya yek\u00eetiya Kurdan vekir, henasek teze da Rojava, p\u00ea\u015f\u00ee li per\u00e7iqandina w\u00ea girt \u00fb deriy\u00ea Bihara Kurdan vekir.<\/span><\/h3>\n<h3 style=\"text-align: justify;\"><span style=\"font-family: arial, helvetica, sans-serif;\">Bel\u00ea, di sala 2025 de deng\u00ea ling\u00ean Bihara Kurdan hat bih\u00eestin, \u00fb ev \u015fiyarb\u00fbna hevpar a gel\u00ea Kurd e, ku Serok Mesud Barzan\u00ee p\u00ea\u015fengiya w\u00ea dike.<\/span><\/h3>\n<p>[\/darkamazi_column_text][\/darkamazi_column][\/darkamazi_row]<\/p>\n<\/div>","protected":false},"excerpt":{"rendered":"<p>[darkamazi_row][darkamazi_column][darkamazi_video link=&#8221;https:\/\/www.youtube.com\/watch?v=dTi0pTJuSoQ&#8221; align=&#8221;center&#8221;][darkamazi_column_text] Bi Bihara Ereb\u00ee re s\u00eestema siyas\u00ee ya damezrand\u00ee li Rojhilata Nav\u00een kefte nav kaos\u00ea de. Kurdan ji bo derketina ji v\u00ea kaos\u00ea gelek ked \u00fb q\u00fbrban\u00ee dan. Xaka Kurdan hatin dagirkirin, bajar\u00ean me hatin bombebarankirin \u00fb bi hezaran mirov\u00ean me ji cih \u00fb war\u00ean xwe ko\u00e7ber b\u00fbn. Di sala 2024 an de, [&hellip;]<\/p>\n","protected":false},"author":2,"featured_media":1051157,"comment_status":"closed","ping_status":"closed","sticky":false,"template":"epic_custom_post_template-1006382","format":"standard","meta":{"footnotes":""},"categories":[68,65],"tags":[37],"class_list":["post-1051156","post","type-post","status-publish","format-standard","has-post-thumbnail","hentry","category-analiz","category-vidiyo","tag-sereke"],"blocksy_meta":[],"seo_head":"<!-- This site is optimized with the Yoast SEO plugin v27.5 - https:\/\/yoast.com\/product\/yoast-seo-wordpress\/ -->\n<title>Sala 2025 bi saya hewldan\u00ean Serok Barzan\u00ee deng\u00ea ling\u00ea Bihara Kurd\u00ee hat bih\u00eestin - Darka Maz\u00ee<\/title>\n<meta name=\"robots\" content=\"index, follow, max-snippet:-1, max-image-preview:large, max-video-preview:-1\" \/>\n<link rel=\"canonical\" href=\"https:\/\/darkamazi.info\/archives\/1051156\" \/>\n<meta property=\"og:locale\" content=\"en_US\" \/>\n<meta property=\"og:type\" content=\"article\" \/>\n<meta property=\"og:title\" content=\"Sala 2025 bi saya hewldan\u00ean Serok Barzan\u00ee deng\u00ea ling\u00ea Bihara Kurd\u00ee hat bih\u00eestin - Darka Maz\u00ee\" \/>\n<meta property=\"og:description\" content=\"[darkamazi_row][darkamazi_column][darkamazi_video link=&#8221;https:\/\/www.youtube.com\/watch?v=dTi0pTJuSoQ&#8221; align=&#8221;center&#8221;][darkamazi_column_text] Bi Bihara Ereb\u00ee re s\u00eestema siyas\u00ee ya damezrand\u00ee li Rojhilata Nav\u00een kefte nav kaos\u00ea de. Kurdan ji bo derketina ji v\u00ea kaos\u00ea gelek ked \u00fb q\u00fbrban\u00ee dan. Xaka Kurdan hatin dagirkirin, bajar\u00ean me hatin bombebarankirin \u00fb bi hezaran mirov\u00ean me ji cih \u00fb war\u00ean xwe ko\u00e7ber b\u00fbn. Di sala 2024 an de, [&hellip;]\" \/>\n<meta property=\"og:url\" content=\"https:\/\/darkamazi.info\/archives\/1051156\" \/>\n<meta property=\"og:site_name\" content=\"Darka Maz\u00ee\" \/>\n<meta property=\"article:publisher\" content=\"https:\/\/www.facebook.com\/DarMaziKurmanci\" \/>\n<meta property=\"article:published_time\" content=\"2025-12-28T14:35:45+00:00\" \/>\n<meta property=\"og:image\" content=\"https:\/\/darkamazi.info\/file\/2025\/12\/Bihara-Kurdi-Serok-Barzani-info.jpg\" \/>\n\t<meta property=\"og:image:width\" content=\"900\" \/>\n\t<meta property=\"og:image:height\" content=\"475\" \/>\n\t<meta property=\"og:image:type\" content=\"image\/jpeg\" \/>\n<meta name=\"author\" content=\"darka mazi\" \/>\n<meta name=\"twitter:card\" content=\"summary_large_image\" \/>\n<meta name=\"twitter:creator\" content=\"@DarkaMaziLatini\" \/>\n<meta name=\"twitter:site\" content=\"@DarkaMaziLatini\" \/>\n<meta name=\"twitter:label1\" content=\"Written by\" \/>\n\t<meta name=\"twitter:data1\" content=\"darka mazi\" \/>\n\t<meta name=\"twitter:label2\" content=\"Est. reading time\" \/>\n\t<meta name=\"twitter:data2\" content=\"3 minutes\" \/>\n<script type=\"application\/ld+json\" class=\"seo-schema-graph\">{\"@context\":\"https:\\\/\\\/schema.org\",\"@graph\":[{\"@type\":\"Article\",\"@id\":\"https:\\\/\\\/darkamazi.info\\\/archives\\\/1051156#article\",\"isPartOf\":{\"@id\":\"https:\\\/\\\/darkamazi.info\\\/archives\\\/1051156\"},\"author\":{\"name\":\"darka mazi\",\"@id\":\"https:\\\/\\\/darkamazi.info\\\/#\\\/schema\\\/person\\\/5ad3e24553a0567993fa8ed4bd0a776c\"},\"headline\":\"Sala 2025 bi saya hewldan\u00ean Serok Barzan\u00ee deng\u00ea ling\u00ea Bihara Kurd\u00ee hat bih\u00eestin\",\"datePublished\":\"2025-12-28T14:35:45+00:00\",\"mainEntityOfPage\":{\"@id\":\"https:\\\/\\\/darkamazi.info\\\/archives\\\/1051156\"},\"wordCount\":653,\"publisher\":{\"@id\":\"https:\\\/\\\/darkamazi.info\\\/#organization\"},\"image\":{\"@id\":\"https:\\\/\\\/darkamazi.info\\\/archives\\\/1051156#primaryimage\"},\"thumbnailUrl\":\"https:\\\/\\\/darkamazi.info\\\/darka-content\\\/uploads\\\/2025\\\/12\\\/Bihara-Kurdi-Serok-Barzani-info.jpg\",\"keywords\":[\"sereke\"],\"articleSection\":[\"Anal\u00eez\",\"V\u00eed\u00eeyo\"],\"inLanguage\":\"en-US\"},{\"@type\":\"WebPage\",\"@id\":\"https:\\\/\\\/darkamazi.info\\\/archives\\\/1051156\",\"url\":\"https:\\\/\\\/darkamazi.info\\\/archives\\\/1051156\",\"name\":\"Sala 2025 bi saya hewldan\u00ean Serok Barzan\u00ee deng\u00ea ling\u00ea Bihara Kurd\u00ee hat bih\u00eestin - Darka Maz\u00ee\",\"isPartOf\":{\"@id\":\"https:\\\/\\\/darkamazi.info\\\/#website\"},\"primaryImageOfPage\":{\"@id\":\"https:\\\/\\\/darkamazi.info\\\/archives\\\/1051156#primaryimage\"},\"image\":{\"@id\":\"https:\\\/\\\/darkamazi.info\\\/archives\\\/1051156#primaryimage\"},\"thumbnailUrl\":\"https:\\\/\\\/darkamazi.info\\\/darka-content\\\/uploads\\\/2025\\\/12\\\/Bihara-Kurdi-Serok-Barzani-info.jpg\",\"datePublished\":\"2025-12-28T14:35:45+00:00\",\"breadcrumb\":{\"@id\":\"https:\\\/\\\/darkamazi.info\\\/archives\\\/1051156#breadcrumb\"},\"inLanguage\":\"en-US\",\"potentialAction\":[{\"@type\":\"ReadAction\",\"target\":[\"https:\\\/\\\/darkamazi.info\\\/archives\\\/1051156\"]}]},{\"@type\":\"ImageObject\",\"inLanguage\":\"en-US\",\"@id\":\"https:\\\/\\\/darkamazi.info\\\/archives\\\/1051156#primaryimage\",\"url\":\"https:\\\/\\\/darkamazi.info\\\/darka-content\\\/uploads\\\/2025\\\/12\\\/Bihara-Kurdi-Serok-Barzani-info.jpg\",\"contentUrl\":\"https:\\\/\\\/darkamazi.info\\\/darka-content\\\/uploads\\\/2025\\\/12\\\/Bihara-Kurdi-Serok-Barzani-info.jpg\",\"width\":900,\"height\":475,\"caption\":\"Bihara Kurdi-Serok-Barzani-info\"},{\"@type\":\"BreadcrumbList\",\"@id\":\"https:\\\/\\\/darkamazi.info\\\/archives\\\/1051156#breadcrumb\",\"itemListElement\":[{\"@type\":\"ListItem\",\"position\":1,\"name\":\"Home\",\"item\":\"https:\\\/\\\/darkamazi.info\\\/\"},{\"@type\":\"ListItem\",\"position\":2,\"name\":\"Sala 2025 bi saya hewldan\u00ean Serok Barzan\u00ee deng\u00ea ling\u00ea Bihara Kurd\u00ee hat bih\u00eestin\"}]},{\"@type\":\"WebSite\",\"@id\":\"https:\\\/\\\/darkamazi.info\\\/#website\",\"url\":\"https:\\\/\\\/darkamazi.info\\\/\",\"name\":\"Darka Maz\u00ee\",\"description\":\"P\u00eageha Zanyariy\u00ean Nebih\u00eest\u00ee\",\"publisher\":{\"@id\":\"https:\\\/\\\/darkamazi.info\\\/#organization\"},\"potentialAction\":[{\"@type\":\"SearchAction\",\"target\":{\"@type\":\"EntryPoint\",\"urlTemplate\":\"https:\\\/\\\/darkamazi.info\\\/?s={search_term_string}\"},\"query-input\":{\"@type\":\"PropertyValueSpecification\",\"valueRequired\":true,\"valueName\":\"search_term_string\"}}],\"inLanguage\":\"en-US\"},{\"@type\":\"Organization\",\"@id\":\"https:\\\/\\\/darkamazi.info\\\/#organization\",\"name\":\"Darka Maz\u00ee\",\"url\":\"https:\\\/\\\/darkamazi.info\\\/\",\"logo\":{\"@type\":\"ImageObject\",\"inLanguage\":\"en-US\",\"@id\":\"https:\\\/\\\/darkamazi.info\\\/#\\\/schema\\\/logo\\\/image\\\/\",\"url\":\"https:\\\/\\\/darkamazi.info\\\/darka-content\\\/uploads\\\/2017\\\/12\\\/darka-mazi-logo.png\",\"contentUrl\":\"https:\\\/\\\/darkamazi.info\\\/darka-content\\\/uploads\\\/2017\\\/12\\\/darka-mazi-logo.png\",\"width\":151,\"height\":75,\"caption\":\"Darka Maz\u00ee\"},\"image\":{\"@id\":\"https:\\\/\\\/darkamazi.info\\\/#\\\/schema\\\/logo\\\/image\\\/\"},\"sameAs\":[\"https:\\\/\\\/www.facebook.com\\\/DarMaziKurmanci\",\"https:\\\/\\\/x.com\\\/DarkaMaziLatini\",\"https:\\\/\\\/www.instagram.com\\\/darkamazi.kurmanci\\\/\",\"https:\\\/\\\/www.youtube.com\\\/channel\\\/UCa5HkTdmI8U1qCUFuTw8B2g\"]},{\"@type\":\"Person\",\"@id\":\"https:\\\/\\\/darkamazi.info\\\/#\\\/schema\\\/person\\\/5ad3e24553a0567993fa8ed4bd0a776c\",\"name\":\"darka mazi\",\"sameAs\":[\"https:\\\/\\\/darkamazi.info\\\/\"],\"url\":\"https:\\\/\\\/darkamazi.info\\\/archives\\\/author\\\/kurdi\"}]}<\/script>\n<!-- \/ Yoast SEO plugin. -->","seo_head_json":{"title":"Sala 2025 bi saya hewldan\u00ean Serok Barzan\u00ee deng\u00ea ling\u00ea Bihara Kurd\u00ee hat bih\u00eestin - Darka Maz\u00ee","robots":{"index":"index","follow":"follow","max-snippet":"max-snippet:-1","max-image-preview":"max-image-preview:large","max-video-preview":"max-video-preview:-1"},"canonical":"https:\/\/darkamazi.info\/archives\/1051156","og_locale":"en_US","og_type":"article","og_title":"Sala 2025 bi saya hewldan\u00ean Serok Barzan\u00ee deng\u00ea ling\u00ea Bihara Kurd\u00ee hat bih\u00eestin - Darka Maz\u00ee","og_description":"[darkamazi_row][darkamazi_column][darkamazi_video link=&#8221;https:\/\/www.youtube.com\/watch?v=dTi0pTJuSoQ&#8221; align=&#8221;center&#8221;][darkamazi_column_text] Bi Bihara Ereb\u00ee re s\u00eestema siyas\u00ee ya damezrand\u00ee li Rojhilata Nav\u00een kefte nav kaos\u00ea de. Kurdan ji bo derketina ji v\u00ea kaos\u00ea gelek ked \u00fb q\u00fbrban\u00ee dan. Xaka Kurdan hatin dagirkirin, bajar\u00ean me hatin bombebarankirin \u00fb bi hezaran mirov\u00ean me ji cih \u00fb war\u00ean xwe ko\u00e7ber b\u00fbn. Di sala 2024 an de, [&hellip;]","og_url":"https:\/\/darkamazi.info\/archives\/1051156","og_site_name":"Darka Maz\u00ee","article_publisher":"https:\/\/www.facebook.com\/DarMaziKurmanci","article_published_time":"2025-12-28T14:35:45+00:00","og_image":[{"width":900,"height":475,"url":"https:\/\/darkamazi.info\/file\/2025\/12\/Bihara-Kurdi-Serok-Barzani-info.jpg","type":"image\/jpeg"}],"author":"darka mazi","twitter_card":"summary_large_image","twitter_creator":"@DarkaMaziLatini","twitter_site":"@DarkaMaziLatini","twitter_misc":{"Written by":"darka mazi","Est. reading time":"3 minutes"},"schema":{"@context":"https:\/\/schema.org","@graph":[{"@type":"Article","@id":"https:\/\/darkamazi.info\/archives\/1051156#article","isPartOf":{"@id":"https:\/\/darkamazi.info\/archives\/1051156"},"author":{"name":"darka mazi","@id":"https:\/\/darkamazi.info\/#\/schema\/person\/5ad3e24553a0567993fa8ed4bd0a776c"},"headline":"Sala 2025 bi saya hewldan\u00ean Serok Barzan\u00ee deng\u00ea ling\u00ea Bihara Kurd\u00ee hat bih\u00eestin","datePublished":"2025-12-28T14:35:45+00:00","mainEntityOfPage":{"@id":"https:\/\/darkamazi.info\/archives\/1051156"},"wordCount":653,"publisher":{"@id":"https:\/\/darkamazi.info\/#organization"},"image":{"@id":"https:\/\/darkamazi.info\/archives\/1051156#primaryimage"},"thumbnailUrl":"https:\/\/darkamazi.info\/file\/2025\/12\/Bihara-Kurdi-Serok-Barzani-info.jpg","keywords":["sereke"],"articleSection":["Anal\u00eez","V\u00eed\u00eeyo"],"inLanguage":"en-US"},{"@type":"WebPage","@id":"https:\/\/darkamazi.info\/archives\/1051156","url":"https:\/\/darkamazi.info\/archives\/1051156","name":"Sala 2025 bi saya hewldan\u00ean Serok Barzan\u00ee deng\u00ea ling\u00ea Bihara Kurd\u00ee hat bih\u00eestin - Darka Maz\u00ee","isPartOf":{"@id":"https:\/\/darkamazi.info\/#website"},"primaryImageOfPage":{"@id":"https:\/\/darkamazi.info\/archives\/1051156#primaryimage"},"image":{"@id":"https:\/\/darkamazi.info\/archives\/1051156#primaryimage"},"thumbnailUrl":"https:\/\/darkamazi.info\/file\/2025\/12\/Bihara-Kurdi-Serok-Barzani-info.jpg","datePublished":"2025-12-28T14:35:45+00:00","breadcrumb":{"@id":"https:\/\/darkamazi.info\/archives\/1051156#breadcrumb"},"inLanguage":"en-US","potentialAction":[{"@type":"ReadAction","target":["https:\/\/darkamazi.info\/archives\/1051156"]}]},{"@type":"ImageObject","inLanguage":"en-US","@id":"https:\/\/darkamazi.info\/archives\/1051156#primaryimage","url":"https:\/\/darkamazi.info\/file\/2025\/12\/Bihara-Kurdi-Serok-Barzani-info.jpg","contentUrl":"https:\/\/darkamazi.info\/file\/2025\/12\/Bihara-Kurdi-Serok-Barzani-info.jpg","width":900,"height":475,"caption":"Bihara Kurdi-Serok-Barzani-info"},{"@type":"BreadcrumbList","@id":"https:\/\/darkamazi.info\/archives\/1051156#breadcrumb","itemListElement":[{"@type":"ListItem","position":1,"name":"Home","item":"https:\/\/darkamazi.info\/"},{"@type":"ListItem","position":2,"name":"Sala 2025 bi saya hewldan\u00ean Serok Barzan\u00ee deng\u00ea ling\u00ea Bihara Kurd\u00ee hat bih\u00eestin"}]},{"@type":"WebSite","@id":"https:\/\/darkamazi.info\/#website","url":"https:\/\/darkamazi.info\/","name":"Darka Maz\u00ee","description":"P\u00eageha Zanyariy\u00ean Nebih\u00eest\u00ee","publisher":{"@id":"https:\/\/darkamazi.info\/#organization"},"potentialAction":[{"@type":"SearchAction","target":{"@type":"EntryPoint","urlTemplate":"https:\/\/darkamazi.info\/?s={search_term_string}"},"query-input":{"@type":"PropertyValueSpecification","valueRequired":true,"valueName":"search_term_string"}}],"inLanguage":"en-US"},{"@type":"Organization","@id":"https:\/\/darkamazi.info\/#organization","name":"Darka Maz\u00ee","url":"https:\/\/darkamazi.info\/","logo":{"@type":"ImageObject","inLanguage":"en-US","@id":"https:\/\/darkamazi.info\/#\/schema\/logo\/image\/","url":"https:\/\/darkamazi.info\/file\/2017\/12\/darka-mazi-logo.png","contentUrl":"https:\/\/darkamazi.info\/file\/2017\/12\/darka-mazi-logo.png","width":151,"height":75,"caption":"Darka Maz\u00ee"},"image":{"@id":"https:\/\/darkamazi.info\/#\/schema\/logo\/image\/"},"sameAs":["https:\/\/www.facebook.com\/DarMaziKurmanci","https:\/\/x.com\/DarkaMaziLatini","https:\/\/www.instagram.com\/darkamazi.kurmanci\/","https:\/\/www.youtube.com\/channel\/UCa5HkTdmI8U1qCUFuTw8B2g"]},{"@type":"Person","@id":"https:\/\/darkamazi.info\/#\/schema\/person\/5ad3e24553a0567993fa8ed4bd0a776c","name":"darka mazi","sameAs":["https:\/\/darkamazi.info\/"],"url":"https:\/\/darkamazi.info\/archives\/author\/kurdi"}]}},"_links":{"self":[{"href":"https:\/\/darkamazi.info\/funavuv\/wp\/v2\/posts\/1051156","targetHints":{"allow":["GET"]}}],"collection":[{"href":"https:\/\/darkamazi.info\/funavuv\/wp\/v2\/posts"}],"about":[{"href":"https:\/\/darkamazi.info\/funavuv\/wp\/v2\/types\/post"}],"author":[{"embeddable":true,"href":"https:\/\/darkamazi.info\/funavuv\/wp\/v2\/users\/2"}],"replies":[{"embeddable":true,"href":"https:\/\/darkamazi.info\/funavuv\/wp\/v2\/comments?post=1051156"}],"version-history":[{"count":0,"href":"https:\/\/darkamazi.info\/funavuv\/wp\/v2\/posts\/1051156\/revisions"}],"wp:featuredmedia":[{"embeddable":true,"href":"https:\/\/darkamazi.info\/funavuv\/wp\/v2\/media\/1051157"}],"wp:attachment":[{"href":"https:\/\/darkamazi.info\/funavuv\/wp\/v2\/media?parent=1051156"}],"wp:term":[{"taxonomy":"category","embeddable":true,"href":"https:\/\/darkamazi.info\/funavuv\/wp\/v2\/categories?post=1051156"},{"taxonomy":"post_tag","embeddable":true,"href":"https:\/\/darkamazi.info\/funavuv\/wp\/v2\/tags?post=1051156"}],"curies":[{"name":"wp","href":"https:\/\/api.w.org\/{rel}","templated":true}]}}