{"id":1051159,"date":"2025-12-28T18:48:58","date_gmt":"2025-12-28T15:48:58","guid":{"rendered":"https:\/\/darkamazi.info\/?p=1051159"},"modified":"2025-12-28T18:48:58","modified_gmt":"2025-12-28T15:48:58","slug":"biryara-bidarvekirine-bo-yek-ji-tawanbaren-enfala-barzaniyan-derket","status":"publish","type":"post","link":"https:\/\/darkamazi.info\/archives\/1051159","title":{"rendered":"Biryara bidarvekirin\u00ea bo yek ji tawanbar\u00ean Enfala Barzaniyan derket"},"content":{"rendered":"<h3 style=\"text-align: justify\"><span style=\"font-family: 'arial black', sans-serif\">Dadgeha Bilind a Cezayan a Iraq\u00ea biryara bidarvekirin\u00ea ji bo yek ji tawanbar\u00ean Enfala Barzaniyan derxist, herwesa biryara berdana tometbarek\u00ea din da.<\/span><\/h3>\n<h3 style=\"text-align: justify\"><span style=\"font-family: arial, helvetica, sans-serif\">Par\u00eazer\u00ea doza jenos\u00eeda Barzaniyan li Dadgeha Bilind a Cezayan a Iraq\u00ea Eyad Kakey\u00ee, biryar\u00ean Dadgeha Bilind a Cezayan a Iraq\u00ea di derheqa du berpirs\u00ean ber\u00ea y\u00ean Rij\u00eama Beis\u00ea ya Iraq\u00ea de e\u015fkere kirin, ku bi tawan\u00ean li dij\u00ee Barzaniyan tometbar b\u00fbn.<\/span><\/h3>\n<h3 style=\"text-align: justify\"><span style=\"font-family: arial, helvetica, sans-serif\">Li gor\u00ee gotin\u00ean Par\u00eazer\u00ea doza jenos\u00eeda Barzaniyan, cezay\u00ea bidarvekirin\u00ea ji bo \u015eakir Tahir Yehya Xef\u00fbr D\u00fbr\u00ee derket, ji ber tevl\u00eeb\u00fbna w\u00ee ya rasterast di w\u00ea jenos\u00eed\u00ea de.<\/span><\/h3>\n<h3 style=\"text-align: justify\"><span style=\"font-family: arial, helvetica, sans-serif\">Par\u00eazer\u00ea navbir\u00ee herwesa got ku, dadgeh\u00ea Sad\u00fbn \u015eakir\u00ee, ku p\u00ea\u015ftir berpirs\u00ea \u015faxa p\u00eanc\u00ea ya Bir\u00eavebiriya Ewlekariya Gi\u015ft\u00ee ya Bexday\u00ea b\u00fb, ji ber k\u00eamiya del\u00eelan azad kir. Ron j\u00ee kir ku, ev \u015faxa dezgeha ewlehiy\u00ea gir\u00eaday\u00ee partiy\u00ean ol\u00ee b\u00fb, ne kom\u00ean Kurd\u00ee.<\/span><\/h3>\n<h3 style=\"text-align: justify\"><span style=\"font-family: arial, helvetica, sans-serif\">Jenos\u00eeda Barzaniyan, ku li sala 1983\u00ea \u00e7\u00ea b\u00fb, ku\u015ftina s\u00eestemat\u00eek a n\u00eaz\u00eek\u00ee 8.000 m\u00ear \u00fb kur\u00ean Barzan\u00ee ji aliy\u00ea rij\u00eama ber\u00ea ya Iraq\u00ea ve b\u00fb. Dadgeha Bilind a Cezayan a Iraq\u00ea p\u00ea\u015ftir ev kiryar wek\u00ee jenos\u00eed \u00fb tawan\u00ean li dij\u00ee mirovahiy\u00ea nasandine.<\/span><\/h3>\n","protected":false},"excerpt":{"rendered":"<p>Dadgeha Bilind a Cezayan a Iraq\u00ea biryara bidarvekirin\u00ea ji bo yek ji tawanbar\u00ean Enfala Barzaniyan derxist, herwesa biryara berdana tometbarek\u00ea din da. Par\u00eazer\u00ea doza jenos\u00eeda Barzaniyan li Dadgeha Bilind a Cezayan a Iraq\u00ea Eyad Kakey\u00ee, biryar\u00ean Dadgeha Bilind a Cezayan a Iraq\u00ea di derheqa du berpirs\u00ean ber\u00ea y\u00ean Rij\u00eama Beis\u00ea ya Iraq\u00ea de e\u015fkere kirin, [&hellip;]<\/p>\n","protected":false},"author":2,"featured_media":1051161,"comment_status":"closed","ping_status":"closed","sticky":false,"template":"","format":"standard","meta":{"footnotes":""},"categories":[29],"tags":[37],"class_list":["post-1051159","post","type-post","status-publish","format-standard","has-post-thumbnail","hentry","category-kurdistan","tag-sereke"],"blocksy_meta":[],"seo_head":"<!-- This site is optimized with the Yoast SEO plugin v27.5 - https:\/\/yoast.com\/product\/yoast-seo-wordpress\/ -->\n<title>Biryara bidarvekirin\u00ea bo yek ji tawanbar\u00ean Enfala Barzaniyan derket - Darka Maz\u00ee<\/title>\n<meta name=\"robots\" content=\"index, follow, max-snippet:-1, max-image-preview:large, max-video-preview:-1\" \/>\n<link rel=\"canonical\" href=\"https:\/\/darkamazi.info\/archives\/1051159\" \/>\n<meta property=\"og:locale\" content=\"en_US\" \/>\n<meta property=\"og:type\" content=\"article\" \/>\n<meta property=\"og:title\" content=\"Biryara bidarvekirin\u00ea bo yek ji tawanbar\u00ean Enfala Barzaniyan derket - Darka Maz\u00ee\" \/>\n<meta property=\"og:description\" content=\"Dadgeha Bilind a Cezayan a Iraq\u00ea biryara bidarvekirin\u00ea ji bo yek ji tawanbar\u00ean Enfala Barzaniyan derxist, herwesa biryara berdana tometbarek\u00ea din da. Par\u00eazer\u00ea doza jenos\u00eeda Barzaniyan li Dadgeha Bilind a Cezayan a Iraq\u00ea Eyad Kakey\u00ee, biryar\u00ean Dadgeha Bilind a Cezayan a Iraq\u00ea di derheqa du berpirs\u00ean ber\u00ea y\u00ean Rij\u00eama Beis\u00ea ya Iraq\u00ea de e\u015fkere kirin, [&hellip;]\" \/>\n<meta property=\"og:url\" content=\"https:\/\/darkamazi.info\/archives\/1051159\" \/>\n<meta property=\"og:site_name\" content=\"Darka Maz\u00ee\" \/>\n<meta property=\"article:publisher\" content=\"https:\/\/www.facebook.com\/DarMaziKurmanci\" \/>\n<meta property=\"article:published_time\" content=\"2025-12-28T15:48:58+00:00\" \/>\n<meta property=\"og:image\" content=\"https:\/\/darkamazi.info\/file\/2025\/12\/Enfala-Barzaniyan-Info.jpg\" \/>\n\t<meta property=\"og:image:width\" content=\"900\" \/>\n\t<meta property=\"og:image:height\" content=\"500\" \/>\n\t<meta property=\"og:image:type\" content=\"image\/jpeg\" \/>\n<meta name=\"author\" content=\"darka mazi\" \/>\n<meta name=\"twitter:card\" content=\"summary_large_image\" \/>\n<meta name=\"twitter:creator\" content=\"@DarkaMaziLatini\" \/>\n<meta name=\"twitter:site\" content=\"@DarkaMaziLatini\" \/>\n<meta name=\"twitter:label1\" content=\"Written by\" \/>\n\t<meta name=\"twitter:data1\" content=\"darka mazi\" \/>\n\t<meta name=\"twitter:label2\" content=\"Est. reading time\" \/>\n\t<meta name=\"twitter:data2\" content=\"1 minute\" \/>\n<script type=\"application\/ld+json\" class=\"seo-schema-graph\">{\"@context\":\"https:\\\/\\\/schema.org\",\"@graph\":[{\"@type\":\"Article\",\"@id\":\"https:\\\/\\\/darkamazi.info\\\/archives\\\/1051159#article\",\"isPartOf\":{\"@id\":\"https:\\\/\\\/darkamazi.info\\\/archives\\\/1051159\"},\"author\":{\"name\":\"darka mazi\",\"@id\":\"https:\\\/\\\/darkamazi.info\\\/#\\\/schema\\\/person\\\/5ad3e24553a0567993fa8ed4bd0a776c\"},\"headline\":\"Biryara bidarvekirin\u00ea bo yek ji tawanbar\u00ean Enfala Barzaniyan derket\",\"datePublished\":\"2025-12-28T15:48:58+00:00\",\"mainEntityOfPage\":{\"@id\":\"https:\\\/\\\/darkamazi.info\\\/archives\\\/1051159\"},\"wordCount\":219,\"publisher\":{\"@id\":\"https:\\\/\\\/darkamazi.info\\\/#organization\"},\"image\":{\"@id\":\"https:\\\/\\\/darkamazi.info\\\/archives\\\/1051159#primaryimage\"},\"thumbnailUrl\":\"https:\\\/\\\/darkamazi.info\\\/darka-content\\\/uploads\\\/2025\\\/12\\\/Enfala-Barzaniyan-Info.jpg\",\"keywords\":[\"sereke\"],\"articleSection\":[\"Kurdistan\"],\"inLanguage\":\"en-US\"},{\"@type\":\"WebPage\",\"@id\":\"https:\\\/\\\/darkamazi.info\\\/archives\\\/1051159\",\"url\":\"https:\\\/\\\/darkamazi.info\\\/archives\\\/1051159\",\"name\":\"Biryara bidarvekirin\u00ea bo yek ji tawanbar\u00ean Enfala Barzaniyan derket - Darka Maz\u00ee\",\"isPartOf\":{\"@id\":\"https:\\\/\\\/darkamazi.info\\\/#website\"},\"primaryImageOfPage\":{\"@id\":\"https:\\\/\\\/darkamazi.info\\\/archives\\\/1051159#primaryimage\"},\"image\":{\"@id\":\"https:\\\/\\\/darkamazi.info\\\/archives\\\/1051159#primaryimage\"},\"thumbnailUrl\":\"https:\\\/\\\/darkamazi.info\\\/darka-content\\\/uploads\\\/2025\\\/12\\\/Enfala-Barzaniyan-Info.jpg\",\"datePublished\":\"2025-12-28T15:48:58+00:00\",\"breadcrumb\":{\"@id\":\"https:\\\/\\\/darkamazi.info\\\/archives\\\/1051159#breadcrumb\"},\"inLanguage\":\"en-US\",\"potentialAction\":[{\"@type\":\"ReadAction\",\"target\":[\"https:\\\/\\\/darkamazi.info\\\/archives\\\/1051159\"]}]},{\"@type\":\"ImageObject\",\"inLanguage\":\"en-US\",\"@id\":\"https:\\\/\\\/darkamazi.info\\\/archives\\\/1051159#primaryimage\",\"url\":\"https:\\\/\\\/darkamazi.info\\\/darka-content\\\/uploads\\\/2025\\\/12\\\/Enfala-Barzaniyan-Info.jpg\",\"contentUrl\":\"https:\\\/\\\/darkamazi.info\\\/darka-content\\\/uploads\\\/2025\\\/12\\\/Enfala-Barzaniyan-Info.jpg\",\"width\":900,\"height\":500,\"caption\":\"Enfala Barzaniyan-Info\"},{\"@type\":\"BreadcrumbList\",\"@id\":\"https:\\\/\\\/darkamazi.info\\\/archives\\\/1051159#breadcrumb\",\"itemListElement\":[{\"@type\":\"ListItem\",\"position\":1,\"name\":\"Home\",\"item\":\"https:\\\/\\\/darkamazi.info\\\/\"},{\"@type\":\"ListItem\",\"position\":2,\"name\":\"Biryara bidarvekirin\u00ea bo yek ji tawanbar\u00ean Enfala Barzaniyan derket\"}]},{\"@type\":\"WebSite\",\"@id\":\"https:\\\/\\\/darkamazi.info\\\/#website\",\"url\":\"https:\\\/\\\/darkamazi.info\\\/\",\"name\":\"Darka Maz\u00ee\",\"description\":\"P\u00eageha Zanyariy\u00ean Nebih\u00eest\u00ee\",\"publisher\":{\"@id\":\"https:\\\/\\\/darkamazi.info\\\/#organization\"},\"potentialAction\":[{\"@type\":\"SearchAction\",\"target\":{\"@type\":\"EntryPoint\",\"urlTemplate\":\"https:\\\/\\\/darkamazi.info\\\/?s={search_term_string}\"},\"query-input\":{\"@type\":\"PropertyValueSpecification\",\"valueRequired\":true,\"valueName\":\"search_term_string\"}}],\"inLanguage\":\"en-US\"},{\"@type\":\"Organization\",\"@id\":\"https:\\\/\\\/darkamazi.info\\\/#organization\",\"name\":\"Darka Maz\u00ee\",\"url\":\"https:\\\/\\\/darkamazi.info\\\/\",\"logo\":{\"@type\":\"ImageObject\",\"inLanguage\":\"en-US\",\"@id\":\"https:\\\/\\\/darkamazi.info\\\/#\\\/schema\\\/logo\\\/image\\\/\",\"url\":\"https:\\\/\\\/darkamazi.info\\\/darka-content\\\/uploads\\\/2017\\\/12\\\/darka-mazi-logo.png\",\"contentUrl\":\"https:\\\/\\\/darkamazi.info\\\/darka-content\\\/uploads\\\/2017\\\/12\\\/darka-mazi-logo.png\",\"width\":151,\"height\":75,\"caption\":\"Darka Maz\u00ee\"},\"image\":{\"@id\":\"https:\\\/\\\/darkamazi.info\\\/#\\\/schema\\\/logo\\\/image\\\/\"},\"sameAs\":[\"https:\\\/\\\/www.facebook.com\\\/DarMaziKurmanci\",\"https:\\\/\\\/x.com\\\/DarkaMaziLatini\",\"https:\\\/\\\/www.instagram.com\\\/darkamazi.kurmanci\\\/\",\"https:\\\/\\\/www.youtube.com\\\/channel\\\/UCa5HkTdmI8U1qCUFuTw8B2g\"]},{\"@type\":\"Person\",\"@id\":\"https:\\\/\\\/darkamazi.info\\\/#\\\/schema\\\/person\\\/5ad3e24553a0567993fa8ed4bd0a776c\",\"name\":\"darka mazi\",\"sameAs\":[\"https:\\\/\\\/darkamazi.info\\\/\"],\"url\":\"https:\\\/\\\/darkamazi.info\\\/archives\\\/author\\\/kurdi\"}]}<\/script>\n<!-- \/ Yoast SEO plugin. -->","seo_head_json":{"title":"Biryara bidarvekirin\u00ea bo yek ji tawanbar\u00ean Enfala Barzaniyan derket - Darka Maz\u00ee","robots":{"index":"index","follow":"follow","max-snippet":"max-snippet:-1","max-image-preview":"max-image-preview:large","max-video-preview":"max-video-preview:-1"},"canonical":"https:\/\/darkamazi.info\/archives\/1051159","og_locale":"en_US","og_type":"article","og_title":"Biryara bidarvekirin\u00ea bo yek ji tawanbar\u00ean Enfala Barzaniyan derket - Darka Maz\u00ee","og_description":"Dadgeha Bilind a Cezayan a Iraq\u00ea biryara bidarvekirin\u00ea ji bo yek ji tawanbar\u00ean Enfala Barzaniyan derxist, herwesa biryara berdana tometbarek\u00ea din da. Par\u00eazer\u00ea doza jenos\u00eeda Barzaniyan li Dadgeha Bilind a Cezayan a Iraq\u00ea Eyad Kakey\u00ee, biryar\u00ean Dadgeha Bilind a Cezayan a Iraq\u00ea di derheqa du berpirs\u00ean ber\u00ea y\u00ean Rij\u00eama Beis\u00ea ya Iraq\u00ea de e\u015fkere kirin, [&hellip;]","og_url":"https:\/\/darkamazi.info\/archives\/1051159","og_site_name":"Darka Maz\u00ee","article_publisher":"https:\/\/www.facebook.com\/DarMaziKurmanci","article_published_time":"2025-12-28T15:48:58+00:00","og_image":[{"width":900,"height":500,"url":"https:\/\/darkamazi.info\/file\/2025\/12\/Enfala-Barzaniyan-Info.jpg","type":"image\/jpeg"}],"author":"darka mazi","twitter_card":"summary_large_image","twitter_creator":"@DarkaMaziLatini","twitter_site":"@DarkaMaziLatini","twitter_misc":{"Written by":"darka mazi","Est. reading time":"1 minute"},"schema":{"@context":"https:\/\/schema.org","@graph":[{"@type":"Article","@id":"https:\/\/darkamazi.info\/archives\/1051159#article","isPartOf":{"@id":"https:\/\/darkamazi.info\/archives\/1051159"},"author":{"name":"darka mazi","@id":"https:\/\/darkamazi.info\/#\/schema\/person\/5ad3e24553a0567993fa8ed4bd0a776c"},"headline":"Biryara bidarvekirin\u00ea bo yek ji tawanbar\u00ean Enfala Barzaniyan derket","datePublished":"2025-12-28T15:48:58+00:00","mainEntityOfPage":{"@id":"https:\/\/darkamazi.info\/archives\/1051159"},"wordCount":219,"publisher":{"@id":"https:\/\/darkamazi.info\/#organization"},"image":{"@id":"https:\/\/darkamazi.info\/archives\/1051159#primaryimage"},"thumbnailUrl":"https:\/\/darkamazi.info\/file\/2025\/12\/Enfala-Barzaniyan-Info.jpg","keywords":["sereke"],"articleSection":["Kurdistan"],"inLanguage":"en-US"},{"@type":"WebPage","@id":"https:\/\/darkamazi.info\/archives\/1051159","url":"https:\/\/darkamazi.info\/archives\/1051159","name":"Biryara bidarvekirin\u00ea bo yek ji tawanbar\u00ean Enfala Barzaniyan derket - Darka Maz\u00ee","isPartOf":{"@id":"https:\/\/darkamazi.info\/#website"},"primaryImageOfPage":{"@id":"https:\/\/darkamazi.info\/archives\/1051159#primaryimage"},"image":{"@id":"https:\/\/darkamazi.info\/archives\/1051159#primaryimage"},"thumbnailUrl":"https:\/\/darkamazi.info\/file\/2025\/12\/Enfala-Barzaniyan-Info.jpg","datePublished":"2025-12-28T15:48:58+00:00","breadcrumb":{"@id":"https:\/\/darkamazi.info\/archives\/1051159#breadcrumb"},"inLanguage":"en-US","potentialAction":[{"@type":"ReadAction","target":["https:\/\/darkamazi.info\/archives\/1051159"]}]},{"@type":"ImageObject","inLanguage":"en-US","@id":"https:\/\/darkamazi.info\/archives\/1051159#primaryimage","url":"https:\/\/darkamazi.info\/file\/2025\/12\/Enfala-Barzaniyan-Info.jpg","contentUrl":"https:\/\/darkamazi.info\/file\/2025\/12\/Enfala-Barzaniyan-Info.jpg","width":900,"height":500,"caption":"Enfala Barzaniyan-Info"},{"@type":"BreadcrumbList","@id":"https:\/\/darkamazi.info\/archives\/1051159#breadcrumb","itemListElement":[{"@type":"ListItem","position":1,"name":"Home","item":"https:\/\/darkamazi.info\/"},{"@type":"ListItem","position":2,"name":"Biryara bidarvekirin\u00ea bo yek ji tawanbar\u00ean Enfala Barzaniyan derket"}]},{"@type":"WebSite","@id":"https:\/\/darkamazi.info\/#website","url":"https:\/\/darkamazi.info\/","name":"Darka Maz\u00ee","description":"P\u00eageha Zanyariy\u00ean Nebih\u00eest\u00ee","publisher":{"@id":"https:\/\/darkamazi.info\/#organization"},"potentialAction":[{"@type":"SearchAction","target":{"@type":"EntryPoint","urlTemplate":"https:\/\/darkamazi.info\/?s={search_term_string}"},"query-input":{"@type":"PropertyValueSpecification","valueRequired":true,"valueName":"search_term_string"}}],"inLanguage":"en-US"},{"@type":"Organization","@id":"https:\/\/darkamazi.info\/#organization","name":"Darka Maz\u00ee","url":"https:\/\/darkamazi.info\/","logo":{"@type":"ImageObject","inLanguage":"en-US","@id":"https:\/\/darkamazi.info\/#\/schema\/logo\/image\/","url":"https:\/\/darkamazi.info\/file\/2017\/12\/darka-mazi-logo.png","contentUrl":"https:\/\/darkamazi.info\/file\/2017\/12\/darka-mazi-logo.png","width":151,"height":75,"caption":"Darka Maz\u00ee"},"image":{"@id":"https:\/\/darkamazi.info\/#\/schema\/logo\/image\/"},"sameAs":["https:\/\/www.facebook.com\/DarMaziKurmanci","https:\/\/x.com\/DarkaMaziLatini","https:\/\/www.instagram.com\/darkamazi.kurmanci\/","https:\/\/www.youtube.com\/channel\/UCa5HkTdmI8U1qCUFuTw8B2g"]},{"@type":"Person","@id":"https:\/\/darkamazi.info\/#\/schema\/person\/5ad3e24553a0567993fa8ed4bd0a776c","name":"darka mazi","sameAs":["https:\/\/darkamazi.info\/"],"url":"https:\/\/darkamazi.info\/archives\/author\/kurdi"}]}},"_links":{"self":[{"href":"https:\/\/darkamazi.info\/funavuv\/wp\/v2\/posts\/1051159","targetHints":{"allow":["GET"]}}],"collection":[{"href":"https:\/\/darkamazi.info\/funavuv\/wp\/v2\/posts"}],"about":[{"href":"https:\/\/darkamazi.info\/funavuv\/wp\/v2\/types\/post"}],"author":[{"embeddable":true,"href":"https:\/\/darkamazi.info\/funavuv\/wp\/v2\/users\/2"}],"replies":[{"embeddable":true,"href":"https:\/\/darkamazi.info\/funavuv\/wp\/v2\/comments?post=1051159"}],"version-history":[{"count":0,"href":"https:\/\/darkamazi.info\/funavuv\/wp\/v2\/posts\/1051159\/revisions"}],"wp:featuredmedia":[{"embeddable":true,"href":"https:\/\/darkamazi.info\/funavuv\/wp\/v2\/media\/1051161"}],"wp:attachment":[{"href":"https:\/\/darkamazi.info\/funavuv\/wp\/v2\/media?parent=1051159"}],"wp:term":[{"taxonomy":"category","embeddable":true,"href":"https:\/\/darkamazi.info\/funavuv\/wp\/v2\/categories?post=1051159"},{"taxonomy":"post_tag","embeddable":true,"href":"https:\/\/darkamazi.info\/funavuv\/wp\/v2\/tags?post=1051159"}],"curies":[{"name":"wp","href":"https:\/\/api.w.org\/{rel}","templated":true}]}}